{"id":57058,"date":"2025-07-27T16:03:02","date_gmt":"2025-07-27T16:03:02","guid":{"rendered":"https:\/\/www.letsportsrock.com\/?p=57058"},"modified":"2025-07-27T16:03:02","modified_gmt":"2025-07-27T16:03:02","slug":"marius-sumudica-nu-mai-are-nicio-jena-a-facut-praf-un-international-de-la-fcsb-a-fost-de-o-indolenta-si-de-o","status":"publish","type":"post","link":"https:\/\/www.letsportsrock.com\/?p=57058","title":{"rendered":"Marius \u0218umudic\u0103 nu mai are nicio jen\u0103! A f\u0103cut praf un interna\u021bional de la FCSB: \u201eA fost de-o indolen\u021b\u0103 \u0219i de-o&#8230;."},"content":{"rendered":"<div class=\"d79db4796efc26332eabfc3f5dafbc76\" data-index=\"1\" style=\"float: none; margin:10px 0 10px 0; text-align:center;\">\n<div class=\"hb-ad-inarticle\">\r\n    <div class=\"hb-ad-inner\"> \r\n    <div class=\"hbagency_cls\"  id=\"hbagency_space_111930\"><\/div><\/div> <\/div>\n<\/div>\n<p>Fostul antrenor al Rapidului, Marius \u0218umudic\u0103, s-a luat de un international de la campioana FCSB, despre care a spus c\u0103 a dat dovad\u0103 de lentoare \u0219i indolen\u021b\u0103.<\/p>\n<p>&nbsp;<\/p>\n<p>Echipa lui Gigi Becali a fost \u00eenvins\u0103 de Farul, cu 1-2, acas\u0103, \u00een etapa 3 a Superligii, iar Adrian \u0218ut a fost de o indolen\u021b\u0103 \u0219i de o lentoare incredibile, \u00een opinia lui Marius \u0218umudic\u0103.<\/p>\n\n<div style=\"font-size: 0px; height: 0px; line-height: 0px; margin: 0; padding: 0; clear: both;\"><\/div>","protected":false},"excerpt":{"rendered":"<p>Fostul antrenor al Rapidului, Marius \u0218umudic\u0103, s-a luat de un international de la campioana FCSB, despre care a spus c\u0103 a dat dovad\u0103 de lentoare \u0219i indolen\u021b\u0103. &nbsp; Echipa lui Gigi Becali a fost \u00eenvins\u0103 de Farul, cu 1-2, acas\u0103, \u00een etapa 3 a Superligii, iar Adrian \u0218ut a fost de o indolen\u021b\u0103 \u0219i de [&hellip;]<\/p>\n","protected":false},"author":20,"featured_media":57059,"comment_status":"open","ping_status":"open","sticky":false,"template":"","format":"standard","meta":{"_jetpack_memberships_contains_paid_content":false,"footnotes":""},"categories":[1],"tags":[],"class_list":["post-57058","post","type-post","status-publish","format-standard","has-post-thumbnail","hentry","category-uncategorized"],"yoast_head":"<!-- This site is optimized with the Yoast SEO plugin v27.4 - https:\/\/yoast.com\/product\/yoast-seo-wordpress\/ -->\n<title>Marius \u0218umudic\u0103 nu mai are nicio jen\u0103! A f\u0103cut praf un interna\u021bional de la FCSB: \u201eA fost de-o indolen\u021b\u0103 \u0219i de-o.... - letsportsrock<\/title>\n<meta name=\"description\" content=\"Marius \u0218umudic\u0103 nu mai are nicio jen\u0103! A f\u0103cut praf un interna\u021bional de la FCSB: \u201eA fost de-o indolen\u021b\u0103 \u0219i de-o lentoare incredibile\u201d\" \/>\n<meta name=\"robots\" content=\"index, follow, max-snippet:-1, max-image-preview:large, max-video-preview:-1\" \/>\n<link rel=\"canonical\" href=\"https:\/\/www.letsportsrock.com\/?p=57058\" \/>\n<meta property=\"og:locale\" content=\"en_US\" \/>\n<meta property=\"og:type\" content=\"article\" \/>\n<meta property=\"og:title\" content=\"Marius \u0218umudic\u0103 nu mai are nicio jen\u0103! A f\u0103cut praf un interna\u021bional de la FCSB: \u201eA fost de-o indolen\u021b\u0103 \u0219i de-o.... - letsportsrock\" \/>\n<meta property=\"og:description\" content=\"Marius \u0218umudic\u0103 nu mai are nicio jen\u0103! A f\u0103cut praf un interna\u021bional de la FCSB: \u201eA fost de-o indolen\u021b\u0103 \u0219i de-o lentoare incredibile\u201d\" \/>\n<meta property=\"og:url\" content=\"https:\/\/www.letsportsrock.com\/?p=57058\" \/>\n<meta property=\"og:site_name\" content=\"letsportsrock\" \/>\n<meta property=\"article:published_time\" content=\"2025-07-27T16:03:02+00:00\" \/>\n<meta property=\"og:image\" content=\"https:\/\/www.letsportsrock.com\/wp-content\/uploads\/2025\/07\/https___www.prosport.ro_wp-content_uploads_2025_07_Marius-Sumudica-nu-mai-are-nicio-jena-A-facut-praf-un-international-de-la-FCSB-\u201eA-fost-de-o-indolenta-si-de-o-lentoare-incredibile-1400x811-1.webp\" \/>\n\t<meta property=\"og:image:width\" content=\"1280\" \/>\n\t<meta property=\"og:image:height\" content=\"720\" \/>\n\t<meta property=\"og:image:type\" content=\"image\/webp\" \/>\n<meta name=\"author\" content=\"junior\" \/>\n<meta name=\"twitter:card\" content=\"summary_large_image\" \/>\n<meta name=\"twitter:label1\" content=\"Written by\" \/>\n\t<meta name=\"twitter:data1\" content=\"junior\" \/>\n\t<meta name=\"twitter:label2\" content=\"Est. reading time\" \/>\n\t<meta name=\"twitter:data2\" content=\"1 minute\" \/>\n<script type=\"application\/ld+json\" class=\"yoast-schema-graph\">{\"@context\":\"https:\\\/\\\/schema.org\",\"@graph\":[{\"@type\":\"Article\",\"@id\":\"https:\\\/\\\/www.letsportsrock.com\\\/?p=57058#article\",\"isPartOf\":{\"@id\":\"https:\\\/\\\/www.letsportsrock.com\\\/?p=57058\"},\"author\":{\"name\":\"junior\",\"@id\":\"https:\\\/\\\/www.letsportsrock.com\\\/#\\\/schema\\\/person\\\/c197e412dd117367e9222812d143bcdf\"},\"headline\":\"Marius \u0218umudic\u0103 nu mai are nicio jen\u0103! A f\u0103cut praf un interna\u021bional de la FCSB: \u201eA fost de-o indolen\u021b\u0103 \u0219i de-o&#8230;.\",\"datePublished\":\"2025-07-27T16:03:02+00:00\",\"mainEntityOfPage\":{\"@id\":\"https:\\\/\\\/www.letsportsrock.com\\\/?p=57058\"},\"wordCount\":85,\"commentCount\":0,\"image\":{\"@id\":\"https:\\\/\\\/www.letsportsrock.com\\\/?p=57058#primaryimage\"},\"thumbnailUrl\":\"https:\\\/\\\/www.letsportsrock.com\\\/wp-content\\\/uploads\\\/2025\\\/07\\\/https___www.prosport.ro_wp-content_uploads_2025_07_Marius-Sumudica-nu-mai-are-nicio-jena-A-facut-praf-un-international-de-la-FCSB-\u201eA-fost-de-o-indolenta-si-de-o-lentoare-incredibile-1400x811-1.webp\",\"inLanguage\":\"en-US\",\"potentialAction\":[{\"@type\":\"CommentAction\",\"name\":\"Comment\",\"target\":[\"https:\\\/\\\/www.letsportsrock.com\\\/?p=57058#respond\"]}]},{\"@type\":\"WebPage\",\"@id\":\"https:\\\/\\\/www.letsportsrock.com\\\/?p=57058\",\"url\":\"https:\\\/\\\/www.letsportsrock.com\\\/?p=57058\",\"name\":\"Marius \u0218umudic\u0103 nu mai are nicio jen\u0103! A f\u0103cut praf un interna\u021bional de la FCSB: \u201eA fost de-o indolen\u021b\u0103 \u0219i de-o.... - letsportsrock\",\"isPartOf\":{\"@id\":\"https:\\\/\\\/www.letsportsrock.com\\\/#website\"},\"primaryImageOfPage\":{\"@id\":\"https:\\\/\\\/www.letsportsrock.com\\\/?p=57058#primaryimage\"},\"image\":{\"@id\":\"https:\\\/\\\/www.letsportsrock.com\\\/?p=57058#primaryimage\"},\"thumbnailUrl\":\"https:\\\/\\\/www.letsportsrock.com\\\/wp-content\\\/uploads\\\/2025\\\/07\\\/https___www.prosport.ro_wp-content_uploads_2025_07_Marius-Sumudica-nu-mai-are-nicio-jena-A-facut-praf-un-international-de-la-FCSB-\u201eA-fost-de-o-indolenta-si-de-o-lentoare-incredibile-1400x811-1.webp\",\"datePublished\":\"2025-07-27T16:03:02+00:00\",\"author\":{\"@id\":\"https:\\\/\\\/www.letsportsrock.com\\\/#\\\/schema\\\/person\\\/c197e412dd117367e9222812d143bcdf\"},\"description\":\"Marius \u0218umudic\u0103 nu mai are nicio jen\u0103! A f\u0103cut praf un interna\u021bional de la FCSB: \u201eA fost de-o indolen\u021b\u0103 \u0219i de-o lentoare incredibile\u201d\",\"breadcrumb\":{\"@id\":\"https:\\\/\\\/www.letsportsrock.com\\\/?p=57058#breadcrumb\"},\"inLanguage\":\"en-US\",\"potentialAction\":[{\"@type\":\"ReadAction\",\"target\":[\"https:\\\/\\\/www.letsportsrock.com\\\/?p=57058\"]}]},{\"@type\":\"ImageObject\",\"inLanguage\":\"en-US\",\"@id\":\"https:\\\/\\\/www.letsportsrock.com\\\/?p=57058#primaryimage\",\"url\":\"https:\\\/\\\/www.letsportsrock.com\\\/wp-content\\\/uploads\\\/2025\\\/07\\\/https___www.prosport.ro_wp-content_uploads_2025_07_Marius-Sumudica-nu-mai-are-nicio-jena-A-facut-praf-un-international-de-la-FCSB-\u201eA-fost-de-o-indolenta-si-de-o-lentoare-incredibile-1400x811-1.webp\",\"contentUrl\":\"https:\\\/\\\/www.letsportsrock.com\\\/wp-content\\\/uploads\\\/2025\\\/07\\\/https___www.prosport.ro_wp-content_uploads_2025_07_Marius-Sumudica-nu-mai-are-nicio-jena-A-facut-praf-un-international-de-la-FCSB-\u201eA-fost-de-o-indolenta-si-de-o-lentoare-incredibile-1400x811-1.webp\",\"width\":1280,\"height\":720},{\"@type\":\"BreadcrumbList\",\"@id\":\"https:\\\/\\\/www.letsportsrock.com\\\/?p=57058#breadcrumb\",\"itemListElement\":[{\"@type\":\"ListItem\",\"position\":1,\"name\":\"Home\",\"item\":\"https:\\\/\\\/www.letsportsrock.com\\\/\"},{\"@type\":\"ListItem\",\"position\":2,\"name\":\"Marius \u0218umudic\u0103 nu mai are nicio jen\u0103! A f\u0103cut praf un interna\u021bional de la FCSB: \u201eA fost de-o indolen\u021b\u0103 \u0219i de-o&#8230;.\"}]},{\"@type\":\"WebSite\",\"@id\":\"https:\\\/\\\/www.letsportsrock.com\\\/#website\",\"url\":\"https:\\\/\\\/www.letsportsrock.com\\\/\",\"name\":\"letsportsrock\",\"description\":\"Sport News and Updates\",\"potentialAction\":[{\"@type\":\"SearchAction\",\"target\":{\"@type\":\"EntryPoint\",\"urlTemplate\":\"https:\\\/\\\/www.letsportsrock.com\\\/?s={search_term_string}\"},\"query-input\":{\"@type\":\"PropertyValueSpecification\",\"valueRequired\":true,\"valueName\":\"search_term_string\"}}],\"inLanguage\":\"en-US\"},{\"@type\":\"Person\",\"@id\":\"https:\\\/\\\/www.letsportsrock.com\\\/#\\\/schema\\\/person\\\/c197e412dd117367e9222812d143bcdf\",\"name\":\"junior\",\"image\":{\"@type\":\"ImageObject\",\"inLanguage\":\"en-US\",\"@id\":\"https:\\\/\\\/secure.gravatar.com\\\/avatar\\\/fe3349b489962813f1541b23d82e1858f7cc8acd665ccd28b9d2c29bc39627a3?s=96&d=mm&r=g\",\"url\":\"https:\\\/\\\/secure.gravatar.com\\\/avatar\\\/fe3349b489962813f1541b23d82e1858f7cc8acd665ccd28b9d2c29bc39627a3?s=96&d=mm&r=g\",\"contentUrl\":\"https:\\\/\\\/secure.gravatar.com\\\/avatar\\\/fe3349b489962813f1541b23d82e1858f7cc8acd665ccd28b9d2c29bc39627a3?s=96&d=mm&r=g\",\"caption\":\"junior\"},\"sameAs\":[\"https:\\\/\\\/www.letsportsrock.com\\\/wp-admin\\\/\"],\"url\":\"https:\\\/\\\/www.letsportsrock.com\\\/?author=20\"}]}<\/script>\n<!-- \/ Yoast SEO plugin. -->","yoast_head_json":{"title":"Marius \u0218umudic\u0103 nu mai are nicio jen\u0103! A f\u0103cut praf un interna\u021bional de la FCSB: \u201eA fost de-o indolen\u021b\u0103 \u0219i de-o.... - letsportsrock","description":"Marius \u0218umudic\u0103 nu mai are nicio jen\u0103! A f\u0103cut praf un interna\u021bional de la FCSB: \u201eA fost de-o indolen\u021b\u0103 \u0219i de-o lentoare incredibile\u201d","robots":{"index":"index","follow":"follow","max-snippet":"max-snippet:-1","max-image-preview":"max-image-preview:large","max-video-preview":"max-video-preview:-1"},"canonical":"https:\/\/www.letsportsrock.com\/?p=57058","og_locale":"en_US","og_type":"article","og_title":"Marius \u0218umudic\u0103 nu mai are nicio jen\u0103! A f\u0103cut praf un interna\u021bional de la FCSB: \u201eA fost de-o indolen\u021b\u0103 \u0219i de-o.... - letsportsrock","og_description":"Marius \u0218umudic\u0103 nu mai are nicio jen\u0103! A f\u0103cut praf un interna\u021bional de la FCSB: \u201eA fost de-o indolen\u021b\u0103 \u0219i de-o lentoare incredibile\u201d","og_url":"https:\/\/www.letsportsrock.com\/?p=57058","og_site_name":"letsportsrock","article_published_time":"2025-07-27T16:03:02+00:00","og_image":[{"width":1280,"height":720,"url":"https:\/\/www.letsportsrock.com\/wp-content\/uploads\/2025\/07\/https___www.prosport.ro_wp-content_uploads_2025_07_Marius-Sumudica-nu-mai-are-nicio-jena-A-facut-praf-un-international-de-la-FCSB-\u201eA-fost-de-o-indolenta-si-de-o-lentoare-incredibile-1400x811-1.webp","type":"image\/webp"}],"author":"junior","twitter_card":"summary_large_image","twitter_misc":{"Written by":"junior","Est. reading time":"1 minute"},"schema":{"@context":"https:\/\/schema.org","@graph":[{"@type":"Article","@id":"https:\/\/www.letsportsrock.com\/?p=57058#article","isPartOf":{"@id":"https:\/\/www.letsportsrock.com\/?p=57058"},"author":{"name":"junior","@id":"https:\/\/www.letsportsrock.com\/#\/schema\/person\/c197e412dd117367e9222812d143bcdf"},"headline":"Marius \u0218umudic\u0103 nu mai are nicio jen\u0103! A f\u0103cut praf un interna\u021bional de la FCSB: \u201eA fost de-o indolen\u021b\u0103 \u0219i de-o&#8230;.","datePublished":"2025-07-27T16:03:02+00:00","mainEntityOfPage":{"@id":"https:\/\/www.letsportsrock.com\/?p=57058"},"wordCount":85,"commentCount":0,"image":{"@id":"https:\/\/www.letsportsrock.com\/?p=57058#primaryimage"},"thumbnailUrl":"https:\/\/www.letsportsrock.com\/wp-content\/uploads\/2025\/07\/https___www.prosport.ro_wp-content_uploads_2025_07_Marius-Sumudica-nu-mai-are-nicio-jena-A-facut-praf-un-international-de-la-FCSB-\u201eA-fost-de-o-indolenta-si-de-o-lentoare-incredibile-1400x811-1.webp","inLanguage":"en-US","potentialAction":[{"@type":"CommentAction","name":"Comment","target":["https:\/\/www.letsportsrock.com\/?p=57058#respond"]}]},{"@type":"WebPage","@id":"https:\/\/www.letsportsrock.com\/?p=57058","url":"https:\/\/www.letsportsrock.com\/?p=57058","name":"Marius \u0218umudic\u0103 nu mai are nicio jen\u0103! A f\u0103cut praf un interna\u021bional de la FCSB: \u201eA fost de-o indolen\u021b\u0103 \u0219i de-o.... - letsportsrock","isPartOf":{"@id":"https:\/\/www.letsportsrock.com\/#website"},"primaryImageOfPage":{"@id":"https:\/\/www.letsportsrock.com\/?p=57058#primaryimage"},"image":{"@id":"https:\/\/www.letsportsrock.com\/?p=57058#primaryimage"},"thumbnailUrl":"https:\/\/www.letsportsrock.com\/wp-content\/uploads\/2025\/07\/https___www.prosport.ro_wp-content_uploads_2025_07_Marius-Sumudica-nu-mai-are-nicio-jena-A-facut-praf-un-international-de-la-FCSB-\u201eA-fost-de-o-indolenta-si-de-o-lentoare-incredibile-1400x811-1.webp","datePublished":"2025-07-27T16:03:02+00:00","author":{"@id":"https:\/\/www.letsportsrock.com\/#\/schema\/person\/c197e412dd117367e9222812d143bcdf"},"description":"Marius \u0218umudic\u0103 nu mai are nicio jen\u0103! A f\u0103cut praf un interna\u021bional de la FCSB: \u201eA fost de-o indolen\u021b\u0103 \u0219i de-o lentoare incredibile\u201d","breadcrumb":{"@id":"https:\/\/www.letsportsrock.com\/?p=57058#breadcrumb"},"inLanguage":"en-US","potentialAction":[{"@type":"ReadAction","target":["https:\/\/www.letsportsrock.com\/?p=57058"]}]},{"@type":"ImageObject","inLanguage":"en-US","@id":"https:\/\/www.letsportsrock.com\/?p=57058#primaryimage","url":"https:\/\/www.letsportsrock.com\/wp-content\/uploads\/2025\/07\/https___www.prosport.ro_wp-content_uploads_2025_07_Marius-Sumudica-nu-mai-are-nicio-jena-A-facut-praf-un-international-de-la-FCSB-\u201eA-fost-de-o-indolenta-si-de-o-lentoare-incredibile-1400x811-1.webp","contentUrl":"https:\/\/www.letsportsrock.com\/wp-content\/uploads\/2025\/07\/https___www.prosport.ro_wp-content_uploads_2025_07_Marius-Sumudica-nu-mai-are-nicio-jena-A-facut-praf-un-international-de-la-FCSB-\u201eA-fost-de-o-indolenta-si-de-o-lentoare-incredibile-1400x811-1.webp","width":1280,"height":720},{"@type":"BreadcrumbList","@id":"https:\/\/www.letsportsrock.com\/?p=57058#breadcrumb","itemListElement":[{"@type":"ListItem","position":1,"name":"Home","item":"https:\/\/www.letsportsrock.com\/"},{"@type":"ListItem","position":2,"name":"Marius \u0218umudic\u0103 nu mai are nicio jen\u0103! A f\u0103cut praf un interna\u021bional de la FCSB: \u201eA fost de-o indolen\u021b\u0103 \u0219i de-o&#8230;."}]},{"@type":"WebSite","@id":"https:\/\/www.letsportsrock.com\/#website","url":"https:\/\/www.letsportsrock.com\/","name":"letsportsrock","description":"Sport News and Updates","potentialAction":[{"@type":"SearchAction","target":{"@type":"EntryPoint","urlTemplate":"https:\/\/www.letsportsrock.com\/?s={search_term_string}"},"query-input":{"@type":"PropertyValueSpecification","valueRequired":true,"valueName":"search_term_string"}}],"inLanguage":"en-US"},{"@type":"Person","@id":"https:\/\/www.letsportsrock.com\/#\/schema\/person\/c197e412dd117367e9222812d143bcdf","name":"junior","image":{"@type":"ImageObject","inLanguage":"en-US","@id":"https:\/\/secure.gravatar.com\/avatar\/fe3349b489962813f1541b23d82e1858f7cc8acd665ccd28b9d2c29bc39627a3?s=96&d=mm&r=g","url":"https:\/\/secure.gravatar.com\/avatar\/fe3349b489962813f1541b23d82e1858f7cc8acd665ccd28b9d2c29bc39627a3?s=96&d=mm&r=g","contentUrl":"https:\/\/secure.gravatar.com\/avatar\/fe3349b489962813f1541b23d82e1858f7cc8acd665ccd28b9d2c29bc39627a3?s=96&d=mm&r=g","caption":"junior"},"sameAs":["https:\/\/www.letsportsrock.com\/wp-admin\/"],"url":"https:\/\/www.letsportsrock.com\/?author=20"}]}},"jetpack_featured_media_url":"https:\/\/www.letsportsrock.com\/wp-content\/uploads\/2025\/07\/https___www.prosport.ro_wp-content_uploads_2025_07_Marius-Sumudica-nu-mai-are-nicio-jena-A-facut-praf-un-international-de-la-FCSB-\u201eA-fost-de-o-indolenta-si-de-o-lentoare-incredibile-1400x811-1.webp","jetpack_sharing_enabled":true,"_links":{"self":[{"href":"https:\/\/www.letsportsrock.com\/index.php?rest_route=\/wp\/v2\/posts\/57058","targetHints":{"allow":["GET"]}}],"collection":[{"href":"https:\/\/www.letsportsrock.com\/index.php?rest_route=\/wp\/v2\/posts"}],"about":[{"href":"https:\/\/www.letsportsrock.com\/index.php?rest_route=\/wp\/v2\/types\/post"}],"author":[{"embeddable":true,"href":"https:\/\/www.letsportsrock.com\/index.php?rest_route=\/wp\/v2\/users\/20"}],"replies":[{"embeddable":true,"href":"https:\/\/www.letsportsrock.com\/index.php?rest_route=%2Fwp%2Fv2%2Fcomments&post=57058"}],"version-history":[{"count":1,"href":"https:\/\/www.letsportsrock.com\/index.php?rest_route=\/wp\/v2\/posts\/57058\/revisions"}],"predecessor-version":[{"id":57060,"href":"https:\/\/www.letsportsrock.com\/index.php?rest_route=\/wp\/v2\/posts\/57058\/revisions\/57060"}],"wp:featuredmedia":[{"embeddable":true,"href":"https:\/\/www.letsportsrock.com\/index.php?rest_route=\/wp\/v2\/media\/57059"}],"wp:attachment":[{"href":"https:\/\/www.letsportsrock.com\/index.php?rest_route=%2Fwp%2Fv2%2Fmedia&parent=57058"}],"wp:term":[{"taxonomy":"category","embeddable":true,"href":"https:\/\/www.letsportsrock.com\/index.php?rest_route=%2Fwp%2Fv2%2Fcategories&post=57058"},{"taxonomy":"post_tag","embeddable":true,"href":"https:\/\/www.letsportsrock.com\/index.php?rest_route=%2Fwp%2Fv2%2Ftags&post=57058"}],"curies":[{"name":"wp","href":"https:\/\/api.w.org\/{rel}","templated":true}]}}