{"id":57109,"date":"2025-07-27T19:38:56","date_gmt":"2025-07-27T19:38:56","guid":{"rendered":"https:\/\/www.letsportsrock.com\/?p=57109"},"modified":"2025-07-27T19:39:21","modified_gmt":"2025-07-27T19:39:21","slug":"andrei-gusa-lanseaza-acuzatii-de-dublu-standard-nea-ilie-bolojan-e-cu-dubla-masura-pentru-anastasiu-muma-dar-pentru-piedone-ciuma","status":"publish","type":"post","link":"https:\/\/www.letsportsrock.com\/?p=57109","title":{"rendered":"Andrei Gu\u0219\u0103 lanseaz\u0103 acuza\u021bii de dublu standard: \u201eNea Ilie Bolojan, e cu dubl\u0103 m\u0103sur\u0103? Pentru Anastasiu, mum\u0103, dar pentru Piedone cium\u0103?"},"content":{"rendered":"<div class=\"d79db4796efc26332eabfc3f5dafbc76\" data-index=\"1\" style=\"float: none; margin:10px 0 10px 0; text-align:center;\">\n<div class=\"hb-ad-inarticle\">\r\n    <div class=\"hb-ad-inner\"> \r\n    <div class=\"hbagency_cls\"  id=\"hbagency_space_111930\"><\/div><\/div> <\/div>\n<\/div>\n<p>\u00centr-o declara\u021bie public\u00a0Andrei Gu\u0219\u0103 lanseaz\u0103 acuza\u021bii<\/p>\n<p>de dublu standard: \u201eNea Ilie Bolojan, e cu dubl\u0103 m\u0103sur\u0103? Pentru Anastasiu, mum\u0103, dar pentru Piedone cium\u0103?\u00ad\u201d\u0103 ce a st\u00e2rnit reac\u021bii aprinse \u00een spa\u021biul politic rom\u00e2nesc, Andrei Gu\u0219\u0103 \u00eel acuz\u0103 pe Ilie Bolojan \u2013 pre\u0219edintele Consiliului Jude\u021bean Bihor \u0219i figur\u0103 influent\u0103 \u00een PNL \u2013 de aplicarea unor standarde duble \u00een raport cu personalit\u0103\u021bile politice \u0219i de afaceri din Rom\u00e2nia.<\/p>\n<p><!--more--><\/p>\n<p>Gu\u0219\u0103 sugereaz\u0103 c\u0103 Bolojan manifest\u0103 o atitudine de toleran\u021b\u0103 \u0219i chiar complicitate fa\u021b\u0103 de oameni de afaceri precum Drago\u0219 Anastasiu, \u00een timp ce adopt\u0103 o pozi\u021bie tran\u0219ant\u0103 \u0219i lipsit\u0103 de nuan\u021be \u00een privin\u021ba unor figuri precum Cristian Popescu Piedone.<\/p>\n<p>\u201ePentru unii, totul se poate. Al\u021bii sunt demoniza\u021bi instant. Unde e echitatea? Unde e consecven\u021ba politic\u0103?\u201d, a declarat Gu\u0219\u0103 \u00eentr-un interviu acordat presei locale.<\/p>\n<p>Referirea la Drago\u0219 Anastasiu, cunoscut antreprenor \u0219i sus\u021bin\u0103tor al reformelor pro-europene, este privit\u0103 de unii ca o critic\u0103 voalat\u0103 la adresa apropierii mediului politic de zona de business, \u00een timp ce \u00een cazul lui Piedone, politician controversat dar cu o sus\u021binere popular\u0103 puternic\u0103 \u00een sectoare cheie, Gu\u0219\u0103 invoc\u0103 \u201edemonizarea selectiv\u0103\u201d.<\/p>\n<p>Reac\u021bia lui Ilie Bolojan nu a \u00eent\u00e2rziat s\u0103 apar\u0103: \u201eNu e vorba de dubl\u0103 m\u0103sur\u0103, ci de criterii clare de integritate \u0219i performan\u021b\u0103\u201d, a declarat acesta pentru un post na\u021bional de televiziune.<\/p>\n<p>Declara\u021biile lui Gu\u0219\u0103 deschid o nou\u0103 dezbatere privind ipocrizia din discursul politic \u0219i modul \u00een care sunt trata\u021bi diferit liderii \u00een func\u021bie de alian\u021be, imagine public\u0103 \u0219i interese economice.<\/p>\n<p>R\u0103m\u00e2ne de v\u0103zut dac\u0103 aceste acuza\u021bii vor influen\u021ba dinamica alian\u021belor din perspectiva alegerilor din 2026.<\/p>\n<p>&nbsp;<\/p>\n\n<div style=\"font-size: 0px; height: 0px; line-height: 0px; margin: 0; padding: 0; clear: both;\"><\/div>","protected":false},"excerpt":{"rendered":"<p>\u00centr-o declara\u021bie public\u00a0Andrei Gu\u0219\u0103 lanseaz\u0103 acuza\u021bii de dublu standard: \u201eNea Ilie Bolojan, e cu dubl\u0103 m\u0103sur\u0103? Pentru Anastasiu, mum\u0103, dar pentru Piedone cium\u0103?\u00ad\u201d\u0103 ce a st\u00e2rnit reac\u021bii aprinse \u00een spa\u021biul politic rom\u00e2nesc, Andrei Gu\u0219\u0103 \u00eel acuz\u0103 pe Ilie Bolojan \u2013 pre\u0219edintele Consiliului Jude\u021bean Bihor \u0219i figur\u0103 influent\u0103 \u00een PNL \u2013 de aplicarea unor standarde duble [&hellip;]<\/p>\n","protected":false},"author":18,"featured_media":57113,"comment_status":"open","ping_status":"open","sticky":false,"template":"","format":"standard","meta":{"_jetpack_memberships_contains_paid_content":false,"footnotes":""},"categories":[1],"tags":[711],"class_list":["post-57109","post","type-post","status-publish","format-standard","has-post-thumbnail","hentry","category-uncategorized","tag-andrei-ivan"],"yoast_head":"<!-- This site is optimized with the Yoast SEO plugin v27.4 - https:\/\/yoast.com\/product\/yoast-seo-wordpress\/ -->\n<title>Andrei Gu\u0219\u0103 lanseaz\u0103 acuza\u021bii de dublu standard: \u201eNea Ilie Bolojan, e cu dubl\u0103 m\u0103sur\u0103? Pentru Anastasiu, mum\u0103, dar pentru Piedone cium\u0103? - letsportsrock<\/title>\n<meta name=\"robots\" content=\"index, follow, max-snippet:-1, max-image-preview:large, max-video-preview:-1\" \/>\n<link rel=\"canonical\" href=\"https:\/\/www.letsportsrock.com\/?p=57109\" \/>\n<meta property=\"og:locale\" content=\"en_US\" \/>\n<meta property=\"og:type\" content=\"article\" \/>\n<meta property=\"og:title\" content=\"Andrei Gu\u0219\u0103 lanseaz\u0103 acuza\u021bii de dublu standard: \u201eNea Ilie Bolojan, e cu dubl\u0103 m\u0103sur\u0103? Pentru Anastasiu, mum\u0103, dar pentru Piedone cium\u0103? - letsportsrock\" \/>\n<meta property=\"og:description\" content=\"\u00centr-o declara\u021bie public\u00a0Andrei Gu\u0219\u0103 lanseaz\u0103 acuza\u021bii de dublu standard: \u201eNea Ilie Bolojan, e cu dubl\u0103 m\u0103sur\u0103? Pentru Anastasiu, mum\u0103, dar pentru Piedone cium\u0103?\u00ad\u201d\u0103 ce a st\u00e2rnit reac\u021bii aprinse \u00een spa\u021biul politic rom\u00e2nesc, Andrei Gu\u0219\u0103 \u00eel acuz\u0103 pe Ilie Bolojan \u2013 pre\u0219edintele Consiliului Jude\u021bean Bihor \u0219i figur\u0103 influent\u0103 \u00een PNL \u2013 de aplicarea unor standarde duble [&hellip;]\" \/>\n<meta property=\"og:url\" content=\"https:\/\/www.letsportsrock.com\/?p=57109\" \/>\n<meta property=\"og:site_name\" content=\"letsportsrock\" \/>\n<meta property=\"article:published_time\" content=\"2025-07-27T19:38:56+00:00\" \/>\n<meta property=\"article:modified_time\" content=\"2025-07-27T19:39:21+00:00\" \/>\n<meta property=\"og:image\" content=\"https:\/\/www.letsportsrock.com\/wp-content\/uploads\/2025\/07\/images-4-9.jpeg\" \/>\n\t<meta property=\"og:image:width\" content=\"187\" \/>\n\t<meta property=\"og:image:height\" content=\"270\" \/>\n\t<meta property=\"og:image:type\" content=\"image\/jpeg\" \/>\n<meta name=\"author\" content=\"Paul\" \/>\n<meta name=\"twitter:card\" content=\"summary_large_image\" \/>\n<meta name=\"twitter:label1\" content=\"Written by\" \/>\n\t<meta name=\"twitter:data1\" content=\"Paul\" \/>\n\t<meta name=\"twitter:label2\" content=\"Est. reading time\" \/>\n\t<meta name=\"twitter:data2\" content=\"2 minutes\" \/>\n<script type=\"application\/ld+json\" class=\"yoast-schema-graph\">{\"@context\":\"https:\\\/\\\/schema.org\",\"@graph\":[{\"@type\":\"Article\",\"@id\":\"https:\\\/\\\/www.letsportsrock.com\\\/?p=57109#article\",\"isPartOf\":{\"@id\":\"https:\\\/\\\/www.letsportsrock.com\\\/?p=57109\"},\"author\":{\"name\":\"Paul\",\"@id\":\"https:\\\/\\\/www.letsportsrock.com\\\/#\\\/schema\\\/person\\\/5ea0765d5978183e8a3c61eeddc025a0\"},\"headline\":\"Andrei Gu\u0219\u0103 lanseaz\u0103 acuza\u021bii de dublu standard: \u201eNea Ilie Bolojan, e cu dubl\u0103 m\u0103sur\u0103? Pentru Anastasiu, mum\u0103, dar pentru Piedone cium\u0103?\",\"datePublished\":\"2025-07-27T19:38:56+00:00\",\"dateModified\":\"2025-07-27T19:39:21+00:00\",\"mainEntityOfPage\":{\"@id\":\"https:\\\/\\\/www.letsportsrock.com\\\/?p=57109\"},\"wordCount\":311,\"commentCount\":0,\"image\":{\"@id\":\"https:\\\/\\\/www.letsportsrock.com\\\/?p=57109#primaryimage\"},\"thumbnailUrl\":\"https:\\\/\\\/www.letsportsrock.com\\\/wp-content\\\/uploads\\\/2025\\\/07\\\/images-4-9.jpeg\",\"keywords\":[\"Andrei Ivan\"],\"inLanguage\":\"en-US\",\"potentialAction\":[{\"@type\":\"CommentAction\",\"name\":\"Comment\",\"target\":[\"https:\\\/\\\/www.letsportsrock.com\\\/?p=57109#respond\"]}]},{\"@type\":\"WebPage\",\"@id\":\"https:\\\/\\\/www.letsportsrock.com\\\/?p=57109\",\"url\":\"https:\\\/\\\/www.letsportsrock.com\\\/?p=57109\",\"name\":\"Andrei Gu\u0219\u0103 lanseaz\u0103 acuza\u021bii de dublu standard: \u201eNea Ilie Bolojan, e cu dubl\u0103 m\u0103sur\u0103? Pentru Anastasiu, mum\u0103, dar pentru Piedone cium\u0103? - letsportsrock\",\"isPartOf\":{\"@id\":\"https:\\\/\\\/www.letsportsrock.com\\\/#website\"},\"primaryImageOfPage\":{\"@id\":\"https:\\\/\\\/www.letsportsrock.com\\\/?p=57109#primaryimage\"},\"image\":{\"@id\":\"https:\\\/\\\/www.letsportsrock.com\\\/?p=57109#primaryimage\"},\"thumbnailUrl\":\"https:\\\/\\\/www.letsportsrock.com\\\/wp-content\\\/uploads\\\/2025\\\/07\\\/images-4-9.jpeg\",\"datePublished\":\"2025-07-27T19:38:56+00:00\",\"dateModified\":\"2025-07-27T19:39:21+00:00\",\"author\":{\"@id\":\"https:\\\/\\\/www.letsportsrock.com\\\/#\\\/schema\\\/person\\\/5ea0765d5978183e8a3c61eeddc025a0\"},\"breadcrumb\":{\"@id\":\"https:\\\/\\\/www.letsportsrock.com\\\/?p=57109#breadcrumb\"},\"inLanguage\":\"en-US\",\"potentialAction\":[{\"@type\":\"ReadAction\",\"target\":[\"https:\\\/\\\/www.letsportsrock.com\\\/?p=57109\"]}]},{\"@type\":\"ImageObject\",\"inLanguage\":\"en-US\",\"@id\":\"https:\\\/\\\/www.letsportsrock.com\\\/?p=57109#primaryimage\",\"url\":\"https:\\\/\\\/www.letsportsrock.com\\\/wp-content\\\/uploads\\\/2025\\\/07\\\/images-4-9.jpeg\",\"contentUrl\":\"https:\\\/\\\/www.letsportsrock.com\\\/wp-content\\\/uploads\\\/2025\\\/07\\\/images-4-9.jpeg\",\"width\":187,\"height\":270},{\"@type\":\"BreadcrumbList\",\"@id\":\"https:\\\/\\\/www.letsportsrock.com\\\/?p=57109#breadcrumb\",\"itemListElement\":[{\"@type\":\"ListItem\",\"position\":1,\"name\":\"Home\",\"item\":\"https:\\\/\\\/www.letsportsrock.com\\\/\"},{\"@type\":\"ListItem\",\"position\":2,\"name\":\"Andrei Gu\u0219\u0103 lanseaz\u0103 acuza\u021bii de dublu standard: \u201eNea Ilie Bolojan, e cu dubl\u0103 m\u0103sur\u0103? Pentru Anastasiu, mum\u0103, dar pentru Piedone cium\u0103?\"}]},{\"@type\":\"WebSite\",\"@id\":\"https:\\\/\\\/www.letsportsrock.com\\\/#website\",\"url\":\"https:\\\/\\\/www.letsportsrock.com\\\/\",\"name\":\"letsportsrock\",\"description\":\"Sport News and Updates\",\"potentialAction\":[{\"@type\":\"SearchAction\",\"target\":{\"@type\":\"EntryPoint\",\"urlTemplate\":\"https:\\\/\\\/www.letsportsrock.com\\\/?s={search_term_string}\"},\"query-input\":{\"@type\":\"PropertyValueSpecification\",\"valueRequired\":true,\"valueName\":\"search_term_string\"}}],\"inLanguage\":\"en-US\"},{\"@type\":\"Person\",\"@id\":\"https:\\\/\\\/www.letsportsrock.com\\\/#\\\/schema\\\/person\\\/5ea0765d5978183e8a3c61eeddc025a0\",\"name\":\"Paul\",\"image\":{\"@type\":\"ImageObject\",\"inLanguage\":\"en-US\",\"@id\":\"https:\\\/\\\/secure.gravatar.com\\\/avatar\\\/1202bac6aa7877ef62cd36e3578853558c9f65043e6a8af2018cda8743033a95?s=96&d=mm&r=g\",\"url\":\"https:\\\/\\\/secure.gravatar.com\\\/avatar\\\/1202bac6aa7877ef62cd36e3578853558c9f65043e6a8af2018cda8743033a95?s=96&d=mm&r=g\",\"contentUrl\":\"https:\\\/\\\/secure.gravatar.com\\\/avatar\\\/1202bac6aa7877ef62cd36e3578853558c9f65043e6a8af2018cda8743033a95?s=96&d=mm&r=g\",\"caption\":\"Paul\"},\"sameAs\":[\"https:\\\/\\\/www.letsportsrock.com\\\/wp-admin\\\/\"],\"url\":\"https:\\\/\\\/www.letsportsrock.com\\\/?author=18\"}]}<\/script>\n<!-- \/ Yoast SEO plugin. -->","yoast_head_json":{"title":"Andrei Gu\u0219\u0103 lanseaz\u0103 acuza\u021bii de dublu standard: \u201eNea Ilie Bolojan, e cu dubl\u0103 m\u0103sur\u0103? Pentru Anastasiu, mum\u0103, dar pentru Piedone cium\u0103? - letsportsrock","robots":{"index":"index","follow":"follow","max-snippet":"max-snippet:-1","max-image-preview":"max-image-preview:large","max-video-preview":"max-video-preview:-1"},"canonical":"https:\/\/www.letsportsrock.com\/?p=57109","og_locale":"en_US","og_type":"article","og_title":"Andrei Gu\u0219\u0103 lanseaz\u0103 acuza\u021bii de dublu standard: \u201eNea Ilie Bolojan, e cu dubl\u0103 m\u0103sur\u0103? Pentru Anastasiu, mum\u0103, dar pentru Piedone cium\u0103? - letsportsrock","og_description":"\u00centr-o declara\u021bie public\u00a0Andrei Gu\u0219\u0103 lanseaz\u0103 acuza\u021bii de dublu standard: \u201eNea Ilie Bolojan, e cu dubl\u0103 m\u0103sur\u0103? Pentru Anastasiu, mum\u0103, dar pentru Piedone cium\u0103?\u00ad\u201d\u0103 ce a st\u00e2rnit reac\u021bii aprinse \u00een spa\u021biul politic rom\u00e2nesc, Andrei Gu\u0219\u0103 \u00eel acuz\u0103 pe Ilie Bolojan \u2013 pre\u0219edintele Consiliului Jude\u021bean Bihor \u0219i figur\u0103 influent\u0103 \u00een PNL \u2013 de aplicarea unor standarde duble [&hellip;]","og_url":"https:\/\/www.letsportsrock.com\/?p=57109","og_site_name":"letsportsrock","article_published_time":"2025-07-27T19:38:56+00:00","article_modified_time":"2025-07-27T19:39:21+00:00","og_image":[{"width":187,"height":270,"url":"https:\/\/www.letsportsrock.com\/wp-content\/uploads\/2025\/07\/images-4-9.jpeg","type":"image\/jpeg"}],"author":"Paul","twitter_card":"summary_large_image","twitter_misc":{"Written by":"Paul","Est. reading time":"2 minutes"},"schema":{"@context":"https:\/\/schema.org","@graph":[{"@type":"Article","@id":"https:\/\/www.letsportsrock.com\/?p=57109#article","isPartOf":{"@id":"https:\/\/www.letsportsrock.com\/?p=57109"},"author":{"name":"Paul","@id":"https:\/\/www.letsportsrock.com\/#\/schema\/person\/5ea0765d5978183e8a3c61eeddc025a0"},"headline":"Andrei Gu\u0219\u0103 lanseaz\u0103 acuza\u021bii de dublu standard: \u201eNea Ilie Bolojan, e cu dubl\u0103 m\u0103sur\u0103? Pentru Anastasiu, mum\u0103, dar pentru Piedone cium\u0103?","datePublished":"2025-07-27T19:38:56+00:00","dateModified":"2025-07-27T19:39:21+00:00","mainEntityOfPage":{"@id":"https:\/\/www.letsportsrock.com\/?p=57109"},"wordCount":311,"commentCount":0,"image":{"@id":"https:\/\/www.letsportsrock.com\/?p=57109#primaryimage"},"thumbnailUrl":"https:\/\/www.letsportsrock.com\/wp-content\/uploads\/2025\/07\/images-4-9.jpeg","keywords":["Andrei Ivan"],"inLanguage":"en-US","potentialAction":[{"@type":"CommentAction","name":"Comment","target":["https:\/\/www.letsportsrock.com\/?p=57109#respond"]}]},{"@type":"WebPage","@id":"https:\/\/www.letsportsrock.com\/?p=57109","url":"https:\/\/www.letsportsrock.com\/?p=57109","name":"Andrei Gu\u0219\u0103 lanseaz\u0103 acuza\u021bii de dublu standard: \u201eNea Ilie Bolojan, e cu dubl\u0103 m\u0103sur\u0103? Pentru Anastasiu, mum\u0103, dar pentru Piedone cium\u0103? - letsportsrock","isPartOf":{"@id":"https:\/\/www.letsportsrock.com\/#website"},"primaryImageOfPage":{"@id":"https:\/\/www.letsportsrock.com\/?p=57109#primaryimage"},"image":{"@id":"https:\/\/www.letsportsrock.com\/?p=57109#primaryimage"},"thumbnailUrl":"https:\/\/www.letsportsrock.com\/wp-content\/uploads\/2025\/07\/images-4-9.jpeg","datePublished":"2025-07-27T19:38:56+00:00","dateModified":"2025-07-27T19:39:21+00:00","author":{"@id":"https:\/\/www.letsportsrock.com\/#\/schema\/person\/5ea0765d5978183e8a3c61eeddc025a0"},"breadcrumb":{"@id":"https:\/\/www.letsportsrock.com\/?p=57109#breadcrumb"},"inLanguage":"en-US","potentialAction":[{"@type":"ReadAction","target":["https:\/\/www.letsportsrock.com\/?p=57109"]}]},{"@type":"ImageObject","inLanguage":"en-US","@id":"https:\/\/www.letsportsrock.com\/?p=57109#primaryimage","url":"https:\/\/www.letsportsrock.com\/wp-content\/uploads\/2025\/07\/images-4-9.jpeg","contentUrl":"https:\/\/www.letsportsrock.com\/wp-content\/uploads\/2025\/07\/images-4-9.jpeg","width":187,"height":270},{"@type":"BreadcrumbList","@id":"https:\/\/www.letsportsrock.com\/?p=57109#breadcrumb","itemListElement":[{"@type":"ListItem","position":1,"name":"Home","item":"https:\/\/www.letsportsrock.com\/"},{"@type":"ListItem","position":2,"name":"Andrei Gu\u0219\u0103 lanseaz\u0103 acuza\u021bii de dublu standard: \u201eNea Ilie Bolojan, e cu dubl\u0103 m\u0103sur\u0103? Pentru Anastasiu, mum\u0103, dar pentru Piedone cium\u0103?"}]},{"@type":"WebSite","@id":"https:\/\/www.letsportsrock.com\/#website","url":"https:\/\/www.letsportsrock.com\/","name":"letsportsrock","description":"Sport News and Updates","potentialAction":[{"@type":"SearchAction","target":{"@type":"EntryPoint","urlTemplate":"https:\/\/www.letsportsrock.com\/?s={search_term_string}"},"query-input":{"@type":"PropertyValueSpecification","valueRequired":true,"valueName":"search_term_string"}}],"inLanguage":"en-US"},{"@type":"Person","@id":"https:\/\/www.letsportsrock.com\/#\/schema\/person\/5ea0765d5978183e8a3c61eeddc025a0","name":"Paul","image":{"@type":"ImageObject","inLanguage":"en-US","@id":"https:\/\/secure.gravatar.com\/avatar\/1202bac6aa7877ef62cd36e3578853558c9f65043e6a8af2018cda8743033a95?s=96&d=mm&r=g","url":"https:\/\/secure.gravatar.com\/avatar\/1202bac6aa7877ef62cd36e3578853558c9f65043e6a8af2018cda8743033a95?s=96&d=mm&r=g","contentUrl":"https:\/\/secure.gravatar.com\/avatar\/1202bac6aa7877ef62cd36e3578853558c9f65043e6a8af2018cda8743033a95?s=96&d=mm&r=g","caption":"Paul"},"sameAs":["https:\/\/www.letsportsrock.com\/wp-admin\/"],"url":"https:\/\/www.letsportsrock.com\/?author=18"}]}},"jetpack_featured_media_url":"https:\/\/www.letsportsrock.com\/wp-content\/uploads\/2025\/07\/images-4-9.jpeg","jetpack_sharing_enabled":true,"_links":{"self":[{"href":"https:\/\/www.letsportsrock.com\/index.php?rest_route=\/wp\/v2\/posts\/57109","targetHints":{"allow":["GET"]}}],"collection":[{"href":"https:\/\/www.letsportsrock.com\/index.php?rest_route=\/wp\/v2\/posts"}],"about":[{"href":"https:\/\/www.letsportsrock.com\/index.php?rest_route=\/wp\/v2\/types\/post"}],"author":[{"embeddable":true,"href":"https:\/\/www.letsportsrock.com\/index.php?rest_route=\/wp\/v2\/users\/18"}],"replies":[{"embeddable":true,"href":"https:\/\/www.letsportsrock.com\/index.php?rest_route=%2Fwp%2Fv2%2Fcomments&post=57109"}],"version-history":[{"count":1,"href":"https:\/\/www.letsportsrock.com\/index.php?rest_route=\/wp\/v2\/posts\/57109\/revisions"}],"predecessor-version":[{"id":57115,"href":"https:\/\/www.letsportsrock.com\/index.php?rest_route=\/wp\/v2\/posts\/57109\/revisions\/57115"}],"wp:featuredmedia":[{"embeddable":true,"href":"https:\/\/www.letsportsrock.com\/index.php?rest_route=\/wp\/v2\/media\/57113"}],"wp:attachment":[{"href":"https:\/\/www.letsportsrock.com\/index.php?rest_route=%2Fwp%2Fv2%2Fmedia&parent=57109"}],"wp:term":[{"taxonomy":"category","embeddable":true,"href":"https:\/\/www.letsportsrock.com\/index.php?rest_route=%2Fwp%2Fv2%2Fcategories&post=57109"},{"taxonomy":"post_tag","embeddable":true,"href":"https:\/\/www.letsportsrock.com\/index.php?rest_route=%2Fwp%2Fv2%2Ftags&post=57109"}],"curies":[{"name":"wp","href":"https:\/\/api.w.org\/{rel}","templated":true}]}}