{"id":57147,"date":"2025-07-27T22:53:51","date_gmt":"2025-07-27T22:53:51","guid":{"rendered":"https:\/\/www.letsportsrock.com\/?p=57147"},"modified":"2025-07-27T22:53:51","modified_gmt":"2025-07-27T22:53:51","slug":"transfer-soc-gigi-becali-l-a-dat-afara-de-la-fcsb-acum-a-semnat-cu-rivala-dinamo-l-am-sunat-personal-pe-nicolescu-3","status":"publish","type":"post","link":"https:\/\/www.letsportsrock.com\/?p=57147","title":{"rendered":"Transfer \u0218oc! Gigi Becali l-a dat afar\u0103 de la FCSB \u2013 Acum a semnat cu rivala Dinamo: \u201eL-am sunat personal pe Nicolescu!\u201d"},"content":{"rendered":"<div class=\"d79db4796efc26332eabfc3f5dafbc76\" data-index=\"1\" style=\"float: none; margin:10px 0 10px 0; text-align:center;\">\n<div class=\"hb-ad-inarticle\">\r\n    <div class=\"hb-ad-inner\"> \r\n    <div class=\"hbagency_cls\"  id=\"hbagency_space_111930\"><\/div><\/div> <\/div>\n<\/div>\n<p>Se pare c\u0103 exist\u0103 o confuzie: nu am g\u0103sit nicio surs\u0103 credibil\u0103 conform c\u0103reia Gigi Becali l\u2010ar fi dat afar\u0103 pe un juc\u0103tor de la FCSB \u0219i c\u0103 acest juc\u0103tor l\u2010ar fi semnat cu Dinamo, dup\u0103 cum sugereaz\u0103 titlul \u201e\u0218oc! Gigi Becali l-a dat afar\u0103 de la FCSB \u2013 Acum a semnat cu rivala Dinamo: \u2018L-am sunat personal pe Nicolescu!\u2019\u201d. \u00cen schimb, informa\u021biile confirmate totu\u0219i indic\u0103 un alt scenariu, detaliat mai jos:<\/p>\n<p>&nbsp;<\/p>\n<p>&nbsp;<\/p>\n<p>&#8212;<\/p>\n<p>&nbsp;<\/p>\n<p> 1. Interesul pentru transferuri \u00eentre FCSB \u0219i Dinamo<\/p>\n<p>&nbsp;<\/p>\n<p>Gigi Becali a afirmat \u00een mai multe r\u00e2nduri c\u0103 l\u2011a contactat pe Andrei Nicolescu (administrator special la Dinamo) pentru a discuta eventuale transferuri, printre care Dennis\u202fPolitic, c\u0103pitanul lui Dinamo. Becali a spus explicit:<\/p>\n<p>**\u201eL\u2011am sunat pe Andrei Nicolescu \u0219i am vorbit cu el despre Politic \u2026 Nu am f\u0103cut nicio ofert\u0103 oficial\u0103 \u00een acest moment.\u201d**<\/p>\n<p>&nbsp;<\/p>\n<p>Ulterior, a ap\u0103rut \u0219tirea c\u0103 Marius \u0218tef\u0103nescu pleac\u0103 de la FCSB la Dinamo pentru 300.000\u202f\u20ac, dup\u0103 ce Becali l\u2011a sunat pe Nicolescu:<\/p>\n<p>**\u201eI\u2011am zis: \u2018B\u0103, am dat 1,3 milioane pe \u0218tef\u0103nescu \u2026 D\u0103\u2011mi 300 de mii de euro\u2019. A zis: \u2018Da, m\u2011am consultat\u2026 vorbi\u021bi!\u2019\u201d**<\/p>\n<p>&nbsp;<\/p>\n<p>&nbsp;<\/p>\n<p>&nbsp;<\/p>\n<p>&#8212;<\/p>\n<p>&nbsp;<\/p>\n<p>\u274c 2. Nu exist\u0103 transferul Nicolescu sau o cedare pe \u201eafara\u201d<\/p>\n<p>&nbsp;<\/p>\n<p>Nu am g\u0103sit nicio informa\u021bie fact-based care s\u0103 confirme c\u0103 Gigi Becali ar fi \u201edat afar\u0103\u201d un juc\u0103tor de la FCSB sau c\u0103 \u201enicolescu\u201d (dac\u0103 se refer\u0103 la vreun juc\u0103tor cu acest nume) ar fi semnat ulterior cu Dinamo.<\/p>\n<p>&nbsp;<\/p>\n<p>Andrei Nicolescu este administrator la Dinamo, nu juc\u0103tor, ceea ce indic\u0103 o eventual\u0103 confuzie \u00eentre nume.<\/p>\n<p>&nbsp;<\/p>\n<p>&nbsp;<\/p>\n<p>&nbsp;<\/p>\n<p>&#8212;<\/p>\n<p>&nbsp;<\/p>\n<p> 3. Situa\u021bia clar\u0103 \u00een iulie 2025<\/p>\n<p>&nbsp;<\/p>\n<p>Confirmat \u00een \u0219tiri la 23 iulie 2025: Marius \u0218tef\u0103nescu pleac\u0103 de la FCSB la Dinamo pentru 300.000\u202f\u20ac, dup\u0103 ce Becali a negociat cu Nicolescu. Transferul a fost anun\u021bat ca f\u0103cut.<\/p>\n<p>&nbsp;<\/p>\n<p>Declara\u021biile recente ale lui Becali includ \u0219i posibile combina\u021bii privind al\u021bi juc\u0103tori, inclusiv Alexandru B\u0103lu\u021b\u0103 \u0219i disputa pentru transferul lui Alexandru Musi .<\/p>\n<p>&nbsp;<\/p>\n<p>&nbsp;<\/p>\n<p>&nbsp;<\/p>\n<p>&#8212;<\/p>\n<p>&nbsp;<\/p>\n<p>\u2705 \u00cen concluzie:<\/p>\n<p>&nbsp;<\/p>\n<p>Da \u2014 Gigi Becali l-a \u201esunat personal pe Nicolescu\u201d (Andrei Nicolescu) pentru transferul lui Marius \u0218tef\u0103nescu \u0219i altele.<\/p>\n<p>&nbsp;<\/p>\n<p>Nu \u2014 nu exist\u0103 dovezi c\u0103 un juc\u0103tor numit Nicolescu ar fi fost \u201edat afar\u0103\u201d de FCSB \u0219i apoi semnat cu Dinamo.<\/p>\n<p>&nbsp;<\/p>\n<p>Singurul transfer confirmat \u00eentre cluburi este Marius \u0218tef\u0103nescu la Dinamo, la suma anun\u021bat\u0103 de 300.000\u202f\u20ac.<\/p>\n<p>&nbsp;<\/p>\n<p>&nbsp;<\/p>\n<p>Dac\u0103 ai g\u0103sit alte detalii sau surse specifice pe care vrei s\u0103 le veri<\/p>\n<p>fic\u0103m, trimite-mi \u0219i le investig\u0103m \u00eempreun\u0103.<\/p>\n<p>&nbsp;<\/p>\n\n<div style=\"font-size: 0px; height: 0px; line-height: 0px; margin: 0; padding: 0; clear: both;\"><\/div>","protected":false},"excerpt":{"rendered":"<p>Se pare c\u0103 exist\u0103 o confuzie: nu am g\u0103sit nicio surs\u0103 credibil\u0103 conform c\u0103reia Gigi Becali l\u2010ar fi dat afar\u0103 pe un juc\u0103tor de la FCSB \u0219i c\u0103 acest juc\u0103tor l\u2010ar fi semnat cu Dinamo, dup\u0103 cum sugereaz\u0103 titlul \u201e\u0218oc! Gigi Becali l-a dat afar\u0103 de la FCSB \u2013 Acum a semnat cu rivala Dinamo: [&hellip;]<\/p>\n","protected":false},"author":20,"featured_media":57148,"comment_status":"open","ping_status":"open","sticky":false,"template":"","format":"standard","meta":{"_jetpack_memberships_contains_paid_content":false,"footnotes":""},"categories":[276],"tags":[],"class_list":["post-57147","post","type-post","status-publish","format-standard","has-post-thumbnail","hentry","category-fcsb"],"yoast_head":"<!-- This site is optimized with the Yoast SEO plugin v27.4 - https:\/\/yoast.com\/product\/yoast-seo-wordpress\/ -->\n<title>Transfer \u0218oc! Gigi Becali l-a dat afar\u0103 de la FCSB \u2013 Acum a semnat.<\/title>\n<meta name=\"description\" content=\"Transfer \u0218oc! Gigi Becali l-a dat afar\u0103 de la FCSB \u2013 Acum a semnat cu rivala Dinamo: \u201eL-am sunat personal pe Nicolescu!\u201d\" \/>\n<meta name=\"robots\" content=\"index, follow, max-snippet:-1, max-image-preview:large, max-video-preview:-1\" \/>\n<link rel=\"canonical\" href=\"https:\/\/www.letsportsrock.com\/?p=57147\" \/>\n<meta property=\"og:locale\" content=\"en_US\" \/>\n<meta property=\"og:type\" content=\"article\" \/>\n<meta property=\"og:title\" content=\"Transfer \u0218oc! Gigi Becali l-a dat afar\u0103 de la FCSB \u2013 Acum a semnat.\" \/>\n<meta property=\"og:description\" content=\"Transfer \u0218oc! Gigi Becali l-a dat afar\u0103 de la FCSB \u2013 Acum a semnat cu rivala Dinamo: \u201eL-am sunat personal pe Nicolescu!\u201d\" \/>\n<meta property=\"og:url\" content=\"https:\/\/www.letsportsrock.com\/?p=57147\" \/>\n<meta property=\"og:site_name\" content=\"letsportsrock\" \/>\n<meta property=\"article:published_time\" content=\"2025-07-27T22:53:51+00:00\" \/>\n<meta property=\"og:image\" content=\"https:\/\/www.letsportsrock.com\/wp-content\/uploads\/2025\/07\/images-17-7.jpeg\" \/>\n\t<meta property=\"og:image:width\" content=\"554\" \/>\n\t<meta property=\"og:image:height\" content=\"554\" \/>\n\t<meta property=\"og:image:type\" content=\"image\/jpeg\" \/>\n<meta name=\"author\" content=\"junior\" \/>\n<meta name=\"twitter:card\" content=\"summary_large_image\" \/>\n<meta name=\"twitter:label1\" content=\"Written by\" \/>\n\t<meta name=\"twitter:data1\" content=\"junior\" \/>\n\t<meta name=\"twitter:label2\" content=\"Est. reading time\" \/>\n\t<meta name=\"twitter:data2\" content=\"2 minutes\" \/>\n<script type=\"application\/ld+json\" class=\"yoast-schema-graph\">{\"@context\":\"https:\\\/\\\/schema.org\",\"@graph\":[{\"@type\":\"Article\",\"@id\":\"https:\\\/\\\/www.letsportsrock.com\\\/?p=57147#article\",\"isPartOf\":{\"@id\":\"https:\\\/\\\/www.letsportsrock.com\\\/?p=57147\"},\"author\":{\"name\":\"junior\",\"@id\":\"https:\\\/\\\/www.letsportsrock.com\\\/#\\\/schema\\\/person\\\/c197e412dd117367e9222812d143bcdf\"},\"headline\":\"Transfer \u0218oc! Gigi Becali l-a dat afar\u0103 de la FCSB \u2013 Acum a semnat cu rivala Dinamo: \u201eL-am sunat personal pe Nicolescu!\u201d\",\"datePublished\":\"2025-07-27T22:53:51+00:00\",\"mainEntityOfPage\":{\"@id\":\"https:\\\/\\\/www.letsportsrock.com\\\/?p=57147\"},\"wordCount\":458,\"commentCount\":0,\"image\":{\"@id\":\"https:\\\/\\\/www.letsportsrock.com\\\/?p=57147#primaryimage\"},\"thumbnailUrl\":\"https:\\\/\\\/www.letsportsrock.com\\\/wp-content\\\/uploads\\\/2025\\\/07\\\/images-17-7.jpeg\",\"articleSection\":[\"FCSB\"],\"inLanguage\":\"en-US\",\"potentialAction\":[{\"@type\":\"CommentAction\",\"name\":\"Comment\",\"target\":[\"https:\\\/\\\/www.letsportsrock.com\\\/?p=57147#respond\"]}]},{\"@type\":\"WebPage\",\"@id\":\"https:\\\/\\\/www.letsportsrock.com\\\/?p=57147\",\"url\":\"https:\\\/\\\/www.letsportsrock.com\\\/?p=57147\",\"name\":\"Transfer \u0218oc! Gigi Becali l-a dat afar\u0103 de la FCSB \u2013 Acum a semnat.\",\"isPartOf\":{\"@id\":\"https:\\\/\\\/www.letsportsrock.com\\\/#website\"},\"primaryImageOfPage\":{\"@id\":\"https:\\\/\\\/www.letsportsrock.com\\\/?p=57147#primaryimage\"},\"image\":{\"@id\":\"https:\\\/\\\/www.letsportsrock.com\\\/?p=57147#primaryimage\"},\"thumbnailUrl\":\"https:\\\/\\\/www.letsportsrock.com\\\/wp-content\\\/uploads\\\/2025\\\/07\\\/images-17-7.jpeg\",\"datePublished\":\"2025-07-27T22:53:51+00:00\",\"author\":{\"@id\":\"https:\\\/\\\/www.letsportsrock.com\\\/#\\\/schema\\\/person\\\/c197e412dd117367e9222812d143bcdf\"},\"description\":\"Transfer \u0218oc! Gigi Becali l-a dat afar\u0103 de la FCSB \u2013 Acum a semnat cu rivala Dinamo: \u201eL-am sunat personal pe Nicolescu!\u201d\",\"breadcrumb\":{\"@id\":\"https:\\\/\\\/www.letsportsrock.com\\\/?p=57147#breadcrumb\"},\"inLanguage\":\"en-US\",\"potentialAction\":[{\"@type\":\"ReadAction\",\"target\":[\"https:\\\/\\\/www.letsportsrock.com\\\/?p=57147\"]}]},{\"@type\":\"ImageObject\",\"inLanguage\":\"en-US\",\"@id\":\"https:\\\/\\\/www.letsportsrock.com\\\/?p=57147#primaryimage\",\"url\":\"https:\\\/\\\/www.letsportsrock.com\\\/wp-content\\\/uploads\\\/2025\\\/07\\\/images-17-7.jpeg\",\"contentUrl\":\"https:\\\/\\\/www.letsportsrock.com\\\/wp-content\\\/uploads\\\/2025\\\/07\\\/images-17-7.jpeg\",\"width\":554,\"height\":554},{\"@type\":\"BreadcrumbList\",\"@id\":\"https:\\\/\\\/www.letsportsrock.com\\\/?p=57147#breadcrumb\",\"itemListElement\":[{\"@type\":\"ListItem\",\"position\":1,\"name\":\"Home\",\"item\":\"https:\\\/\\\/www.letsportsrock.com\\\/\"},{\"@type\":\"ListItem\",\"position\":2,\"name\":\"Transfer \u0218oc! Gigi Becali l-a dat afar\u0103 de la FCSB \u2013 Acum a semnat cu rivala Dinamo: \u201eL-am sunat personal pe Nicolescu!\u201d\"}]},{\"@type\":\"WebSite\",\"@id\":\"https:\\\/\\\/www.letsportsrock.com\\\/#website\",\"url\":\"https:\\\/\\\/www.letsportsrock.com\\\/\",\"name\":\"letsportsrock\",\"description\":\"Sport News and Updates\",\"potentialAction\":[{\"@type\":\"SearchAction\",\"target\":{\"@type\":\"EntryPoint\",\"urlTemplate\":\"https:\\\/\\\/www.letsportsrock.com\\\/?s={search_term_string}\"},\"query-input\":{\"@type\":\"PropertyValueSpecification\",\"valueRequired\":true,\"valueName\":\"search_term_string\"}}],\"inLanguage\":\"en-US\"},{\"@type\":\"Person\",\"@id\":\"https:\\\/\\\/www.letsportsrock.com\\\/#\\\/schema\\\/person\\\/c197e412dd117367e9222812d143bcdf\",\"name\":\"junior\",\"image\":{\"@type\":\"ImageObject\",\"inLanguage\":\"en-US\",\"@id\":\"https:\\\/\\\/secure.gravatar.com\\\/avatar\\\/fe3349b489962813f1541b23d82e1858f7cc8acd665ccd28b9d2c29bc39627a3?s=96&d=mm&r=g\",\"url\":\"https:\\\/\\\/secure.gravatar.com\\\/avatar\\\/fe3349b489962813f1541b23d82e1858f7cc8acd665ccd28b9d2c29bc39627a3?s=96&d=mm&r=g\",\"contentUrl\":\"https:\\\/\\\/secure.gravatar.com\\\/avatar\\\/fe3349b489962813f1541b23d82e1858f7cc8acd665ccd28b9d2c29bc39627a3?s=96&d=mm&r=g\",\"caption\":\"junior\"},\"sameAs\":[\"https:\\\/\\\/www.letsportsrock.com\\\/wp-admin\\\/\"],\"url\":\"https:\\\/\\\/www.letsportsrock.com\\\/?author=20\"}]}<\/script>\n<!-- \/ Yoast SEO plugin. -->","yoast_head_json":{"title":"Transfer \u0218oc! Gigi Becali l-a dat afar\u0103 de la FCSB \u2013 Acum a semnat.","description":"Transfer \u0218oc! Gigi Becali l-a dat afar\u0103 de la FCSB \u2013 Acum a semnat cu rivala Dinamo: \u201eL-am sunat personal pe Nicolescu!\u201d","robots":{"index":"index","follow":"follow","max-snippet":"max-snippet:-1","max-image-preview":"max-image-preview:large","max-video-preview":"max-video-preview:-1"},"canonical":"https:\/\/www.letsportsrock.com\/?p=57147","og_locale":"en_US","og_type":"article","og_title":"Transfer \u0218oc! Gigi Becali l-a dat afar\u0103 de la FCSB \u2013 Acum a semnat.","og_description":"Transfer \u0218oc! Gigi Becali l-a dat afar\u0103 de la FCSB \u2013 Acum a semnat cu rivala Dinamo: \u201eL-am sunat personal pe Nicolescu!\u201d","og_url":"https:\/\/www.letsportsrock.com\/?p=57147","og_site_name":"letsportsrock","article_published_time":"2025-07-27T22:53:51+00:00","og_image":[{"width":554,"height":554,"url":"https:\/\/www.letsportsrock.com\/wp-content\/uploads\/2025\/07\/images-17-7.jpeg","type":"image\/jpeg"}],"author":"junior","twitter_card":"summary_large_image","twitter_misc":{"Written by":"junior","Est. reading time":"2 minutes"},"schema":{"@context":"https:\/\/schema.org","@graph":[{"@type":"Article","@id":"https:\/\/www.letsportsrock.com\/?p=57147#article","isPartOf":{"@id":"https:\/\/www.letsportsrock.com\/?p=57147"},"author":{"name":"junior","@id":"https:\/\/www.letsportsrock.com\/#\/schema\/person\/c197e412dd117367e9222812d143bcdf"},"headline":"Transfer \u0218oc! Gigi Becali l-a dat afar\u0103 de la FCSB \u2013 Acum a semnat cu rivala Dinamo: \u201eL-am sunat personal pe Nicolescu!\u201d","datePublished":"2025-07-27T22:53:51+00:00","mainEntityOfPage":{"@id":"https:\/\/www.letsportsrock.com\/?p=57147"},"wordCount":458,"commentCount":0,"image":{"@id":"https:\/\/www.letsportsrock.com\/?p=57147#primaryimage"},"thumbnailUrl":"https:\/\/www.letsportsrock.com\/wp-content\/uploads\/2025\/07\/images-17-7.jpeg","articleSection":["FCSB"],"inLanguage":"en-US","potentialAction":[{"@type":"CommentAction","name":"Comment","target":["https:\/\/www.letsportsrock.com\/?p=57147#respond"]}]},{"@type":"WebPage","@id":"https:\/\/www.letsportsrock.com\/?p=57147","url":"https:\/\/www.letsportsrock.com\/?p=57147","name":"Transfer \u0218oc! Gigi Becali l-a dat afar\u0103 de la FCSB \u2013 Acum a semnat.","isPartOf":{"@id":"https:\/\/www.letsportsrock.com\/#website"},"primaryImageOfPage":{"@id":"https:\/\/www.letsportsrock.com\/?p=57147#primaryimage"},"image":{"@id":"https:\/\/www.letsportsrock.com\/?p=57147#primaryimage"},"thumbnailUrl":"https:\/\/www.letsportsrock.com\/wp-content\/uploads\/2025\/07\/images-17-7.jpeg","datePublished":"2025-07-27T22:53:51+00:00","author":{"@id":"https:\/\/www.letsportsrock.com\/#\/schema\/person\/c197e412dd117367e9222812d143bcdf"},"description":"Transfer \u0218oc! Gigi Becali l-a dat afar\u0103 de la FCSB \u2013 Acum a semnat cu rivala Dinamo: \u201eL-am sunat personal pe Nicolescu!\u201d","breadcrumb":{"@id":"https:\/\/www.letsportsrock.com\/?p=57147#breadcrumb"},"inLanguage":"en-US","potentialAction":[{"@type":"ReadAction","target":["https:\/\/www.letsportsrock.com\/?p=57147"]}]},{"@type":"ImageObject","inLanguage":"en-US","@id":"https:\/\/www.letsportsrock.com\/?p=57147#primaryimage","url":"https:\/\/www.letsportsrock.com\/wp-content\/uploads\/2025\/07\/images-17-7.jpeg","contentUrl":"https:\/\/www.letsportsrock.com\/wp-content\/uploads\/2025\/07\/images-17-7.jpeg","width":554,"height":554},{"@type":"BreadcrumbList","@id":"https:\/\/www.letsportsrock.com\/?p=57147#breadcrumb","itemListElement":[{"@type":"ListItem","position":1,"name":"Home","item":"https:\/\/www.letsportsrock.com\/"},{"@type":"ListItem","position":2,"name":"Transfer \u0218oc! Gigi Becali l-a dat afar\u0103 de la FCSB \u2013 Acum a semnat cu rivala Dinamo: \u201eL-am sunat personal pe Nicolescu!\u201d"}]},{"@type":"WebSite","@id":"https:\/\/www.letsportsrock.com\/#website","url":"https:\/\/www.letsportsrock.com\/","name":"letsportsrock","description":"Sport News and Updates","potentialAction":[{"@type":"SearchAction","target":{"@type":"EntryPoint","urlTemplate":"https:\/\/www.letsportsrock.com\/?s={search_term_string}"},"query-input":{"@type":"PropertyValueSpecification","valueRequired":true,"valueName":"search_term_string"}}],"inLanguage":"en-US"},{"@type":"Person","@id":"https:\/\/www.letsportsrock.com\/#\/schema\/person\/c197e412dd117367e9222812d143bcdf","name":"junior","image":{"@type":"ImageObject","inLanguage":"en-US","@id":"https:\/\/secure.gravatar.com\/avatar\/fe3349b489962813f1541b23d82e1858f7cc8acd665ccd28b9d2c29bc39627a3?s=96&d=mm&r=g","url":"https:\/\/secure.gravatar.com\/avatar\/fe3349b489962813f1541b23d82e1858f7cc8acd665ccd28b9d2c29bc39627a3?s=96&d=mm&r=g","contentUrl":"https:\/\/secure.gravatar.com\/avatar\/fe3349b489962813f1541b23d82e1858f7cc8acd665ccd28b9d2c29bc39627a3?s=96&d=mm&r=g","caption":"junior"},"sameAs":["https:\/\/www.letsportsrock.com\/wp-admin\/"],"url":"https:\/\/www.letsportsrock.com\/?author=20"}]}},"jetpack_featured_media_url":"https:\/\/www.letsportsrock.com\/wp-content\/uploads\/2025\/07\/images-17-7.jpeg","jetpack_sharing_enabled":true,"_links":{"self":[{"href":"https:\/\/www.letsportsrock.com\/index.php?rest_route=\/wp\/v2\/posts\/57147","targetHints":{"allow":["GET"]}}],"collection":[{"href":"https:\/\/www.letsportsrock.com\/index.php?rest_route=\/wp\/v2\/posts"}],"about":[{"href":"https:\/\/www.letsportsrock.com\/index.php?rest_route=\/wp\/v2\/types\/post"}],"author":[{"embeddable":true,"href":"https:\/\/www.letsportsrock.com\/index.php?rest_route=\/wp\/v2\/users\/20"}],"replies":[{"embeddable":true,"href":"https:\/\/www.letsportsrock.com\/index.php?rest_route=%2Fwp%2Fv2%2Fcomments&post=57147"}],"version-history":[{"count":1,"href":"https:\/\/www.letsportsrock.com\/index.php?rest_route=\/wp\/v2\/posts\/57147\/revisions"}],"predecessor-version":[{"id":57149,"href":"https:\/\/www.letsportsrock.com\/index.php?rest_route=\/wp\/v2\/posts\/57147\/revisions\/57149"}],"wp:featuredmedia":[{"embeddable":true,"href":"https:\/\/www.letsportsrock.com\/index.php?rest_route=\/wp\/v2\/media\/57148"}],"wp:attachment":[{"href":"https:\/\/www.letsportsrock.com\/index.php?rest_route=%2Fwp%2Fv2%2Fmedia&parent=57147"}],"wp:term":[{"taxonomy":"category","embeddable":true,"href":"https:\/\/www.letsportsrock.com\/index.php?rest_route=%2Fwp%2Fv2%2Fcategories&post=57147"},{"taxonomy":"post_tag","embeddable":true,"href":"https:\/\/www.letsportsrock.com\/index.php?rest_route=%2Fwp%2Fv2%2Ftags&post=57147"}],"curies":[{"name":"wp","href":"https:\/\/api.w.org\/{rel}","templated":true}]}}