{"id":57294,"date":"2025-07-28T18:31:11","date_gmt":"2025-07-28T18:31:11","guid":{"rendered":"https:\/\/www.letsportsrock.com\/?p=57294"},"modified":"2025-07-28T18:31:11","modified_gmt":"2025-07-28T18:31:11","slug":"soc-la-fc-dinamo-antrenorul-principal-a-demisionat-brusc-pe-fondul-unor-tensiuni-interne","status":"publish","type":"post","link":"https:\/\/www.letsportsrock.com\/?p=57294","title":{"rendered":"\u0218oc la FC Dinamo: Antrenorul principal a demisionat brusc, pe fondul unor tensiuni interne&#8230;"},"content":{"rendered":"<div class=\"d79db4796efc26332eabfc3f5dafbc76\" data-index=\"1\" style=\"float: none; margin:10px 0 10px 0; text-align:center;\">\n<div class=\"hb-ad-inarticle\">\r\n    <div class=\"hb-ad-inner\"> \r\n    <div class=\"hbagency_cls\"  id=\"hbagency_space_111930\"><\/div><\/div> <\/div>\n<\/div>\n<h2>\u0218oc la FC Dinamo: Antrenorul principal a demisionat brusc, pe fondul unor tensiuni interne&#8230;<\/h2>\n<p>**\u0218oc la FC Dinamo: Antrenorul principal a demisionat brusc, pe fondul unor tensiuni interne**<\/p>\n<p>&nbsp;<\/p>\n<p>\u00centr-o mi\u0219care nea\u0219teptat\u0103, antrenorul principal al echipei FC Dinamo, Adrian Petrescu, \u0219i-a anun\u021bat demisia luni diminea\u021b\u0103, printr-un comunicat scurt al clubului, \u00een care se invocau \u201emotive personale\u201d. Totu\u0219i, surse apropiate echipei sugereaz\u0103 c\u0103 ar exista tensiuni mai profunde \u00een interiorul clubului.<\/p>\n<p>Petrescu, aflat la conducerea echipei de doar nou\u0103 luni, era perceput drept o figur\u0103 menit\u0103 s\u0103 aduc\u0103 stabilitate \u00eentr-o perioad\u0103 dificil\u0103 pentru Dinamo. Sub comanda sa, echipa a dat semne de revenire, urc\u00e2nd pe locul 5 \u00een clasament \u0219i ajung\u00e2nd \u00een sferturile Cupei Rom\u00e2niei. Cu toate acestea, rela\u021biile cu conducerea clubului s-au deteriorat, \u00een special din cauza ne\u00een\u021belegerilor privind politica de transferuri \u0219i lipsa de investi\u021bii \u00een juc\u0103tori-cheie.<\/p>\n<p>\u201eA fost o decizie grea, dar necesar\u0103 pentru mine \u0219i familia mea \u00een acest moment,\u201d a transmis Petrescu printr-un comunicat emis de agentul s\u0103u.<\/p>\n<p>Clubul l-a numit pe secundul Mihai Stancu ca antrenor interimar, urm\u00e2nd s\u0103 \u00eenceap\u0103 c\u0103ut\u0103rile pentru un \u00eenlocuitor permanent. Cu doar c\u00e2teva s\u0103pt\u0103m\u00e2ni \u00eenainte de startul noului sezon, Dinamo intr\u0103 \u00eentr-o perioad\u0103 critic\u0103, plin\u0103 de incertitudine. Suporterii se \u00eentreab\u0103 acum: ce l-a determinat cu adev\u0103rat pe Petrescu s\u0103 plece?<\/p>\n\n<div style=\"font-size: 0px; height: 0px; line-height: 0px; margin: 0; padding: 0; clear: both;\"><\/div>","protected":false},"excerpt":{"rendered":"<p>\u0218oc la FC Dinamo: Antrenorul principal a demisionat brusc, pe fondul unor tensiuni interne&#8230; **\u0218oc la FC Dinamo: Antrenorul principal a demisionat brusc, pe fondul unor tensiuni interne** &nbsp; \u00centr-o mi\u0219care nea\u0219teptat\u0103, antrenorul principal al echipei FC Dinamo, Adrian Petrescu, \u0219i-a anun\u021bat demisia luni diminea\u021b\u0103, printr-un comunicat scurt al clubului, \u00een care se invocau \u201emotive [&hellip;]<\/p>\n","protected":false},"author":11,"featured_media":57295,"comment_status":"open","ping_status":"open","sticky":false,"template":"","format":"standard","meta":{"_jetpack_memberships_contains_paid_content":false,"footnotes":""},"categories":[1],"tags":[],"class_list":["post-57294","post","type-post","status-publish","format-standard","has-post-thumbnail","hentry","category-uncategorized"],"yoast_head":"<!-- This site is optimized with the Yoast SEO plugin v27.5 - https:\/\/yoast.com\/product\/yoast-seo-wordpress\/ -->\n<title>\u0218oc la FC Dinamo: Antrenorul principal a demisionat brusc, pe<\/title>\n<meta name=\"description\" content=\"\u0218oc la FC Dinamo: Antrenorul principal a demisionat brusc, pe fondul unor tensiuni interne....................\" \/>\n<meta name=\"robots\" content=\"index, follow, max-snippet:-1, max-image-preview:large, max-video-preview:-1\" \/>\n<link rel=\"canonical\" href=\"https:\/\/www.letsportsrock.com\/?p=57294\" \/>\n<meta property=\"og:locale\" content=\"en_US\" \/>\n<meta property=\"og:type\" content=\"article\" \/>\n<meta property=\"og:title\" content=\"\u0218oc la FC Dinamo: Antrenorul principal a demisionat brusc, pe\" \/>\n<meta property=\"og:description\" content=\"\u0218oc la FC Dinamo: Antrenorul principal a demisionat brusc, pe fondul unor tensiuni interne....................\" \/>\n<meta property=\"og:url\" content=\"https:\/\/www.letsportsrock.com\/?p=57294\" \/>\n<meta property=\"og:site_name\" content=\"letsportsrock\" \/>\n<meta property=\"article:published_time\" content=\"2025-07-28T18:31:11+00:00\" \/>\n<meta property=\"og:image\" content=\"https:\/\/www.letsportsrock.com\/wp-content\/uploads\/2025\/07\/images-2025-07-28T192846.604.jpeg\" \/>\n\t<meta property=\"og:image:width\" content=\"739\" \/>\n\t<meta property=\"og:image:height\" content=\"415\" \/>\n\t<meta property=\"og:image:type\" content=\"image\/jpeg\" \/>\n<meta name=\"author\" content=\"Shughun Ivory\" \/>\n<meta name=\"twitter:card\" content=\"summary_large_image\" \/>\n<meta name=\"twitter:label1\" content=\"Written by\" \/>\n\t<meta name=\"twitter:data1\" content=\"Shughun Ivory\" \/>\n\t<meta name=\"twitter:label2\" content=\"Est. reading time\" \/>\n\t<meta name=\"twitter:data2\" content=\"2 minutes\" \/>\n<script type=\"application\/ld+json\" class=\"yoast-schema-graph\">{\"@context\":\"https:\\\/\\\/schema.org\",\"@graph\":[{\"@type\":\"Article\",\"@id\":\"https:\\\/\\\/www.letsportsrock.com\\\/?p=57294#article\",\"isPartOf\":{\"@id\":\"https:\\\/\\\/www.letsportsrock.com\\\/?p=57294\"},\"author\":{\"name\":\"Shughun Ivory\",\"@id\":\"https:\\\/\\\/www.letsportsrock.com\\\/#\\\/schema\\\/person\\\/674619adef31b09138e9ccd4e2852ee0\"},\"headline\":\"\u0218oc la FC Dinamo: Antrenorul principal a demisionat brusc, pe fondul unor tensiuni interne&#8230;\",\"datePublished\":\"2025-07-28T18:31:11+00:00\",\"mainEntityOfPage\":{\"@id\":\"https:\\\/\\\/www.letsportsrock.com\\\/?p=57294\"},\"wordCount\":244,\"commentCount\":0,\"image\":{\"@id\":\"https:\\\/\\\/www.letsportsrock.com\\\/?p=57294#primaryimage\"},\"thumbnailUrl\":\"https:\\\/\\\/www.letsportsrock.com\\\/wp-content\\\/uploads\\\/2025\\\/07\\\/images-2025-07-28T192846.604.jpeg\",\"inLanguage\":\"en-US\",\"potentialAction\":[{\"@type\":\"CommentAction\",\"name\":\"Comment\",\"target\":[\"https:\\\/\\\/www.letsportsrock.com\\\/?p=57294#respond\"]}]},{\"@type\":\"WebPage\",\"@id\":\"https:\\\/\\\/www.letsportsrock.com\\\/?p=57294\",\"url\":\"https:\\\/\\\/www.letsportsrock.com\\\/?p=57294\",\"name\":\"\u0218oc la FC Dinamo: Antrenorul principal a demisionat brusc, pe\",\"isPartOf\":{\"@id\":\"https:\\\/\\\/www.letsportsrock.com\\\/#website\"},\"primaryImageOfPage\":{\"@id\":\"https:\\\/\\\/www.letsportsrock.com\\\/?p=57294#primaryimage\"},\"image\":{\"@id\":\"https:\\\/\\\/www.letsportsrock.com\\\/?p=57294#primaryimage\"},\"thumbnailUrl\":\"https:\\\/\\\/www.letsportsrock.com\\\/wp-content\\\/uploads\\\/2025\\\/07\\\/images-2025-07-28T192846.604.jpeg\",\"datePublished\":\"2025-07-28T18:31:11+00:00\",\"author\":{\"@id\":\"https:\\\/\\\/www.letsportsrock.com\\\/#\\\/schema\\\/person\\\/674619adef31b09138e9ccd4e2852ee0\"},\"description\":\"\u0218oc la FC Dinamo: Antrenorul principal a demisionat brusc, pe fondul unor tensiuni interne....................\",\"breadcrumb\":{\"@id\":\"https:\\\/\\\/www.letsportsrock.com\\\/?p=57294#breadcrumb\"},\"inLanguage\":\"en-US\",\"potentialAction\":[{\"@type\":\"ReadAction\",\"target\":[\"https:\\\/\\\/www.letsportsrock.com\\\/?p=57294\"]}]},{\"@type\":\"ImageObject\",\"inLanguage\":\"en-US\",\"@id\":\"https:\\\/\\\/www.letsportsrock.com\\\/?p=57294#primaryimage\",\"url\":\"https:\\\/\\\/www.letsportsrock.com\\\/wp-content\\\/uploads\\\/2025\\\/07\\\/images-2025-07-28T192846.604.jpeg\",\"contentUrl\":\"https:\\\/\\\/www.letsportsrock.com\\\/wp-content\\\/uploads\\\/2025\\\/07\\\/images-2025-07-28T192846.604.jpeg\",\"width\":739,\"height\":415},{\"@type\":\"BreadcrumbList\",\"@id\":\"https:\\\/\\\/www.letsportsrock.com\\\/?p=57294#breadcrumb\",\"itemListElement\":[{\"@type\":\"ListItem\",\"position\":1,\"name\":\"Home\",\"item\":\"https:\\\/\\\/www.letsportsrock.com\\\/\"},{\"@type\":\"ListItem\",\"position\":2,\"name\":\"\u0218oc la FC Dinamo: Antrenorul principal a demisionat brusc, pe fondul unor tensiuni interne&#8230;\"}]},{\"@type\":\"WebSite\",\"@id\":\"https:\\\/\\\/www.letsportsrock.com\\\/#website\",\"url\":\"https:\\\/\\\/www.letsportsrock.com\\\/\",\"name\":\"letsportsrock\",\"description\":\"Sport News and Updates\",\"potentialAction\":[{\"@type\":\"SearchAction\",\"target\":{\"@type\":\"EntryPoint\",\"urlTemplate\":\"https:\\\/\\\/www.letsportsrock.com\\\/?s={search_term_string}\"},\"query-input\":{\"@type\":\"PropertyValueSpecification\",\"valueRequired\":true,\"valueName\":\"search_term_string\"}}],\"inLanguage\":\"en-US\"},{\"@type\":\"Person\",\"@id\":\"https:\\\/\\\/www.letsportsrock.com\\\/#\\\/schema\\\/person\\\/674619adef31b09138e9ccd4e2852ee0\",\"name\":\"Shughun Ivory\",\"image\":{\"@type\":\"ImageObject\",\"inLanguage\":\"en-US\",\"@id\":\"https:\\\/\\\/secure.gravatar.com\\\/avatar\\\/0461d8b87ac229159ac526ebabd85108a5009b97923e896e2a506577805f8fc1?s=96&d=mm&r=g\",\"url\":\"https:\\\/\\\/secure.gravatar.com\\\/avatar\\\/0461d8b87ac229159ac526ebabd85108a5009b97923e896e2a506577805f8fc1?s=96&d=mm&r=g\",\"contentUrl\":\"https:\\\/\\\/secure.gravatar.com\\\/avatar\\\/0461d8b87ac229159ac526ebabd85108a5009b97923e896e2a506577805f8fc1?s=96&d=mm&r=g\",\"caption\":\"Shughun Ivory\"},\"sameAs\":[\"http:\\\/\\\/Letsportsrock.com\"],\"url\":\"https:\\\/\\\/www.letsportsrock.com\\\/?author=11\"}]}<\/script>\n<!-- \/ Yoast SEO plugin. -->","yoast_head_json":{"title":"\u0218oc la FC Dinamo: Antrenorul principal a demisionat brusc, pe","description":"\u0218oc la FC Dinamo: Antrenorul principal a demisionat brusc, pe fondul unor tensiuni interne....................","robots":{"index":"index","follow":"follow","max-snippet":"max-snippet:-1","max-image-preview":"max-image-preview:large","max-video-preview":"max-video-preview:-1"},"canonical":"https:\/\/www.letsportsrock.com\/?p=57294","og_locale":"en_US","og_type":"article","og_title":"\u0218oc la FC Dinamo: Antrenorul principal a demisionat brusc, pe","og_description":"\u0218oc la FC Dinamo: Antrenorul principal a demisionat brusc, pe fondul unor tensiuni interne....................","og_url":"https:\/\/www.letsportsrock.com\/?p=57294","og_site_name":"letsportsrock","article_published_time":"2025-07-28T18:31:11+00:00","og_image":[{"width":739,"height":415,"url":"https:\/\/www.letsportsrock.com\/wp-content\/uploads\/2025\/07\/images-2025-07-28T192846.604.jpeg","type":"image\/jpeg"}],"author":"Shughun Ivory","twitter_card":"summary_large_image","twitter_misc":{"Written by":"Shughun Ivory","Est. reading time":"2 minutes"},"schema":{"@context":"https:\/\/schema.org","@graph":[{"@type":"Article","@id":"https:\/\/www.letsportsrock.com\/?p=57294#article","isPartOf":{"@id":"https:\/\/www.letsportsrock.com\/?p=57294"},"author":{"name":"Shughun Ivory","@id":"https:\/\/www.letsportsrock.com\/#\/schema\/person\/674619adef31b09138e9ccd4e2852ee0"},"headline":"\u0218oc la FC Dinamo: Antrenorul principal a demisionat brusc, pe fondul unor tensiuni interne&#8230;","datePublished":"2025-07-28T18:31:11+00:00","mainEntityOfPage":{"@id":"https:\/\/www.letsportsrock.com\/?p=57294"},"wordCount":244,"commentCount":0,"image":{"@id":"https:\/\/www.letsportsrock.com\/?p=57294#primaryimage"},"thumbnailUrl":"https:\/\/www.letsportsrock.com\/wp-content\/uploads\/2025\/07\/images-2025-07-28T192846.604.jpeg","inLanguage":"en-US","potentialAction":[{"@type":"CommentAction","name":"Comment","target":["https:\/\/www.letsportsrock.com\/?p=57294#respond"]}]},{"@type":"WebPage","@id":"https:\/\/www.letsportsrock.com\/?p=57294","url":"https:\/\/www.letsportsrock.com\/?p=57294","name":"\u0218oc la FC Dinamo: Antrenorul principal a demisionat brusc, pe","isPartOf":{"@id":"https:\/\/www.letsportsrock.com\/#website"},"primaryImageOfPage":{"@id":"https:\/\/www.letsportsrock.com\/?p=57294#primaryimage"},"image":{"@id":"https:\/\/www.letsportsrock.com\/?p=57294#primaryimage"},"thumbnailUrl":"https:\/\/www.letsportsrock.com\/wp-content\/uploads\/2025\/07\/images-2025-07-28T192846.604.jpeg","datePublished":"2025-07-28T18:31:11+00:00","author":{"@id":"https:\/\/www.letsportsrock.com\/#\/schema\/person\/674619adef31b09138e9ccd4e2852ee0"},"description":"\u0218oc la FC Dinamo: Antrenorul principal a demisionat brusc, pe fondul unor tensiuni interne....................","breadcrumb":{"@id":"https:\/\/www.letsportsrock.com\/?p=57294#breadcrumb"},"inLanguage":"en-US","potentialAction":[{"@type":"ReadAction","target":["https:\/\/www.letsportsrock.com\/?p=57294"]}]},{"@type":"ImageObject","inLanguage":"en-US","@id":"https:\/\/www.letsportsrock.com\/?p=57294#primaryimage","url":"https:\/\/www.letsportsrock.com\/wp-content\/uploads\/2025\/07\/images-2025-07-28T192846.604.jpeg","contentUrl":"https:\/\/www.letsportsrock.com\/wp-content\/uploads\/2025\/07\/images-2025-07-28T192846.604.jpeg","width":739,"height":415},{"@type":"BreadcrumbList","@id":"https:\/\/www.letsportsrock.com\/?p=57294#breadcrumb","itemListElement":[{"@type":"ListItem","position":1,"name":"Home","item":"https:\/\/www.letsportsrock.com\/"},{"@type":"ListItem","position":2,"name":"\u0218oc la FC Dinamo: Antrenorul principal a demisionat brusc, pe fondul unor tensiuni interne&#8230;"}]},{"@type":"WebSite","@id":"https:\/\/www.letsportsrock.com\/#website","url":"https:\/\/www.letsportsrock.com\/","name":"letsportsrock","description":"Sport News and Updates","potentialAction":[{"@type":"SearchAction","target":{"@type":"EntryPoint","urlTemplate":"https:\/\/www.letsportsrock.com\/?s={search_term_string}"},"query-input":{"@type":"PropertyValueSpecification","valueRequired":true,"valueName":"search_term_string"}}],"inLanguage":"en-US"},{"@type":"Person","@id":"https:\/\/www.letsportsrock.com\/#\/schema\/person\/674619adef31b09138e9ccd4e2852ee0","name":"Shughun Ivory","image":{"@type":"ImageObject","inLanguage":"en-US","@id":"https:\/\/secure.gravatar.com\/avatar\/0461d8b87ac229159ac526ebabd85108a5009b97923e896e2a506577805f8fc1?s=96&d=mm&r=g","url":"https:\/\/secure.gravatar.com\/avatar\/0461d8b87ac229159ac526ebabd85108a5009b97923e896e2a506577805f8fc1?s=96&d=mm&r=g","contentUrl":"https:\/\/secure.gravatar.com\/avatar\/0461d8b87ac229159ac526ebabd85108a5009b97923e896e2a506577805f8fc1?s=96&d=mm&r=g","caption":"Shughun Ivory"},"sameAs":["http:\/\/Letsportsrock.com"],"url":"https:\/\/www.letsportsrock.com\/?author=11"}]}},"jetpack_featured_media_url":"https:\/\/www.letsportsrock.com\/wp-content\/uploads\/2025\/07\/images-2025-07-28T192846.604.jpeg","jetpack_sharing_enabled":true,"_links":{"self":[{"href":"https:\/\/www.letsportsrock.com\/index.php?rest_route=\/wp\/v2\/posts\/57294","targetHints":{"allow":["GET"]}}],"collection":[{"href":"https:\/\/www.letsportsrock.com\/index.php?rest_route=\/wp\/v2\/posts"}],"about":[{"href":"https:\/\/www.letsportsrock.com\/index.php?rest_route=\/wp\/v2\/types\/post"}],"author":[{"embeddable":true,"href":"https:\/\/www.letsportsrock.com\/index.php?rest_route=\/wp\/v2\/users\/11"}],"replies":[{"embeddable":true,"href":"https:\/\/www.letsportsrock.com\/index.php?rest_route=%2Fwp%2Fv2%2Fcomments&post=57294"}],"version-history":[{"count":1,"href":"https:\/\/www.letsportsrock.com\/index.php?rest_route=\/wp\/v2\/posts\/57294\/revisions"}],"predecessor-version":[{"id":57296,"href":"https:\/\/www.letsportsrock.com\/index.php?rest_route=\/wp\/v2\/posts\/57294\/revisions\/57296"}],"wp:featuredmedia":[{"embeddable":true,"href":"https:\/\/www.letsportsrock.com\/index.php?rest_route=\/wp\/v2\/media\/57295"}],"wp:attachment":[{"href":"https:\/\/www.letsportsrock.com\/index.php?rest_route=%2Fwp%2Fv2%2Fmedia&parent=57294"}],"wp:term":[{"taxonomy":"category","embeddable":true,"href":"https:\/\/www.letsportsrock.com\/index.php?rest_route=%2Fwp%2Fv2%2Fcategories&post=57294"},{"taxonomy":"post_tag","embeddable":true,"href":"https:\/\/www.letsportsrock.com\/index.php?rest_route=%2Fwp%2Fv2%2Ftags&post=57294"}],"curies":[{"name":"wp","href":"https:\/\/api.w.org\/{rel}","templated":true}]}}