{"id":57307,"date":"2025-07-28T19:36:17","date_gmt":"2025-07-28T19:36:17","guid":{"rendered":"https:\/\/www.letsportsrock.com\/?p=57307"},"modified":"2025-07-28T19:36:17","modified_gmt":"2025-07-28T19:36:17","slug":"stiri-de-ultima-ora-fc-dinamo-a-suspendat-si-a-refuzat-prelungirea-contractelor-pentru-doi-jucatori-din-cauza","status":"publish","type":"post","link":"https:\/\/www.letsportsrock.com\/?p=57307","title":{"rendered":"\u0218tiri de Ultim\u0103 Or\u0103: FC Dinamo a suspendat \u0219i a refuzat prelungirea contractelor pentru doi juc\u0103tori din cauza &#8230;&#8230;."},"content":{"rendered":"<div class=\"d79db4796efc26332eabfc3f5dafbc76\" data-index=\"1\" style=\"float: none; margin:10px 0 10px 0; text-align:center;\">\n<div class=\"hb-ad-inarticle\">\r\n    <div class=\"hb-ad-inner\"> \r\n    <div class=\"hbagency_cls\"  id=\"hbagency_space_111930\"><\/div><\/div> <\/div>\n<\/div>\n<h2>\u0218tiri de Ultim\u0103 Or\u0103: FC Dinamo a suspendat \u0219i a refuzat prelungirea contractelor pentru doi juc\u0103tori din cauza &#8230;&#8230;.<\/h2>\n<p>&nbsp;<\/p>\n<p>\u0218tiri de Ultim\u0103 Or\u0103: FC Dinamo Refuz\u0103 Prelungirea Contractelor pentru Doi Juc\u0103tori Cheie \u00een Urma Unei Restructur\u0103ri Interne<\/p>\n<p>\u00centr-o evolu\u021bie surprinz\u0103toare, FC Dinamo a decis oficial s\u0103 nu prelungeasc\u0103 contractele a doi dintre juc\u0103torii s\u0103i importan\u021bi, invoc\u00e2nd o restructurare intern\u0103 \u0219i o schimbare strategic\u0103 a direc\u021biei clubului pentru viitor. Decizia, confirmat\u0103 de conducerea clubului luni, vine \u00een contextul unei evalu\u0103ri mai ample a lotului \u00eenainte de noul sezon.<\/p>\n<p>Cei doi juc\u0103tori, ale c\u0103ror nume nu au fost \u00eenc\u0103 f\u0103cute publice, au fost membri de baz\u0103 ai echipei \u0219i se aflau \u00een negocieri pentru noi \u00een\u021belegeri contractuale. Totu\u0219i, surse din apropierea clubului au dezv\u0103luit c\u0103 ne\u00een\u021belegerile privind salariul \u0219i timpul de joc au fost factori majori \u00een ruperea discu\u021biilor.<\/p>\n<p>\u201eDup\u0103 o analiz\u0103 atent\u0103, FC Dinamo a decis s\u0103 nu prelungeasc\u0103 contractele a doi juc\u0103tori din prima echip\u0103, ca parte a planific\u0103rii sale pe termen lung din punct de vedere sportiv \u0219i financiar\u201d, se arat\u0103 \u00eentr-un comunicat oficial. \u201eLe mul\u021bumim pentru devotamentul \u0219i contribu\u021biile aduse clubului.\u201d<\/p>\n<p>Fanii au avut reac\u021bii \u00eemp\u0103r\u021bite pe re\u021belele sociale, unii sus\u021bin\u00e2nd decizia de a pune accent pe dezvoltarea tinerilor, iar al\u021bii regret\u00e2nd plecarea unor juc\u0103tori cu experien\u021b\u0103.<\/p>\n<p>Cu preg\u0103tirile pentru presezon \u00een plin\u0103 desf\u0103\u0219urare, toate privirile sunt acum \u00eendreptate c\u0103tre strategia de transferuri a lui Dinamo, clubul viz\u00e2nd reconstruirea lotului cu talente noi \u0219i o energie competitiv\u0103re\u00eennoit\u0103.<\/p>\n\n<div style=\"font-size: 0px; height: 0px; line-height: 0px; margin: 0; padding: 0; clear: both;\"><\/div>","protected":false},"excerpt":{"rendered":"<p>\u0218tiri de Ultim\u0103 Or\u0103: FC Dinamo a suspendat \u0219i a refuzat prelungirea contractelor pentru doi juc\u0103tori din cauza &#8230;&#8230;. &nbsp; \u0218tiri de Ultim\u0103 Or\u0103: FC Dinamo Refuz\u0103 Prelungirea Contractelor pentru Doi Juc\u0103tori Cheie \u00een Urma Unei Restructur\u0103ri Interne \u00centr-o evolu\u021bie surprinz\u0103toare, FC Dinamo a decis oficial s\u0103 nu prelungeasc\u0103 contractele a doi dintre juc\u0103torii s\u0103i [&hellip;]<\/p>\n","protected":false},"author":11,"featured_media":57308,"comment_status":"open","ping_status":"open","sticky":false,"template":"","format":"standard","meta":{"_jetpack_memberships_contains_paid_content":false,"footnotes":""},"categories":[1],"tags":[],"class_list":["post-57307","post","type-post","status-publish","format-standard","has-post-thumbnail","hentry","category-uncategorized"],"yoast_head":"<!-- This site is optimized with the Yoast SEO plugin v27.5 - https:\/\/yoast.com\/product\/yoast-seo-wordpress\/ -->\n<title>\u0218tiri de Ultim\u0103 Or\u0103: FC Dinamo a suspendat \u0219i a refuzat prelun...<\/title>\n<meta name=\"description\" content=\"\u0218tiri de Ultim\u0103 Or\u0103: FC Dinamo a suspendat \u0219i a refuzat prelungirea contractelor pentru doi juc\u0103tori din cauza .......\" \/>\n<meta name=\"robots\" content=\"index, follow, max-snippet:-1, max-image-preview:large, max-video-preview:-1\" \/>\n<link rel=\"canonical\" href=\"https:\/\/www.letsportsrock.com\/?p=57307\" \/>\n<meta property=\"og:locale\" content=\"en_US\" \/>\n<meta property=\"og:type\" content=\"article\" \/>\n<meta property=\"og:title\" content=\"\u0218tiri de Ultim\u0103 Or\u0103: FC Dinamo a suspendat \u0219i a refuzat prelun...\" \/>\n<meta property=\"og:description\" content=\"\u0218tiri de Ultim\u0103 Or\u0103: FC Dinamo a suspendat \u0219i a refuzat prelungirea contractelor pentru doi juc\u0103tori din cauza .......\" \/>\n<meta property=\"og:url\" content=\"https:\/\/www.letsportsrock.com\/?p=57307\" \/>\n<meta property=\"og:site_name\" content=\"letsportsrock\" \/>\n<meta property=\"article:published_time\" content=\"2025-07-28T19:36:17+00:00\" \/>\n<meta property=\"og:image\" content=\"https:\/\/www.letsportsrock.com\/wp-content\/uploads\/2025\/07\/images-2025-07-28T203348.657.jpeg\" \/>\n\t<meta property=\"og:image:width\" content=\"739\" \/>\n\t<meta property=\"og:image:height\" content=\"415\" \/>\n\t<meta property=\"og:image:type\" content=\"image\/jpeg\" \/>\n<meta name=\"author\" content=\"Shughun Ivory\" \/>\n<meta name=\"twitter:card\" content=\"summary_large_image\" \/>\n<meta name=\"twitter:label1\" content=\"Written by\" \/>\n\t<meta name=\"twitter:data1\" content=\"Shughun Ivory\" \/>\n\t<meta name=\"twitter:label2\" content=\"Est. reading time\" \/>\n\t<meta name=\"twitter:data2\" content=\"2 minutes\" \/>\n<script type=\"application\/ld+json\" class=\"yoast-schema-graph\">{\"@context\":\"https:\\\/\\\/schema.org\",\"@graph\":[{\"@type\":\"Article\",\"@id\":\"https:\\\/\\\/www.letsportsrock.com\\\/?p=57307#article\",\"isPartOf\":{\"@id\":\"https:\\\/\\\/www.letsportsrock.com\\\/?p=57307\"},\"author\":{\"name\":\"Shughun Ivory\",\"@id\":\"https:\\\/\\\/www.letsportsrock.com\\\/#\\\/schema\\\/person\\\/674619adef31b09138e9ccd4e2852ee0\"},\"headline\":\"\u0218tiri de Ultim\u0103 Or\u0103: FC Dinamo a suspendat \u0219i a refuzat prelungirea contractelor pentru doi juc\u0103tori din cauza &#8230;&#8230;.\",\"datePublished\":\"2025-07-28T19:36:17+00:00\",\"mainEntityOfPage\":{\"@id\":\"https:\\\/\\\/www.letsportsrock.com\\\/?p=57307\"},\"wordCount\":297,\"commentCount\":0,\"image\":{\"@id\":\"https:\\\/\\\/www.letsportsrock.com\\\/?p=57307#primaryimage\"},\"thumbnailUrl\":\"https:\\\/\\\/www.letsportsrock.com\\\/wp-content\\\/uploads\\\/2025\\\/07\\\/images-2025-07-28T203348.657.jpeg\",\"inLanguage\":\"en-US\",\"potentialAction\":[{\"@type\":\"CommentAction\",\"name\":\"Comment\",\"target\":[\"https:\\\/\\\/www.letsportsrock.com\\\/?p=57307#respond\"]}]},{\"@type\":\"WebPage\",\"@id\":\"https:\\\/\\\/www.letsportsrock.com\\\/?p=57307\",\"url\":\"https:\\\/\\\/www.letsportsrock.com\\\/?p=57307\",\"name\":\"\u0218tiri de Ultim\u0103 Or\u0103: FC Dinamo a suspendat \u0219i a refuzat prelun...\",\"isPartOf\":{\"@id\":\"https:\\\/\\\/www.letsportsrock.com\\\/#website\"},\"primaryImageOfPage\":{\"@id\":\"https:\\\/\\\/www.letsportsrock.com\\\/?p=57307#primaryimage\"},\"image\":{\"@id\":\"https:\\\/\\\/www.letsportsrock.com\\\/?p=57307#primaryimage\"},\"thumbnailUrl\":\"https:\\\/\\\/www.letsportsrock.com\\\/wp-content\\\/uploads\\\/2025\\\/07\\\/images-2025-07-28T203348.657.jpeg\",\"datePublished\":\"2025-07-28T19:36:17+00:00\",\"author\":{\"@id\":\"https:\\\/\\\/www.letsportsrock.com\\\/#\\\/schema\\\/person\\\/674619adef31b09138e9ccd4e2852ee0\"},\"description\":\"\u0218tiri de Ultim\u0103 Or\u0103: FC Dinamo a suspendat \u0219i a refuzat prelungirea contractelor pentru doi juc\u0103tori din cauza .......\",\"breadcrumb\":{\"@id\":\"https:\\\/\\\/www.letsportsrock.com\\\/?p=57307#breadcrumb\"},\"inLanguage\":\"en-US\",\"potentialAction\":[{\"@type\":\"ReadAction\",\"target\":[\"https:\\\/\\\/www.letsportsrock.com\\\/?p=57307\"]}]},{\"@type\":\"ImageObject\",\"inLanguage\":\"en-US\",\"@id\":\"https:\\\/\\\/www.letsportsrock.com\\\/?p=57307#primaryimage\",\"url\":\"https:\\\/\\\/www.letsportsrock.com\\\/wp-content\\\/uploads\\\/2025\\\/07\\\/images-2025-07-28T203348.657.jpeg\",\"contentUrl\":\"https:\\\/\\\/www.letsportsrock.com\\\/wp-content\\\/uploads\\\/2025\\\/07\\\/images-2025-07-28T203348.657.jpeg\",\"width\":739,\"height\":415},{\"@type\":\"BreadcrumbList\",\"@id\":\"https:\\\/\\\/www.letsportsrock.com\\\/?p=57307#breadcrumb\",\"itemListElement\":[{\"@type\":\"ListItem\",\"position\":1,\"name\":\"Home\",\"item\":\"https:\\\/\\\/www.letsportsrock.com\\\/\"},{\"@type\":\"ListItem\",\"position\":2,\"name\":\"\u0218tiri de Ultim\u0103 Or\u0103: FC Dinamo a suspendat \u0219i a refuzat prelungirea contractelor pentru doi juc\u0103tori din cauza &#8230;&#8230;.\"}]},{\"@type\":\"WebSite\",\"@id\":\"https:\\\/\\\/www.letsportsrock.com\\\/#website\",\"url\":\"https:\\\/\\\/www.letsportsrock.com\\\/\",\"name\":\"letsportsrock\",\"description\":\"Sport News and Updates\",\"potentialAction\":[{\"@type\":\"SearchAction\",\"target\":{\"@type\":\"EntryPoint\",\"urlTemplate\":\"https:\\\/\\\/www.letsportsrock.com\\\/?s={search_term_string}\"},\"query-input\":{\"@type\":\"PropertyValueSpecification\",\"valueRequired\":true,\"valueName\":\"search_term_string\"}}],\"inLanguage\":\"en-US\"},{\"@type\":\"Person\",\"@id\":\"https:\\\/\\\/www.letsportsrock.com\\\/#\\\/schema\\\/person\\\/674619adef31b09138e9ccd4e2852ee0\",\"name\":\"Shughun Ivory\",\"image\":{\"@type\":\"ImageObject\",\"inLanguage\":\"en-US\",\"@id\":\"https:\\\/\\\/secure.gravatar.com\\\/avatar\\\/0461d8b87ac229159ac526ebabd85108a5009b97923e896e2a506577805f8fc1?s=96&d=mm&r=g\",\"url\":\"https:\\\/\\\/secure.gravatar.com\\\/avatar\\\/0461d8b87ac229159ac526ebabd85108a5009b97923e896e2a506577805f8fc1?s=96&d=mm&r=g\",\"contentUrl\":\"https:\\\/\\\/secure.gravatar.com\\\/avatar\\\/0461d8b87ac229159ac526ebabd85108a5009b97923e896e2a506577805f8fc1?s=96&d=mm&r=g\",\"caption\":\"Shughun Ivory\"},\"sameAs\":[\"http:\\\/\\\/Letsportsrock.com\"],\"url\":\"https:\\\/\\\/www.letsportsrock.com\\\/?author=11\"}]}<\/script>\n<!-- \/ Yoast SEO plugin. -->","yoast_head_json":{"title":"\u0218tiri de Ultim\u0103 Or\u0103: FC Dinamo a suspendat \u0219i a refuzat prelun...","description":"\u0218tiri de Ultim\u0103 Or\u0103: FC Dinamo a suspendat \u0219i a refuzat prelungirea contractelor pentru doi juc\u0103tori din cauza .......","robots":{"index":"index","follow":"follow","max-snippet":"max-snippet:-1","max-image-preview":"max-image-preview:large","max-video-preview":"max-video-preview:-1"},"canonical":"https:\/\/www.letsportsrock.com\/?p=57307","og_locale":"en_US","og_type":"article","og_title":"\u0218tiri de Ultim\u0103 Or\u0103: FC Dinamo a suspendat \u0219i a refuzat prelun...","og_description":"\u0218tiri de Ultim\u0103 Or\u0103: FC Dinamo a suspendat \u0219i a refuzat prelungirea contractelor pentru doi juc\u0103tori din cauza .......","og_url":"https:\/\/www.letsportsrock.com\/?p=57307","og_site_name":"letsportsrock","article_published_time":"2025-07-28T19:36:17+00:00","og_image":[{"width":739,"height":415,"url":"https:\/\/www.letsportsrock.com\/wp-content\/uploads\/2025\/07\/images-2025-07-28T203348.657.jpeg","type":"image\/jpeg"}],"author":"Shughun Ivory","twitter_card":"summary_large_image","twitter_misc":{"Written by":"Shughun Ivory","Est. reading time":"2 minutes"},"schema":{"@context":"https:\/\/schema.org","@graph":[{"@type":"Article","@id":"https:\/\/www.letsportsrock.com\/?p=57307#article","isPartOf":{"@id":"https:\/\/www.letsportsrock.com\/?p=57307"},"author":{"name":"Shughun Ivory","@id":"https:\/\/www.letsportsrock.com\/#\/schema\/person\/674619adef31b09138e9ccd4e2852ee0"},"headline":"\u0218tiri de Ultim\u0103 Or\u0103: FC Dinamo a suspendat \u0219i a refuzat prelungirea contractelor pentru doi juc\u0103tori din cauza &#8230;&#8230;.","datePublished":"2025-07-28T19:36:17+00:00","mainEntityOfPage":{"@id":"https:\/\/www.letsportsrock.com\/?p=57307"},"wordCount":297,"commentCount":0,"image":{"@id":"https:\/\/www.letsportsrock.com\/?p=57307#primaryimage"},"thumbnailUrl":"https:\/\/www.letsportsrock.com\/wp-content\/uploads\/2025\/07\/images-2025-07-28T203348.657.jpeg","inLanguage":"en-US","potentialAction":[{"@type":"CommentAction","name":"Comment","target":["https:\/\/www.letsportsrock.com\/?p=57307#respond"]}]},{"@type":"WebPage","@id":"https:\/\/www.letsportsrock.com\/?p=57307","url":"https:\/\/www.letsportsrock.com\/?p=57307","name":"\u0218tiri de Ultim\u0103 Or\u0103: FC Dinamo a suspendat \u0219i a refuzat prelun...","isPartOf":{"@id":"https:\/\/www.letsportsrock.com\/#website"},"primaryImageOfPage":{"@id":"https:\/\/www.letsportsrock.com\/?p=57307#primaryimage"},"image":{"@id":"https:\/\/www.letsportsrock.com\/?p=57307#primaryimage"},"thumbnailUrl":"https:\/\/www.letsportsrock.com\/wp-content\/uploads\/2025\/07\/images-2025-07-28T203348.657.jpeg","datePublished":"2025-07-28T19:36:17+00:00","author":{"@id":"https:\/\/www.letsportsrock.com\/#\/schema\/person\/674619adef31b09138e9ccd4e2852ee0"},"description":"\u0218tiri de Ultim\u0103 Or\u0103: FC Dinamo a suspendat \u0219i a refuzat prelungirea contractelor pentru doi juc\u0103tori din cauza .......","breadcrumb":{"@id":"https:\/\/www.letsportsrock.com\/?p=57307#breadcrumb"},"inLanguage":"en-US","potentialAction":[{"@type":"ReadAction","target":["https:\/\/www.letsportsrock.com\/?p=57307"]}]},{"@type":"ImageObject","inLanguage":"en-US","@id":"https:\/\/www.letsportsrock.com\/?p=57307#primaryimage","url":"https:\/\/www.letsportsrock.com\/wp-content\/uploads\/2025\/07\/images-2025-07-28T203348.657.jpeg","contentUrl":"https:\/\/www.letsportsrock.com\/wp-content\/uploads\/2025\/07\/images-2025-07-28T203348.657.jpeg","width":739,"height":415},{"@type":"BreadcrumbList","@id":"https:\/\/www.letsportsrock.com\/?p=57307#breadcrumb","itemListElement":[{"@type":"ListItem","position":1,"name":"Home","item":"https:\/\/www.letsportsrock.com\/"},{"@type":"ListItem","position":2,"name":"\u0218tiri de Ultim\u0103 Or\u0103: FC Dinamo a suspendat \u0219i a refuzat prelungirea contractelor pentru doi juc\u0103tori din cauza &#8230;&#8230;."}]},{"@type":"WebSite","@id":"https:\/\/www.letsportsrock.com\/#website","url":"https:\/\/www.letsportsrock.com\/","name":"letsportsrock","description":"Sport News and Updates","potentialAction":[{"@type":"SearchAction","target":{"@type":"EntryPoint","urlTemplate":"https:\/\/www.letsportsrock.com\/?s={search_term_string}"},"query-input":{"@type":"PropertyValueSpecification","valueRequired":true,"valueName":"search_term_string"}}],"inLanguage":"en-US"},{"@type":"Person","@id":"https:\/\/www.letsportsrock.com\/#\/schema\/person\/674619adef31b09138e9ccd4e2852ee0","name":"Shughun Ivory","image":{"@type":"ImageObject","inLanguage":"en-US","@id":"https:\/\/secure.gravatar.com\/avatar\/0461d8b87ac229159ac526ebabd85108a5009b97923e896e2a506577805f8fc1?s=96&d=mm&r=g","url":"https:\/\/secure.gravatar.com\/avatar\/0461d8b87ac229159ac526ebabd85108a5009b97923e896e2a506577805f8fc1?s=96&d=mm&r=g","contentUrl":"https:\/\/secure.gravatar.com\/avatar\/0461d8b87ac229159ac526ebabd85108a5009b97923e896e2a506577805f8fc1?s=96&d=mm&r=g","caption":"Shughun Ivory"},"sameAs":["http:\/\/Letsportsrock.com"],"url":"https:\/\/www.letsportsrock.com\/?author=11"}]}},"jetpack_featured_media_url":"https:\/\/www.letsportsrock.com\/wp-content\/uploads\/2025\/07\/images-2025-07-28T203348.657.jpeg","jetpack_sharing_enabled":true,"_links":{"self":[{"href":"https:\/\/www.letsportsrock.com\/index.php?rest_route=\/wp\/v2\/posts\/57307","targetHints":{"allow":["GET"]}}],"collection":[{"href":"https:\/\/www.letsportsrock.com\/index.php?rest_route=\/wp\/v2\/posts"}],"about":[{"href":"https:\/\/www.letsportsrock.com\/index.php?rest_route=\/wp\/v2\/types\/post"}],"author":[{"embeddable":true,"href":"https:\/\/www.letsportsrock.com\/index.php?rest_route=\/wp\/v2\/users\/11"}],"replies":[{"embeddable":true,"href":"https:\/\/www.letsportsrock.com\/index.php?rest_route=%2Fwp%2Fv2%2Fcomments&post=57307"}],"version-history":[{"count":1,"href":"https:\/\/www.letsportsrock.com\/index.php?rest_route=\/wp\/v2\/posts\/57307\/revisions"}],"predecessor-version":[{"id":57309,"href":"https:\/\/www.letsportsrock.com\/index.php?rest_route=\/wp\/v2\/posts\/57307\/revisions\/57309"}],"wp:featuredmedia":[{"embeddable":true,"href":"https:\/\/www.letsportsrock.com\/index.php?rest_route=\/wp\/v2\/media\/57308"}],"wp:attachment":[{"href":"https:\/\/www.letsportsrock.com\/index.php?rest_route=%2Fwp%2Fv2%2Fmedia&parent=57307"}],"wp:term":[{"taxonomy":"category","embeddable":true,"href":"https:\/\/www.letsportsrock.com\/index.php?rest_route=%2Fwp%2Fv2%2Fcategories&post=57307"},{"taxonomy":"post_tag","embeddable":true,"href":"https:\/\/www.letsportsrock.com\/index.php?rest_route=%2Fwp%2Fv2%2Ftags&post=57307"}],"curies":[{"name":"wp","href":"https:\/\/api.w.org\/{rel}","templated":true}]}}