{"id":57346,"date":"2025-07-28T23:04:46","date_gmt":"2025-07-28T23:04:46","guid":{"rendered":"https:\/\/www.letsportsrock.com\/?p=57346"},"modified":"2025-07-28T23:04:46","modified_gmt":"2025-07-28T23:04:46","slug":"reactia-lui-gigi-becali-dupa-ce-cordea-a-tradat-o-pe-fcsb-pentru-a-semna-cu-rivala-ros-albastrilor-aceeasi-palarie-link-comentarii","status":"publish","type":"post","link":"https:\/\/www.letsportsrock.com\/?p=57346","title":{"rendered":"Reac\u021bia lui Gigi Becali dup\u0103 ce Cordea a tr\u0103dat-o pe FCSB pentru a semna cu rivala ro\u0219-alba\u0219trilor: \u201dAceea\u0219i p\u0103l\u0103rie!\u201d Link comentarii&#8230;"},"content":{"rendered":"<div class=\"d79db4796efc26332eabfc3f5dafbc76\" data-index=\"1\" style=\"float: none; margin:10px 0 10px 0; text-align:center;\">\n<div class=\"hb-ad-inarticle\">\r\n    <div class=\"hb-ad-inner\"> \r\n    <div class=\"hbagency_cls\"  id=\"hbagency_space_111930\"><\/div><\/div> <\/div>\n<\/div>\n<p>Gigi Becali a reac\u021bionat ironic \u0219i f\u0103r\u0103 sup\u0103rare dup\u0103 ce Andrei Cordea a \u201etr\u0103dat\u201d FCSB semn\u00e2nd cu rivala CFR Cluj, iar declara\u021bia sa principal\u0103 a fost:&gt; \u201eNu m\u2011a interesat pe mine Cordea. I\u2011am zis lui Mihai Stoica: \u2018B\u0103i Mihai, ce fac, iau alt \u015etef\u0103nescu? Nu mai vreau. Sc\u0103pam de \u015etef\u0103nescu \u015fi B\u0103lu\u0163\u0103 \u015fi iau Cordea? E aceea\u015fi p\u0103l\u0103rie. E foarte bine c\u0103 l\u2011a luat CFR. M\u0103 bucur c\u0103 l\u2011au luat\u2019\u201d\u00a0 \u00a0Aceasta a fost principala reac\u021bie atunci c\u00e2nd transferul s\u2011a confirmat. Gigi Becali a explicat c\u0103 nu \u00eel mai dore\u0219te pe Cordea la FCSB deoarece aduce aceea\u0219i calitate (sau lips\u0103 de calitate) ca al\u021bi juc\u0103tori pe care i-a pierdut deja (\u0218tef\u0103nescu, B\u0103lu\u021b\u0103): \u201eAceea\u0219i p\u0103l\u0103rie\u201d.\u00a0\u00a0Dac\u0103 vrei s\u0103 verifici comentariile cititorilor sau reac\u021biile fanilor pe pagina Sport.ro, \u00eei po\u021bi g\u0103si urm\u00e2nd articolul titrat exact: *\u201eReac\u021bia lui Gigi Becali dup\u0103 ce Cordea a tr\u0103dat\u2011o pe FCSB pentru a semna cu rivala ro\u0219\u2011alba\u0219trilor: \u2018Aceea\u0219i p\u0103l\u0103rie!\u2019\u201d*<\/p>\n<p>&nbsp;<\/p>\n<p>Pe scurt:<\/p>\n<p>&nbsp;<\/p>\n<p>Element Declara\u021bie<\/p>\n<p>&nbsp;<\/p>\n<p>Context Cordea semneaz\u0103 cu CFR Cluj<\/p>\n<p>Mesaj Becali Nu-l dorea (\u201eNu m\u2011a interesat\u201d), \u201ee aceea\u0219i p\u0103l\u0103rie\u201d<\/p>\n<p>Sentiment Nu regret\u0103, e \u201efoarte bine\u201d c\u0103 l\u2011a luat CFR Cluj<\/p>\n<p>Ton Ironic, deta\u0219at<\/p>\n<p>&nbsp;<\/p>\n<p>&nbsp;<\/p>\n<p>Vrei \u0219i alte opinii din pres\u0103 sau reac\u021bii ulterioare? Spune-mi \u0219<\/p>\n<p>i caut pentru tine!<\/p>\n<p>&nbsp;<\/p>\n\n<div style=\"font-size: 0px; height: 0px; line-height: 0px; margin: 0; padding: 0; clear: both;\"><\/div>","protected":false},"excerpt":{"rendered":"<p>Gigi Becali a reac\u021bionat ironic \u0219i f\u0103r\u0103 sup\u0103rare dup\u0103 ce Andrei Cordea a \u201etr\u0103dat\u201d FCSB semn\u00e2nd cu rivala CFR Cluj, iar declara\u021bia sa principal\u0103 a fost:&gt; \u201eNu m\u2011a interesat pe mine Cordea. I\u2011am zis lui Mihai Stoica: \u2018B\u0103i Mihai, ce fac, iau alt \u015etef\u0103nescu? Nu mai vreau. Sc\u0103pam de \u015etef\u0103nescu \u015fi B\u0103lu\u0163\u0103 \u015fi iau Cordea? [&hellip;]<\/p>\n","protected":false},"author":20,"featured_media":57347,"comment_status":"open","ping_status":"open","sticky":false,"template":"","format":"standard","meta":{"_jetpack_memberships_contains_paid_content":false,"footnotes":""},"categories":[276],"tags":[],"class_list":["post-57346","post","type-post","status-publish","format-standard","has-post-thumbnail","hentry","category-fcsb"],"yoast_head":"<!-- This site is optimized with the Yoast SEO plugin v27.4 - https:\/\/yoast.com\/product\/yoast-seo-wordpress\/ -->\n<title>Reac\u021bia lui Gigi Becali dup\u0103 ce Cordea a tr\u0103dat-o pe FCSB pentru..<\/title>\n<meta name=\"description\" content=\"Reac\u021bia lui Gigi Becali dup\u0103 ce Cordea a tr\u0103dat-o pe FCSB pentru a semna cu rivala ro\u0219-alba\u0219trilor: \u201dAceea\u0219i p\u0103l\u0103rie!\u201d Link comentarii\" \/>\n<meta name=\"robots\" content=\"index, follow, max-snippet:-1, max-image-preview:large, max-video-preview:-1\" \/>\n<link rel=\"canonical\" href=\"https:\/\/www.letsportsrock.com\/?p=57346\" \/>\n<meta property=\"og:locale\" content=\"en_US\" \/>\n<meta property=\"og:type\" content=\"article\" \/>\n<meta property=\"og:title\" content=\"Reac\u021bia lui Gigi Becali dup\u0103 ce Cordea a tr\u0103dat-o pe FCSB pentru..\" \/>\n<meta property=\"og:description\" content=\"Reac\u021bia lui Gigi Becali dup\u0103 ce Cordea a tr\u0103dat-o pe FCSB pentru a semna cu rivala ro\u0219-alba\u0219trilor: \u201dAceea\u0219i p\u0103l\u0103rie!\u201d Link comentarii\" \/>\n<meta property=\"og:url\" content=\"https:\/\/www.letsportsrock.com\/?p=57346\" \/>\n<meta property=\"og:site_name\" content=\"letsportsrock\" \/>\n<meta property=\"article:published_time\" content=\"2025-07-28T23:04:46+00:00\" \/>\n<meta property=\"og:image\" content=\"https:\/\/www.letsportsrock.com\/wp-content\/uploads\/2025\/07\/IMG-20250728-WA0010.jpg\" \/>\n\t<meta property=\"og:image:width\" content=\"720\" \/>\n\t<meta property=\"og:image:height\" content=\"405\" \/>\n\t<meta property=\"og:image:type\" content=\"image\/jpeg\" \/>\n<meta name=\"author\" content=\"junior\" \/>\n<meta name=\"twitter:card\" content=\"summary_large_image\" \/>\n<meta name=\"twitter:label1\" content=\"Written by\" \/>\n\t<meta name=\"twitter:data1\" content=\"junior\" \/>\n\t<meta name=\"twitter:label2\" content=\"Est. reading time\" \/>\n\t<meta name=\"twitter:data2\" content=\"2 minutes\" \/>\n<script type=\"application\/ld+json\" class=\"yoast-schema-graph\">{\"@context\":\"https:\\\/\\\/schema.org\",\"@graph\":[{\"@type\":\"Article\",\"@id\":\"https:\\\/\\\/www.letsportsrock.com\\\/?p=57346#article\",\"isPartOf\":{\"@id\":\"https:\\\/\\\/www.letsportsrock.com\\\/?p=57346\"},\"author\":{\"name\":\"junior\",\"@id\":\"https:\\\/\\\/www.letsportsrock.com\\\/#\\\/schema\\\/person\\\/c197e412dd117367e9222812d143bcdf\"},\"headline\":\"Reac\u021bia lui Gigi Becali dup\u0103 ce Cordea a tr\u0103dat-o pe FCSB pentru a semna cu rivala ro\u0219-alba\u0219trilor: \u201dAceea\u0219i p\u0103l\u0103rie!\u201d Link comentarii&#8230;\",\"datePublished\":\"2025-07-28T23:04:46+00:00\",\"mainEntityOfPage\":{\"@id\":\"https:\\\/\\\/www.letsportsrock.com\\\/?p=57346\"},\"wordCount\":285,\"commentCount\":0,\"image\":{\"@id\":\"https:\\\/\\\/www.letsportsrock.com\\\/?p=57346#primaryimage\"},\"thumbnailUrl\":\"https:\\\/\\\/www.letsportsrock.com\\\/wp-content\\\/uploads\\\/2025\\\/07\\\/IMG-20250728-WA0010.jpg\",\"articleSection\":[\"FCSB\"],\"inLanguage\":\"en-US\",\"potentialAction\":[{\"@type\":\"CommentAction\",\"name\":\"Comment\",\"target\":[\"https:\\\/\\\/www.letsportsrock.com\\\/?p=57346#respond\"]}]},{\"@type\":\"WebPage\",\"@id\":\"https:\\\/\\\/www.letsportsrock.com\\\/?p=57346\",\"url\":\"https:\\\/\\\/www.letsportsrock.com\\\/?p=57346\",\"name\":\"Reac\u021bia lui Gigi Becali dup\u0103 ce Cordea a tr\u0103dat-o pe FCSB pentru..\",\"isPartOf\":{\"@id\":\"https:\\\/\\\/www.letsportsrock.com\\\/#website\"},\"primaryImageOfPage\":{\"@id\":\"https:\\\/\\\/www.letsportsrock.com\\\/?p=57346#primaryimage\"},\"image\":{\"@id\":\"https:\\\/\\\/www.letsportsrock.com\\\/?p=57346#primaryimage\"},\"thumbnailUrl\":\"https:\\\/\\\/www.letsportsrock.com\\\/wp-content\\\/uploads\\\/2025\\\/07\\\/IMG-20250728-WA0010.jpg\",\"datePublished\":\"2025-07-28T23:04:46+00:00\",\"author\":{\"@id\":\"https:\\\/\\\/www.letsportsrock.com\\\/#\\\/schema\\\/person\\\/c197e412dd117367e9222812d143bcdf\"},\"description\":\"Reac\u021bia lui Gigi Becali dup\u0103 ce Cordea a tr\u0103dat-o pe FCSB pentru a semna cu rivala ro\u0219-alba\u0219trilor: \u201dAceea\u0219i p\u0103l\u0103rie!\u201d Link comentarii\",\"breadcrumb\":{\"@id\":\"https:\\\/\\\/www.letsportsrock.com\\\/?p=57346#breadcrumb\"},\"inLanguage\":\"en-US\",\"potentialAction\":[{\"@type\":\"ReadAction\",\"target\":[\"https:\\\/\\\/www.letsportsrock.com\\\/?p=57346\"]}]},{\"@type\":\"ImageObject\",\"inLanguage\":\"en-US\",\"@id\":\"https:\\\/\\\/www.letsportsrock.com\\\/?p=57346#primaryimage\",\"url\":\"https:\\\/\\\/www.letsportsrock.com\\\/wp-content\\\/uploads\\\/2025\\\/07\\\/IMG-20250728-WA0010.jpg\",\"contentUrl\":\"https:\\\/\\\/www.letsportsrock.com\\\/wp-content\\\/uploads\\\/2025\\\/07\\\/IMG-20250728-WA0010.jpg\",\"width\":720,\"height\":405},{\"@type\":\"BreadcrumbList\",\"@id\":\"https:\\\/\\\/www.letsportsrock.com\\\/?p=57346#breadcrumb\",\"itemListElement\":[{\"@type\":\"ListItem\",\"position\":1,\"name\":\"Home\",\"item\":\"https:\\\/\\\/www.letsportsrock.com\\\/\"},{\"@type\":\"ListItem\",\"position\":2,\"name\":\"Reac\u021bia lui Gigi Becali dup\u0103 ce Cordea a tr\u0103dat-o pe FCSB pentru a semna cu rivala ro\u0219-alba\u0219trilor: \u201dAceea\u0219i p\u0103l\u0103rie!\u201d Link comentarii&#8230;\"}]},{\"@type\":\"WebSite\",\"@id\":\"https:\\\/\\\/www.letsportsrock.com\\\/#website\",\"url\":\"https:\\\/\\\/www.letsportsrock.com\\\/\",\"name\":\"letsportsrock\",\"description\":\"Sport News and Updates\",\"potentialAction\":[{\"@type\":\"SearchAction\",\"target\":{\"@type\":\"EntryPoint\",\"urlTemplate\":\"https:\\\/\\\/www.letsportsrock.com\\\/?s={search_term_string}\"},\"query-input\":{\"@type\":\"PropertyValueSpecification\",\"valueRequired\":true,\"valueName\":\"search_term_string\"}}],\"inLanguage\":\"en-US\"},{\"@type\":\"Person\",\"@id\":\"https:\\\/\\\/www.letsportsrock.com\\\/#\\\/schema\\\/person\\\/c197e412dd117367e9222812d143bcdf\",\"name\":\"junior\",\"image\":{\"@type\":\"ImageObject\",\"inLanguage\":\"en-US\",\"@id\":\"https:\\\/\\\/secure.gravatar.com\\\/avatar\\\/fe3349b489962813f1541b23d82e1858f7cc8acd665ccd28b9d2c29bc39627a3?s=96&d=mm&r=g\",\"url\":\"https:\\\/\\\/secure.gravatar.com\\\/avatar\\\/fe3349b489962813f1541b23d82e1858f7cc8acd665ccd28b9d2c29bc39627a3?s=96&d=mm&r=g\",\"contentUrl\":\"https:\\\/\\\/secure.gravatar.com\\\/avatar\\\/fe3349b489962813f1541b23d82e1858f7cc8acd665ccd28b9d2c29bc39627a3?s=96&d=mm&r=g\",\"caption\":\"junior\"},\"sameAs\":[\"https:\\\/\\\/www.letsportsrock.com\\\/wp-admin\\\/\"],\"url\":\"https:\\\/\\\/www.letsportsrock.com\\\/?author=20\"}]}<\/script>\n<!-- \/ Yoast SEO plugin. -->","yoast_head_json":{"title":"Reac\u021bia lui Gigi Becali dup\u0103 ce Cordea a tr\u0103dat-o pe FCSB pentru..","description":"Reac\u021bia lui Gigi Becali dup\u0103 ce Cordea a tr\u0103dat-o pe FCSB pentru a semna cu rivala ro\u0219-alba\u0219trilor: \u201dAceea\u0219i p\u0103l\u0103rie!\u201d Link comentarii","robots":{"index":"index","follow":"follow","max-snippet":"max-snippet:-1","max-image-preview":"max-image-preview:large","max-video-preview":"max-video-preview:-1"},"canonical":"https:\/\/www.letsportsrock.com\/?p=57346","og_locale":"en_US","og_type":"article","og_title":"Reac\u021bia lui Gigi Becali dup\u0103 ce Cordea a tr\u0103dat-o pe FCSB pentru..","og_description":"Reac\u021bia lui Gigi Becali dup\u0103 ce Cordea a tr\u0103dat-o pe FCSB pentru a semna cu rivala ro\u0219-alba\u0219trilor: \u201dAceea\u0219i p\u0103l\u0103rie!\u201d Link comentarii","og_url":"https:\/\/www.letsportsrock.com\/?p=57346","og_site_name":"letsportsrock","article_published_time":"2025-07-28T23:04:46+00:00","og_image":[{"width":720,"height":405,"url":"https:\/\/www.letsportsrock.com\/wp-content\/uploads\/2025\/07\/IMG-20250728-WA0010.jpg","type":"image\/jpeg"}],"author":"junior","twitter_card":"summary_large_image","twitter_misc":{"Written by":"junior","Est. reading time":"2 minutes"},"schema":{"@context":"https:\/\/schema.org","@graph":[{"@type":"Article","@id":"https:\/\/www.letsportsrock.com\/?p=57346#article","isPartOf":{"@id":"https:\/\/www.letsportsrock.com\/?p=57346"},"author":{"name":"junior","@id":"https:\/\/www.letsportsrock.com\/#\/schema\/person\/c197e412dd117367e9222812d143bcdf"},"headline":"Reac\u021bia lui Gigi Becali dup\u0103 ce Cordea a tr\u0103dat-o pe FCSB pentru a semna cu rivala ro\u0219-alba\u0219trilor: \u201dAceea\u0219i p\u0103l\u0103rie!\u201d Link comentarii&#8230;","datePublished":"2025-07-28T23:04:46+00:00","mainEntityOfPage":{"@id":"https:\/\/www.letsportsrock.com\/?p=57346"},"wordCount":285,"commentCount":0,"image":{"@id":"https:\/\/www.letsportsrock.com\/?p=57346#primaryimage"},"thumbnailUrl":"https:\/\/www.letsportsrock.com\/wp-content\/uploads\/2025\/07\/IMG-20250728-WA0010.jpg","articleSection":["FCSB"],"inLanguage":"en-US","potentialAction":[{"@type":"CommentAction","name":"Comment","target":["https:\/\/www.letsportsrock.com\/?p=57346#respond"]}]},{"@type":"WebPage","@id":"https:\/\/www.letsportsrock.com\/?p=57346","url":"https:\/\/www.letsportsrock.com\/?p=57346","name":"Reac\u021bia lui Gigi Becali dup\u0103 ce Cordea a tr\u0103dat-o pe FCSB pentru..","isPartOf":{"@id":"https:\/\/www.letsportsrock.com\/#website"},"primaryImageOfPage":{"@id":"https:\/\/www.letsportsrock.com\/?p=57346#primaryimage"},"image":{"@id":"https:\/\/www.letsportsrock.com\/?p=57346#primaryimage"},"thumbnailUrl":"https:\/\/www.letsportsrock.com\/wp-content\/uploads\/2025\/07\/IMG-20250728-WA0010.jpg","datePublished":"2025-07-28T23:04:46+00:00","author":{"@id":"https:\/\/www.letsportsrock.com\/#\/schema\/person\/c197e412dd117367e9222812d143bcdf"},"description":"Reac\u021bia lui Gigi Becali dup\u0103 ce Cordea a tr\u0103dat-o pe FCSB pentru a semna cu rivala ro\u0219-alba\u0219trilor: \u201dAceea\u0219i p\u0103l\u0103rie!\u201d Link comentarii","breadcrumb":{"@id":"https:\/\/www.letsportsrock.com\/?p=57346#breadcrumb"},"inLanguage":"en-US","potentialAction":[{"@type":"ReadAction","target":["https:\/\/www.letsportsrock.com\/?p=57346"]}]},{"@type":"ImageObject","inLanguage":"en-US","@id":"https:\/\/www.letsportsrock.com\/?p=57346#primaryimage","url":"https:\/\/www.letsportsrock.com\/wp-content\/uploads\/2025\/07\/IMG-20250728-WA0010.jpg","contentUrl":"https:\/\/www.letsportsrock.com\/wp-content\/uploads\/2025\/07\/IMG-20250728-WA0010.jpg","width":720,"height":405},{"@type":"BreadcrumbList","@id":"https:\/\/www.letsportsrock.com\/?p=57346#breadcrumb","itemListElement":[{"@type":"ListItem","position":1,"name":"Home","item":"https:\/\/www.letsportsrock.com\/"},{"@type":"ListItem","position":2,"name":"Reac\u021bia lui Gigi Becali dup\u0103 ce Cordea a tr\u0103dat-o pe FCSB pentru a semna cu rivala ro\u0219-alba\u0219trilor: \u201dAceea\u0219i p\u0103l\u0103rie!\u201d Link comentarii&#8230;"}]},{"@type":"WebSite","@id":"https:\/\/www.letsportsrock.com\/#website","url":"https:\/\/www.letsportsrock.com\/","name":"letsportsrock","description":"Sport News and Updates","potentialAction":[{"@type":"SearchAction","target":{"@type":"EntryPoint","urlTemplate":"https:\/\/www.letsportsrock.com\/?s={search_term_string}"},"query-input":{"@type":"PropertyValueSpecification","valueRequired":true,"valueName":"search_term_string"}}],"inLanguage":"en-US"},{"@type":"Person","@id":"https:\/\/www.letsportsrock.com\/#\/schema\/person\/c197e412dd117367e9222812d143bcdf","name":"junior","image":{"@type":"ImageObject","inLanguage":"en-US","@id":"https:\/\/secure.gravatar.com\/avatar\/fe3349b489962813f1541b23d82e1858f7cc8acd665ccd28b9d2c29bc39627a3?s=96&d=mm&r=g","url":"https:\/\/secure.gravatar.com\/avatar\/fe3349b489962813f1541b23d82e1858f7cc8acd665ccd28b9d2c29bc39627a3?s=96&d=mm&r=g","contentUrl":"https:\/\/secure.gravatar.com\/avatar\/fe3349b489962813f1541b23d82e1858f7cc8acd665ccd28b9d2c29bc39627a3?s=96&d=mm&r=g","caption":"junior"},"sameAs":["https:\/\/www.letsportsrock.com\/wp-admin\/"],"url":"https:\/\/www.letsportsrock.com\/?author=20"}]}},"jetpack_featured_media_url":"https:\/\/www.letsportsrock.com\/wp-content\/uploads\/2025\/07\/IMG-20250728-WA0010.jpg","jetpack_sharing_enabled":true,"_links":{"self":[{"href":"https:\/\/www.letsportsrock.com\/index.php?rest_route=\/wp\/v2\/posts\/57346","targetHints":{"allow":["GET"]}}],"collection":[{"href":"https:\/\/www.letsportsrock.com\/index.php?rest_route=\/wp\/v2\/posts"}],"about":[{"href":"https:\/\/www.letsportsrock.com\/index.php?rest_route=\/wp\/v2\/types\/post"}],"author":[{"embeddable":true,"href":"https:\/\/www.letsportsrock.com\/index.php?rest_route=\/wp\/v2\/users\/20"}],"replies":[{"embeddable":true,"href":"https:\/\/www.letsportsrock.com\/index.php?rest_route=%2Fwp%2Fv2%2Fcomments&post=57346"}],"version-history":[{"count":1,"href":"https:\/\/www.letsportsrock.com\/index.php?rest_route=\/wp\/v2\/posts\/57346\/revisions"}],"predecessor-version":[{"id":57349,"href":"https:\/\/www.letsportsrock.com\/index.php?rest_route=\/wp\/v2\/posts\/57346\/revisions\/57349"}],"wp:featuredmedia":[{"embeddable":true,"href":"https:\/\/www.letsportsrock.com\/index.php?rest_route=\/wp\/v2\/media\/57347"}],"wp:attachment":[{"href":"https:\/\/www.letsportsrock.com\/index.php?rest_route=%2Fwp%2Fv2%2Fmedia&parent=57346"}],"wp:term":[{"taxonomy":"category","embeddable":true,"href":"https:\/\/www.letsportsrock.com\/index.php?rest_route=%2Fwp%2Fv2%2Fcategories&post=57346"},{"taxonomy":"post_tag","embeddable":true,"href":"https:\/\/www.letsportsrock.com\/index.php?rest_route=%2Fwp%2Fv2%2Ftags&post=57346"}],"curies":[{"name":"wp","href":"https:\/\/api.w.org\/{rel}","templated":true}]}}