{"id":57387,"date":"2025-07-29T04:22:30","date_gmt":"2025-07-29T04:22:30","guid":{"rendered":"https:\/\/www.letsportsrock.com\/?p=57387"},"modified":"2025-07-29T04:22:30","modified_gmt":"2025-07-29T04:22:30","slug":"%e2%9d%97%e2%9d%97incepe-curatenia-la-cfr-cluj-dupa-dezastrul-cu-fc-arges-detalii-in-primul-co","status":"publish","type":"post","link":"https:\/\/www.letsportsrock.com\/?p=57387","title":{"rendered":"\u2757\u2757\u00cencepe cur\u0103\u0163enia la CFR Cluj dup\u0103 dezastrul cu FC Arge\u015f! Detalii \u00een primul Co&#8230;&#8230;"},"content":{"rendered":"<div class=\"d79db4796efc26332eabfc3f5dafbc76\" data-index=\"1\" style=\"float: none; margin:10px 0 10px 0; text-align:center;\">\n<div class=\"hb-ad-inarticle\">\r\n    <div class=\"hb-ad-inner\"> \r\n    <div class=\"hbagency_cls\"  id=\"hbagency_space_111930\"><\/div><\/div> <\/div>\n<\/div>\n<p>\u2757\u2757\u00cencepe cur\u0103\u021benia la CFR Cluj dup\u0103 dezastrul cu FC Arge\u0219!<\/p>\n<p>&nbsp;<\/p>\n<p>Dup\u0103 umilin\u021ba suferit\u0103 \u00een fa\u021ba celor de la FC Arge\u0219, scor 0-3, conducerea lui CFR Cluj a anun\u021bat m\u0103suri drastice. Antrenorul Andrea Mandorlini este pe picior de plecare, iar mai mul\u021bi juc\u0103tori importan\u021bi ar putea fi pu\u0219i pe lista de transferuri.<\/p>\n<p><img loading=\"lazy\" decoding=\"async\" class=\"alignnone size-medium wp-image-57389\" src=\"https:\/\/www.letsportsrock.com\/wp-content\/uploads\/2025\/07\/images-2025-07-29T052109.199-300x200.jpeg\" alt=\"\" width=\"300\" height=\"200\" srcset=\"https:\/\/www.letsportsrock.com\/wp-content\/uploads\/2025\/07\/images-2025-07-29T052109.199-300x200.jpeg 300w, https:\/\/www.letsportsrock.com\/wp-content\/uploads\/2025\/07\/images-2025-07-29T052109.199.jpeg 678w\" sizes=\"auto, (max-width: 300px) 100vw, 300px\" \/><\/p>\n<p>Surse din interiorul clubului sus\u021bin c\u0103 patronul Nelu\u021bu Varga este extrem de nemul\u021bumit \u0219i a cerut un &#8220;\u0219oc la echip\u0103&#8221;, pentru a evita compromiterea sezonului.<\/p>\n<p>&nbsp;<\/p>\n<p>Printre cei viza\u021bi se afl\u0103 juc\u0103tori cu salarii mari, dar presta\u021bii sub a\u0219tept\u0103ri. Totodat\u0103, se discut\u0103 readucerea unor fotbali\u0219ti tineri din academie, pentru a aduce prospe\u021bime \u0219i determinare \u00een vestiar.<\/p>\n<p>&nbsp;<\/p>\n<p>Fanii cer \u0219i ei schimb\u0103ri majore, iar atmosfera \u00een jurul clubului este una tensionat\u0103. Urmeaz\u0103 zile decisive \u00een Gruia!<\/p>\n\n<div style=\"font-size: 0px; height: 0px; line-height: 0px; margin: 0; padding: 0; clear: both;\"><\/div>","protected":false},"excerpt":{"rendered":"<p>\u2757\u2757\u00cencepe cur\u0103\u021benia la CFR Cluj dup\u0103 dezastrul cu FC Arge\u0219! &nbsp; Dup\u0103 umilin\u021ba suferit\u0103 \u00een fa\u021ba celor de la FC Arge\u0219, scor 0-3, conducerea lui CFR Cluj a anun\u021bat m\u0103suri drastice. Antrenorul Andrea Mandorlini este pe picior de plecare, iar mai mul\u021bi juc\u0103tori importan\u021bi ar putea fi pu\u0219i pe lista de transferuri. Surse din interiorul [&hellip;]<\/p>\n","protected":false},"author":17,"featured_media":57388,"comment_status":"open","ping_status":"open","sticky":false,"template":"","format":"standard","meta":{"_jetpack_memberships_contains_paid_content":false,"footnotes":""},"categories":[1],"tags":[386],"class_list":["post-57387","post","type-post","status-publish","format-standard","has-post-thumbnail","hentry","category-uncategorized","tag-fcsb-steaua-bucuresti"],"yoast_head":"<!-- This site is optimized with the Yoast SEO plugin v27.5 - https:\/\/yoast.com\/product\/yoast-seo-wordpress\/ -->\n<title>\u2757\u2757\u00cencepe cur\u0103\u0163enia la CFR Cluj dup\u0103 dezastrul cu FC Arge\u015f!<\/title>\n<meta name=\"description\" content=\"\u2757\u2757\u00cencepe cur\u0103\u0163enia la CFR Cluj dup\u0103 dezastrul cu FC Arge\u015f! Detalii \u00een primul Co............................\" \/>\n<meta name=\"robots\" content=\"index, follow, max-snippet:-1, max-image-preview:large, max-video-preview:-1\" \/>\n<link rel=\"canonical\" href=\"https:\/\/www.letsportsrock.com\/?p=57387\" \/>\n<meta property=\"og:locale\" content=\"en_US\" \/>\n<meta property=\"og:type\" content=\"article\" \/>\n<meta property=\"og:title\" content=\"\u2757\u2757\u00cencepe cur\u0103\u0163enia la CFR Cluj dup\u0103 dezastrul cu FC Arge\u015f!\" \/>\n<meta property=\"og:description\" content=\"\u2757\u2757\u00cencepe cur\u0103\u0163enia la CFR Cluj dup\u0103 dezastrul cu FC Arge\u015f! Detalii \u00een primul Co............................\" \/>\n<meta property=\"og:url\" content=\"https:\/\/www.letsportsrock.com\/?p=57387\" \/>\n<meta property=\"og:site_name\" content=\"letsportsrock\" \/>\n<meta property=\"article:published_time\" content=\"2025-07-29T04:22:30+00:00\" \/>\n<meta property=\"og:image\" content=\"https:\/\/www.letsportsrock.com\/wp-content\/uploads\/2025\/07\/images-2025-07-29T052048.058.jpeg\" \/>\n\t<meta property=\"og:image:width\" content=\"679\" \/>\n\t<meta property=\"og:image:height\" content=\"452\" \/>\n\t<meta property=\"og:image:type\" content=\"image\/jpeg\" \/>\n<meta name=\"author\" content=\"Orbem Saviour\" \/>\n<meta name=\"twitter:card\" content=\"summary_large_image\" \/>\n<meta name=\"twitter:label1\" content=\"Written by\" \/>\n\t<meta name=\"twitter:data1\" content=\"Orbem Saviour\" \/>\n\t<meta name=\"twitter:label2\" content=\"Est. reading time\" \/>\n\t<meta name=\"twitter:data2\" content=\"1 minute\" \/>\n<script type=\"application\/ld+json\" class=\"yoast-schema-graph\">{\"@context\":\"https:\\\/\\\/schema.org\",\"@graph\":[{\"@type\":\"Article\",\"@id\":\"https:\\\/\\\/www.letsportsrock.com\\\/?p=57387#article\",\"isPartOf\":{\"@id\":\"https:\\\/\\\/www.letsportsrock.com\\\/?p=57387\"},\"author\":{\"name\":\"Orbem Saviour\",\"@id\":\"https:\\\/\\\/www.letsportsrock.com\\\/#\\\/schema\\\/person\\\/f4a534dcb6a60eaed40b31bfcef0f6b8\"},\"headline\":\"\u2757\u2757\u00cencepe cur\u0103\u0163enia la CFR Cluj dup\u0103 dezastrul cu FC Arge\u015f! Detalii \u00een primul Co&#8230;&#8230;\",\"datePublished\":\"2025-07-29T04:22:30+00:00\",\"mainEntityOfPage\":{\"@id\":\"https:\\\/\\\/www.letsportsrock.com\\\/?p=57387\"},\"wordCount\":163,\"commentCount\":0,\"image\":{\"@id\":\"https:\\\/\\\/www.letsportsrock.com\\\/?p=57387#primaryimage\"},\"thumbnailUrl\":\"https:\\\/\\\/www.letsportsrock.com\\\/wp-content\\\/uploads\\\/2025\\\/07\\\/images-2025-07-29T052048.058.jpeg\",\"keywords\":[\"FCSB steaua bucure\u0219ti\"],\"inLanguage\":\"en-US\",\"potentialAction\":[{\"@type\":\"CommentAction\",\"name\":\"Comment\",\"target\":[\"https:\\\/\\\/www.letsportsrock.com\\\/?p=57387#respond\"]}]},{\"@type\":\"WebPage\",\"@id\":\"https:\\\/\\\/www.letsportsrock.com\\\/?p=57387\",\"url\":\"https:\\\/\\\/www.letsportsrock.com\\\/?p=57387\",\"name\":\"\u2757\u2757\u00cencepe cur\u0103\u0163enia la CFR Cluj dup\u0103 dezastrul cu FC Arge\u015f!\",\"isPartOf\":{\"@id\":\"https:\\\/\\\/www.letsportsrock.com\\\/#website\"},\"primaryImageOfPage\":{\"@id\":\"https:\\\/\\\/www.letsportsrock.com\\\/?p=57387#primaryimage\"},\"image\":{\"@id\":\"https:\\\/\\\/www.letsportsrock.com\\\/?p=57387#primaryimage\"},\"thumbnailUrl\":\"https:\\\/\\\/www.letsportsrock.com\\\/wp-content\\\/uploads\\\/2025\\\/07\\\/images-2025-07-29T052048.058.jpeg\",\"datePublished\":\"2025-07-29T04:22:30+00:00\",\"author\":{\"@id\":\"https:\\\/\\\/www.letsportsrock.com\\\/#\\\/schema\\\/person\\\/f4a534dcb6a60eaed40b31bfcef0f6b8\"},\"description\":\"\u2757\u2757\u00cencepe cur\u0103\u0163enia la CFR Cluj dup\u0103 dezastrul cu FC Arge\u015f! Detalii \u00een primul Co............................\",\"breadcrumb\":{\"@id\":\"https:\\\/\\\/www.letsportsrock.com\\\/?p=57387#breadcrumb\"},\"inLanguage\":\"en-US\",\"potentialAction\":[{\"@type\":\"ReadAction\",\"target\":[\"https:\\\/\\\/www.letsportsrock.com\\\/?p=57387\"]}]},{\"@type\":\"ImageObject\",\"inLanguage\":\"en-US\",\"@id\":\"https:\\\/\\\/www.letsportsrock.com\\\/?p=57387#primaryimage\",\"url\":\"https:\\\/\\\/www.letsportsrock.com\\\/wp-content\\\/uploads\\\/2025\\\/07\\\/images-2025-07-29T052048.058.jpeg\",\"contentUrl\":\"https:\\\/\\\/www.letsportsrock.com\\\/wp-content\\\/uploads\\\/2025\\\/07\\\/images-2025-07-29T052048.058.jpeg\",\"width\":679,\"height\":452},{\"@type\":\"BreadcrumbList\",\"@id\":\"https:\\\/\\\/www.letsportsrock.com\\\/?p=57387#breadcrumb\",\"itemListElement\":[{\"@type\":\"ListItem\",\"position\":1,\"name\":\"Home\",\"item\":\"https:\\\/\\\/www.letsportsrock.com\\\/\"},{\"@type\":\"ListItem\",\"position\":2,\"name\":\"\u2757\u2757\u00cencepe cur\u0103\u0163enia la CFR Cluj dup\u0103 dezastrul cu FC Arge\u015f! Detalii \u00een primul Co&#8230;&#8230;\"}]},{\"@type\":\"WebSite\",\"@id\":\"https:\\\/\\\/www.letsportsrock.com\\\/#website\",\"url\":\"https:\\\/\\\/www.letsportsrock.com\\\/\",\"name\":\"letsportsrock\",\"description\":\"Sport News and Updates\",\"potentialAction\":[{\"@type\":\"SearchAction\",\"target\":{\"@type\":\"EntryPoint\",\"urlTemplate\":\"https:\\\/\\\/www.letsportsrock.com\\\/?s={search_term_string}\"},\"query-input\":{\"@type\":\"PropertyValueSpecification\",\"valueRequired\":true,\"valueName\":\"search_term_string\"}}],\"inLanguage\":\"en-US\"},{\"@type\":\"Person\",\"@id\":\"https:\\\/\\\/www.letsportsrock.com\\\/#\\\/schema\\\/person\\\/f4a534dcb6a60eaed40b31bfcef0f6b8\",\"name\":\"Orbem Saviour\",\"image\":{\"@type\":\"ImageObject\",\"inLanguage\":\"en-US\",\"@id\":\"https:\\\/\\\/secure.gravatar.com\\\/avatar\\\/c2e9c1135ee0d9ea60350ee25415caf4ca365a56af0382637882e8392bdcaedd?s=96&d=mm&r=g\",\"url\":\"https:\\\/\\\/secure.gravatar.com\\\/avatar\\\/c2e9c1135ee0d9ea60350ee25415caf4ca365a56af0382637882e8392bdcaedd?s=96&d=mm&r=g\",\"contentUrl\":\"https:\\\/\\\/secure.gravatar.com\\\/avatar\\\/c2e9c1135ee0d9ea60350ee25415caf4ca365a56af0382637882e8392bdcaedd?s=96&d=mm&r=g\",\"caption\":\"Orbem Saviour\"},\"sameAs\":[\"https:\\\/\\\/www.letsportsrock.com\\\/wp-admin\\\/\"],\"url\":\"https:\\\/\\\/www.letsportsrock.com\\\/?author=17\"}]}<\/script>\n<!-- \/ Yoast SEO plugin. -->","yoast_head_json":{"title":"\u2757\u2757\u00cencepe cur\u0103\u0163enia la CFR Cluj dup\u0103 dezastrul cu FC Arge\u015f!","description":"\u2757\u2757\u00cencepe cur\u0103\u0163enia la CFR Cluj dup\u0103 dezastrul cu FC Arge\u015f! Detalii \u00een primul Co............................","robots":{"index":"index","follow":"follow","max-snippet":"max-snippet:-1","max-image-preview":"max-image-preview:large","max-video-preview":"max-video-preview:-1"},"canonical":"https:\/\/www.letsportsrock.com\/?p=57387","og_locale":"en_US","og_type":"article","og_title":"\u2757\u2757\u00cencepe cur\u0103\u0163enia la CFR Cluj dup\u0103 dezastrul cu FC Arge\u015f!","og_description":"\u2757\u2757\u00cencepe cur\u0103\u0163enia la CFR Cluj dup\u0103 dezastrul cu FC Arge\u015f! Detalii \u00een primul Co............................","og_url":"https:\/\/www.letsportsrock.com\/?p=57387","og_site_name":"letsportsrock","article_published_time":"2025-07-29T04:22:30+00:00","og_image":[{"width":679,"height":452,"url":"https:\/\/www.letsportsrock.com\/wp-content\/uploads\/2025\/07\/images-2025-07-29T052048.058.jpeg","type":"image\/jpeg"}],"author":"Orbem Saviour","twitter_card":"summary_large_image","twitter_misc":{"Written by":"Orbem Saviour","Est. reading time":"1 minute"},"schema":{"@context":"https:\/\/schema.org","@graph":[{"@type":"Article","@id":"https:\/\/www.letsportsrock.com\/?p=57387#article","isPartOf":{"@id":"https:\/\/www.letsportsrock.com\/?p=57387"},"author":{"name":"Orbem Saviour","@id":"https:\/\/www.letsportsrock.com\/#\/schema\/person\/f4a534dcb6a60eaed40b31bfcef0f6b8"},"headline":"\u2757\u2757\u00cencepe cur\u0103\u0163enia la CFR Cluj dup\u0103 dezastrul cu FC Arge\u015f! Detalii \u00een primul Co&#8230;&#8230;","datePublished":"2025-07-29T04:22:30+00:00","mainEntityOfPage":{"@id":"https:\/\/www.letsportsrock.com\/?p=57387"},"wordCount":163,"commentCount":0,"image":{"@id":"https:\/\/www.letsportsrock.com\/?p=57387#primaryimage"},"thumbnailUrl":"https:\/\/www.letsportsrock.com\/wp-content\/uploads\/2025\/07\/images-2025-07-29T052048.058.jpeg","keywords":["FCSB steaua bucure\u0219ti"],"inLanguage":"en-US","potentialAction":[{"@type":"CommentAction","name":"Comment","target":["https:\/\/www.letsportsrock.com\/?p=57387#respond"]}]},{"@type":"WebPage","@id":"https:\/\/www.letsportsrock.com\/?p=57387","url":"https:\/\/www.letsportsrock.com\/?p=57387","name":"\u2757\u2757\u00cencepe cur\u0103\u0163enia la CFR Cluj dup\u0103 dezastrul cu FC Arge\u015f!","isPartOf":{"@id":"https:\/\/www.letsportsrock.com\/#website"},"primaryImageOfPage":{"@id":"https:\/\/www.letsportsrock.com\/?p=57387#primaryimage"},"image":{"@id":"https:\/\/www.letsportsrock.com\/?p=57387#primaryimage"},"thumbnailUrl":"https:\/\/www.letsportsrock.com\/wp-content\/uploads\/2025\/07\/images-2025-07-29T052048.058.jpeg","datePublished":"2025-07-29T04:22:30+00:00","author":{"@id":"https:\/\/www.letsportsrock.com\/#\/schema\/person\/f4a534dcb6a60eaed40b31bfcef0f6b8"},"description":"\u2757\u2757\u00cencepe cur\u0103\u0163enia la CFR Cluj dup\u0103 dezastrul cu FC Arge\u015f! Detalii \u00een primul Co............................","breadcrumb":{"@id":"https:\/\/www.letsportsrock.com\/?p=57387#breadcrumb"},"inLanguage":"en-US","potentialAction":[{"@type":"ReadAction","target":["https:\/\/www.letsportsrock.com\/?p=57387"]}]},{"@type":"ImageObject","inLanguage":"en-US","@id":"https:\/\/www.letsportsrock.com\/?p=57387#primaryimage","url":"https:\/\/www.letsportsrock.com\/wp-content\/uploads\/2025\/07\/images-2025-07-29T052048.058.jpeg","contentUrl":"https:\/\/www.letsportsrock.com\/wp-content\/uploads\/2025\/07\/images-2025-07-29T052048.058.jpeg","width":679,"height":452},{"@type":"BreadcrumbList","@id":"https:\/\/www.letsportsrock.com\/?p=57387#breadcrumb","itemListElement":[{"@type":"ListItem","position":1,"name":"Home","item":"https:\/\/www.letsportsrock.com\/"},{"@type":"ListItem","position":2,"name":"\u2757\u2757\u00cencepe cur\u0103\u0163enia la CFR Cluj dup\u0103 dezastrul cu FC Arge\u015f! Detalii \u00een primul Co&#8230;&#8230;"}]},{"@type":"WebSite","@id":"https:\/\/www.letsportsrock.com\/#website","url":"https:\/\/www.letsportsrock.com\/","name":"letsportsrock","description":"Sport News and Updates","potentialAction":[{"@type":"SearchAction","target":{"@type":"EntryPoint","urlTemplate":"https:\/\/www.letsportsrock.com\/?s={search_term_string}"},"query-input":{"@type":"PropertyValueSpecification","valueRequired":true,"valueName":"search_term_string"}}],"inLanguage":"en-US"},{"@type":"Person","@id":"https:\/\/www.letsportsrock.com\/#\/schema\/person\/f4a534dcb6a60eaed40b31bfcef0f6b8","name":"Orbem Saviour","image":{"@type":"ImageObject","inLanguage":"en-US","@id":"https:\/\/secure.gravatar.com\/avatar\/c2e9c1135ee0d9ea60350ee25415caf4ca365a56af0382637882e8392bdcaedd?s=96&d=mm&r=g","url":"https:\/\/secure.gravatar.com\/avatar\/c2e9c1135ee0d9ea60350ee25415caf4ca365a56af0382637882e8392bdcaedd?s=96&d=mm&r=g","contentUrl":"https:\/\/secure.gravatar.com\/avatar\/c2e9c1135ee0d9ea60350ee25415caf4ca365a56af0382637882e8392bdcaedd?s=96&d=mm&r=g","caption":"Orbem Saviour"},"sameAs":["https:\/\/www.letsportsrock.com\/wp-admin\/"],"url":"https:\/\/www.letsportsrock.com\/?author=17"}]}},"jetpack_featured_media_url":"https:\/\/www.letsportsrock.com\/wp-content\/uploads\/2025\/07\/images-2025-07-29T052048.058.jpeg","jetpack_sharing_enabled":true,"_links":{"self":[{"href":"https:\/\/www.letsportsrock.com\/index.php?rest_route=\/wp\/v2\/posts\/57387","targetHints":{"allow":["GET"]}}],"collection":[{"href":"https:\/\/www.letsportsrock.com\/index.php?rest_route=\/wp\/v2\/posts"}],"about":[{"href":"https:\/\/www.letsportsrock.com\/index.php?rest_route=\/wp\/v2\/types\/post"}],"author":[{"embeddable":true,"href":"https:\/\/www.letsportsrock.com\/index.php?rest_route=\/wp\/v2\/users\/17"}],"replies":[{"embeddable":true,"href":"https:\/\/www.letsportsrock.com\/index.php?rest_route=%2Fwp%2Fv2%2Fcomments&post=57387"}],"version-history":[{"count":1,"href":"https:\/\/www.letsportsrock.com\/index.php?rest_route=\/wp\/v2\/posts\/57387\/revisions"}],"predecessor-version":[{"id":57390,"href":"https:\/\/www.letsportsrock.com\/index.php?rest_route=\/wp\/v2\/posts\/57387\/revisions\/57390"}],"wp:featuredmedia":[{"embeddable":true,"href":"https:\/\/www.letsportsrock.com\/index.php?rest_route=\/wp\/v2\/media\/57388"}],"wp:attachment":[{"href":"https:\/\/www.letsportsrock.com\/index.php?rest_route=%2Fwp%2Fv2%2Fmedia&parent=57387"}],"wp:term":[{"taxonomy":"category","embeddable":true,"href":"https:\/\/www.letsportsrock.com\/index.php?rest_route=%2Fwp%2Fv2%2Fcategories&post=57387"},{"taxonomy":"post_tag","embeddable":true,"href":"https:\/\/www.letsportsrock.com\/index.php?rest_route=%2Fwp%2Fv2%2Ftags&post=57387"}],"curies":[{"name":"wp","href":"https:\/\/api.w.org\/{rel}","templated":true}]}}