{"id":57485,"date":"2025-07-29T14:33:23","date_gmt":"2025-07-29T14:33:23","guid":{"rendered":"https:\/\/www.letsportsrock.com\/?p=57485"},"modified":"2025-07-29T14:33:23","modified_gmt":"2025-07-29T14:33:23","slug":"e-gata-transferul-lui-marius-stefanescu-cu-oferte-si-de-la-dinamo-si-cfr","status":"publish","type":"post","link":"https:\/\/www.letsportsrock.com\/?p=57485","title":{"rendered":"E gata transferul lui Marius \u0218tef\u0103nescu! Cu oferte \u0219i de la Dinamo \u0219i CFR&#8230;.."},"content":{"rendered":"<div class=\"d79db4796efc26332eabfc3f5dafbc76\" data-index=\"1\" style=\"float: none; margin:10px 0 10px 0; text-align:center;\">\n<div class=\"hb-ad-inarticle\">\r\n    <div class=\"hb-ad-inner\"> \r\n    <div class=\"hbagency_cls\"  id=\"hbagency_space_111930\"><\/div><\/div> <\/div>\n<\/div>\n<p>Povestea transferului lui Marius \u0218tef\u0103nescu de la FCSB pare c\u0103 a ajuns la final. Chiar dac\u0103 a avut oferte de la Dinamo \u0219i CFR Cluj, fotbalistul a ales alt\u0103 destina\u021bie.<\/p>\n<p>&nbsp;<\/p>\n<p>Gigi Becali a confirmat c\u0103 juc\u0103torul \u00een v\u00e2rst\u0103 de 26 de ani nu va r\u0103m\u00e2ne \u00een Superliga Rom\u00e2niei \u0219i a declarat c\u0103 acesta este deja \u00een Turci\u2022a.<\/p>\n\n<div style=\"font-size: 0px; height: 0px; line-height: 0px; margin: 0; padding: 0; clear: both;\"><\/div>","protected":false},"excerpt":{"rendered":"<p>Povestea transferului lui Marius \u0218tef\u0103nescu de la FCSB pare c\u0103 a ajuns la final. Chiar dac\u0103 a avut oferte de la Dinamo \u0219i CFR Cluj, fotbalistul a ales alt\u0103 destina\u021bie. &nbsp; Gigi Becali a confirmat c\u0103 juc\u0103torul \u00een v\u00e2rst\u0103 de 26 de ani nu va r\u0103m\u00e2ne \u00een Superliga Rom\u00e2niei \u0219i a declarat c\u0103 acesta este [&hellip;]<\/p>\n","protected":false},"author":20,"featured_media":57464,"comment_status":"open","ping_status":"open","sticky":false,"template":"","format":"standard","meta":{"_jetpack_memberships_contains_paid_content":false,"footnotes":""},"categories":[276,1],"tags":[],"class_list":["post-57485","post","type-post","status-publish","format-standard","has-post-thumbnail","hentry","category-fcsb","category-uncategorized"],"yoast_head":"<!-- This site is optimized with the Yoast SEO plugin v27.4 - https:\/\/yoast.com\/product\/yoast-seo-wordpress\/ -->\n<title>E gata transferul lui Marius \u0218tef\u0103nescu! Cu oferte \u0219i de la Dinamo \u0219i CFR..... - letsportsrock<\/title>\n<meta name=\"robots\" content=\"index, follow, max-snippet:-1, max-image-preview:large, max-video-preview:-1\" \/>\n<link rel=\"canonical\" href=\"https:\/\/www.letsportsrock.com\/?p=57485\" \/>\n<meta property=\"og:locale\" content=\"en_US\" \/>\n<meta property=\"og:type\" content=\"article\" \/>\n<meta property=\"og:title\" content=\"E gata transferul lui Marius \u0218tef\u0103nescu! Cu oferte \u0219i de la Dinamo \u0219i CFR..... - letsportsrock\" \/>\n<meta property=\"og:description\" content=\"Povestea transferului lui Marius \u0218tef\u0103nescu de la FCSB pare c\u0103 a ajuns la final. Chiar dac\u0103 a avut oferte de la Dinamo \u0219i CFR Cluj, fotbalistul a ales alt\u0103 destina\u021bie. &nbsp; Gigi Becali a confirmat c\u0103 juc\u0103torul \u00een v\u00e2rst\u0103 de 26 de ani nu va r\u0103m\u00e2ne \u00een Superliga Rom\u00e2niei \u0219i a declarat c\u0103 acesta este [&hellip;]\" \/>\n<meta property=\"og:url\" content=\"https:\/\/www.letsportsrock.com\/?p=57485\" \/>\n<meta property=\"og:site_name\" content=\"letsportsrock\" \/>\n<meta property=\"article:published_time\" content=\"2025-07-29T14:33:23+00:00\" \/>\n<meta property=\"og:image\" content=\"https:\/\/www.letsportsrock.com\/wp-content\/uploads\/2025\/07\/images-2025-07-29T135709.113.jpeg\" \/>\n\t<meta property=\"og:image:width\" content=\"720\" \/>\n\t<meta property=\"og:image:height\" content=\"382\" \/>\n\t<meta property=\"og:image:type\" content=\"image\/jpeg\" \/>\n<meta name=\"author\" content=\"junior\" \/>\n<meta name=\"twitter:card\" content=\"summary_large_image\" \/>\n<meta name=\"twitter:label1\" content=\"Written by\" \/>\n\t<meta name=\"twitter:data1\" content=\"junior\" \/>\n\t<meta name=\"twitter:label2\" content=\"Est. reading time\" \/>\n\t<meta name=\"twitter:data2\" content=\"1 minute\" \/>\n<script type=\"application\/ld+json\" class=\"yoast-schema-graph\">{\"@context\":\"https:\\\/\\\/schema.org\",\"@graph\":[{\"@type\":\"Article\",\"@id\":\"https:\\\/\\\/www.letsportsrock.com\\\/?p=57485#article\",\"isPartOf\":{\"@id\":\"https:\\\/\\\/www.letsportsrock.com\\\/?p=57485\"},\"author\":{\"name\":\"junior\",\"@id\":\"https:\\\/\\\/www.letsportsrock.com\\\/#\\\/schema\\\/person\\\/c197e412dd117367e9222812d143bcdf\"},\"headline\":\"E gata transferul lui Marius \u0218tef\u0103nescu! Cu oferte \u0219i de la Dinamo \u0219i CFR&#8230;..\",\"datePublished\":\"2025-07-29T14:33:23+00:00\",\"mainEntityOfPage\":{\"@id\":\"https:\\\/\\\/www.letsportsrock.com\\\/?p=57485\"},\"wordCount\":80,\"commentCount\":0,\"image\":{\"@id\":\"https:\\\/\\\/www.letsportsrock.com\\\/?p=57485#primaryimage\"},\"thumbnailUrl\":\"https:\\\/\\\/www.letsportsrock.com\\\/wp-content\\\/uploads\\\/2025\\\/07\\\/images-2025-07-29T135709.113.jpeg\",\"articleSection\":[\"FCSB\"],\"inLanguage\":\"en-US\",\"potentialAction\":[{\"@type\":\"CommentAction\",\"name\":\"Comment\",\"target\":[\"https:\\\/\\\/www.letsportsrock.com\\\/?p=57485#respond\"]}]},{\"@type\":\"WebPage\",\"@id\":\"https:\\\/\\\/www.letsportsrock.com\\\/?p=57485\",\"url\":\"https:\\\/\\\/www.letsportsrock.com\\\/?p=57485\",\"name\":\"E gata transferul lui Marius \u0218tef\u0103nescu! Cu oferte \u0219i de la Dinamo \u0219i CFR..... - letsportsrock\",\"isPartOf\":{\"@id\":\"https:\\\/\\\/www.letsportsrock.com\\\/#website\"},\"primaryImageOfPage\":{\"@id\":\"https:\\\/\\\/www.letsportsrock.com\\\/?p=57485#primaryimage\"},\"image\":{\"@id\":\"https:\\\/\\\/www.letsportsrock.com\\\/?p=57485#primaryimage\"},\"thumbnailUrl\":\"https:\\\/\\\/www.letsportsrock.com\\\/wp-content\\\/uploads\\\/2025\\\/07\\\/images-2025-07-29T135709.113.jpeg\",\"datePublished\":\"2025-07-29T14:33:23+00:00\",\"author\":{\"@id\":\"https:\\\/\\\/www.letsportsrock.com\\\/#\\\/schema\\\/person\\\/c197e412dd117367e9222812d143bcdf\"},\"breadcrumb\":{\"@id\":\"https:\\\/\\\/www.letsportsrock.com\\\/?p=57485#breadcrumb\"},\"inLanguage\":\"en-US\",\"potentialAction\":[{\"@type\":\"ReadAction\",\"target\":[\"https:\\\/\\\/www.letsportsrock.com\\\/?p=57485\"]}]},{\"@type\":\"ImageObject\",\"inLanguage\":\"en-US\",\"@id\":\"https:\\\/\\\/www.letsportsrock.com\\\/?p=57485#primaryimage\",\"url\":\"https:\\\/\\\/www.letsportsrock.com\\\/wp-content\\\/uploads\\\/2025\\\/07\\\/images-2025-07-29T135709.113.jpeg\",\"contentUrl\":\"https:\\\/\\\/www.letsportsrock.com\\\/wp-content\\\/uploads\\\/2025\\\/07\\\/images-2025-07-29T135709.113.jpeg\",\"width\":720,\"height\":382},{\"@type\":\"BreadcrumbList\",\"@id\":\"https:\\\/\\\/www.letsportsrock.com\\\/?p=57485#breadcrumb\",\"itemListElement\":[{\"@type\":\"ListItem\",\"position\":1,\"name\":\"Home\",\"item\":\"https:\\\/\\\/www.letsportsrock.com\\\/\"},{\"@type\":\"ListItem\",\"position\":2,\"name\":\"E gata transferul lui Marius \u0218tef\u0103nescu! Cu oferte \u0219i de la Dinamo \u0219i CFR&#8230;..\"}]},{\"@type\":\"WebSite\",\"@id\":\"https:\\\/\\\/www.letsportsrock.com\\\/#website\",\"url\":\"https:\\\/\\\/www.letsportsrock.com\\\/\",\"name\":\"letsportsrock\",\"description\":\"Sport News and Updates\",\"potentialAction\":[{\"@type\":\"SearchAction\",\"target\":{\"@type\":\"EntryPoint\",\"urlTemplate\":\"https:\\\/\\\/www.letsportsrock.com\\\/?s={search_term_string}\"},\"query-input\":{\"@type\":\"PropertyValueSpecification\",\"valueRequired\":true,\"valueName\":\"search_term_string\"}}],\"inLanguage\":\"en-US\"},{\"@type\":\"Person\",\"@id\":\"https:\\\/\\\/www.letsportsrock.com\\\/#\\\/schema\\\/person\\\/c197e412dd117367e9222812d143bcdf\",\"name\":\"junior\",\"image\":{\"@type\":\"ImageObject\",\"inLanguage\":\"en-US\",\"@id\":\"https:\\\/\\\/secure.gravatar.com\\\/avatar\\\/fe3349b489962813f1541b23d82e1858f7cc8acd665ccd28b9d2c29bc39627a3?s=96&d=mm&r=g\",\"url\":\"https:\\\/\\\/secure.gravatar.com\\\/avatar\\\/fe3349b489962813f1541b23d82e1858f7cc8acd665ccd28b9d2c29bc39627a3?s=96&d=mm&r=g\",\"contentUrl\":\"https:\\\/\\\/secure.gravatar.com\\\/avatar\\\/fe3349b489962813f1541b23d82e1858f7cc8acd665ccd28b9d2c29bc39627a3?s=96&d=mm&r=g\",\"caption\":\"junior\"},\"sameAs\":[\"https:\\\/\\\/www.letsportsrock.com\\\/wp-admin\\\/\"],\"url\":\"https:\\\/\\\/www.letsportsrock.com\\\/?author=20\"}]}<\/script>\n<!-- \/ Yoast SEO plugin. -->","yoast_head_json":{"title":"E gata transferul lui Marius \u0218tef\u0103nescu! Cu oferte \u0219i de la Dinamo \u0219i CFR..... - letsportsrock","robots":{"index":"index","follow":"follow","max-snippet":"max-snippet:-1","max-image-preview":"max-image-preview:large","max-video-preview":"max-video-preview:-1"},"canonical":"https:\/\/www.letsportsrock.com\/?p=57485","og_locale":"en_US","og_type":"article","og_title":"E gata transferul lui Marius \u0218tef\u0103nescu! Cu oferte \u0219i de la Dinamo \u0219i CFR..... - letsportsrock","og_description":"Povestea transferului lui Marius \u0218tef\u0103nescu de la FCSB pare c\u0103 a ajuns la final. Chiar dac\u0103 a avut oferte de la Dinamo \u0219i CFR Cluj, fotbalistul a ales alt\u0103 destina\u021bie. &nbsp; Gigi Becali a confirmat c\u0103 juc\u0103torul \u00een v\u00e2rst\u0103 de 26 de ani nu va r\u0103m\u00e2ne \u00een Superliga Rom\u00e2niei \u0219i a declarat c\u0103 acesta este [&hellip;]","og_url":"https:\/\/www.letsportsrock.com\/?p=57485","og_site_name":"letsportsrock","article_published_time":"2025-07-29T14:33:23+00:00","og_image":[{"width":720,"height":382,"url":"https:\/\/www.letsportsrock.com\/wp-content\/uploads\/2025\/07\/images-2025-07-29T135709.113.jpeg","type":"image\/jpeg"}],"author":"junior","twitter_card":"summary_large_image","twitter_misc":{"Written by":"junior","Est. reading time":"1 minute"},"schema":{"@context":"https:\/\/schema.org","@graph":[{"@type":"Article","@id":"https:\/\/www.letsportsrock.com\/?p=57485#article","isPartOf":{"@id":"https:\/\/www.letsportsrock.com\/?p=57485"},"author":{"name":"junior","@id":"https:\/\/www.letsportsrock.com\/#\/schema\/person\/c197e412dd117367e9222812d143bcdf"},"headline":"E gata transferul lui Marius \u0218tef\u0103nescu! Cu oferte \u0219i de la Dinamo \u0219i CFR&#8230;..","datePublished":"2025-07-29T14:33:23+00:00","mainEntityOfPage":{"@id":"https:\/\/www.letsportsrock.com\/?p=57485"},"wordCount":80,"commentCount":0,"image":{"@id":"https:\/\/www.letsportsrock.com\/?p=57485#primaryimage"},"thumbnailUrl":"https:\/\/www.letsportsrock.com\/wp-content\/uploads\/2025\/07\/images-2025-07-29T135709.113.jpeg","articleSection":["FCSB"],"inLanguage":"en-US","potentialAction":[{"@type":"CommentAction","name":"Comment","target":["https:\/\/www.letsportsrock.com\/?p=57485#respond"]}]},{"@type":"WebPage","@id":"https:\/\/www.letsportsrock.com\/?p=57485","url":"https:\/\/www.letsportsrock.com\/?p=57485","name":"E gata transferul lui Marius \u0218tef\u0103nescu! Cu oferte \u0219i de la Dinamo \u0219i CFR..... - letsportsrock","isPartOf":{"@id":"https:\/\/www.letsportsrock.com\/#website"},"primaryImageOfPage":{"@id":"https:\/\/www.letsportsrock.com\/?p=57485#primaryimage"},"image":{"@id":"https:\/\/www.letsportsrock.com\/?p=57485#primaryimage"},"thumbnailUrl":"https:\/\/www.letsportsrock.com\/wp-content\/uploads\/2025\/07\/images-2025-07-29T135709.113.jpeg","datePublished":"2025-07-29T14:33:23+00:00","author":{"@id":"https:\/\/www.letsportsrock.com\/#\/schema\/person\/c197e412dd117367e9222812d143bcdf"},"breadcrumb":{"@id":"https:\/\/www.letsportsrock.com\/?p=57485#breadcrumb"},"inLanguage":"en-US","potentialAction":[{"@type":"ReadAction","target":["https:\/\/www.letsportsrock.com\/?p=57485"]}]},{"@type":"ImageObject","inLanguage":"en-US","@id":"https:\/\/www.letsportsrock.com\/?p=57485#primaryimage","url":"https:\/\/www.letsportsrock.com\/wp-content\/uploads\/2025\/07\/images-2025-07-29T135709.113.jpeg","contentUrl":"https:\/\/www.letsportsrock.com\/wp-content\/uploads\/2025\/07\/images-2025-07-29T135709.113.jpeg","width":720,"height":382},{"@type":"BreadcrumbList","@id":"https:\/\/www.letsportsrock.com\/?p=57485#breadcrumb","itemListElement":[{"@type":"ListItem","position":1,"name":"Home","item":"https:\/\/www.letsportsrock.com\/"},{"@type":"ListItem","position":2,"name":"E gata transferul lui Marius \u0218tef\u0103nescu! Cu oferte \u0219i de la Dinamo \u0219i CFR&#8230;.."}]},{"@type":"WebSite","@id":"https:\/\/www.letsportsrock.com\/#website","url":"https:\/\/www.letsportsrock.com\/","name":"letsportsrock","description":"Sport News and Updates","potentialAction":[{"@type":"SearchAction","target":{"@type":"EntryPoint","urlTemplate":"https:\/\/www.letsportsrock.com\/?s={search_term_string}"},"query-input":{"@type":"PropertyValueSpecification","valueRequired":true,"valueName":"search_term_string"}}],"inLanguage":"en-US"},{"@type":"Person","@id":"https:\/\/www.letsportsrock.com\/#\/schema\/person\/c197e412dd117367e9222812d143bcdf","name":"junior","image":{"@type":"ImageObject","inLanguage":"en-US","@id":"https:\/\/secure.gravatar.com\/avatar\/fe3349b489962813f1541b23d82e1858f7cc8acd665ccd28b9d2c29bc39627a3?s=96&d=mm&r=g","url":"https:\/\/secure.gravatar.com\/avatar\/fe3349b489962813f1541b23d82e1858f7cc8acd665ccd28b9d2c29bc39627a3?s=96&d=mm&r=g","contentUrl":"https:\/\/secure.gravatar.com\/avatar\/fe3349b489962813f1541b23d82e1858f7cc8acd665ccd28b9d2c29bc39627a3?s=96&d=mm&r=g","caption":"junior"},"sameAs":["https:\/\/www.letsportsrock.com\/wp-admin\/"],"url":"https:\/\/www.letsportsrock.com\/?author=20"}]}},"jetpack_featured_media_url":"https:\/\/www.letsportsrock.com\/wp-content\/uploads\/2025\/07\/images-2025-07-29T135709.113.jpeg","jetpack_sharing_enabled":true,"_links":{"self":[{"href":"https:\/\/www.letsportsrock.com\/index.php?rest_route=\/wp\/v2\/posts\/57485","targetHints":{"allow":["GET"]}}],"collection":[{"href":"https:\/\/www.letsportsrock.com\/index.php?rest_route=\/wp\/v2\/posts"}],"about":[{"href":"https:\/\/www.letsportsrock.com\/index.php?rest_route=\/wp\/v2\/types\/post"}],"author":[{"embeddable":true,"href":"https:\/\/www.letsportsrock.com\/index.php?rest_route=\/wp\/v2\/users\/20"}],"replies":[{"embeddable":true,"href":"https:\/\/www.letsportsrock.com\/index.php?rest_route=%2Fwp%2Fv2%2Fcomments&post=57485"}],"version-history":[{"count":1,"href":"https:\/\/www.letsportsrock.com\/index.php?rest_route=\/wp\/v2\/posts\/57485\/revisions"}],"predecessor-version":[{"id":57486,"href":"https:\/\/www.letsportsrock.com\/index.php?rest_route=\/wp\/v2\/posts\/57485\/revisions\/57486"}],"wp:featuredmedia":[{"embeddable":true,"href":"https:\/\/www.letsportsrock.com\/index.php?rest_route=\/wp\/v2\/media\/57464"}],"wp:attachment":[{"href":"https:\/\/www.letsportsrock.com\/index.php?rest_route=%2Fwp%2Fv2%2Fmedia&parent=57485"}],"wp:term":[{"taxonomy":"category","embeddable":true,"href":"https:\/\/www.letsportsrock.com\/index.php?rest_route=%2Fwp%2Fv2%2Fcategories&post=57485"},{"taxonomy":"post_tag","embeddable":true,"href":"https:\/\/www.letsportsrock.com\/index.php?rest_route=%2Fwp%2Fv2%2Ftags&post=57485"}],"curies":[{"name":"wp","href":"https:\/\/api.w.org\/{rel}","templated":true}]}}