{"id":58026,"date":"2025-07-30T17:13:37","date_gmt":"2025-07-30T17:13:37","guid":{"rendered":"https:\/\/www.letsportsrock.com\/?p=58026"},"modified":"2025-07-30T17:13:37","modified_gmt":"2025-07-30T17:13:37","slug":"fostul-fundas-florin-gardos-a-povestit-cum-a-fost-la-un-pas-sa-ajunga-la-cfr-cluj-2","status":"publish","type":"post","link":"https:\/\/www.letsportsrock.com\/?p=58026","title":{"rendered":"Fostul funda\u0219 Florin Gardo\u0219 a povestit cum a fost la un pas s\u0103 ajung\u0103 la CFR Cluj!&#8230;"},"content":{"rendered":"<div class=\"d79db4796efc26332eabfc3f5dafbc76\" data-index=\"1\" style=\"float: none; margin:10px 0 10px 0; text-align:center;\">\n<div class=\"hb-ad-inarticle\">\r\n    <div class=\"hb-ad-inner\"> \r\n    <div class=\"hbagency_cls\"  id=\"hbagency_space_111930\"><\/div><\/div> <\/div>\n<\/div>\n<p>Fostul funda\u0219 Florin Gardo\u0219 a povestit cum a fost la un pas s\u0103 ajung\u0103 la CFR Cluj!&#8230;<\/p>\n<p>&nbsp;<\/p>\n<p>Fostul funda\u0219 al na\u021bionalei Rom\u00e2niei, Florin Gardo\u0219, a dezv\u0103luit recent c\u0103 a fost foarte aproape s\u0103 semneze cu CFR Cluj, \u00eentr-un moment crucial al carierei sale. Dup\u0103 desp\u0103r\u021birea de Universitatea Craiova, Gardo\u0219 c\u0103uta un nou \u00eenceput, iar campioana Rom\u00e2niei de la acea vreme p\u0103rea op\u021biunea ideal\u0103.<\/p>\n<p><img loading=\"lazy\" decoding=\"async\" class=\"alignnone size-medium wp-image-58033\" src=\"https:\/\/www.letsportsrock.com\/wp-content\/uploads\/2025\/07\/images-16-8-300x189.jpeg\" alt=\"\" width=\"300\" height=\"189\" srcset=\"https:\/\/www.letsportsrock.com\/wp-content\/uploads\/2025\/07\/images-16-8-300x189.jpeg 300w, https:\/\/www.letsportsrock.com\/wp-content\/uploads\/2025\/07\/images-16-8.jpeg 590w\" sizes=\"auto, (max-width: 300px) 100vw, 300px\" \/><\/p>\n<p>\u201eAm avut discu\u021bii avansate cu CFR, totul p\u0103rea stabilit. Doar semn\u0103tura mai lipsea\u201d, a declarat Gardo\u0219 \u00eentr-un interviu. Cu toate acestea, transferul a picat \u00een ultimul moment, din motive care au r\u0103mas neclare, dar care par legate de probleme de strategie intern\u0103 sau schimb\u0103ri de ultim\u0103 or\u0103 \u00een conducere.<\/p>\n<p>&nbsp;<\/p>\n<p>Funda\u0219ul a mai spus c\u0103 regret\u0103 c\u0103 mutarea nu s-a concretizat, fiindc\u0103 \u0219i-ar fi dorit s\u0103 joace pentru un club cu tradi\u021bie \u00een cupele europene. \u00cen cele din urm\u0103, Gardo\u0219 a ales un alt drum, dar momentul r\u0103m\u00e2ne un \u201ece-ar fi fost dac\u0103\u201d \u00een cariera sa.<\/p>\n<p>&nbsp;<\/p>\n<p> Acum retras, Gardo\u0219 \u00ee\u0219i dedic\u0103 timpul analizei fotbalului \u0219i proiectelor personale.<\/p>\n\n<div style=\"font-size: 0px; height: 0px; line-height: 0px; margin: 0; padding: 0; clear: both;\"><\/div>","protected":false},"excerpt":{"rendered":"<p>Fostul funda\u0219 Florin Gardo\u0219 a povestit cum a fost la un pas s\u0103 ajung\u0103 la CFR Cluj!&#8230; &nbsp; Fostul funda\u0219 al na\u021bionalei Rom\u00e2niei, Florin Gardo\u0219, a dezv\u0103luit recent c\u0103 a fost foarte aproape s\u0103 semneze cu CFR Cluj, \u00eentr-un moment crucial al carierei sale. Dup\u0103 desp\u0103r\u021birea de Universitatea Craiova, Gardo\u0219 c\u0103uta un nou \u00eenceput, iar [&hellip;]<\/p>\n","protected":false},"author":15,"featured_media":58031,"comment_status":"open","ping_status":"open","sticky":false,"template":"","format":"standard","meta":{"_jetpack_memberships_contains_paid_content":false,"footnotes":""},"categories":[1],"tags":[264],"class_list":["post-58026","post","type-post","status-publish","format-standard","has-post-thumbnail","hentry","category-uncategorized","tag-fcsb"],"yoast_head":"<!-- This site is optimized with the Yoast SEO plugin v27.5 - https:\/\/yoast.com\/product\/yoast-seo-wordpress\/ -->\n<title>Fostul funda\u0219 Florin Gardo\u0219 a povestit cum a fost la un pas s\u0103 ajung\u0103 la CFR Cluj!...<\/title>\n<meta name=\"description\" content=\"Fostul funda\u0219 Florin Gardo\u0219 a povestit cum a fost la un pas s\u0103 ajung\u0103 la CFR Cluj!...\" \/>\n<meta name=\"robots\" content=\"index, follow, max-snippet:-1, max-image-preview:large, max-video-preview:-1\" \/>\n<link rel=\"canonical\" href=\"https:\/\/www.letsportsrock.com\/?p=58026\" \/>\n<meta property=\"og:locale\" content=\"en_US\" \/>\n<meta property=\"og:type\" content=\"article\" \/>\n<meta property=\"og:title\" content=\"Fostul funda\u0219 Florin Gardo\u0219 a povestit cum a fost la un pas s\u0103 ajung\u0103 la CFR Cluj!...\" \/>\n<meta property=\"og:description\" content=\"Fostul funda\u0219 Florin Gardo\u0219 a povestit cum a fost la un pas s\u0103 ajung\u0103 la CFR Cluj!...\" \/>\n<meta property=\"og:url\" content=\"https:\/\/www.letsportsrock.com\/?p=58026\" \/>\n<meta property=\"og:site_name\" content=\"letsportsrock\" \/>\n<meta property=\"article:published_time\" content=\"2025-07-30T17:13:37+00:00\" \/>\n<meta property=\"og:image\" content=\"https:\/\/www.letsportsrock.com\/wp-content\/uploads\/2025\/07\/images-15-8.jpeg\" \/>\n\t<meta property=\"og:image:width\" content=\"686\" \/>\n\t<meta property=\"og:image:height\" content=\"447\" \/>\n\t<meta property=\"og:image:type\" content=\"image\/jpeg\" \/>\n<meta name=\"author\" content=\"Amos Nabizo\" \/>\n<meta name=\"twitter:card\" content=\"summary_large_image\" \/>\n<meta name=\"twitter:label1\" content=\"Written by\" \/>\n\t<meta name=\"twitter:data1\" content=\"Amos Nabizo\" \/>\n\t<meta name=\"twitter:label2\" content=\"Est. reading time\" \/>\n\t<meta name=\"twitter:data2\" content=\"2 minutes\" \/>\n<script type=\"application\/ld+json\" class=\"yoast-schema-graph\">{\"@context\":\"https:\\\/\\\/schema.org\",\"@graph\":[{\"@type\":\"Article\",\"@id\":\"https:\\\/\\\/www.letsportsrock.com\\\/?p=58026#article\",\"isPartOf\":{\"@id\":\"https:\\\/\\\/www.letsportsrock.com\\\/?p=58026\"},\"author\":{\"name\":\"Amos Nabizo\",\"@id\":\"https:\\\/\\\/www.letsportsrock.com\\\/#\\\/schema\\\/person\\\/044479f72bdbd75f9523e745d3be6c30\"},\"headline\":\"Fostul funda\u0219 Florin Gardo\u0219 a povestit cum a fost la un pas s\u0103 ajung\u0103 la CFR Cluj!&#8230;\",\"datePublished\":\"2025-07-30T17:13:37+00:00\",\"mainEntityOfPage\":{\"@id\":\"https:\\\/\\\/www.letsportsrock.com\\\/?p=58026\"},\"wordCount\":207,\"commentCount\":0,\"image\":{\"@id\":\"https:\\\/\\\/www.letsportsrock.com\\\/?p=58026#primaryimage\"},\"thumbnailUrl\":\"https:\\\/\\\/www.letsportsrock.com\\\/wp-content\\\/uploads\\\/2025\\\/07\\\/images-15-8.jpeg\",\"keywords\":[\"FCSB\"],\"inLanguage\":\"en-US\",\"potentialAction\":[{\"@type\":\"CommentAction\",\"name\":\"Comment\",\"target\":[\"https:\\\/\\\/www.letsportsrock.com\\\/?p=58026#respond\"]}]},{\"@type\":\"WebPage\",\"@id\":\"https:\\\/\\\/www.letsportsrock.com\\\/?p=58026\",\"url\":\"https:\\\/\\\/www.letsportsrock.com\\\/?p=58026\",\"name\":\"Fostul funda\u0219 Florin Gardo\u0219 a povestit cum a fost la un pas s\u0103 ajung\u0103 la CFR Cluj!...\",\"isPartOf\":{\"@id\":\"https:\\\/\\\/www.letsportsrock.com\\\/#website\"},\"primaryImageOfPage\":{\"@id\":\"https:\\\/\\\/www.letsportsrock.com\\\/?p=58026#primaryimage\"},\"image\":{\"@id\":\"https:\\\/\\\/www.letsportsrock.com\\\/?p=58026#primaryimage\"},\"thumbnailUrl\":\"https:\\\/\\\/www.letsportsrock.com\\\/wp-content\\\/uploads\\\/2025\\\/07\\\/images-15-8.jpeg\",\"datePublished\":\"2025-07-30T17:13:37+00:00\",\"author\":{\"@id\":\"https:\\\/\\\/www.letsportsrock.com\\\/#\\\/schema\\\/person\\\/044479f72bdbd75f9523e745d3be6c30\"},\"description\":\"Fostul funda\u0219 Florin Gardo\u0219 a povestit cum a fost la un pas s\u0103 ajung\u0103 la CFR Cluj!...\",\"breadcrumb\":{\"@id\":\"https:\\\/\\\/www.letsportsrock.com\\\/?p=58026#breadcrumb\"},\"inLanguage\":\"en-US\",\"potentialAction\":[{\"@type\":\"ReadAction\",\"target\":[\"https:\\\/\\\/www.letsportsrock.com\\\/?p=58026\"]}]},{\"@type\":\"ImageObject\",\"inLanguage\":\"en-US\",\"@id\":\"https:\\\/\\\/www.letsportsrock.com\\\/?p=58026#primaryimage\",\"url\":\"https:\\\/\\\/www.letsportsrock.com\\\/wp-content\\\/uploads\\\/2025\\\/07\\\/images-15-8.jpeg\",\"contentUrl\":\"https:\\\/\\\/www.letsportsrock.com\\\/wp-content\\\/uploads\\\/2025\\\/07\\\/images-15-8.jpeg\",\"width\":686,\"height\":447},{\"@type\":\"BreadcrumbList\",\"@id\":\"https:\\\/\\\/www.letsportsrock.com\\\/?p=58026#breadcrumb\",\"itemListElement\":[{\"@type\":\"ListItem\",\"position\":1,\"name\":\"Home\",\"item\":\"https:\\\/\\\/www.letsportsrock.com\\\/\"},{\"@type\":\"ListItem\",\"position\":2,\"name\":\"Fostul funda\u0219 Florin Gardo\u0219 a povestit cum a fost la un pas s\u0103 ajung\u0103 la CFR Cluj!&#8230;\"}]},{\"@type\":\"WebSite\",\"@id\":\"https:\\\/\\\/www.letsportsrock.com\\\/#website\",\"url\":\"https:\\\/\\\/www.letsportsrock.com\\\/\",\"name\":\"letsportsrock\",\"description\":\"Sport News and Updates\",\"potentialAction\":[{\"@type\":\"SearchAction\",\"target\":{\"@type\":\"EntryPoint\",\"urlTemplate\":\"https:\\\/\\\/www.letsportsrock.com\\\/?s={search_term_string}\"},\"query-input\":{\"@type\":\"PropertyValueSpecification\",\"valueRequired\":true,\"valueName\":\"search_term_string\"}}],\"inLanguage\":\"en-US\"},{\"@type\":\"Person\",\"@id\":\"https:\\\/\\\/www.letsportsrock.com\\\/#\\\/schema\\\/person\\\/044479f72bdbd75f9523e745d3be6c30\",\"name\":\"Amos Nabizo\",\"image\":{\"@type\":\"ImageObject\",\"inLanguage\":\"en-US\",\"@id\":\"https:\\\/\\\/secure.gravatar.com\\\/avatar\\\/d569857c07d3899c6ca842ffea32daa1672c05549833530fe37e68ae7b521ba4?s=96&d=mm&r=g\",\"url\":\"https:\\\/\\\/secure.gravatar.com\\\/avatar\\\/d569857c07d3899c6ca842ffea32daa1672c05549833530fe37e68ae7b521ba4?s=96&d=mm&r=g\",\"contentUrl\":\"https:\\\/\\\/secure.gravatar.com\\\/avatar\\\/d569857c07d3899c6ca842ffea32daa1672c05549833530fe37e68ae7b521ba4?s=96&d=mm&r=g\",\"caption\":\"Amos Nabizo\"},\"sameAs\":[\"https:\\\/\\\/www.letsportsrock.com\\\/wp-admin\\\/\"],\"url\":\"https:\\\/\\\/www.letsportsrock.com\\\/?author=15\"}]}<\/script>\n<!-- \/ Yoast SEO plugin. -->","yoast_head_json":{"title":"Fostul funda\u0219 Florin Gardo\u0219 a povestit cum a fost la un pas s\u0103 ajung\u0103 la CFR Cluj!...","description":"Fostul funda\u0219 Florin Gardo\u0219 a povestit cum a fost la un pas s\u0103 ajung\u0103 la CFR Cluj!...","robots":{"index":"index","follow":"follow","max-snippet":"max-snippet:-1","max-image-preview":"max-image-preview:large","max-video-preview":"max-video-preview:-1"},"canonical":"https:\/\/www.letsportsrock.com\/?p=58026","og_locale":"en_US","og_type":"article","og_title":"Fostul funda\u0219 Florin Gardo\u0219 a povestit cum a fost la un pas s\u0103 ajung\u0103 la CFR Cluj!...","og_description":"Fostul funda\u0219 Florin Gardo\u0219 a povestit cum a fost la un pas s\u0103 ajung\u0103 la CFR Cluj!...","og_url":"https:\/\/www.letsportsrock.com\/?p=58026","og_site_name":"letsportsrock","article_published_time":"2025-07-30T17:13:37+00:00","og_image":[{"width":686,"height":447,"url":"https:\/\/www.letsportsrock.com\/wp-content\/uploads\/2025\/07\/images-15-8.jpeg","type":"image\/jpeg"}],"author":"Amos Nabizo","twitter_card":"summary_large_image","twitter_misc":{"Written by":"Amos Nabizo","Est. reading time":"2 minutes"},"schema":{"@context":"https:\/\/schema.org","@graph":[{"@type":"Article","@id":"https:\/\/www.letsportsrock.com\/?p=58026#article","isPartOf":{"@id":"https:\/\/www.letsportsrock.com\/?p=58026"},"author":{"name":"Amos Nabizo","@id":"https:\/\/www.letsportsrock.com\/#\/schema\/person\/044479f72bdbd75f9523e745d3be6c30"},"headline":"Fostul funda\u0219 Florin Gardo\u0219 a povestit cum a fost la un pas s\u0103 ajung\u0103 la CFR Cluj!&#8230;","datePublished":"2025-07-30T17:13:37+00:00","mainEntityOfPage":{"@id":"https:\/\/www.letsportsrock.com\/?p=58026"},"wordCount":207,"commentCount":0,"image":{"@id":"https:\/\/www.letsportsrock.com\/?p=58026#primaryimage"},"thumbnailUrl":"https:\/\/www.letsportsrock.com\/wp-content\/uploads\/2025\/07\/images-15-8.jpeg","keywords":["FCSB"],"inLanguage":"en-US","potentialAction":[{"@type":"CommentAction","name":"Comment","target":["https:\/\/www.letsportsrock.com\/?p=58026#respond"]}]},{"@type":"WebPage","@id":"https:\/\/www.letsportsrock.com\/?p=58026","url":"https:\/\/www.letsportsrock.com\/?p=58026","name":"Fostul funda\u0219 Florin Gardo\u0219 a povestit cum a fost la un pas s\u0103 ajung\u0103 la CFR Cluj!...","isPartOf":{"@id":"https:\/\/www.letsportsrock.com\/#website"},"primaryImageOfPage":{"@id":"https:\/\/www.letsportsrock.com\/?p=58026#primaryimage"},"image":{"@id":"https:\/\/www.letsportsrock.com\/?p=58026#primaryimage"},"thumbnailUrl":"https:\/\/www.letsportsrock.com\/wp-content\/uploads\/2025\/07\/images-15-8.jpeg","datePublished":"2025-07-30T17:13:37+00:00","author":{"@id":"https:\/\/www.letsportsrock.com\/#\/schema\/person\/044479f72bdbd75f9523e745d3be6c30"},"description":"Fostul funda\u0219 Florin Gardo\u0219 a povestit cum a fost la un pas s\u0103 ajung\u0103 la CFR Cluj!...","breadcrumb":{"@id":"https:\/\/www.letsportsrock.com\/?p=58026#breadcrumb"},"inLanguage":"en-US","potentialAction":[{"@type":"ReadAction","target":["https:\/\/www.letsportsrock.com\/?p=58026"]}]},{"@type":"ImageObject","inLanguage":"en-US","@id":"https:\/\/www.letsportsrock.com\/?p=58026#primaryimage","url":"https:\/\/www.letsportsrock.com\/wp-content\/uploads\/2025\/07\/images-15-8.jpeg","contentUrl":"https:\/\/www.letsportsrock.com\/wp-content\/uploads\/2025\/07\/images-15-8.jpeg","width":686,"height":447},{"@type":"BreadcrumbList","@id":"https:\/\/www.letsportsrock.com\/?p=58026#breadcrumb","itemListElement":[{"@type":"ListItem","position":1,"name":"Home","item":"https:\/\/www.letsportsrock.com\/"},{"@type":"ListItem","position":2,"name":"Fostul funda\u0219 Florin Gardo\u0219 a povestit cum a fost la un pas s\u0103 ajung\u0103 la CFR Cluj!&#8230;"}]},{"@type":"WebSite","@id":"https:\/\/www.letsportsrock.com\/#website","url":"https:\/\/www.letsportsrock.com\/","name":"letsportsrock","description":"Sport News and Updates","potentialAction":[{"@type":"SearchAction","target":{"@type":"EntryPoint","urlTemplate":"https:\/\/www.letsportsrock.com\/?s={search_term_string}"},"query-input":{"@type":"PropertyValueSpecification","valueRequired":true,"valueName":"search_term_string"}}],"inLanguage":"en-US"},{"@type":"Person","@id":"https:\/\/www.letsportsrock.com\/#\/schema\/person\/044479f72bdbd75f9523e745d3be6c30","name":"Amos Nabizo","image":{"@type":"ImageObject","inLanguage":"en-US","@id":"https:\/\/secure.gravatar.com\/avatar\/d569857c07d3899c6ca842ffea32daa1672c05549833530fe37e68ae7b521ba4?s=96&d=mm&r=g","url":"https:\/\/secure.gravatar.com\/avatar\/d569857c07d3899c6ca842ffea32daa1672c05549833530fe37e68ae7b521ba4?s=96&d=mm&r=g","contentUrl":"https:\/\/secure.gravatar.com\/avatar\/d569857c07d3899c6ca842ffea32daa1672c05549833530fe37e68ae7b521ba4?s=96&d=mm&r=g","caption":"Amos Nabizo"},"sameAs":["https:\/\/www.letsportsrock.com\/wp-admin\/"],"url":"https:\/\/www.letsportsrock.com\/?author=15"}]}},"jetpack_featured_media_url":"https:\/\/www.letsportsrock.com\/wp-content\/uploads\/2025\/07\/images-15-8.jpeg","jetpack_sharing_enabled":true,"_links":{"self":[{"href":"https:\/\/www.letsportsrock.com\/index.php?rest_route=\/wp\/v2\/posts\/58026","targetHints":{"allow":["GET"]}}],"collection":[{"href":"https:\/\/www.letsportsrock.com\/index.php?rest_route=\/wp\/v2\/posts"}],"about":[{"href":"https:\/\/www.letsportsrock.com\/index.php?rest_route=\/wp\/v2\/types\/post"}],"author":[{"embeddable":true,"href":"https:\/\/www.letsportsrock.com\/index.php?rest_route=\/wp\/v2\/users\/15"}],"replies":[{"embeddable":true,"href":"https:\/\/www.letsportsrock.com\/index.php?rest_route=%2Fwp%2Fv2%2Fcomments&post=58026"}],"version-history":[{"count":1,"href":"https:\/\/www.letsportsrock.com\/index.php?rest_route=\/wp\/v2\/posts\/58026\/revisions"}],"predecessor-version":[{"id":58034,"href":"https:\/\/www.letsportsrock.com\/index.php?rest_route=\/wp\/v2\/posts\/58026\/revisions\/58034"}],"wp:featuredmedia":[{"embeddable":true,"href":"https:\/\/www.letsportsrock.com\/index.php?rest_route=\/wp\/v2\/media\/58031"}],"wp:attachment":[{"href":"https:\/\/www.letsportsrock.com\/index.php?rest_route=%2Fwp%2Fv2%2Fmedia&parent=58026"}],"wp:term":[{"taxonomy":"category","embeddable":true,"href":"https:\/\/www.letsportsrock.com\/index.php?rest_route=%2Fwp%2Fv2%2Fcategories&post=58026"},{"taxonomy":"post_tag","embeddable":true,"href":"https:\/\/www.letsportsrock.com\/index.php?rest_route=%2Fwp%2Fv2%2Ftags&post=58026"}],"curies":[{"name":"wp","href":"https:\/\/api.w.org\/{rel}","templated":true}]}}