{"id":58476,"date":"2025-08-01T22:40:19","date_gmt":"2025-08-01T22:40:19","guid":{"rendered":"https:\/\/www.letsportsrock.com\/?p=58476"},"modified":"2025-08-01T22:40:19","modified_gmt":"2025-08-01T22:40:19","slug":"bomba-de-transferuri-pe-piata-fotbalistica-sheriff-a-semnat-cu-cfr-cluj-starnind-agitatie-in-superliga","status":"publish","type":"post","link":"https:\/\/www.letsportsrock.com\/?p=58476","title":{"rendered":"Bomb\u0103 de transferuri pe pia\u021ba fotbalistic\u0103: sheriff a semnat cu CFR Cluj, st\u00e2rnind agita\u021bie \u00een Superlig\u0103&#8230;.."},"content":{"rendered":"<div class=\"d79db4796efc26332eabfc3f5dafbc76\" data-index=\"1\" style=\"float: none; margin:10px 0 10px 0; text-align:center;\">\n<div class=\"hb-ad-inarticle\">\r\n    <div class=\"hb-ad-inner\"> \r\n    <div class=\"hbagency_cls\"  id=\"hbagency_space_111930\"><\/div><\/div> <\/div>\n<\/div>\n<p>Bomb\u0103 de transferuri pe pia\u021ba fotbalistic\u0103: Sheriff a semnat cu CFR Cluj, st\u00e2rnind agita\u021bie \u00een Superlig\u0103<\/p>\n<p>&nbsp;<\/p>\n<p>Transferul surpriz\u0103 al verii a fost oficializat: Sheriff Tiraspol a semnat cu CFR Cluj! De\u0219i, la prima vedere, titlul pare o confuzie, \u00een realitate este vorba despre un juc\u0103tor de la campioana Moldovei, Sheriff Tiraspol, care a fost achizi\u021bionat de forma\u021bia ardelean\u0103.<\/p>\n<p><img loading=\"lazy\" decoding=\"async\" class=\"alignnone size-medium wp-image-58478\" src=\"https:\/\/www.letsportsrock.com\/wp-content\/uploads\/2025\/08\/images-2025-08-01T233824.437-300x211.jpeg\" alt=\"\" width=\"300\" height=\"211\" srcset=\"https:\/\/www.letsportsrock.com\/wp-content\/uploads\/2025\/08\/images-2025-08-01T233824.437-300x211.jpeg 300w, https:\/\/www.letsportsrock.com\/wp-content\/uploads\/2025\/08\/images-2025-08-01T233824.437.jpeg 661w\" sizes=\"auto, (max-width: 300px) 100vw, 300px\" \/><\/p>\n<p>Mutarea a creat agita\u021bie \u00een Superlig\u0103, mai ales datorit\u0103 reputa\u021biei clubului moldovean, care a impresionat \u00een Europa \u00een ultimii ani, inclusiv prin victoria istoric\u0103 \u00een fa\u021ba lui Real Madrid.<\/p>\n<p>&nbsp;<\/p>\n<p>Juc\u0103torul transferat, al c\u0103rui nume urmeaz\u0103 s\u0103 fie confirmat oficial, este un mijloca\u0219 ofensiv cotat drept unul dintre cei mai promi\u021b\u0103tori din campionatul moldovean.<\/p>\n<p>&nbsp;<\/p>\n<p>Prin aceast\u0103 mutare, CFR Cluj \u00ee\u0219i consolideaz\u0103 lotul pentru lupta la titlu \u0219i pentru participarea \u00een cupele europene. Reac\u021biile fanilor nu au \u00eent\u00e2rziat s\u0103 apar\u0103, mul\u021bi consider\u00e2nd c\u0103 este una dintre cele mai inteligente mi\u0219c\u0103ri ale conducerii clujene din ultimii ani. \u00cen contextul unei competi\u021bii tot mai str\u00e2nse \u00een Superlig\u0103, acest transfer ar putea \u00eenclina balan\u021ba \u00een favoarea ardelenilor.<\/p>\n\n<div style=\"font-size: 0px; height: 0px; line-height: 0px; margin: 0; padding: 0; clear: both;\"><\/div>","protected":false},"excerpt":{"rendered":"<p>Bomb\u0103 de transferuri pe pia\u021ba fotbalistic\u0103: Sheriff a semnat cu CFR Cluj, st\u00e2rnind agita\u021bie \u00een Superlig\u0103 &nbsp; Transferul surpriz\u0103 al verii a fost oficializat: Sheriff Tiraspol a semnat cu CFR Cluj! De\u0219i, la prima vedere, titlul pare o confuzie, \u00een realitate este vorba despre un juc\u0103tor de la campioana Moldovei, Sheriff Tiraspol, care a fost [&hellip;]<\/p>\n","protected":false},"author":17,"featured_media":58477,"comment_status":"open","ping_status":"open","sticky":false,"template":"","format":"standard","meta":{"_jetpack_memberships_contains_paid_content":false,"footnotes":""},"categories":[1],"tags":[666],"class_list":["post-58476","post","type-post","status-publish","format-standard","has-post-thumbnail","hentry","category-uncategorized","tag-cfr-istii"],"yoast_head":"<!-- This site is optimized with the Yoast SEO plugin v27.4 - https:\/\/yoast.com\/product\/yoast-seo-wordpress\/ -->\n<title>Bomb\u0103 de transferuri pe pia\u021ba fotbalistic\u0103: sheriff a semnat cu<\/title>\n<meta name=\"description\" content=\"Bomb\u0103 de transferuri pe pia\u021ba fotbalistic\u0103: sheriff a semnat cu CFR Cluj, st\u00e2rnind agita\u021bie \u00een Superlig\u0103.....\" \/>\n<meta name=\"robots\" content=\"index, follow, max-snippet:-1, max-image-preview:large, max-video-preview:-1\" \/>\n<link rel=\"canonical\" href=\"https:\/\/www.letsportsrock.com\/?p=58476\" \/>\n<meta property=\"og:locale\" content=\"en_US\" \/>\n<meta property=\"og:type\" content=\"article\" \/>\n<meta property=\"og:title\" content=\"Bomb\u0103 de transferuri pe pia\u021ba fotbalistic\u0103: sheriff a semnat cu\" \/>\n<meta property=\"og:description\" content=\"Bomb\u0103 de transferuri pe pia\u021ba fotbalistic\u0103: sheriff a semnat cu CFR Cluj, st\u00e2rnind agita\u021bie \u00een Superlig\u0103.....\" \/>\n<meta property=\"og:url\" content=\"https:\/\/www.letsportsrock.com\/?p=58476\" \/>\n<meta property=\"og:site_name\" content=\"letsportsrock\" \/>\n<meta property=\"article:published_time\" content=\"2025-08-01T22:40:19+00:00\" \/>\n<meta property=\"og:image\" content=\"https:\/\/www.letsportsrock.com\/wp-content\/uploads\/2025\/08\/images-2025-08-01T233757.287.jpeg\" \/>\n\t<meta property=\"og:image:width\" content=\"640\" \/>\n\t<meta property=\"og:image:height\" content=\"480\" \/>\n\t<meta property=\"og:image:type\" content=\"image\/jpeg\" \/>\n<meta name=\"author\" content=\"Orbem Saviour\" \/>\n<meta name=\"twitter:card\" content=\"summary_large_image\" \/>\n<meta name=\"twitter:label1\" content=\"Written by\" \/>\n\t<meta name=\"twitter:data1\" content=\"Orbem Saviour\" \/>\n\t<meta name=\"twitter:label2\" content=\"Est. reading time\" \/>\n\t<meta name=\"twitter:data2\" content=\"2 minutes\" \/>\n<script type=\"application\/ld+json\" class=\"yoast-schema-graph\">{\"@context\":\"https:\\\/\\\/schema.org\",\"@graph\":[{\"@type\":\"Article\",\"@id\":\"https:\\\/\\\/www.letsportsrock.com\\\/?p=58476#article\",\"isPartOf\":{\"@id\":\"https:\\\/\\\/www.letsportsrock.com\\\/?p=58476\"},\"author\":{\"name\":\"Orbem Saviour\",\"@id\":\"https:\\\/\\\/www.letsportsrock.com\\\/#\\\/schema\\\/person\\\/f4a534dcb6a60eaed40b31bfcef0f6b8\"},\"headline\":\"Bomb\u0103 de transferuri pe pia\u021ba fotbalistic\u0103: sheriff a semnat cu CFR Cluj, st\u00e2rnind agita\u021bie \u00een Superlig\u0103&#8230;..\",\"datePublished\":\"2025-08-01T22:40:19+00:00\",\"mainEntityOfPage\":{\"@id\":\"https:\\\/\\\/www.letsportsrock.com\\\/?p=58476\"},\"wordCount\":214,\"commentCount\":0,\"image\":{\"@id\":\"https:\\\/\\\/www.letsportsrock.com\\\/?p=58476#primaryimage\"},\"thumbnailUrl\":\"https:\\\/\\\/www.letsportsrock.com\\\/wp-content\\\/uploads\\\/2025\\\/08\\\/images-2025-08-01T233757.287.jpeg\",\"keywords\":[\"CFR I\u0218TII\"],\"inLanguage\":\"en-US\",\"potentialAction\":[{\"@type\":\"CommentAction\",\"name\":\"Comment\",\"target\":[\"https:\\\/\\\/www.letsportsrock.com\\\/?p=58476#respond\"]}]},{\"@type\":\"WebPage\",\"@id\":\"https:\\\/\\\/www.letsportsrock.com\\\/?p=58476\",\"url\":\"https:\\\/\\\/www.letsportsrock.com\\\/?p=58476\",\"name\":\"Bomb\u0103 de transferuri pe pia\u021ba fotbalistic\u0103: sheriff a semnat cu\",\"isPartOf\":{\"@id\":\"https:\\\/\\\/www.letsportsrock.com\\\/#website\"},\"primaryImageOfPage\":{\"@id\":\"https:\\\/\\\/www.letsportsrock.com\\\/?p=58476#primaryimage\"},\"image\":{\"@id\":\"https:\\\/\\\/www.letsportsrock.com\\\/?p=58476#primaryimage\"},\"thumbnailUrl\":\"https:\\\/\\\/www.letsportsrock.com\\\/wp-content\\\/uploads\\\/2025\\\/08\\\/images-2025-08-01T233757.287.jpeg\",\"datePublished\":\"2025-08-01T22:40:19+00:00\",\"author\":{\"@id\":\"https:\\\/\\\/www.letsportsrock.com\\\/#\\\/schema\\\/person\\\/f4a534dcb6a60eaed40b31bfcef0f6b8\"},\"description\":\"Bomb\u0103 de transferuri pe pia\u021ba fotbalistic\u0103: sheriff a semnat cu CFR Cluj, st\u00e2rnind agita\u021bie \u00een Superlig\u0103.....\",\"breadcrumb\":{\"@id\":\"https:\\\/\\\/www.letsportsrock.com\\\/?p=58476#breadcrumb\"},\"inLanguage\":\"en-US\",\"potentialAction\":[{\"@type\":\"ReadAction\",\"target\":[\"https:\\\/\\\/www.letsportsrock.com\\\/?p=58476\"]}]},{\"@type\":\"ImageObject\",\"inLanguage\":\"en-US\",\"@id\":\"https:\\\/\\\/www.letsportsrock.com\\\/?p=58476#primaryimage\",\"url\":\"https:\\\/\\\/www.letsportsrock.com\\\/wp-content\\\/uploads\\\/2025\\\/08\\\/images-2025-08-01T233757.287.jpeg\",\"contentUrl\":\"https:\\\/\\\/www.letsportsrock.com\\\/wp-content\\\/uploads\\\/2025\\\/08\\\/images-2025-08-01T233757.287.jpeg\",\"width\":640,\"height\":480},{\"@type\":\"BreadcrumbList\",\"@id\":\"https:\\\/\\\/www.letsportsrock.com\\\/?p=58476#breadcrumb\",\"itemListElement\":[{\"@type\":\"ListItem\",\"position\":1,\"name\":\"Home\",\"item\":\"https:\\\/\\\/www.letsportsrock.com\\\/\"},{\"@type\":\"ListItem\",\"position\":2,\"name\":\"Bomb\u0103 de transferuri pe pia\u021ba fotbalistic\u0103: sheriff a semnat cu CFR Cluj, st\u00e2rnind agita\u021bie \u00een Superlig\u0103&#8230;..\"}]},{\"@type\":\"WebSite\",\"@id\":\"https:\\\/\\\/www.letsportsrock.com\\\/#website\",\"url\":\"https:\\\/\\\/www.letsportsrock.com\\\/\",\"name\":\"letsportsrock\",\"description\":\"Sport News and Updates\",\"potentialAction\":[{\"@type\":\"SearchAction\",\"target\":{\"@type\":\"EntryPoint\",\"urlTemplate\":\"https:\\\/\\\/www.letsportsrock.com\\\/?s={search_term_string}\"},\"query-input\":{\"@type\":\"PropertyValueSpecification\",\"valueRequired\":true,\"valueName\":\"search_term_string\"}}],\"inLanguage\":\"en-US\"},{\"@type\":\"Person\",\"@id\":\"https:\\\/\\\/www.letsportsrock.com\\\/#\\\/schema\\\/person\\\/f4a534dcb6a60eaed40b31bfcef0f6b8\",\"name\":\"Orbem Saviour\",\"image\":{\"@type\":\"ImageObject\",\"inLanguage\":\"en-US\",\"@id\":\"https:\\\/\\\/secure.gravatar.com\\\/avatar\\\/c2e9c1135ee0d9ea60350ee25415caf4ca365a56af0382637882e8392bdcaedd?s=96&d=mm&r=g\",\"url\":\"https:\\\/\\\/secure.gravatar.com\\\/avatar\\\/c2e9c1135ee0d9ea60350ee25415caf4ca365a56af0382637882e8392bdcaedd?s=96&d=mm&r=g\",\"contentUrl\":\"https:\\\/\\\/secure.gravatar.com\\\/avatar\\\/c2e9c1135ee0d9ea60350ee25415caf4ca365a56af0382637882e8392bdcaedd?s=96&d=mm&r=g\",\"caption\":\"Orbem Saviour\"},\"sameAs\":[\"https:\\\/\\\/www.letsportsrock.com\\\/wp-admin\\\/\"],\"url\":\"https:\\\/\\\/www.letsportsrock.com\\\/?author=17\"}]}<\/script>\n<!-- \/ Yoast SEO plugin. -->","yoast_head_json":{"title":"Bomb\u0103 de transferuri pe pia\u021ba fotbalistic\u0103: sheriff a semnat cu","description":"Bomb\u0103 de transferuri pe pia\u021ba fotbalistic\u0103: sheriff a semnat cu CFR Cluj, st\u00e2rnind agita\u021bie \u00een Superlig\u0103.....","robots":{"index":"index","follow":"follow","max-snippet":"max-snippet:-1","max-image-preview":"max-image-preview:large","max-video-preview":"max-video-preview:-1"},"canonical":"https:\/\/www.letsportsrock.com\/?p=58476","og_locale":"en_US","og_type":"article","og_title":"Bomb\u0103 de transferuri pe pia\u021ba fotbalistic\u0103: sheriff a semnat cu","og_description":"Bomb\u0103 de transferuri pe pia\u021ba fotbalistic\u0103: sheriff a semnat cu CFR Cluj, st\u00e2rnind agita\u021bie \u00een Superlig\u0103.....","og_url":"https:\/\/www.letsportsrock.com\/?p=58476","og_site_name":"letsportsrock","article_published_time":"2025-08-01T22:40:19+00:00","og_image":[{"width":640,"height":480,"url":"https:\/\/www.letsportsrock.com\/wp-content\/uploads\/2025\/08\/images-2025-08-01T233757.287.jpeg","type":"image\/jpeg"}],"author":"Orbem Saviour","twitter_card":"summary_large_image","twitter_misc":{"Written by":"Orbem Saviour","Est. reading time":"2 minutes"},"schema":{"@context":"https:\/\/schema.org","@graph":[{"@type":"Article","@id":"https:\/\/www.letsportsrock.com\/?p=58476#article","isPartOf":{"@id":"https:\/\/www.letsportsrock.com\/?p=58476"},"author":{"name":"Orbem Saviour","@id":"https:\/\/www.letsportsrock.com\/#\/schema\/person\/f4a534dcb6a60eaed40b31bfcef0f6b8"},"headline":"Bomb\u0103 de transferuri pe pia\u021ba fotbalistic\u0103: sheriff a semnat cu CFR Cluj, st\u00e2rnind agita\u021bie \u00een Superlig\u0103&#8230;..","datePublished":"2025-08-01T22:40:19+00:00","mainEntityOfPage":{"@id":"https:\/\/www.letsportsrock.com\/?p=58476"},"wordCount":214,"commentCount":0,"image":{"@id":"https:\/\/www.letsportsrock.com\/?p=58476#primaryimage"},"thumbnailUrl":"https:\/\/www.letsportsrock.com\/wp-content\/uploads\/2025\/08\/images-2025-08-01T233757.287.jpeg","keywords":["CFR I\u0218TII"],"inLanguage":"en-US","potentialAction":[{"@type":"CommentAction","name":"Comment","target":["https:\/\/www.letsportsrock.com\/?p=58476#respond"]}]},{"@type":"WebPage","@id":"https:\/\/www.letsportsrock.com\/?p=58476","url":"https:\/\/www.letsportsrock.com\/?p=58476","name":"Bomb\u0103 de transferuri pe pia\u021ba fotbalistic\u0103: sheriff a semnat cu","isPartOf":{"@id":"https:\/\/www.letsportsrock.com\/#website"},"primaryImageOfPage":{"@id":"https:\/\/www.letsportsrock.com\/?p=58476#primaryimage"},"image":{"@id":"https:\/\/www.letsportsrock.com\/?p=58476#primaryimage"},"thumbnailUrl":"https:\/\/www.letsportsrock.com\/wp-content\/uploads\/2025\/08\/images-2025-08-01T233757.287.jpeg","datePublished":"2025-08-01T22:40:19+00:00","author":{"@id":"https:\/\/www.letsportsrock.com\/#\/schema\/person\/f4a534dcb6a60eaed40b31bfcef0f6b8"},"description":"Bomb\u0103 de transferuri pe pia\u021ba fotbalistic\u0103: sheriff a semnat cu CFR Cluj, st\u00e2rnind agita\u021bie \u00een Superlig\u0103.....","breadcrumb":{"@id":"https:\/\/www.letsportsrock.com\/?p=58476#breadcrumb"},"inLanguage":"en-US","potentialAction":[{"@type":"ReadAction","target":["https:\/\/www.letsportsrock.com\/?p=58476"]}]},{"@type":"ImageObject","inLanguage":"en-US","@id":"https:\/\/www.letsportsrock.com\/?p=58476#primaryimage","url":"https:\/\/www.letsportsrock.com\/wp-content\/uploads\/2025\/08\/images-2025-08-01T233757.287.jpeg","contentUrl":"https:\/\/www.letsportsrock.com\/wp-content\/uploads\/2025\/08\/images-2025-08-01T233757.287.jpeg","width":640,"height":480},{"@type":"BreadcrumbList","@id":"https:\/\/www.letsportsrock.com\/?p=58476#breadcrumb","itemListElement":[{"@type":"ListItem","position":1,"name":"Home","item":"https:\/\/www.letsportsrock.com\/"},{"@type":"ListItem","position":2,"name":"Bomb\u0103 de transferuri pe pia\u021ba fotbalistic\u0103: sheriff a semnat cu CFR Cluj, st\u00e2rnind agita\u021bie \u00een Superlig\u0103&#8230;.."}]},{"@type":"WebSite","@id":"https:\/\/www.letsportsrock.com\/#website","url":"https:\/\/www.letsportsrock.com\/","name":"letsportsrock","description":"Sport News and Updates","potentialAction":[{"@type":"SearchAction","target":{"@type":"EntryPoint","urlTemplate":"https:\/\/www.letsportsrock.com\/?s={search_term_string}"},"query-input":{"@type":"PropertyValueSpecification","valueRequired":true,"valueName":"search_term_string"}}],"inLanguage":"en-US"},{"@type":"Person","@id":"https:\/\/www.letsportsrock.com\/#\/schema\/person\/f4a534dcb6a60eaed40b31bfcef0f6b8","name":"Orbem Saviour","image":{"@type":"ImageObject","inLanguage":"en-US","@id":"https:\/\/secure.gravatar.com\/avatar\/c2e9c1135ee0d9ea60350ee25415caf4ca365a56af0382637882e8392bdcaedd?s=96&d=mm&r=g","url":"https:\/\/secure.gravatar.com\/avatar\/c2e9c1135ee0d9ea60350ee25415caf4ca365a56af0382637882e8392bdcaedd?s=96&d=mm&r=g","contentUrl":"https:\/\/secure.gravatar.com\/avatar\/c2e9c1135ee0d9ea60350ee25415caf4ca365a56af0382637882e8392bdcaedd?s=96&d=mm&r=g","caption":"Orbem Saviour"},"sameAs":["https:\/\/www.letsportsrock.com\/wp-admin\/"],"url":"https:\/\/www.letsportsrock.com\/?author=17"}]}},"jetpack_featured_media_url":"https:\/\/www.letsportsrock.com\/wp-content\/uploads\/2025\/08\/images-2025-08-01T233757.287.jpeg","jetpack_sharing_enabled":true,"_links":{"self":[{"href":"https:\/\/www.letsportsrock.com\/index.php?rest_route=\/wp\/v2\/posts\/58476","targetHints":{"allow":["GET"]}}],"collection":[{"href":"https:\/\/www.letsportsrock.com\/index.php?rest_route=\/wp\/v2\/posts"}],"about":[{"href":"https:\/\/www.letsportsrock.com\/index.php?rest_route=\/wp\/v2\/types\/post"}],"author":[{"embeddable":true,"href":"https:\/\/www.letsportsrock.com\/index.php?rest_route=\/wp\/v2\/users\/17"}],"replies":[{"embeddable":true,"href":"https:\/\/www.letsportsrock.com\/index.php?rest_route=%2Fwp%2Fv2%2Fcomments&post=58476"}],"version-history":[{"count":1,"href":"https:\/\/www.letsportsrock.com\/index.php?rest_route=\/wp\/v2\/posts\/58476\/revisions"}],"predecessor-version":[{"id":58479,"href":"https:\/\/www.letsportsrock.com\/index.php?rest_route=\/wp\/v2\/posts\/58476\/revisions\/58479"}],"wp:featuredmedia":[{"embeddable":true,"href":"https:\/\/www.letsportsrock.com\/index.php?rest_route=\/wp\/v2\/media\/58477"}],"wp:attachment":[{"href":"https:\/\/www.letsportsrock.com\/index.php?rest_route=%2Fwp%2Fv2%2Fmedia&parent=58476"}],"wp:term":[{"taxonomy":"category","embeddable":true,"href":"https:\/\/www.letsportsrock.com\/index.php?rest_route=%2Fwp%2Fv2%2Fcategories&post=58476"},{"taxonomy":"post_tag","embeddable":true,"href":"https:\/\/www.letsportsrock.com\/index.php?rest_route=%2Fwp%2Fv2%2Ftags&post=58476"}],"curies":[{"name":"wp","href":"https:\/\/api.w.org\/{rel}","templated":true}]}}