{"id":58505,"date":"2025-08-02T06:32:03","date_gmt":"2025-08-02T06:32:03","guid":{"rendered":"https:\/\/www.letsportsrock.com\/?p=58505"},"modified":"2025-08-02T06:32:03","modified_gmt":"2025-08-02T06:32:03","slug":"transfer-soc-gigi-becali-l-a-dat-afara-de-la-fcsb-acum-a-semnat-cu-rivala-dinamo-l-am-sunat-personal-pe-nicolescu-5","status":"publish","type":"post","link":"https:\/\/www.letsportsrock.com\/?p=58505","title":{"rendered":"Transfer \u0218oc! Gigi Becali l-a dat afar\u0103 de la FCSB \u2013 Acum a semnat cu rivala Dinamo: \u201eL-am sunat personal pe Nicolescu!\u201d&#8230;.."},"content":{"rendered":"<div class=\"d79db4796efc26332eabfc3f5dafbc76\" data-index=\"1\" style=\"float: none; margin:10px 0 10px 0; text-align:center;\">\n<div class=\"hb-ad-inarticle\">\r\n    <div class=\"hb-ad-inner\"> \r\n    <div class=\"hbagency_cls\"  id=\"hbagency_space_111930\"><\/div><\/div> <\/div>\n<\/div>\n<p>&nbsp;<\/p>\n<p>Transfer \u0218oc \u00een Liga 1! Un fost juc\u0103tor al FCSB, dat afar\u0103 chiar de Gigi Becali, a ajuns surprinz\u0103tor la marea rival\u0103, Dinamo Bucure\u0219ti!<\/p>\n<p>&nbsp;<\/p>\n<p>Conform ultimelor informa\u021bii, mutarea s-a realizat rapid dup\u0103 ce fotbalistul a r\u0103mas liber de contract, iar conducerea \u201ec\u00e2inilor ro\u0219ii\u201d a profitat de ocazie pentru a-l aduce \u00een \u0218tefan cel Mare.<\/p>\n<p><img loading=\"lazy\" decoding=\"async\" class=\"alignnone size-medium wp-image-58508\" src=\"https:\/\/www.letsportsrock.com\/wp-content\/uploads\/2025\/08\/images-2025-08-02T073108.499-300x225.jpeg\" alt=\"\" width=\"300\" height=\"225\" srcset=\"https:\/\/www.letsportsrock.com\/wp-content\/uploads\/2025\/08\/images-2025-08-02T073108.499-300x225.jpeg 300w, https:\/\/www.letsportsrock.com\/wp-content\/uploads\/2025\/08\/images-2025-08-02T073108.499.jpeg 640w\" sizes=\"auto, (max-width: 300px) 100vw, 300px\" \/><\/p>\n<p>\u201eL-am sunat personal pe Nicolescu \u0219i i-am spus c\u0103 vreau s\u0103 joc la Dinamo! Vreau s\u0103 le demonstrez celor care nu au avut \u00eencredere \u00een mine\u201d, a declarat fotbalistul, hot\u0103r\u00e2t s\u0103-\u0219i relanseze cariera.<\/p>\n<p>&nbsp;<\/p>\n<p>Surse apropiate clubului sus\u021bin c\u0103 noul antrenor l-a dorit cu insisten\u021b\u0103, iar transferul ar putea schimba raportul de for\u021be \u00een capital\u0103.<\/p>\n<p>&nbsp;<\/p>\n<p>Gigi Becali, \u00eentrebat despre decizie, a declarat sec: \u201eNu mai avea loc la noi\u201d. Rivalitatea dintre FCSB \u0219i Dinamo se \u00eencinge din nou!<\/p>\n\n<div style=\"font-size: 0px; height: 0px; line-height: 0px; margin: 0; padding: 0; clear: both;\"><\/div>","protected":false},"excerpt":{"rendered":"<p>&nbsp; Transfer \u0218oc \u00een Liga 1! Un fost juc\u0103tor al FCSB, dat afar\u0103 chiar de Gigi Becali, a ajuns surprinz\u0103tor la marea rival\u0103, Dinamo Bucure\u0219ti! &nbsp; Conform ultimelor informa\u021bii, mutarea s-a realizat rapid dup\u0103 ce fotbalistul a r\u0103mas liber de contract, iar conducerea \u201ec\u00e2inilor ro\u0219ii\u201d a profitat de ocazie pentru a-l aduce \u00een \u0218tefan cel [&hellip;]<\/p>\n","protected":false},"author":17,"featured_media":58507,"comment_status":"open","ping_status":"open","sticky":false,"template":"","format":"standard","meta":{"_jetpack_memberships_contains_paid_content":false,"footnotes":""},"categories":[1],"tags":[640],"class_list":["post-58505","post","type-post","status-publish","format-standard","has-post-thumbnail","hentry","category-uncategorized","tag-fan-andrei-ivan"],"yoast_head":"<!-- This site is optimized with the Yoast SEO plugin v27.5 - https:\/\/yoast.com\/product\/yoast-seo-wordpress\/ -->\n<title>Transfer \u0218oc! Gigi Becali l-a dat afar\u0103 de la FCSB \u2013 Acum a semnat<\/title>\n<meta name=\"description\" content=\"Transfer \u0218oc! Gigi Becali l-a dat afar\u0103 de la FCSB \u2013 Acum a semnat cu rivala Dinamo: \u201eL-am sunat personal pe Nicolescu!\u201d.....\" \/>\n<meta name=\"robots\" content=\"index, follow, max-snippet:-1, max-image-preview:large, max-video-preview:-1\" \/>\n<link rel=\"canonical\" href=\"https:\/\/www.letsportsrock.com\/?p=58505\" \/>\n<meta property=\"og:locale\" content=\"en_US\" \/>\n<meta property=\"og:type\" content=\"article\" \/>\n<meta property=\"og:title\" content=\"Transfer \u0218oc! Gigi Becali l-a dat afar\u0103 de la FCSB \u2013 Acum a semnat\" \/>\n<meta property=\"og:description\" content=\"Transfer \u0218oc! Gigi Becali l-a dat afar\u0103 de la FCSB \u2013 Acum a semnat cu rivala Dinamo: \u201eL-am sunat personal pe Nicolescu!\u201d.....\" \/>\n<meta property=\"og:url\" content=\"https:\/\/www.letsportsrock.com\/?p=58505\" \/>\n<meta property=\"og:site_name\" content=\"letsportsrock\" \/>\n<meta property=\"article:published_time\" content=\"2025-08-02T06:32:03+00:00\" \/>\n<meta property=\"og:image\" content=\"https:\/\/www.letsportsrock.com\/wp-content\/uploads\/2025\/08\/images-2025-08-02T073057.785.jpeg\" \/>\n\t<meta property=\"og:image:width\" content=\"535\" \/>\n\t<meta property=\"og:image:height\" content=\"300\" \/>\n\t<meta property=\"og:image:type\" content=\"image\/jpeg\" \/>\n<meta name=\"author\" content=\"Orbem Saviour\" \/>\n<meta name=\"twitter:card\" content=\"summary_large_image\" \/>\n<meta name=\"twitter:label1\" content=\"Written by\" \/>\n\t<meta name=\"twitter:data1\" content=\"Orbem Saviour\" \/>\n\t<meta name=\"twitter:label2\" content=\"Est. reading time\" \/>\n\t<meta name=\"twitter:data2\" content=\"1 minute\" \/>\n<script type=\"application\/ld+json\" class=\"yoast-schema-graph\">{\"@context\":\"https:\\\/\\\/schema.org\",\"@graph\":[{\"@type\":\"Article\",\"@id\":\"https:\\\/\\\/www.letsportsrock.com\\\/?p=58505#article\",\"isPartOf\":{\"@id\":\"https:\\\/\\\/www.letsportsrock.com\\\/?p=58505\"},\"author\":{\"name\":\"Orbem Saviour\",\"@id\":\"https:\\\/\\\/www.letsportsrock.com\\\/#\\\/schema\\\/person\\\/f4a534dcb6a60eaed40b31bfcef0f6b8\"},\"headline\":\"Transfer \u0218oc! Gigi Becali l-a dat afar\u0103 de la FCSB \u2013 Acum a semnat cu rivala Dinamo: \u201eL-am sunat personal pe Nicolescu!\u201d&#8230;..\",\"datePublished\":\"2025-08-02T06:32:03+00:00\",\"mainEntityOfPage\":{\"@id\":\"https:\\\/\\\/www.letsportsrock.com\\\/?p=58505\"},\"wordCount\":168,\"commentCount\":0,\"image\":{\"@id\":\"https:\\\/\\\/www.letsportsrock.com\\\/?p=58505#primaryimage\"},\"thumbnailUrl\":\"https:\\\/\\\/www.letsportsrock.com\\\/wp-content\\\/uploads\\\/2025\\\/08\\\/images-2025-08-02T073057.785.jpeg\",\"keywords\":[\"Fan Andrei Ivan\"],\"inLanguage\":\"en-US\",\"potentialAction\":[{\"@type\":\"CommentAction\",\"name\":\"Comment\",\"target\":[\"https:\\\/\\\/www.letsportsrock.com\\\/?p=58505#respond\"]}]},{\"@type\":\"WebPage\",\"@id\":\"https:\\\/\\\/www.letsportsrock.com\\\/?p=58505\",\"url\":\"https:\\\/\\\/www.letsportsrock.com\\\/?p=58505\",\"name\":\"Transfer \u0218oc! Gigi Becali l-a dat afar\u0103 de la FCSB \u2013 Acum a semnat\",\"isPartOf\":{\"@id\":\"https:\\\/\\\/www.letsportsrock.com\\\/#website\"},\"primaryImageOfPage\":{\"@id\":\"https:\\\/\\\/www.letsportsrock.com\\\/?p=58505#primaryimage\"},\"image\":{\"@id\":\"https:\\\/\\\/www.letsportsrock.com\\\/?p=58505#primaryimage\"},\"thumbnailUrl\":\"https:\\\/\\\/www.letsportsrock.com\\\/wp-content\\\/uploads\\\/2025\\\/08\\\/images-2025-08-02T073057.785.jpeg\",\"datePublished\":\"2025-08-02T06:32:03+00:00\",\"author\":{\"@id\":\"https:\\\/\\\/www.letsportsrock.com\\\/#\\\/schema\\\/person\\\/f4a534dcb6a60eaed40b31bfcef0f6b8\"},\"description\":\"Transfer \u0218oc! Gigi Becali l-a dat afar\u0103 de la FCSB \u2013 Acum a semnat cu rivala Dinamo: \u201eL-am sunat personal pe Nicolescu!\u201d.....\",\"breadcrumb\":{\"@id\":\"https:\\\/\\\/www.letsportsrock.com\\\/?p=58505#breadcrumb\"},\"inLanguage\":\"en-US\",\"potentialAction\":[{\"@type\":\"ReadAction\",\"target\":[\"https:\\\/\\\/www.letsportsrock.com\\\/?p=58505\"]}]},{\"@type\":\"ImageObject\",\"inLanguage\":\"en-US\",\"@id\":\"https:\\\/\\\/www.letsportsrock.com\\\/?p=58505#primaryimage\",\"url\":\"https:\\\/\\\/www.letsportsrock.com\\\/wp-content\\\/uploads\\\/2025\\\/08\\\/images-2025-08-02T073057.785.jpeg\",\"contentUrl\":\"https:\\\/\\\/www.letsportsrock.com\\\/wp-content\\\/uploads\\\/2025\\\/08\\\/images-2025-08-02T073057.785.jpeg\",\"width\":535,\"height\":300},{\"@type\":\"BreadcrumbList\",\"@id\":\"https:\\\/\\\/www.letsportsrock.com\\\/?p=58505#breadcrumb\",\"itemListElement\":[{\"@type\":\"ListItem\",\"position\":1,\"name\":\"Home\",\"item\":\"https:\\\/\\\/www.letsportsrock.com\\\/\"},{\"@type\":\"ListItem\",\"position\":2,\"name\":\"Transfer \u0218oc! Gigi Becali l-a dat afar\u0103 de la FCSB \u2013 Acum a semnat cu rivala Dinamo: \u201eL-am sunat personal pe Nicolescu!\u201d&#8230;..\"}]},{\"@type\":\"WebSite\",\"@id\":\"https:\\\/\\\/www.letsportsrock.com\\\/#website\",\"url\":\"https:\\\/\\\/www.letsportsrock.com\\\/\",\"name\":\"letsportsrock\",\"description\":\"Sport News and Updates\",\"potentialAction\":[{\"@type\":\"SearchAction\",\"target\":{\"@type\":\"EntryPoint\",\"urlTemplate\":\"https:\\\/\\\/www.letsportsrock.com\\\/?s={search_term_string}\"},\"query-input\":{\"@type\":\"PropertyValueSpecification\",\"valueRequired\":true,\"valueName\":\"search_term_string\"}}],\"inLanguage\":\"en-US\"},{\"@type\":\"Person\",\"@id\":\"https:\\\/\\\/www.letsportsrock.com\\\/#\\\/schema\\\/person\\\/f4a534dcb6a60eaed40b31bfcef0f6b8\",\"name\":\"Orbem Saviour\",\"image\":{\"@type\":\"ImageObject\",\"inLanguage\":\"en-US\",\"@id\":\"https:\\\/\\\/secure.gravatar.com\\\/avatar\\\/c2e9c1135ee0d9ea60350ee25415caf4ca365a56af0382637882e8392bdcaedd?s=96&d=mm&r=g\",\"url\":\"https:\\\/\\\/secure.gravatar.com\\\/avatar\\\/c2e9c1135ee0d9ea60350ee25415caf4ca365a56af0382637882e8392bdcaedd?s=96&d=mm&r=g\",\"contentUrl\":\"https:\\\/\\\/secure.gravatar.com\\\/avatar\\\/c2e9c1135ee0d9ea60350ee25415caf4ca365a56af0382637882e8392bdcaedd?s=96&d=mm&r=g\",\"caption\":\"Orbem Saviour\"},\"sameAs\":[\"https:\\\/\\\/www.letsportsrock.com\\\/wp-admin\\\/\"],\"url\":\"https:\\\/\\\/www.letsportsrock.com\\\/?author=17\"}]}<\/script>\n<!-- \/ Yoast SEO plugin. -->","yoast_head_json":{"title":"Transfer \u0218oc! Gigi Becali l-a dat afar\u0103 de la FCSB \u2013 Acum a semnat","description":"Transfer \u0218oc! Gigi Becali l-a dat afar\u0103 de la FCSB \u2013 Acum a semnat cu rivala Dinamo: \u201eL-am sunat personal pe Nicolescu!\u201d.....","robots":{"index":"index","follow":"follow","max-snippet":"max-snippet:-1","max-image-preview":"max-image-preview:large","max-video-preview":"max-video-preview:-1"},"canonical":"https:\/\/www.letsportsrock.com\/?p=58505","og_locale":"en_US","og_type":"article","og_title":"Transfer \u0218oc! Gigi Becali l-a dat afar\u0103 de la FCSB \u2013 Acum a semnat","og_description":"Transfer \u0218oc! Gigi Becali l-a dat afar\u0103 de la FCSB \u2013 Acum a semnat cu rivala Dinamo: \u201eL-am sunat personal pe Nicolescu!\u201d.....","og_url":"https:\/\/www.letsportsrock.com\/?p=58505","og_site_name":"letsportsrock","article_published_time":"2025-08-02T06:32:03+00:00","og_image":[{"width":535,"height":300,"url":"https:\/\/www.letsportsrock.com\/wp-content\/uploads\/2025\/08\/images-2025-08-02T073057.785.jpeg","type":"image\/jpeg"}],"author":"Orbem Saviour","twitter_card":"summary_large_image","twitter_misc":{"Written by":"Orbem Saviour","Est. reading time":"1 minute"},"schema":{"@context":"https:\/\/schema.org","@graph":[{"@type":"Article","@id":"https:\/\/www.letsportsrock.com\/?p=58505#article","isPartOf":{"@id":"https:\/\/www.letsportsrock.com\/?p=58505"},"author":{"name":"Orbem Saviour","@id":"https:\/\/www.letsportsrock.com\/#\/schema\/person\/f4a534dcb6a60eaed40b31bfcef0f6b8"},"headline":"Transfer \u0218oc! Gigi Becali l-a dat afar\u0103 de la FCSB \u2013 Acum a semnat cu rivala Dinamo: \u201eL-am sunat personal pe Nicolescu!\u201d&#8230;..","datePublished":"2025-08-02T06:32:03+00:00","mainEntityOfPage":{"@id":"https:\/\/www.letsportsrock.com\/?p=58505"},"wordCount":168,"commentCount":0,"image":{"@id":"https:\/\/www.letsportsrock.com\/?p=58505#primaryimage"},"thumbnailUrl":"https:\/\/www.letsportsrock.com\/wp-content\/uploads\/2025\/08\/images-2025-08-02T073057.785.jpeg","keywords":["Fan Andrei Ivan"],"inLanguage":"en-US","potentialAction":[{"@type":"CommentAction","name":"Comment","target":["https:\/\/www.letsportsrock.com\/?p=58505#respond"]}]},{"@type":"WebPage","@id":"https:\/\/www.letsportsrock.com\/?p=58505","url":"https:\/\/www.letsportsrock.com\/?p=58505","name":"Transfer \u0218oc! Gigi Becali l-a dat afar\u0103 de la FCSB \u2013 Acum a semnat","isPartOf":{"@id":"https:\/\/www.letsportsrock.com\/#website"},"primaryImageOfPage":{"@id":"https:\/\/www.letsportsrock.com\/?p=58505#primaryimage"},"image":{"@id":"https:\/\/www.letsportsrock.com\/?p=58505#primaryimage"},"thumbnailUrl":"https:\/\/www.letsportsrock.com\/wp-content\/uploads\/2025\/08\/images-2025-08-02T073057.785.jpeg","datePublished":"2025-08-02T06:32:03+00:00","author":{"@id":"https:\/\/www.letsportsrock.com\/#\/schema\/person\/f4a534dcb6a60eaed40b31bfcef0f6b8"},"description":"Transfer \u0218oc! Gigi Becali l-a dat afar\u0103 de la FCSB \u2013 Acum a semnat cu rivala Dinamo: \u201eL-am sunat personal pe Nicolescu!\u201d.....","breadcrumb":{"@id":"https:\/\/www.letsportsrock.com\/?p=58505#breadcrumb"},"inLanguage":"en-US","potentialAction":[{"@type":"ReadAction","target":["https:\/\/www.letsportsrock.com\/?p=58505"]}]},{"@type":"ImageObject","inLanguage":"en-US","@id":"https:\/\/www.letsportsrock.com\/?p=58505#primaryimage","url":"https:\/\/www.letsportsrock.com\/wp-content\/uploads\/2025\/08\/images-2025-08-02T073057.785.jpeg","contentUrl":"https:\/\/www.letsportsrock.com\/wp-content\/uploads\/2025\/08\/images-2025-08-02T073057.785.jpeg","width":535,"height":300},{"@type":"BreadcrumbList","@id":"https:\/\/www.letsportsrock.com\/?p=58505#breadcrumb","itemListElement":[{"@type":"ListItem","position":1,"name":"Home","item":"https:\/\/www.letsportsrock.com\/"},{"@type":"ListItem","position":2,"name":"Transfer \u0218oc! Gigi Becali l-a dat afar\u0103 de la FCSB \u2013 Acum a semnat cu rivala Dinamo: \u201eL-am sunat personal pe Nicolescu!\u201d&#8230;.."}]},{"@type":"WebSite","@id":"https:\/\/www.letsportsrock.com\/#website","url":"https:\/\/www.letsportsrock.com\/","name":"letsportsrock","description":"Sport News and Updates","potentialAction":[{"@type":"SearchAction","target":{"@type":"EntryPoint","urlTemplate":"https:\/\/www.letsportsrock.com\/?s={search_term_string}"},"query-input":{"@type":"PropertyValueSpecification","valueRequired":true,"valueName":"search_term_string"}}],"inLanguage":"en-US"},{"@type":"Person","@id":"https:\/\/www.letsportsrock.com\/#\/schema\/person\/f4a534dcb6a60eaed40b31bfcef0f6b8","name":"Orbem Saviour","image":{"@type":"ImageObject","inLanguage":"en-US","@id":"https:\/\/secure.gravatar.com\/avatar\/c2e9c1135ee0d9ea60350ee25415caf4ca365a56af0382637882e8392bdcaedd?s=96&d=mm&r=g","url":"https:\/\/secure.gravatar.com\/avatar\/c2e9c1135ee0d9ea60350ee25415caf4ca365a56af0382637882e8392bdcaedd?s=96&d=mm&r=g","contentUrl":"https:\/\/secure.gravatar.com\/avatar\/c2e9c1135ee0d9ea60350ee25415caf4ca365a56af0382637882e8392bdcaedd?s=96&d=mm&r=g","caption":"Orbem Saviour"},"sameAs":["https:\/\/www.letsportsrock.com\/wp-admin\/"],"url":"https:\/\/www.letsportsrock.com\/?author=17"}]}},"jetpack_featured_media_url":"https:\/\/www.letsportsrock.com\/wp-content\/uploads\/2025\/08\/images-2025-08-02T073057.785.jpeg","jetpack_sharing_enabled":true,"_links":{"self":[{"href":"https:\/\/www.letsportsrock.com\/index.php?rest_route=\/wp\/v2\/posts\/58505","targetHints":{"allow":["GET"]}}],"collection":[{"href":"https:\/\/www.letsportsrock.com\/index.php?rest_route=\/wp\/v2\/posts"}],"about":[{"href":"https:\/\/www.letsportsrock.com\/index.php?rest_route=\/wp\/v2\/types\/post"}],"author":[{"embeddable":true,"href":"https:\/\/www.letsportsrock.com\/index.php?rest_route=\/wp\/v2\/users\/17"}],"replies":[{"embeddable":true,"href":"https:\/\/www.letsportsrock.com\/index.php?rest_route=%2Fwp%2Fv2%2Fcomments&post=58505"}],"version-history":[{"count":1,"href":"https:\/\/www.letsportsrock.com\/index.php?rest_route=\/wp\/v2\/posts\/58505\/revisions"}],"predecessor-version":[{"id":58509,"href":"https:\/\/www.letsportsrock.com\/index.php?rest_route=\/wp\/v2\/posts\/58505\/revisions\/58509"}],"wp:featuredmedia":[{"embeddable":true,"href":"https:\/\/www.letsportsrock.com\/index.php?rest_route=\/wp\/v2\/media\/58507"}],"wp:attachment":[{"href":"https:\/\/www.letsportsrock.com\/index.php?rest_route=%2Fwp%2Fv2%2Fmedia&parent=58505"}],"wp:term":[{"taxonomy":"category","embeddable":true,"href":"https:\/\/www.letsportsrock.com\/index.php?rest_route=%2Fwp%2Fv2%2Fcategories&post=58505"},{"taxonomy":"post_tag","embeddable":true,"href":"https:\/\/www.letsportsrock.com\/index.php?rest_route=%2Fwp%2Fv2%2Ftags&post=58505"}],"curies":[{"name":"wp","href":"https:\/\/api.w.org\/{rel}","templated":true}]}}