{"id":58598,"date":"2025-08-02T21:43:49","date_gmt":"2025-08-02T21:43:49","guid":{"rendered":"https:\/\/www.letsportsrock.com\/?p=58598"},"modified":"2025-08-02T21:43:49","modified_gmt":"2025-08-02T21:43:49","slug":"la-revedere-legendo-plecarea-socanta-a-lui-darius-olaru-de-la-fcsb-ii-lasa-pe-fani-in-lacrimi","status":"publish","type":"post","link":"https:\/\/www.letsportsrock.com\/?p=58598","title":{"rendered":"La revedere, Legendo! Plecarea \u0219ocant\u0103 a lui Darius Olaru de la FCSB \u00eei las\u0103 pe fani \u00een lacrimi&#8230;.."},"content":{"rendered":"<div class=\"d79db4796efc26332eabfc3f5dafbc76\" data-index=\"1\" style=\"float: none; margin:10px 0 10px 0; text-align:center;\">\n<div class=\"hb-ad-inarticle\">\r\n    <div class=\"hb-ad-inner\"> \r\n    <div class=\"hbagency_cls\"  id=\"hbagency_space_111930\"><\/div><\/div> <\/div>\n<\/div>\n<p>Plecarea lui Darius Olaru de la FCSB a fost o adev\u0103rat\u0103 lovitur\u0103 pentru fanii echipei, care nu se a\u0219teptau ca unul dintre juc\u0103torii de baz\u0103 s\u0103 p\u0103r\u0103seasc\u0103 clubul \u00eentr-un mod at\u00e2t de brusc. Mijloca\u0219ul a fost unul dintre cei mai iubi\u021bi \u0219i respecta\u021bi fotbali\u0219ti ai forma\u021biei din capital\u0103, fiind un lider pe teren \u0219i un motor al jocului echipei.<img loading=\"lazy\" decoding=\"async\" class=\"alignnone size-full wp-image-58599\" src=\"https:\/\/www.letsportsrock.com\/wp-content\/uploads\/2025\/08\/images-2.jpeg\" alt=\"\" width=\"290\" height=\"174\" \/><\/p>\n<p>\u00centr-o perioad\u0103 \u00een care FCSB se confrunta cu multe provoc\u0103ri, Olaru a fost constant \u0219i a demonstrat un nivel ridicat de performan\u021b\u0103.<\/p>\n<p>Transferul s\u0103u a venit ca un \u0219oc pentru suporteri, care l-au v\u0103zut ca pe un pilon de baz\u0103 al echipei. P\u0103r\u0103sirea lui Darius nu a fost doar o schimbare de lot, ci o pierdere simbolic\u0103 pentru fani, care au sim\u021bit c\u0103 se pierde o parte din identitatea echipei.<\/p>\n<p>&nbsp;<\/p>\n<p>R\u0103m\u00e2ne de v\u0103zut cum va face fa\u021b\u0103 FCSB acestui \u0219oc \u0219i cine va prelua responsabilitatea pe teren, dar cert este c\u0103 Olaru va r\u0103m\u00e2ne un juc\u0103tor important \u00een istoria clubului. Fanii vor p\u0103stra amintirea unui fotbalist talentat, dedicat \u0219i plin de ambi\u021bie.<\/p>\n<p>&nbsp;<\/p>\n\n<div style=\"font-size: 0px; height: 0px; line-height: 0px; margin: 0; padding: 0; clear: both;\"><\/div>","protected":false},"excerpt":{"rendered":"<p>Plecarea lui Darius Olaru de la FCSB a fost o adev\u0103rat\u0103 lovitur\u0103 pentru fanii echipei, care nu se a\u0219teptau ca unul dintre juc\u0103torii de baz\u0103 s\u0103 p\u0103r\u0103seasc\u0103 clubul \u00eentr-un mod at\u00e2t de brusc. Mijloca\u0219ul a fost unul dintre cei mai iubi\u021bi \u0219i respecta\u021bi fotbali\u0219ti ai forma\u021biei din capital\u0103, fiind un lider pe teren \u0219i un [&hellip;]<\/p>\n","protected":false},"author":21,"featured_media":58600,"comment_status":"open","ping_status":"open","sticky":false,"template":"","format":"standard","meta":{"_jetpack_memberships_contains_paid_content":false,"footnotes":""},"categories":[276],"tags":[264],"class_list":["post-58598","post","type-post","status-publish","format-standard","has-post-thumbnail","hentry","category-fcsb","tag-fcsb"],"yoast_head":"<!-- This site is optimized with the Yoast SEO plugin v27.4 - https:\/\/yoast.com\/product\/yoast-seo-wordpress\/ -->\n<title>La revedere, Legendo! Plecarea \u0219ocant\u0103 a lui Darius Olaru de.<\/title>\n<meta name=\"description\" content=\"La revedere, Legendo! Plecarea \u0219ocant\u0103 a lui Darius Olaru de la FCSB \u00eei las\u0103 pe fani \u00een lacrimi........................\" \/>\n<meta name=\"robots\" content=\"index, follow, max-snippet:-1, max-image-preview:large, max-video-preview:-1\" \/>\n<link rel=\"canonical\" href=\"https:\/\/www.letsportsrock.com\/?p=58598\" \/>\n<meta property=\"og:locale\" content=\"en_US\" \/>\n<meta property=\"og:type\" content=\"article\" \/>\n<meta property=\"og:title\" content=\"La revedere, Legendo! Plecarea \u0219ocant\u0103 a lui Darius Olaru de.\" \/>\n<meta property=\"og:description\" content=\"La revedere, Legendo! Plecarea \u0219ocant\u0103 a lui Darius Olaru de la FCSB \u00eei las\u0103 pe fani \u00een lacrimi........................\" \/>\n<meta property=\"og:url\" content=\"https:\/\/www.letsportsrock.com\/?p=58598\" \/>\n<meta property=\"og:site_name\" content=\"letsportsrock\" \/>\n<meta property=\"article:published_time\" content=\"2025-08-02T21:43:49+00:00\" \/>\n<meta property=\"og:image\" content=\"https:\/\/www.letsportsrock.com\/wp-content\/uploads\/2025\/08\/images-1-1.jpeg\" \/>\n\t<meta property=\"og:image:width\" content=\"700\" \/>\n\t<meta property=\"og:image:height\" content=\"420\" \/>\n\t<meta property=\"og:image:type\" content=\"image\/jpeg\" \/>\n<meta name=\"author\" content=\"Dooyum@\" \/>\n<meta name=\"twitter:card\" content=\"summary_large_image\" \/>\n<meta name=\"twitter:label1\" content=\"Written by\" \/>\n\t<meta name=\"twitter:data1\" content=\"Dooyum@\" \/>\n\t<meta name=\"twitter:label2\" content=\"Est. reading time\" \/>\n\t<meta name=\"twitter:data2\" content=\"2 minutes\" \/>\n<script type=\"application\/ld+json\" class=\"yoast-schema-graph\">{\"@context\":\"https:\\\/\\\/schema.org\",\"@graph\":[{\"@type\":\"Article\",\"@id\":\"https:\\\/\\\/www.letsportsrock.com\\\/?p=58598#article\",\"isPartOf\":{\"@id\":\"https:\\\/\\\/www.letsportsrock.com\\\/?p=58598\"},\"author\":{\"name\":\"Dooyum@\",\"@id\":\"https:\\\/\\\/www.letsportsrock.com\\\/#\\\/schema\\\/person\\\/5a13d00f7830282189607c4b5a9237bf\"},\"headline\":\"La revedere, Legendo! Plecarea \u0219ocant\u0103 a lui Darius Olaru de la FCSB \u00eei las\u0103 pe fani \u00een lacrimi&#8230;..\",\"datePublished\":\"2025-08-02T21:43:49+00:00\",\"mainEntityOfPage\":{\"@id\":\"https:\\\/\\\/www.letsportsrock.com\\\/?p=58598\"},\"wordCount\":216,\"commentCount\":0,\"image\":{\"@id\":\"https:\\\/\\\/www.letsportsrock.com\\\/?p=58598#primaryimage\"},\"thumbnailUrl\":\"https:\\\/\\\/www.letsportsrock.com\\\/wp-content\\\/uploads\\\/2025\\\/08\\\/images-1-1.jpeg\",\"keywords\":[\"FCSB\"],\"articleSection\":[\"FCSB\"],\"inLanguage\":\"en-US\",\"potentialAction\":[{\"@type\":\"CommentAction\",\"name\":\"Comment\",\"target\":[\"https:\\\/\\\/www.letsportsrock.com\\\/?p=58598#respond\"]}]},{\"@type\":\"WebPage\",\"@id\":\"https:\\\/\\\/www.letsportsrock.com\\\/?p=58598\",\"url\":\"https:\\\/\\\/www.letsportsrock.com\\\/?p=58598\",\"name\":\"La revedere, Legendo! Plecarea \u0219ocant\u0103 a lui Darius Olaru de.\",\"isPartOf\":{\"@id\":\"https:\\\/\\\/www.letsportsrock.com\\\/#website\"},\"primaryImageOfPage\":{\"@id\":\"https:\\\/\\\/www.letsportsrock.com\\\/?p=58598#primaryimage\"},\"image\":{\"@id\":\"https:\\\/\\\/www.letsportsrock.com\\\/?p=58598#primaryimage\"},\"thumbnailUrl\":\"https:\\\/\\\/www.letsportsrock.com\\\/wp-content\\\/uploads\\\/2025\\\/08\\\/images-1-1.jpeg\",\"datePublished\":\"2025-08-02T21:43:49+00:00\",\"author\":{\"@id\":\"https:\\\/\\\/www.letsportsrock.com\\\/#\\\/schema\\\/person\\\/5a13d00f7830282189607c4b5a9237bf\"},\"description\":\"La revedere, Legendo! Plecarea \u0219ocant\u0103 a lui Darius Olaru de la FCSB \u00eei las\u0103 pe fani \u00een lacrimi........................\",\"breadcrumb\":{\"@id\":\"https:\\\/\\\/www.letsportsrock.com\\\/?p=58598#breadcrumb\"},\"inLanguage\":\"en-US\",\"potentialAction\":[{\"@type\":\"ReadAction\",\"target\":[\"https:\\\/\\\/www.letsportsrock.com\\\/?p=58598\"]}]},{\"@type\":\"ImageObject\",\"inLanguage\":\"en-US\",\"@id\":\"https:\\\/\\\/www.letsportsrock.com\\\/?p=58598#primaryimage\",\"url\":\"https:\\\/\\\/www.letsportsrock.com\\\/wp-content\\\/uploads\\\/2025\\\/08\\\/images-1-1.jpeg\",\"contentUrl\":\"https:\\\/\\\/www.letsportsrock.com\\\/wp-content\\\/uploads\\\/2025\\\/08\\\/images-1-1.jpeg\",\"width\":700,\"height\":420},{\"@type\":\"BreadcrumbList\",\"@id\":\"https:\\\/\\\/www.letsportsrock.com\\\/?p=58598#breadcrumb\",\"itemListElement\":[{\"@type\":\"ListItem\",\"position\":1,\"name\":\"Home\",\"item\":\"https:\\\/\\\/www.letsportsrock.com\\\/\"},{\"@type\":\"ListItem\",\"position\":2,\"name\":\"La revedere, Legendo! Plecarea \u0219ocant\u0103 a lui Darius Olaru de la FCSB \u00eei las\u0103 pe fani \u00een lacrimi&#8230;..\"}]},{\"@type\":\"WebSite\",\"@id\":\"https:\\\/\\\/www.letsportsrock.com\\\/#website\",\"url\":\"https:\\\/\\\/www.letsportsrock.com\\\/\",\"name\":\"letsportsrock\",\"description\":\"Sport News and Updates\",\"potentialAction\":[{\"@type\":\"SearchAction\",\"target\":{\"@type\":\"EntryPoint\",\"urlTemplate\":\"https:\\\/\\\/www.letsportsrock.com\\\/?s={search_term_string}\"},\"query-input\":{\"@type\":\"PropertyValueSpecification\",\"valueRequired\":true,\"valueName\":\"search_term_string\"}}],\"inLanguage\":\"en-US\"},{\"@type\":\"Person\",\"@id\":\"https:\\\/\\\/www.letsportsrock.com\\\/#\\\/schema\\\/person\\\/5a13d00f7830282189607c4b5a9237bf\",\"name\":\"Dooyum@\",\"image\":{\"@type\":\"ImageObject\",\"inLanguage\":\"en-US\",\"@id\":\"https:\\\/\\\/secure.gravatar.com\\\/avatar\\\/7498f391a1eb24da401a4b43cd9242622cf3682e1c9b1437a7ac00795149a3b2?s=96&d=mm&r=g\",\"url\":\"https:\\\/\\\/secure.gravatar.com\\\/avatar\\\/7498f391a1eb24da401a4b43cd9242622cf3682e1c9b1437a7ac00795149a3b2?s=96&d=mm&r=g\",\"contentUrl\":\"https:\\\/\\\/secure.gravatar.com\\\/avatar\\\/7498f391a1eb24da401a4b43cd9242622cf3682e1c9b1437a7ac00795149a3b2?s=96&d=mm&r=g\",\"caption\":\"Dooyum@\"},\"sameAs\":[\"https:\\\/\\\/www.letsportsrock.com\\\/wp-admin\\\/\"],\"url\":\"https:\\\/\\\/www.letsportsrock.com\\\/?author=21\"}]}<\/script>\n<!-- \/ Yoast SEO plugin. -->","yoast_head_json":{"title":"La revedere, Legendo! Plecarea \u0219ocant\u0103 a lui Darius Olaru de.","description":"La revedere, Legendo! Plecarea \u0219ocant\u0103 a lui Darius Olaru de la FCSB \u00eei las\u0103 pe fani \u00een lacrimi........................","robots":{"index":"index","follow":"follow","max-snippet":"max-snippet:-1","max-image-preview":"max-image-preview:large","max-video-preview":"max-video-preview:-1"},"canonical":"https:\/\/www.letsportsrock.com\/?p=58598","og_locale":"en_US","og_type":"article","og_title":"La revedere, Legendo! Plecarea \u0219ocant\u0103 a lui Darius Olaru de.","og_description":"La revedere, Legendo! Plecarea \u0219ocant\u0103 a lui Darius Olaru de la FCSB \u00eei las\u0103 pe fani \u00een lacrimi........................","og_url":"https:\/\/www.letsportsrock.com\/?p=58598","og_site_name":"letsportsrock","article_published_time":"2025-08-02T21:43:49+00:00","og_image":[{"width":700,"height":420,"url":"https:\/\/www.letsportsrock.com\/wp-content\/uploads\/2025\/08\/images-1-1.jpeg","type":"image\/jpeg"}],"author":"Dooyum@","twitter_card":"summary_large_image","twitter_misc":{"Written by":"Dooyum@","Est. reading time":"2 minutes"},"schema":{"@context":"https:\/\/schema.org","@graph":[{"@type":"Article","@id":"https:\/\/www.letsportsrock.com\/?p=58598#article","isPartOf":{"@id":"https:\/\/www.letsportsrock.com\/?p=58598"},"author":{"name":"Dooyum@","@id":"https:\/\/www.letsportsrock.com\/#\/schema\/person\/5a13d00f7830282189607c4b5a9237bf"},"headline":"La revedere, Legendo! Plecarea \u0219ocant\u0103 a lui Darius Olaru de la FCSB \u00eei las\u0103 pe fani \u00een lacrimi&#8230;..","datePublished":"2025-08-02T21:43:49+00:00","mainEntityOfPage":{"@id":"https:\/\/www.letsportsrock.com\/?p=58598"},"wordCount":216,"commentCount":0,"image":{"@id":"https:\/\/www.letsportsrock.com\/?p=58598#primaryimage"},"thumbnailUrl":"https:\/\/www.letsportsrock.com\/wp-content\/uploads\/2025\/08\/images-1-1.jpeg","keywords":["FCSB"],"articleSection":["FCSB"],"inLanguage":"en-US","potentialAction":[{"@type":"CommentAction","name":"Comment","target":["https:\/\/www.letsportsrock.com\/?p=58598#respond"]}]},{"@type":"WebPage","@id":"https:\/\/www.letsportsrock.com\/?p=58598","url":"https:\/\/www.letsportsrock.com\/?p=58598","name":"La revedere, Legendo! Plecarea \u0219ocant\u0103 a lui Darius Olaru de.","isPartOf":{"@id":"https:\/\/www.letsportsrock.com\/#website"},"primaryImageOfPage":{"@id":"https:\/\/www.letsportsrock.com\/?p=58598#primaryimage"},"image":{"@id":"https:\/\/www.letsportsrock.com\/?p=58598#primaryimage"},"thumbnailUrl":"https:\/\/www.letsportsrock.com\/wp-content\/uploads\/2025\/08\/images-1-1.jpeg","datePublished":"2025-08-02T21:43:49+00:00","author":{"@id":"https:\/\/www.letsportsrock.com\/#\/schema\/person\/5a13d00f7830282189607c4b5a9237bf"},"description":"La revedere, Legendo! Plecarea \u0219ocant\u0103 a lui Darius Olaru de la FCSB \u00eei las\u0103 pe fani \u00een lacrimi........................","breadcrumb":{"@id":"https:\/\/www.letsportsrock.com\/?p=58598#breadcrumb"},"inLanguage":"en-US","potentialAction":[{"@type":"ReadAction","target":["https:\/\/www.letsportsrock.com\/?p=58598"]}]},{"@type":"ImageObject","inLanguage":"en-US","@id":"https:\/\/www.letsportsrock.com\/?p=58598#primaryimage","url":"https:\/\/www.letsportsrock.com\/wp-content\/uploads\/2025\/08\/images-1-1.jpeg","contentUrl":"https:\/\/www.letsportsrock.com\/wp-content\/uploads\/2025\/08\/images-1-1.jpeg","width":700,"height":420},{"@type":"BreadcrumbList","@id":"https:\/\/www.letsportsrock.com\/?p=58598#breadcrumb","itemListElement":[{"@type":"ListItem","position":1,"name":"Home","item":"https:\/\/www.letsportsrock.com\/"},{"@type":"ListItem","position":2,"name":"La revedere, Legendo! Plecarea \u0219ocant\u0103 a lui Darius Olaru de la FCSB \u00eei las\u0103 pe fani \u00een lacrimi&#8230;.."}]},{"@type":"WebSite","@id":"https:\/\/www.letsportsrock.com\/#website","url":"https:\/\/www.letsportsrock.com\/","name":"letsportsrock","description":"Sport News and Updates","potentialAction":[{"@type":"SearchAction","target":{"@type":"EntryPoint","urlTemplate":"https:\/\/www.letsportsrock.com\/?s={search_term_string}"},"query-input":{"@type":"PropertyValueSpecification","valueRequired":true,"valueName":"search_term_string"}}],"inLanguage":"en-US"},{"@type":"Person","@id":"https:\/\/www.letsportsrock.com\/#\/schema\/person\/5a13d00f7830282189607c4b5a9237bf","name":"Dooyum@","image":{"@type":"ImageObject","inLanguage":"en-US","@id":"https:\/\/secure.gravatar.com\/avatar\/7498f391a1eb24da401a4b43cd9242622cf3682e1c9b1437a7ac00795149a3b2?s=96&d=mm&r=g","url":"https:\/\/secure.gravatar.com\/avatar\/7498f391a1eb24da401a4b43cd9242622cf3682e1c9b1437a7ac00795149a3b2?s=96&d=mm&r=g","contentUrl":"https:\/\/secure.gravatar.com\/avatar\/7498f391a1eb24da401a4b43cd9242622cf3682e1c9b1437a7ac00795149a3b2?s=96&d=mm&r=g","caption":"Dooyum@"},"sameAs":["https:\/\/www.letsportsrock.com\/wp-admin\/"],"url":"https:\/\/www.letsportsrock.com\/?author=21"}]}},"jetpack_featured_media_url":"https:\/\/www.letsportsrock.com\/wp-content\/uploads\/2025\/08\/images-1-1.jpeg","jetpack_sharing_enabled":true,"_links":{"self":[{"href":"https:\/\/www.letsportsrock.com\/index.php?rest_route=\/wp\/v2\/posts\/58598","targetHints":{"allow":["GET"]}}],"collection":[{"href":"https:\/\/www.letsportsrock.com\/index.php?rest_route=\/wp\/v2\/posts"}],"about":[{"href":"https:\/\/www.letsportsrock.com\/index.php?rest_route=\/wp\/v2\/types\/post"}],"author":[{"embeddable":true,"href":"https:\/\/www.letsportsrock.com\/index.php?rest_route=\/wp\/v2\/users\/21"}],"replies":[{"embeddable":true,"href":"https:\/\/www.letsportsrock.com\/index.php?rest_route=%2Fwp%2Fv2%2Fcomments&post=58598"}],"version-history":[{"count":1,"href":"https:\/\/www.letsportsrock.com\/index.php?rest_route=\/wp\/v2\/posts\/58598\/revisions"}],"predecessor-version":[{"id":58601,"href":"https:\/\/www.letsportsrock.com\/index.php?rest_route=\/wp\/v2\/posts\/58598\/revisions\/58601"}],"wp:featuredmedia":[{"embeddable":true,"href":"https:\/\/www.letsportsrock.com\/index.php?rest_route=\/wp\/v2\/media\/58600"}],"wp:attachment":[{"href":"https:\/\/www.letsportsrock.com\/index.php?rest_route=%2Fwp%2Fv2%2Fmedia&parent=58598"}],"wp:term":[{"taxonomy":"category","embeddable":true,"href":"https:\/\/www.letsportsrock.com\/index.php?rest_route=%2Fwp%2Fv2%2Fcategories&post=58598"},{"taxonomy":"post_tag","embeddable":true,"href":"https:\/\/www.letsportsrock.com\/index.php?rest_route=%2Fwp%2Fv2%2Ftags&post=58598"}],"curies":[{"name":"wp","href":"https:\/\/api.w.org\/{rel}","templated":true}]}}