{"id":58637,"date":"2025-08-03T18:05:52","date_gmt":"2025-08-03T18:05:52","guid":{"rendered":"https:\/\/www.letsportsrock.com\/?p=58637"},"modified":"2025-08-03T18:05:52","modified_gmt":"2025-08-03T18:05:52","slug":"tot-vad-postari-ca-gigi-este-vinovat-pai-daca-nu-eranu-stiu-daca-mai-aveam-echipa-in-ultimii-doi-ani-am-castigat-campionatul-am-ajuns-in-optimile-europa-ligue-a-doua-competitie-ca-valoare-din-euro","status":"publish","type":"post","link":"https:\/\/www.letsportsrock.com\/?p=58637","title":{"rendered":"Tot vad post\u0103ri c\u0103 Gigi este vinovat ,pai daca nu era,nu \u0219tiu dac\u0103 mai aveam echipa ,in ultimii doi ani am c\u00e2\u0219tigat campionatul ,am ajuns in optimile Europa ligue a doua competi\u021bie c\u0103 valoare din Europa ,de cat timp nu a mai fost o echipa&#8230;&#8230;"},"content":{"rendered":"<div class=\"d79db4796efc26332eabfc3f5dafbc76\" data-index=\"1\" style=\"float: none; margin:10px 0 10px 0; text-align:center;\">\n<div class=\"hb-ad-inarticle\">\r\n    <div class=\"hb-ad-inner\"> \r\n    <div class=\"hbagency_cls\"  id=\"hbagency_space_111930\"><\/div><\/div> <\/div>\n<\/div>\n<p>Tot v\u0103d post\u0103ri \u00een care Gigi este acuzat c\u0103 ar fi vinovat pentru diverse lucruri legate de echip\u0103, dar hai s\u0103 fim sinceri: dac\u0103 nu era el, nu \u0219tiu dac\u0103 mai aveam echip\u0103 \u00een momentul de fa\u021b\u0103. \u00cen ultimii doi ani, FCSB a c\u00e2\u0219tigat campionatul \u2014 un lucru pe care suporterii \u00eel a\u0219teptau de aproape un deceniu.<\/p>\n<p>Mai mult, echipa a ajuns \u00een optimile Europa League, a doua competi\u021bie ca valoare din Europa, ceea ce e o performan\u021b\u0103 uria\u0219\u0103 pentru fotbalul rom\u00e2nesc actual.<img loading=\"lazy\" decoding=\"async\" class=\"alignnone size-medium wp-image-58638\" src=\"https:\/\/www.letsportsrock.com\/wp-content\/uploads\/2025\/08\/images-6-300x199.jpeg\" alt=\"\" width=\"300\" height=\"199\" srcset=\"https:\/\/www.letsportsrock.com\/wp-content\/uploads\/2025\/08\/images-6-300x199.jpeg 300w, https:\/\/www.letsportsrock.com\/wp-content\/uploads\/2025\/08\/images-6.jpeg 680w\" sizes=\"auto, (max-width: 300px) 100vw, 300px\" \/><\/p>\n<p>C\u00e2nd a mai fost o echip\u0103 rom\u00e2neasc\u0103 at\u00e2t de sus \u00een cupele europene? De la Steaua din 2006-2008 sau CFR \u00een anii buni, nu prea am mai v\u0103zut a\u0219a ceva.<\/p>\n<p>Da, Gigi poate fi controversat \u0219i uneori pare c\u0103 deciziile lui sunt impulsive sau discutabile, dar rezultatele vorbesc de la sine.<\/p>\n<p>E clar c\u0103 are un rol esen\u021bial \u00een ceea ce a devenit clubul azi.<\/p>\n<p>\u00cen loc s\u0103-l critic\u0103m constant, poate ar trebui s\u0103 ne uit\u0103m la partea plin\u0103 a paharului: avem echip\u0103, avem trofee, avem prezen\u021b\u0103 european\u0103. F\u0103r\u0103 el, cine \u0219tie dac\u0103 am mai fi existat \u00een prima lig\u0103.<\/p>\n<p>&nbsp;<\/p>\n<p>&nbsp;<\/p>\n\n<div style=\"font-size: 0px; height: 0px; line-height: 0px; margin: 0; padding: 0; clear: both;\"><\/div>","protected":false},"excerpt":{"rendered":"<p>Tot v\u0103d post\u0103ri \u00een care Gigi este acuzat c\u0103 ar fi vinovat pentru diverse lucruri legate de echip\u0103, dar hai s\u0103 fim sinceri: dac\u0103 nu era el, nu \u0219tiu dac\u0103 mai aveam echip\u0103 \u00een momentul de fa\u021b\u0103. \u00cen ultimii doi ani, FCSB a c\u00e2\u0219tigat campionatul \u2014 un lucru pe care suporterii \u00eel a\u0219teptau de aproape [&hellip;]<\/p>\n","protected":false},"author":21,"featured_media":58639,"comment_status":"open","ping_status":"open","sticky":false,"template":"","format":"standard","meta":{"_jetpack_memberships_contains_paid_content":false,"footnotes":""},"categories":[276],"tags":[264],"class_list":["post-58637","post","type-post","status-publish","format-standard","has-post-thumbnail","hentry","category-fcsb","tag-fcsb"],"yoast_head":"<!-- This site is optimized with the Yoast SEO plugin v27.4 - https:\/\/yoast.com\/product\/yoast-seo-wordpress\/ -->\n<title>Tot vad post\u0103ri c\u0103 Gigi este vinovat ,pai daca nu era,nu \u0219tiu dac\u0103<\/title>\n<meta name=\"description\" content=\"Tot vad post\u0103ri c\u0103 Gigi este vinovat ,pai daca nu era,nu \u0219tiu dac\u0103 mai aveam echipa ,in ultimii doi ani am c\u00e2\u0219tigat campionatul ,am ajuns in optimile Europa ligue a doua competi\u021bie c\u0103 valoare din Europa ,de cat timp nu a mai fost o echipa......Tot vad post\u0103ri c\u0103 Gigi este vinovat ,pai daca nu era,nu \u0219tiu dac\u0103 mai aveam echipa ,in ultimii doi ani am c\u00e2\u0219tigat campionatul ,am ajuns in optimile Europa ligue a doua competi\u021bie c\u0103 valoare din Europa ,de cat timp nu a mai fost o echipa......Tot vad post\u0103ri c\u0103 Gigi este vinovat ,pai daca nu era,nu \u0219tiu dac\u0103 mai aveam echipa ,in ultimii doi ani am c\u00e2\u0219tigat campionatul ,am ajuns in optimile Europa ligue a doua competi\u021bie c\u0103 valoare din Europa ,de cat timp nu a mai fost o echipa......Tot vad post\u0103ri c\u0103 Gigi este vinovat ,pai daca nu era,nu \u0219tiu dac\u0103 mai aveam echipa ,in ultimii doi ani am c\u00e2\u0219tigat campionatul ,am ajuns in optimile Europa ligue a doua competi\u021bie c\u0103 valoare din Europa ,de cat timp nu a mai fost o echipa......\" \/>\n<meta name=\"robots\" content=\"index, follow, max-snippet:-1, max-image-preview:large, max-video-preview:-1\" \/>\n<link rel=\"canonical\" href=\"https:\/\/www.letsportsrock.com\/?p=58637\" \/>\n<meta property=\"og:locale\" content=\"en_US\" \/>\n<meta property=\"og:type\" content=\"article\" \/>\n<meta property=\"og:title\" content=\"Tot vad post\u0103ri c\u0103 Gigi este vinovat ,pai daca nu era,nu \u0219tiu dac\u0103\" \/>\n<meta property=\"og:description\" content=\"Tot vad post\u0103ri c\u0103 Gigi este vinovat ,pai daca nu era,nu \u0219tiu dac\u0103 mai aveam echipa ,in ultimii doi ani am c\u00e2\u0219tigat campionatul ,am ajuns in optimile Europa ligue a doua competi\u021bie c\u0103 valoare din Europa ,de cat timp nu a mai fost o echipa......Tot vad post\u0103ri c\u0103 Gigi este vinovat ,pai daca nu era,nu \u0219tiu dac\u0103 mai aveam echipa ,in ultimii doi ani am c\u00e2\u0219tigat campionatul ,am ajuns in optimile Europa ligue a doua competi\u021bie c\u0103 valoare din Europa ,de cat timp nu a mai fost o echipa......Tot vad post\u0103ri c\u0103 Gigi este vinovat ,pai daca nu era,nu \u0219tiu dac\u0103 mai aveam echipa ,in ultimii doi ani am c\u00e2\u0219tigat campionatul ,am ajuns in optimile Europa ligue a doua competi\u021bie c\u0103 valoare din Europa ,de cat timp nu a mai fost o echipa......Tot vad post\u0103ri c\u0103 Gigi este vinovat ,pai daca nu era,nu \u0219tiu dac\u0103 mai aveam echipa ,in ultimii doi ani am c\u00e2\u0219tigat campionatul ,am ajuns in optimile Europa ligue a doua competi\u021bie c\u0103 valoare din Europa ,de cat timp nu a mai fost o echipa......\" \/>\n<meta property=\"og:url\" content=\"https:\/\/www.letsportsrock.com\/?p=58637\" \/>\n<meta property=\"og:site_name\" content=\"letsportsrock\" \/>\n<meta property=\"article:published_time\" content=\"2025-08-03T18:05:52+00:00\" \/>\n<meta property=\"og:image\" content=\"https:\/\/www.letsportsrock.com\/wp-content\/uploads\/2025\/08\/images-5.jpeg\" \/>\n\t<meta property=\"og:image:width\" content=\"739\" \/>\n\t<meta property=\"og:image:height\" content=\"415\" \/>\n\t<meta property=\"og:image:type\" content=\"image\/jpeg\" \/>\n<meta name=\"author\" content=\"Dooyum@\" \/>\n<meta name=\"twitter:card\" content=\"summary_large_image\" \/>\n<meta name=\"twitter:label1\" content=\"Written by\" \/>\n\t<meta name=\"twitter:data1\" content=\"Dooyum@\" \/>\n\t<meta name=\"twitter:label2\" content=\"Est. reading time\" \/>\n\t<meta name=\"twitter:data2\" content=\"2 minutes\" \/>\n<script type=\"application\/ld+json\" class=\"yoast-schema-graph\">{\"@context\":\"https:\\\/\\\/schema.org\",\"@graph\":[{\"@type\":\"Article\",\"@id\":\"https:\\\/\\\/www.letsportsrock.com\\\/?p=58637#article\",\"isPartOf\":{\"@id\":\"https:\\\/\\\/www.letsportsrock.com\\\/?p=58637\"},\"author\":{\"name\":\"Dooyum@\",\"@id\":\"https:\\\/\\\/www.letsportsrock.com\\\/#\\\/schema\\\/person\\\/5a13d00f7830282189607c4b5a9237bf\"},\"headline\":\"Tot vad post\u0103ri c\u0103 Gigi este vinovat ,pai daca nu era,nu \u0219tiu dac\u0103 mai aveam echipa ,in ultimii doi ani am c\u00e2\u0219tigat campionatul ,am ajuns in optimile Europa ligue a doua competi\u021bie c\u0103 valoare din Europa ,de cat timp nu a mai fost o echipa&#8230;&#8230;\",\"datePublished\":\"2025-08-03T18:05:52+00:00\",\"mainEntityOfPage\":{\"@id\":\"https:\\\/\\\/www.letsportsrock.com\\\/?p=58637\"},\"wordCount\":249,\"commentCount\":0,\"image\":{\"@id\":\"https:\\\/\\\/www.letsportsrock.com\\\/?p=58637#primaryimage\"},\"thumbnailUrl\":\"https:\\\/\\\/www.letsportsrock.com\\\/wp-content\\\/uploads\\\/2025\\\/08\\\/images-5.jpeg\",\"keywords\":[\"FCSB\"],\"articleSection\":[\"FCSB\"],\"inLanguage\":\"en-US\",\"potentialAction\":[{\"@type\":\"CommentAction\",\"name\":\"Comment\",\"target\":[\"https:\\\/\\\/www.letsportsrock.com\\\/?p=58637#respond\"]}]},{\"@type\":\"WebPage\",\"@id\":\"https:\\\/\\\/www.letsportsrock.com\\\/?p=58637\",\"url\":\"https:\\\/\\\/www.letsportsrock.com\\\/?p=58637\",\"name\":\"Tot vad post\u0103ri c\u0103 Gigi este vinovat ,pai daca nu era,nu \u0219tiu dac\u0103\",\"isPartOf\":{\"@id\":\"https:\\\/\\\/www.letsportsrock.com\\\/#website\"},\"primaryImageOfPage\":{\"@id\":\"https:\\\/\\\/www.letsportsrock.com\\\/?p=58637#primaryimage\"},\"image\":{\"@id\":\"https:\\\/\\\/www.letsportsrock.com\\\/?p=58637#primaryimage\"},\"thumbnailUrl\":\"https:\\\/\\\/www.letsportsrock.com\\\/wp-content\\\/uploads\\\/2025\\\/08\\\/images-5.jpeg\",\"datePublished\":\"2025-08-03T18:05:52+00:00\",\"author\":{\"@id\":\"https:\\\/\\\/www.letsportsrock.com\\\/#\\\/schema\\\/person\\\/5a13d00f7830282189607c4b5a9237bf\"},\"description\":\"Tot vad post\u0103ri c\u0103 Gigi este vinovat ,pai daca nu era,nu \u0219tiu dac\u0103 mai aveam echipa ,in ultimii doi ani am c\u00e2\u0219tigat campionatul ,am ajuns in optimile Europa ligue a doua competi\u021bie c\u0103 valoare din Europa ,de cat timp nu a mai fost o echipa......Tot vad post\u0103ri c\u0103 Gigi este vinovat ,pai daca nu era,nu \u0219tiu dac\u0103 mai aveam echipa ,in ultimii doi ani am c\u00e2\u0219tigat campionatul ,am ajuns in optimile Europa ligue a doua competi\u021bie c\u0103 valoare din Europa ,de cat timp nu a mai fost o echipa......Tot vad post\u0103ri c\u0103 Gigi este vinovat ,pai daca nu era,nu \u0219tiu dac\u0103 mai aveam echipa ,in ultimii doi ani am c\u00e2\u0219tigat campionatul ,am ajuns in optimile Europa ligue a doua competi\u021bie c\u0103 valoare din Europa ,de cat timp nu a mai fost o echipa......Tot vad post\u0103ri c\u0103 Gigi este vinovat ,pai daca nu era,nu \u0219tiu dac\u0103 mai aveam echipa ,in ultimii doi ani am c\u00e2\u0219tigat campionatul ,am ajuns in optimile Europa ligue a doua competi\u021bie c\u0103 valoare din Europa ,de cat timp nu a mai fost o echipa......\",\"breadcrumb\":{\"@id\":\"https:\\\/\\\/www.letsportsrock.com\\\/?p=58637#breadcrumb\"},\"inLanguage\":\"en-US\",\"potentialAction\":[{\"@type\":\"ReadAction\",\"target\":[\"https:\\\/\\\/www.letsportsrock.com\\\/?p=58637\"]}]},{\"@type\":\"ImageObject\",\"inLanguage\":\"en-US\",\"@id\":\"https:\\\/\\\/www.letsportsrock.com\\\/?p=58637#primaryimage\",\"url\":\"https:\\\/\\\/www.letsportsrock.com\\\/wp-content\\\/uploads\\\/2025\\\/08\\\/images-5.jpeg\",\"contentUrl\":\"https:\\\/\\\/www.letsportsrock.com\\\/wp-content\\\/uploads\\\/2025\\\/08\\\/images-5.jpeg\",\"width\":739,\"height\":415},{\"@type\":\"BreadcrumbList\",\"@id\":\"https:\\\/\\\/www.letsportsrock.com\\\/?p=58637#breadcrumb\",\"itemListElement\":[{\"@type\":\"ListItem\",\"position\":1,\"name\":\"Home\",\"item\":\"https:\\\/\\\/www.letsportsrock.com\\\/\"},{\"@type\":\"ListItem\",\"position\":2,\"name\":\"Tot vad post\u0103ri c\u0103 Gigi este vinovat ,pai daca nu era,nu \u0219tiu dac\u0103 mai aveam echipa ,in ultimii doi ani am c\u00e2\u0219tigat campionatul ,am ajuns in optimile Europa ligue a doua competi\u021bie c\u0103 valoare din Europa ,de cat timp nu a mai fost o echipa&#8230;&#8230;\"}]},{\"@type\":\"WebSite\",\"@id\":\"https:\\\/\\\/www.letsportsrock.com\\\/#website\",\"url\":\"https:\\\/\\\/www.letsportsrock.com\\\/\",\"name\":\"letsportsrock\",\"description\":\"Sport News and Updates\",\"potentialAction\":[{\"@type\":\"SearchAction\",\"target\":{\"@type\":\"EntryPoint\",\"urlTemplate\":\"https:\\\/\\\/www.letsportsrock.com\\\/?s={search_term_string}\"},\"query-input\":{\"@type\":\"PropertyValueSpecification\",\"valueRequired\":true,\"valueName\":\"search_term_string\"}}],\"inLanguage\":\"en-US\"},{\"@type\":\"Person\",\"@id\":\"https:\\\/\\\/www.letsportsrock.com\\\/#\\\/schema\\\/person\\\/5a13d00f7830282189607c4b5a9237bf\",\"name\":\"Dooyum@\",\"image\":{\"@type\":\"ImageObject\",\"inLanguage\":\"en-US\",\"@id\":\"https:\\\/\\\/secure.gravatar.com\\\/avatar\\\/7498f391a1eb24da401a4b43cd9242622cf3682e1c9b1437a7ac00795149a3b2?s=96&d=mm&r=g\",\"url\":\"https:\\\/\\\/secure.gravatar.com\\\/avatar\\\/7498f391a1eb24da401a4b43cd9242622cf3682e1c9b1437a7ac00795149a3b2?s=96&d=mm&r=g\",\"contentUrl\":\"https:\\\/\\\/secure.gravatar.com\\\/avatar\\\/7498f391a1eb24da401a4b43cd9242622cf3682e1c9b1437a7ac00795149a3b2?s=96&d=mm&r=g\",\"caption\":\"Dooyum@\"},\"sameAs\":[\"https:\\\/\\\/www.letsportsrock.com\\\/wp-admin\\\/\"],\"url\":\"https:\\\/\\\/www.letsportsrock.com\\\/?author=21\"}]}<\/script>\n<!-- \/ Yoast SEO plugin. -->","yoast_head_json":{"title":"Tot vad post\u0103ri c\u0103 Gigi este vinovat ,pai daca nu era,nu \u0219tiu dac\u0103","description":"Tot vad post\u0103ri c\u0103 Gigi este vinovat ,pai daca nu era,nu \u0219tiu dac\u0103 mai aveam echipa ,in ultimii doi ani am c\u00e2\u0219tigat campionatul ,am ajuns in optimile Europa ligue a doua competi\u021bie c\u0103 valoare din Europa ,de cat timp nu a mai fost o echipa......Tot vad post\u0103ri c\u0103 Gigi este vinovat ,pai daca nu era,nu \u0219tiu dac\u0103 mai aveam echipa ,in ultimii doi ani am c\u00e2\u0219tigat campionatul ,am ajuns in optimile Europa ligue a doua competi\u021bie c\u0103 valoare din Europa ,de cat timp nu a mai fost o echipa......Tot vad post\u0103ri c\u0103 Gigi este vinovat ,pai daca nu era,nu \u0219tiu dac\u0103 mai aveam echipa ,in ultimii doi ani am c\u00e2\u0219tigat campionatul ,am ajuns in optimile Europa ligue a doua competi\u021bie c\u0103 valoare din Europa ,de cat timp nu a mai fost o echipa......Tot vad post\u0103ri c\u0103 Gigi este vinovat ,pai daca nu era,nu \u0219tiu dac\u0103 mai aveam echipa ,in ultimii doi ani am c\u00e2\u0219tigat campionatul ,am ajuns in optimile Europa ligue a doua competi\u021bie c\u0103 valoare din Europa ,de cat timp nu a mai fost o echipa......","robots":{"index":"index","follow":"follow","max-snippet":"max-snippet:-1","max-image-preview":"max-image-preview:large","max-video-preview":"max-video-preview:-1"},"canonical":"https:\/\/www.letsportsrock.com\/?p=58637","og_locale":"en_US","og_type":"article","og_title":"Tot vad post\u0103ri c\u0103 Gigi este vinovat ,pai daca nu era,nu \u0219tiu dac\u0103","og_description":"Tot vad post\u0103ri c\u0103 Gigi este vinovat ,pai daca nu era,nu \u0219tiu dac\u0103 mai aveam echipa ,in ultimii doi ani am c\u00e2\u0219tigat campionatul ,am ajuns in optimile Europa ligue a doua competi\u021bie c\u0103 valoare din Europa ,de cat timp nu a mai fost o echipa......Tot vad post\u0103ri c\u0103 Gigi este vinovat ,pai daca nu era,nu \u0219tiu dac\u0103 mai aveam echipa ,in ultimii doi ani am c\u00e2\u0219tigat campionatul ,am ajuns in optimile Europa ligue a doua competi\u021bie c\u0103 valoare din Europa ,de cat timp nu a mai fost o echipa......Tot vad post\u0103ri c\u0103 Gigi este vinovat ,pai daca nu era,nu \u0219tiu dac\u0103 mai aveam echipa ,in ultimii doi ani am c\u00e2\u0219tigat campionatul ,am ajuns in optimile Europa ligue a doua competi\u021bie c\u0103 valoare din Europa ,de cat timp nu a mai fost o echipa......Tot vad post\u0103ri c\u0103 Gigi este vinovat ,pai daca nu era,nu \u0219tiu dac\u0103 mai aveam echipa ,in ultimii doi ani am c\u00e2\u0219tigat campionatul ,am ajuns in optimile Europa ligue a doua competi\u021bie c\u0103 valoare din Europa ,de cat timp nu a mai fost o echipa......","og_url":"https:\/\/www.letsportsrock.com\/?p=58637","og_site_name":"letsportsrock","article_published_time":"2025-08-03T18:05:52+00:00","og_image":[{"width":739,"height":415,"url":"https:\/\/www.letsportsrock.com\/wp-content\/uploads\/2025\/08\/images-5.jpeg","type":"image\/jpeg"}],"author":"Dooyum@","twitter_card":"summary_large_image","twitter_misc":{"Written by":"Dooyum@","Est. reading time":"2 minutes"},"schema":{"@context":"https:\/\/schema.org","@graph":[{"@type":"Article","@id":"https:\/\/www.letsportsrock.com\/?p=58637#article","isPartOf":{"@id":"https:\/\/www.letsportsrock.com\/?p=58637"},"author":{"name":"Dooyum@","@id":"https:\/\/www.letsportsrock.com\/#\/schema\/person\/5a13d00f7830282189607c4b5a9237bf"},"headline":"Tot vad post\u0103ri c\u0103 Gigi este vinovat ,pai daca nu era,nu \u0219tiu dac\u0103 mai aveam echipa ,in ultimii doi ani am c\u00e2\u0219tigat campionatul ,am ajuns in optimile Europa ligue a doua competi\u021bie c\u0103 valoare din Europa ,de cat timp nu a mai fost o echipa&#8230;&#8230;","datePublished":"2025-08-03T18:05:52+00:00","mainEntityOfPage":{"@id":"https:\/\/www.letsportsrock.com\/?p=58637"},"wordCount":249,"commentCount":0,"image":{"@id":"https:\/\/www.letsportsrock.com\/?p=58637#primaryimage"},"thumbnailUrl":"https:\/\/www.letsportsrock.com\/wp-content\/uploads\/2025\/08\/images-5.jpeg","keywords":["FCSB"],"articleSection":["FCSB"],"inLanguage":"en-US","potentialAction":[{"@type":"CommentAction","name":"Comment","target":["https:\/\/www.letsportsrock.com\/?p=58637#respond"]}]},{"@type":"WebPage","@id":"https:\/\/www.letsportsrock.com\/?p=58637","url":"https:\/\/www.letsportsrock.com\/?p=58637","name":"Tot vad post\u0103ri c\u0103 Gigi este vinovat ,pai daca nu era,nu \u0219tiu dac\u0103","isPartOf":{"@id":"https:\/\/www.letsportsrock.com\/#website"},"primaryImageOfPage":{"@id":"https:\/\/www.letsportsrock.com\/?p=58637#primaryimage"},"image":{"@id":"https:\/\/www.letsportsrock.com\/?p=58637#primaryimage"},"thumbnailUrl":"https:\/\/www.letsportsrock.com\/wp-content\/uploads\/2025\/08\/images-5.jpeg","datePublished":"2025-08-03T18:05:52+00:00","author":{"@id":"https:\/\/www.letsportsrock.com\/#\/schema\/person\/5a13d00f7830282189607c4b5a9237bf"},"description":"Tot vad post\u0103ri c\u0103 Gigi este vinovat ,pai daca nu era,nu \u0219tiu dac\u0103 mai aveam echipa ,in ultimii doi ani am c\u00e2\u0219tigat campionatul ,am ajuns in optimile Europa ligue a doua competi\u021bie c\u0103 valoare din Europa ,de cat timp nu a mai fost o echipa......Tot vad post\u0103ri c\u0103 Gigi este vinovat ,pai daca nu era,nu \u0219tiu dac\u0103 mai aveam echipa ,in ultimii doi ani am c\u00e2\u0219tigat campionatul ,am ajuns in optimile Europa ligue a doua competi\u021bie c\u0103 valoare din Europa ,de cat timp nu a mai fost o echipa......Tot vad post\u0103ri c\u0103 Gigi este vinovat ,pai daca nu era,nu \u0219tiu dac\u0103 mai aveam echipa ,in ultimii doi ani am c\u00e2\u0219tigat campionatul ,am ajuns in optimile Europa ligue a doua competi\u021bie c\u0103 valoare din Europa ,de cat timp nu a mai fost o echipa......Tot vad post\u0103ri c\u0103 Gigi este vinovat ,pai daca nu era,nu \u0219tiu dac\u0103 mai aveam echipa ,in ultimii doi ani am c\u00e2\u0219tigat campionatul ,am ajuns in optimile Europa ligue a doua competi\u021bie c\u0103 valoare din Europa ,de cat timp nu a mai fost o echipa......","breadcrumb":{"@id":"https:\/\/www.letsportsrock.com\/?p=58637#breadcrumb"},"inLanguage":"en-US","potentialAction":[{"@type":"ReadAction","target":["https:\/\/www.letsportsrock.com\/?p=58637"]}]},{"@type":"ImageObject","inLanguage":"en-US","@id":"https:\/\/www.letsportsrock.com\/?p=58637#primaryimage","url":"https:\/\/www.letsportsrock.com\/wp-content\/uploads\/2025\/08\/images-5.jpeg","contentUrl":"https:\/\/www.letsportsrock.com\/wp-content\/uploads\/2025\/08\/images-5.jpeg","width":739,"height":415},{"@type":"BreadcrumbList","@id":"https:\/\/www.letsportsrock.com\/?p=58637#breadcrumb","itemListElement":[{"@type":"ListItem","position":1,"name":"Home","item":"https:\/\/www.letsportsrock.com\/"},{"@type":"ListItem","position":2,"name":"Tot vad post\u0103ri c\u0103 Gigi este vinovat ,pai daca nu era,nu \u0219tiu dac\u0103 mai aveam echipa ,in ultimii doi ani am c\u00e2\u0219tigat campionatul ,am ajuns in optimile Europa ligue a doua competi\u021bie c\u0103 valoare din Europa ,de cat timp nu a mai fost o echipa&#8230;&#8230;"}]},{"@type":"WebSite","@id":"https:\/\/www.letsportsrock.com\/#website","url":"https:\/\/www.letsportsrock.com\/","name":"letsportsrock","description":"Sport News and Updates","potentialAction":[{"@type":"SearchAction","target":{"@type":"EntryPoint","urlTemplate":"https:\/\/www.letsportsrock.com\/?s={search_term_string}"},"query-input":{"@type":"PropertyValueSpecification","valueRequired":true,"valueName":"search_term_string"}}],"inLanguage":"en-US"},{"@type":"Person","@id":"https:\/\/www.letsportsrock.com\/#\/schema\/person\/5a13d00f7830282189607c4b5a9237bf","name":"Dooyum@","image":{"@type":"ImageObject","inLanguage":"en-US","@id":"https:\/\/secure.gravatar.com\/avatar\/7498f391a1eb24da401a4b43cd9242622cf3682e1c9b1437a7ac00795149a3b2?s=96&d=mm&r=g","url":"https:\/\/secure.gravatar.com\/avatar\/7498f391a1eb24da401a4b43cd9242622cf3682e1c9b1437a7ac00795149a3b2?s=96&d=mm&r=g","contentUrl":"https:\/\/secure.gravatar.com\/avatar\/7498f391a1eb24da401a4b43cd9242622cf3682e1c9b1437a7ac00795149a3b2?s=96&d=mm&r=g","caption":"Dooyum@"},"sameAs":["https:\/\/www.letsportsrock.com\/wp-admin\/"],"url":"https:\/\/www.letsportsrock.com\/?author=21"}]}},"jetpack_featured_media_url":"https:\/\/www.letsportsrock.com\/wp-content\/uploads\/2025\/08\/images-5.jpeg","jetpack_sharing_enabled":true,"_links":{"self":[{"href":"https:\/\/www.letsportsrock.com\/index.php?rest_route=\/wp\/v2\/posts\/58637","targetHints":{"allow":["GET"]}}],"collection":[{"href":"https:\/\/www.letsportsrock.com\/index.php?rest_route=\/wp\/v2\/posts"}],"about":[{"href":"https:\/\/www.letsportsrock.com\/index.php?rest_route=\/wp\/v2\/types\/post"}],"author":[{"embeddable":true,"href":"https:\/\/www.letsportsrock.com\/index.php?rest_route=\/wp\/v2\/users\/21"}],"replies":[{"embeddable":true,"href":"https:\/\/www.letsportsrock.com\/index.php?rest_route=%2Fwp%2Fv2%2Fcomments&post=58637"}],"version-history":[{"count":1,"href":"https:\/\/www.letsportsrock.com\/index.php?rest_route=\/wp\/v2\/posts\/58637\/revisions"}],"predecessor-version":[{"id":58640,"href":"https:\/\/www.letsportsrock.com\/index.php?rest_route=\/wp\/v2\/posts\/58637\/revisions\/58640"}],"wp:featuredmedia":[{"embeddable":true,"href":"https:\/\/www.letsportsrock.com\/index.php?rest_route=\/wp\/v2\/media\/58639"}],"wp:attachment":[{"href":"https:\/\/www.letsportsrock.com\/index.php?rest_route=%2Fwp%2Fv2%2Fmedia&parent=58637"}],"wp:term":[{"taxonomy":"category","embeddable":true,"href":"https:\/\/www.letsportsrock.com\/index.php?rest_route=%2Fwp%2Fv2%2Fcategories&post=58637"},{"taxonomy":"post_tag","embeddable":true,"href":"https:\/\/www.letsportsrock.com\/index.php?rest_route=%2Fwp%2Fv2%2Ftags&post=58637"}],"curies":[{"name":"wp","href":"https:\/\/api.w.org\/{rel}","templated":true}]}}