{"id":58957,"date":"2025-08-05T09:42:35","date_gmt":"2025-08-05T09:42:35","guid":{"rendered":"https:\/\/www.letsportsrock.com\/?p=58957"},"modified":"2025-08-05T09:42:35","modified_gmt":"2025-08-05T09:42:35","slug":"dezertor-tragic-daniel-birligea-a-fost-confirmat-decedent","status":"publish","type":"post","link":"https:\/\/www.letsportsrock.com\/?p=58957","title":{"rendered":"Dezertor tragic: Daniel B\u00eerligea a fost confirmat decedent&#8230;."},"content":{"rendered":"<div class=\"d79db4796efc26332eabfc3f5dafbc76\" data-index=\"1\" style=\"float: none; margin:10px 0 10px 0; text-align:center;\">\n<div class=\"hb-ad-inarticle\">\r\n    <div class=\"hb-ad-inner\"> \r\n    <div class=\"hbagency_cls\"  id=\"hbagency_space_111930\"><\/div><\/div> <\/div>\n<\/div>\n<p>\u00centr-o \u00eentors\u0103tur\u0103 sf\u00e2\u0219ietoare a evenimentelor, Daniel B\u00eerligea a fost confirmat decedat \u00een urm\u0103 cu doar c\u00e2teva momente, vestea cutremur\u00e2nd lumea fotbalului rom\u00e2nesc \u0219i nu numai.<\/p>\n<p>&nbsp;<\/p>\n<p>T\u00e2n\u0103rul atacant, considerat un talent promi\u021b\u0103tor la CFR Cluj \u0219i la echipa na\u021bional\u0103 a Rom\u00e2niei, s-a aflat recent \u00een centrul unei controverse, dup\u0103 ce ar fi abandonat clubul \u00een circumstan\u021be neclare.<\/p>\n<p><img loading=\"lazy\" decoding=\"async\" class=\"alignnone size-medium wp-image-58958\" src=\"https:\/\/www.letsportsrock.com\/wp-content\/uploads\/2025\/08\/IMG_20250805_101545-2-240x300.jpg\" alt=\"\" width=\"240\" height=\"300\" srcset=\"https:\/\/www.letsportsrock.com\/wp-content\/uploads\/2025\/08\/IMG_20250805_101545-2-240x300.jpg 240w, https:\/\/www.letsportsrock.com\/wp-content\/uploads\/2025\/08\/IMG_20250805_101545-2-819x1024.jpg 819w, https:\/\/www.letsportsrock.com\/wp-content\/uploads\/2025\/08\/IMG_20250805_101545-2-768x960.jpg 768w, https:\/\/www.letsportsrock.com\/wp-content\/uploads\/2025\/08\/IMG_20250805_101545-2.jpg 1080w\" sizes=\"auto, (max-width: 240px) 100vw, 240px\" \/><\/p>\n<p>Au circulat zvonuri despre probleme personale, tulbur\u0103ri psihice \u0219i conflicte interne, \u00eens\u0103 nimeni nu se a\u0219tepta la un asemenea deznod\u0103m\u00e2nt tragic.<\/p>\n<p>&nbsp;<\/p>\n<p>Autorit\u0103\u021bile nu au oferit \u00eenc\u0103 detalii oficiale despre cauza decesului, \u00eens\u0103 primele informa\u021bii indic\u0103 faptul c\u0103 ar putea fi legat\u0103 de presiunile emo\u021bionale \u0219i psihologice din ultima perioad\u0103.<\/p>\n<p>&nbsp;<\/p>\n<p>Fanii, colegii \u0219i chiar rivalii au \u00eenceput s\u0103-\u0219i exprime durerea \u0219i \u0219ocul pe re\u021belele sociale, amintindu-l pe Daniel nu doar ca pe un fotbalist talentat, ci \u0219i ca pe un suflet bl\u00e2nd \u00een afara terenului.<\/p>\n<p>&nbsp;<\/p>\n<p>Moartea sa nea\u0219teptat\u0103 este un memento dureros al luptelor invizibile pe care mul\u021bi sportivi le duc \u00een t\u0103cere.<\/p>\n<p>&nbsp;<\/p>\n<p>Mesajele de condolean\u021be vin din \u00eentreaga Europ\u0103, iar CFR Cluj va \u021bine un moment de reculegere \u00een onoarea sa la urm\u0103torul meci.<\/p>\n<p>&nbsp;<\/p>\n<p>Daniel B\u00eerligea avea doar 24 de ani. Plecat mult prea devreme, dar niciodat\u0103 uitat.<\/p>\n<p>&nbsp;<\/p>\n<p>&nbsp;<\/p>\n\n<div style=\"font-size: 0px; height: 0px; line-height: 0px; margin: 0; padding: 0; clear: both;\"><\/div>","protected":false},"excerpt":{"rendered":"<p>\u00centr-o \u00eentors\u0103tur\u0103 sf\u00e2\u0219ietoare a evenimentelor, Daniel B\u00eerligea a fost confirmat decedat \u00een urm\u0103 cu doar c\u00e2teva momente, vestea cutremur\u00e2nd lumea fotbalului rom\u00e2nesc \u0219i nu numai. &nbsp; T\u00e2n\u0103rul atacant, considerat un talent promi\u021b\u0103tor la CFR Cluj \u0219i la echipa na\u021bional\u0103 a Rom\u00e2niei, s-a aflat recent \u00een centrul unei controverse, dup\u0103 ce ar fi abandonat clubul \u00een [&hellip;]<\/p>\n","protected":false},"author":21,"featured_media":58959,"comment_status":"open","ping_status":"open","sticky":false,"template":"","format":"standard","meta":{"_jetpack_memberships_contains_paid_content":false,"footnotes":""},"categories":[276],"tags":[264],"class_list":["post-58957","post","type-post","status-publish","format-standard","has-post-thumbnail","hentry","category-fcsb","tag-fcsb"],"yoast_head":"<!-- This site is optimized with the Yoast SEO plugin v27.5 - https:\/\/yoast.com\/product\/yoast-seo-wordpress\/ -->\n<title>Dezertor tragic: Daniel B\u00eerligea a fost confirmat decedent....<\/title>\n<meta name=\"description\" content=\"Dezertor tragic: Daniel B\u00eerligea a fost confirmat decedent......................................................\" \/>\n<meta name=\"robots\" content=\"index, follow, max-snippet:-1, max-image-preview:large, max-video-preview:-1\" \/>\n<link rel=\"canonical\" href=\"https:\/\/www.letsportsrock.com\/?p=58957\" \/>\n<meta property=\"og:locale\" content=\"en_US\" \/>\n<meta property=\"og:type\" content=\"article\" \/>\n<meta property=\"og:title\" content=\"Dezertor tragic: Daniel B\u00eerligea a fost confirmat decedent....\" \/>\n<meta property=\"og:description\" content=\"Dezertor tragic: Daniel B\u00eerligea a fost confirmat decedent......................................................\" \/>\n<meta property=\"og:url\" content=\"https:\/\/www.letsportsrock.com\/?p=58957\" \/>\n<meta property=\"og:site_name\" content=\"letsportsrock\" \/>\n<meta property=\"article:published_time\" content=\"2025-08-05T09:42:35+00:00\" \/>\n<meta property=\"og:image\" content=\"https:\/\/www.letsportsrock.com\/wp-content\/uploads\/2025\/08\/skynews-vienna-georgia-eddie-daniels_5927700-2.jpg\" \/>\n\t<meta property=\"og:image:width\" content=\"768\" \/>\n\t<meta property=\"og:image:height\" content=\"432\" \/>\n\t<meta property=\"og:image:type\" content=\"image\/jpeg\" \/>\n<meta name=\"author\" content=\"Dooyum@\" \/>\n<meta name=\"twitter:card\" content=\"summary_large_image\" \/>\n<meta name=\"twitter:label1\" content=\"Written by\" \/>\n\t<meta name=\"twitter:data1\" content=\"Dooyum@\" \/>\n\t<meta name=\"twitter:label2\" content=\"Est. reading time\" \/>\n\t<meta name=\"twitter:data2\" content=\"2 minutes\" \/>\n<script type=\"application\/ld+json\" class=\"yoast-schema-graph\">{\"@context\":\"https:\\\/\\\/schema.org\",\"@graph\":[{\"@type\":\"Article\",\"@id\":\"https:\\\/\\\/www.letsportsrock.com\\\/?p=58957#article\",\"isPartOf\":{\"@id\":\"https:\\\/\\\/www.letsportsrock.com\\\/?p=58957\"},\"author\":{\"name\":\"Dooyum@\",\"@id\":\"https:\\\/\\\/www.letsportsrock.com\\\/#\\\/schema\\\/person\\\/5a13d00f7830282189607c4b5a9237bf\"},\"headline\":\"Dezertor tragic: Daniel B\u00eerligea a fost confirmat decedent&#8230;.\",\"datePublished\":\"2025-08-05T09:42:35+00:00\",\"mainEntityOfPage\":{\"@id\":\"https:\\\/\\\/www.letsportsrock.com\\\/?p=58957\"},\"wordCount\":239,\"commentCount\":0,\"image\":{\"@id\":\"https:\\\/\\\/www.letsportsrock.com\\\/?p=58957#primaryimage\"},\"thumbnailUrl\":\"https:\\\/\\\/www.letsportsrock.com\\\/wp-content\\\/uploads\\\/2025\\\/08\\\/skynews-vienna-georgia-eddie-daniels_5927700-2.jpg\",\"keywords\":[\"FCSB\"],\"articleSection\":[\"FCSB\"],\"inLanguage\":\"en-US\",\"potentialAction\":[{\"@type\":\"CommentAction\",\"name\":\"Comment\",\"target\":[\"https:\\\/\\\/www.letsportsrock.com\\\/?p=58957#respond\"]}]},{\"@type\":\"WebPage\",\"@id\":\"https:\\\/\\\/www.letsportsrock.com\\\/?p=58957\",\"url\":\"https:\\\/\\\/www.letsportsrock.com\\\/?p=58957\",\"name\":\"Dezertor tragic: Daniel B\u00eerligea a fost confirmat decedent....\",\"isPartOf\":{\"@id\":\"https:\\\/\\\/www.letsportsrock.com\\\/#website\"},\"primaryImageOfPage\":{\"@id\":\"https:\\\/\\\/www.letsportsrock.com\\\/?p=58957#primaryimage\"},\"image\":{\"@id\":\"https:\\\/\\\/www.letsportsrock.com\\\/?p=58957#primaryimage\"},\"thumbnailUrl\":\"https:\\\/\\\/www.letsportsrock.com\\\/wp-content\\\/uploads\\\/2025\\\/08\\\/skynews-vienna-georgia-eddie-daniels_5927700-2.jpg\",\"datePublished\":\"2025-08-05T09:42:35+00:00\",\"author\":{\"@id\":\"https:\\\/\\\/www.letsportsrock.com\\\/#\\\/schema\\\/person\\\/5a13d00f7830282189607c4b5a9237bf\"},\"description\":\"Dezertor tragic: Daniel B\u00eerligea a fost confirmat decedent......................................................\",\"breadcrumb\":{\"@id\":\"https:\\\/\\\/www.letsportsrock.com\\\/?p=58957#breadcrumb\"},\"inLanguage\":\"en-US\",\"potentialAction\":[{\"@type\":\"ReadAction\",\"target\":[\"https:\\\/\\\/www.letsportsrock.com\\\/?p=58957\"]}]},{\"@type\":\"ImageObject\",\"inLanguage\":\"en-US\",\"@id\":\"https:\\\/\\\/www.letsportsrock.com\\\/?p=58957#primaryimage\",\"url\":\"https:\\\/\\\/www.letsportsrock.com\\\/wp-content\\\/uploads\\\/2025\\\/08\\\/skynews-vienna-georgia-eddie-daniels_5927700-2.jpg\",\"contentUrl\":\"https:\\\/\\\/www.letsportsrock.com\\\/wp-content\\\/uploads\\\/2025\\\/08\\\/skynews-vienna-georgia-eddie-daniels_5927700-2.jpg\",\"width\":768,\"height\":432},{\"@type\":\"BreadcrumbList\",\"@id\":\"https:\\\/\\\/www.letsportsrock.com\\\/?p=58957#breadcrumb\",\"itemListElement\":[{\"@type\":\"ListItem\",\"position\":1,\"name\":\"Home\",\"item\":\"https:\\\/\\\/www.letsportsrock.com\\\/\"},{\"@type\":\"ListItem\",\"position\":2,\"name\":\"Dezertor tragic: Daniel B\u00eerligea a fost confirmat decedent&#8230;.\"}]},{\"@type\":\"WebSite\",\"@id\":\"https:\\\/\\\/www.letsportsrock.com\\\/#website\",\"url\":\"https:\\\/\\\/www.letsportsrock.com\\\/\",\"name\":\"letsportsrock\",\"description\":\"Sport News and Updates\",\"potentialAction\":[{\"@type\":\"SearchAction\",\"target\":{\"@type\":\"EntryPoint\",\"urlTemplate\":\"https:\\\/\\\/www.letsportsrock.com\\\/?s={search_term_string}\"},\"query-input\":{\"@type\":\"PropertyValueSpecification\",\"valueRequired\":true,\"valueName\":\"search_term_string\"}}],\"inLanguage\":\"en-US\"},{\"@type\":\"Person\",\"@id\":\"https:\\\/\\\/www.letsportsrock.com\\\/#\\\/schema\\\/person\\\/5a13d00f7830282189607c4b5a9237bf\",\"name\":\"Dooyum@\",\"image\":{\"@type\":\"ImageObject\",\"inLanguage\":\"en-US\",\"@id\":\"https:\\\/\\\/secure.gravatar.com\\\/avatar\\\/7498f391a1eb24da401a4b43cd9242622cf3682e1c9b1437a7ac00795149a3b2?s=96&d=mm&r=g\",\"url\":\"https:\\\/\\\/secure.gravatar.com\\\/avatar\\\/7498f391a1eb24da401a4b43cd9242622cf3682e1c9b1437a7ac00795149a3b2?s=96&d=mm&r=g\",\"contentUrl\":\"https:\\\/\\\/secure.gravatar.com\\\/avatar\\\/7498f391a1eb24da401a4b43cd9242622cf3682e1c9b1437a7ac00795149a3b2?s=96&d=mm&r=g\",\"caption\":\"Dooyum@\"},\"sameAs\":[\"https:\\\/\\\/www.letsportsrock.com\\\/wp-admin\\\/\"],\"url\":\"https:\\\/\\\/www.letsportsrock.com\\\/?author=21\"}]}<\/script>\n<!-- \/ Yoast SEO plugin. -->","yoast_head_json":{"title":"Dezertor tragic: Daniel B\u00eerligea a fost confirmat decedent....","description":"Dezertor tragic: Daniel B\u00eerligea a fost confirmat decedent......................................................","robots":{"index":"index","follow":"follow","max-snippet":"max-snippet:-1","max-image-preview":"max-image-preview:large","max-video-preview":"max-video-preview:-1"},"canonical":"https:\/\/www.letsportsrock.com\/?p=58957","og_locale":"en_US","og_type":"article","og_title":"Dezertor tragic: Daniel B\u00eerligea a fost confirmat decedent....","og_description":"Dezertor tragic: Daniel B\u00eerligea a fost confirmat decedent......................................................","og_url":"https:\/\/www.letsportsrock.com\/?p=58957","og_site_name":"letsportsrock","article_published_time":"2025-08-05T09:42:35+00:00","og_image":[{"width":768,"height":432,"url":"https:\/\/www.letsportsrock.com\/wp-content\/uploads\/2025\/08\/skynews-vienna-georgia-eddie-daniels_5927700-2.jpg","type":"image\/jpeg"}],"author":"Dooyum@","twitter_card":"summary_large_image","twitter_misc":{"Written by":"Dooyum@","Est. reading time":"2 minutes"},"schema":{"@context":"https:\/\/schema.org","@graph":[{"@type":"Article","@id":"https:\/\/www.letsportsrock.com\/?p=58957#article","isPartOf":{"@id":"https:\/\/www.letsportsrock.com\/?p=58957"},"author":{"name":"Dooyum@","@id":"https:\/\/www.letsportsrock.com\/#\/schema\/person\/5a13d00f7830282189607c4b5a9237bf"},"headline":"Dezertor tragic: Daniel B\u00eerligea a fost confirmat decedent&#8230;.","datePublished":"2025-08-05T09:42:35+00:00","mainEntityOfPage":{"@id":"https:\/\/www.letsportsrock.com\/?p=58957"},"wordCount":239,"commentCount":0,"image":{"@id":"https:\/\/www.letsportsrock.com\/?p=58957#primaryimage"},"thumbnailUrl":"https:\/\/www.letsportsrock.com\/wp-content\/uploads\/2025\/08\/skynews-vienna-georgia-eddie-daniels_5927700-2.jpg","keywords":["FCSB"],"articleSection":["FCSB"],"inLanguage":"en-US","potentialAction":[{"@type":"CommentAction","name":"Comment","target":["https:\/\/www.letsportsrock.com\/?p=58957#respond"]}]},{"@type":"WebPage","@id":"https:\/\/www.letsportsrock.com\/?p=58957","url":"https:\/\/www.letsportsrock.com\/?p=58957","name":"Dezertor tragic: Daniel B\u00eerligea a fost confirmat decedent....","isPartOf":{"@id":"https:\/\/www.letsportsrock.com\/#website"},"primaryImageOfPage":{"@id":"https:\/\/www.letsportsrock.com\/?p=58957#primaryimage"},"image":{"@id":"https:\/\/www.letsportsrock.com\/?p=58957#primaryimage"},"thumbnailUrl":"https:\/\/www.letsportsrock.com\/wp-content\/uploads\/2025\/08\/skynews-vienna-georgia-eddie-daniels_5927700-2.jpg","datePublished":"2025-08-05T09:42:35+00:00","author":{"@id":"https:\/\/www.letsportsrock.com\/#\/schema\/person\/5a13d00f7830282189607c4b5a9237bf"},"description":"Dezertor tragic: Daniel B\u00eerligea a fost confirmat decedent......................................................","breadcrumb":{"@id":"https:\/\/www.letsportsrock.com\/?p=58957#breadcrumb"},"inLanguage":"en-US","potentialAction":[{"@type":"ReadAction","target":["https:\/\/www.letsportsrock.com\/?p=58957"]}]},{"@type":"ImageObject","inLanguage":"en-US","@id":"https:\/\/www.letsportsrock.com\/?p=58957#primaryimage","url":"https:\/\/www.letsportsrock.com\/wp-content\/uploads\/2025\/08\/skynews-vienna-georgia-eddie-daniels_5927700-2.jpg","contentUrl":"https:\/\/www.letsportsrock.com\/wp-content\/uploads\/2025\/08\/skynews-vienna-georgia-eddie-daniels_5927700-2.jpg","width":768,"height":432},{"@type":"BreadcrumbList","@id":"https:\/\/www.letsportsrock.com\/?p=58957#breadcrumb","itemListElement":[{"@type":"ListItem","position":1,"name":"Home","item":"https:\/\/www.letsportsrock.com\/"},{"@type":"ListItem","position":2,"name":"Dezertor tragic: Daniel B\u00eerligea a fost confirmat decedent&#8230;."}]},{"@type":"WebSite","@id":"https:\/\/www.letsportsrock.com\/#website","url":"https:\/\/www.letsportsrock.com\/","name":"letsportsrock","description":"Sport News and Updates","potentialAction":[{"@type":"SearchAction","target":{"@type":"EntryPoint","urlTemplate":"https:\/\/www.letsportsrock.com\/?s={search_term_string}"},"query-input":{"@type":"PropertyValueSpecification","valueRequired":true,"valueName":"search_term_string"}}],"inLanguage":"en-US"},{"@type":"Person","@id":"https:\/\/www.letsportsrock.com\/#\/schema\/person\/5a13d00f7830282189607c4b5a9237bf","name":"Dooyum@","image":{"@type":"ImageObject","inLanguage":"en-US","@id":"https:\/\/secure.gravatar.com\/avatar\/7498f391a1eb24da401a4b43cd9242622cf3682e1c9b1437a7ac00795149a3b2?s=96&d=mm&r=g","url":"https:\/\/secure.gravatar.com\/avatar\/7498f391a1eb24da401a4b43cd9242622cf3682e1c9b1437a7ac00795149a3b2?s=96&d=mm&r=g","contentUrl":"https:\/\/secure.gravatar.com\/avatar\/7498f391a1eb24da401a4b43cd9242622cf3682e1c9b1437a7ac00795149a3b2?s=96&d=mm&r=g","caption":"Dooyum@"},"sameAs":["https:\/\/www.letsportsrock.com\/wp-admin\/"],"url":"https:\/\/www.letsportsrock.com\/?author=21"}]}},"jetpack_featured_media_url":"https:\/\/www.letsportsrock.com\/wp-content\/uploads\/2025\/08\/skynews-vienna-georgia-eddie-daniels_5927700-2.jpg","jetpack_sharing_enabled":true,"_links":{"self":[{"href":"https:\/\/www.letsportsrock.com\/index.php?rest_route=\/wp\/v2\/posts\/58957","targetHints":{"allow":["GET"]}}],"collection":[{"href":"https:\/\/www.letsportsrock.com\/index.php?rest_route=\/wp\/v2\/posts"}],"about":[{"href":"https:\/\/www.letsportsrock.com\/index.php?rest_route=\/wp\/v2\/types\/post"}],"author":[{"embeddable":true,"href":"https:\/\/www.letsportsrock.com\/index.php?rest_route=\/wp\/v2\/users\/21"}],"replies":[{"embeddable":true,"href":"https:\/\/www.letsportsrock.com\/index.php?rest_route=%2Fwp%2Fv2%2Fcomments&post=58957"}],"version-history":[{"count":1,"href":"https:\/\/www.letsportsrock.com\/index.php?rest_route=\/wp\/v2\/posts\/58957\/revisions"}],"predecessor-version":[{"id":58960,"href":"https:\/\/www.letsportsrock.com\/index.php?rest_route=\/wp\/v2\/posts\/58957\/revisions\/58960"}],"wp:featuredmedia":[{"embeddable":true,"href":"https:\/\/www.letsportsrock.com\/index.php?rest_route=\/wp\/v2\/media\/58959"}],"wp:attachment":[{"href":"https:\/\/www.letsportsrock.com\/index.php?rest_route=%2Fwp%2Fv2%2Fmedia&parent=58957"}],"wp:term":[{"taxonomy":"category","embeddable":true,"href":"https:\/\/www.letsportsrock.com\/index.php?rest_route=%2Fwp%2Fv2%2Fcategories&post=58957"},{"taxonomy":"post_tag","embeddable":true,"href":"https:\/\/www.letsportsrock.com\/index.php?rest_route=%2Fwp%2Fv2%2Ftags&post=58957"}],"curies":[{"name":"wp","href":"https:\/\/api.w.org\/{rel}","templated":true}]}}