{"id":59518,"date":"2025-08-08T15:45:55","date_gmt":"2025-08-08T15:45:55","guid":{"rendered":"https:\/\/www.letsportsrock.com\/?p=59518"},"modified":"2025-08-08T15:45:55","modified_gmt":"2025-08-08T15:45:55","slug":"chiar-acum-soc-in-liga-1-cfr-cluj-face-un-transfer-de-ultim-moment-care-va-lasa-pe-toata-lumea-fara-cuvinte-5","status":"publish","type":"post","link":"https:\/\/www.letsportsrock.com\/?p=59518","title":{"rendered":"Chiar acum: \u201c\u0219oc \u00een Liga 1! CFR Cluj face un transfer de ultim moment care va l\u0103sa pe toat\u0103 lumea f\u0103r\u0103 cuvinte\u2026"},"content":{"rendered":"<div class=\"d79db4796efc26332eabfc3f5dafbc76\" data-index=\"1\" style=\"float: none; margin:10px 0 10px 0; text-align:center;\">\n<div class=\"hb-ad-inarticle\">\r\n    <div class=\"hb-ad-inner\"> \r\n    <div class=\"hbagency_cls\"  id=\"hbagency_space_111930\"><\/div><\/div> <\/div>\n<\/div>\n<p>Chiar acum: \u201c\u0219oc \u00een Liga 1! CFR Cluj face un transfer de ultim moment care va l\u0103sa pe toat\u0103 lumea f\u0103r\u0103 cuvinte\u2026<\/p>\n<p>\u0218oc \u00een Liga 1! CFR Cluj face un transfer de ultim moment care \u00eei va l\u0103sa pe to\u021bi f\u0103r\u0103 cuvinte<\/p>\n<p>&nbsp;<\/p>\n<p>\u00centr-o mi\u0219care care i-a uimit pe fanii fotbalului rom\u00e2nesc, CFR Cluj a reu\u0219it un transfer dramatic de ultim moment care ar putea schimba complet dinamica Ligii 1. Chiar \u00eenainte ca fereastra s\u0103 se \u00eenchid\u0103, clubul a anun\u021bat transferul fostei vedete a La Liga, \u00d3scar Rodr\u00edguez, un juc\u0103tor cu experien\u021b\u0103 interna\u021bional\u0103 \u0219i un fler pentru spectacol. Mijloca\u0219ul ofensiv \u00een v\u00e2rst\u0103 de 27 de ani, care a jucat anterior pentru Sevilla \u0219i Getafe, se al\u0103tur\u0103 echipei CFR Cluj cu un contract pe doi ani, cu o op\u021biune pentru un al treilea sezon.<\/p>\n<p><img loading=\"lazy\" decoding=\"async\" class=\"alignnone size-medium wp-image-59520\" src=\"https:\/\/www.letsportsrock.com\/wp-content\/uploads\/2025\/08\/images-38-2-300x225.jpeg\" alt=\"\" width=\"300\" height=\"225\" srcset=\"https:\/\/www.letsportsrock.com\/wp-content\/uploads\/2025\/08\/images-38-2-300x225.jpeg 300w, https:\/\/www.letsportsrock.com\/wp-content\/uploads\/2025\/08\/images-38-2.jpeg 640w\" sizes=\"auto, (max-width: 300px) 100vw, 300px\" \/><\/p>\n<p>Aceast\u0103 transfer nea\u0219teptat este v\u0103zut ca o declara\u021bie \u00eendr\u0103znea\u021b\u0103 din partea CFR Cluj, care \u00ee\u0219i propune \u00een mod clar s\u0103 recupereze titlul din Liga 1 \u0219i s\u0103 aib\u0103 un impact serios \u00een competi\u021biile europene. Oficialii clubului au \u021binut negocierile secrete, iar anun\u021bul brusc i-a l\u0103sat pe fani \u0219i rivali deopotriv\u0103 cu ne\u00eencredere.<\/p>\n<p>&nbsp;<\/p>\n<p>Rodr\u00edguez este cunoscut pentru creativitatea sa, \u0219uturile de la distan\u021b\u0103 \u0219i abilitatea de a debloca ap\u0103r\u0103ri str\u00e2nse &#8211; calit\u0103\u021bi care l-ar putea transforma \u00een vedeta Ligii 1. Re\u021belele de socializare au explodat de reac\u021bii, iar suporterii viseaz\u0103 deja la trofee. Dac\u0103 se adapteaz\u0103 rapid, CFR Cluj s-ar putea s\u0103 fi reu\u0219it lovitura de gra\u021bie a sezonului. Toate privirile vor fi a\u021bintite asupra debutului s\u0103u.<\/p>\n\n<div style=\"font-size: 0px; height: 0px; line-height: 0px; margin: 0; padding: 0; clear: both;\"><\/div>","protected":false},"excerpt":{"rendered":"<p>Chiar acum: \u201c\u0219oc \u00een Liga 1! CFR Cluj face un transfer de ultim moment care va l\u0103sa pe toat\u0103 lumea f\u0103r\u0103 cuvinte\u2026 \u0218oc \u00een Liga 1! CFR Cluj face un transfer de ultim moment care \u00eei va l\u0103sa pe to\u021bi f\u0103r\u0103 cuvinte &nbsp; \u00centr-o mi\u0219care care i-a uimit pe fanii fotbalului rom\u00e2nesc, CFR Cluj a [&hellip;]<\/p>\n","protected":false},"author":19,"featured_media":59523,"comment_status":"open","ping_status":"open","sticky":false,"template":"","format":"standard","meta":{"_jetpack_memberships_contains_paid_content":false,"footnotes":""},"categories":[276],"tags":[265],"class_list":["post-59518","post","type-post","status-publish","format-standard","has-post-thumbnail","hentry","category-fcsb","tag-cfr-cluj-vs-fcsb"],"yoast_head":"<!-- This site is optimized with the Yoast SEO plugin v27.5 - https:\/\/yoast.com\/product\/yoast-seo-wordpress\/ -->\n<title>Chiar acum: \u201c\u0219oc \u00een Liga 1! CFR Cluj face un transfer de ultim...<\/title>\n<meta name=\"description\" content=\"Chiar acum: \u201c\u0219oc \u00een Liga 1! CFR Cluj face un transfer de ultim moment care va l\u0103sa pe toat\u0103 lumea f\u0103r\u0103 cuvinte\u2026\" \/>\n<meta name=\"robots\" content=\"index, follow, max-snippet:-1, max-image-preview:large, max-video-preview:-1\" \/>\n<link rel=\"canonical\" href=\"https:\/\/www.letsportsrock.com\/?p=59518\" \/>\n<meta property=\"og:locale\" content=\"en_US\" \/>\n<meta property=\"og:type\" content=\"article\" \/>\n<meta property=\"og:title\" content=\"Chiar acum: \u201c\u0219oc \u00een Liga 1! CFR Cluj face un transfer de ultim...\" \/>\n<meta property=\"og:description\" content=\"Chiar acum: \u201c\u0219oc \u00een Liga 1! CFR Cluj face un transfer de ultim moment care va l\u0103sa pe toat\u0103 lumea f\u0103r\u0103 cuvinte\u2026\" \/>\n<meta property=\"og:url\" content=\"https:\/\/www.letsportsrock.com\/?p=59518\" \/>\n<meta property=\"og:site_name\" content=\"letsportsrock\" \/>\n<meta property=\"article:published_time\" content=\"2025-08-08T15:45:55+00:00\" \/>\n<meta property=\"og:image\" content=\"https:\/\/www.letsportsrock.com\/wp-content\/uploads\/2025\/08\/images-39-1.jpeg\" \/>\n\t<meta property=\"og:image:width\" content=\"495\" \/>\n\t<meta property=\"og:image:height\" content=\"619\" \/>\n\t<meta property=\"og:image:type\" content=\"image\/jpeg\" \/>\n<meta name=\"author\" content=\"Benedict\" \/>\n<meta name=\"twitter:card\" content=\"summary_large_image\" \/>\n<meta name=\"twitter:label1\" content=\"Written by\" \/>\n\t<meta name=\"twitter:data1\" content=\"Benedict\" \/>\n\t<meta name=\"twitter:label2\" content=\"Est. reading time\" \/>\n\t<meta name=\"twitter:data2\" content=\"2 minutes\" \/>\n<script type=\"application\/ld+json\" class=\"yoast-schema-graph\">{\"@context\":\"https:\\\/\\\/schema.org\",\"@graph\":[{\"@type\":\"Article\",\"@id\":\"https:\\\/\\\/www.letsportsrock.com\\\/?p=59518#article\",\"isPartOf\":{\"@id\":\"https:\\\/\\\/www.letsportsrock.com\\\/?p=59518\"},\"author\":{\"name\":\"Benedict\",\"@id\":\"https:\\\/\\\/www.letsportsrock.com\\\/#\\\/schema\\\/person\\\/46ffa192b44abb5f73a64ac060b863c0\"},\"headline\":\"Chiar acum: \u201c\u0219oc \u00een Liga 1! CFR Cluj face un transfer de ultim moment care va l\u0103sa pe toat\u0103 lumea f\u0103r\u0103 cuvinte\u2026\",\"datePublished\":\"2025-08-08T15:45:55+00:00\",\"mainEntityOfPage\":{\"@id\":\"https:\\\/\\\/www.letsportsrock.com\\\/?p=59518\"},\"wordCount\":302,\"commentCount\":0,\"image\":{\"@id\":\"https:\\\/\\\/www.letsportsrock.com\\\/?p=59518#primaryimage\"},\"thumbnailUrl\":\"https:\\\/\\\/www.letsportsrock.com\\\/wp-content\\\/uploads\\\/2025\\\/08\\\/images-39-1.jpeg\",\"keywords\":[\"CFR Cluj vs FCSB\"],\"articleSection\":[\"FCSB\"],\"inLanguage\":\"en-US\",\"potentialAction\":[{\"@type\":\"CommentAction\",\"name\":\"Comment\",\"target\":[\"https:\\\/\\\/www.letsportsrock.com\\\/?p=59518#respond\"]}]},{\"@type\":\"WebPage\",\"@id\":\"https:\\\/\\\/www.letsportsrock.com\\\/?p=59518\",\"url\":\"https:\\\/\\\/www.letsportsrock.com\\\/?p=59518\",\"name\":\"Chiar acum: \u201c\u0219oc \u00een Liga 1! CFR Cluj face un transfer de ultim...\",\"isPartOf\":{\"@id\":\"https:\\\/\\\/www.letsportsrock.com\\\/#website\"},\"primaryImageOfPage\":{\"@id\":\"https:\\\/\\\/www.letsportsrock.com\\\/?p=59518#primaryimage\"},\"image\":{\"@id\":\"https:\\\/\\\/www.letsportsrock.com\\\/?p=59518#primaryimage\"},\"thumbnailUrl\":\"https:\\\/\\\/www.letsportsrock.com\\\/wp-content\\\/uploads\\\/2025\\\/08\\\/images-39-1.jpeg\",\"datePublished\":\"2025-08-08T15:45:55+00:00\",\"author\":{\"@id\":\"https:\\\/\\\/www.letsportsrock.com\\\/#\\\/schema\\\/person\\\/46ffa192b44abb5f73a64ac060b863c0\"},\"description\":\"Chiar acum: \u201c\u0219oc \u00een Liga 1! CFR Cluj face un transfer de ultim moment care va l\u0103sa pe toat\u0103 lumea f\u0103r\u0103 cuvinte\u2026\",\"breadcrumb\":{\"@id\":\"https:\\\/\\\/www.letsportsrock.com\\\/?p=59518#breadcrumb\"},\"inLanguage\":\"en-US\",\"potentialAction\":[{\"@type\":\"ReadAction\",\"target\":[\"https:\\\/\\\/www.letsportsrock.com\\\/?p=59518\"]}]},{\"@type\":\"ImageObject\",\"inLanguage\":\"en-US\",\"@id\":\"https:\\\/\\\/www.letsportsrock.com\\\/?p=59518#primaryimage\",\"url\":\"https:\\\/\\\/www.letsportsrock.com\\\/wp-content\\\/uploads\\\/2025\\\/08\\\/images-39-1.jpeg\",\"contentUrl\":\"https:\\\/\\\/www.letsportsrock.com\\\/wp-content\\\/uploads\\\/2025\\\/08\\\/images-39-1.jpeg\",\"width\":495,\"height\":619},{\"@type\":\"BreadcrumbList\",\"@id\":\"https:\\\/\\\/www.letsportsrock.com\\\/?p=59518#breadcrumb\",\"itemListElement\":[{\"@type\":\"ListItem\",\"position\":1,\"name\":\"Home\",\"item\":\"https:\\\/\\\/www.letsportsrock.com\\\/\"},{\"@type\":\"ListItem\",\"position\":2,\"name\":\"Chiar acum: \u201c\u0219oc \u00een Liga 1! CFR Cluj face un transfer de ultim moment care va l\u0103sa pe toat\u0103 lumea f\u0103r\u0103 cuvinte\u2026\"}]},{\"@type\":\"WebSite\",\"@id\":\"https:\\\/\\\/www.letsportsrock.com\\\/#website\",\"url\":\"https:\\\/\\\/www.letsportsrock.com\\\/\",\"name\":\"letsportsrock\",\"description\":\"Sport News and Updates\",\"potentialAction\":[{\"@type\":\"SearchAction\",\"target\":{\"@type\":\"EntryPoint\",\"urlTemplate\":\"https:\\\/\\\/www.letsportsrock.com\\\/?s={search_term_string}\"},\"query-input\":{\"@type\":\"PropertyValueSpecification\",\"valueRequired\":true,\"valueName\":\"search_term_string\"}}],\"inLanguage\":\"en-US\"},{\"@type\":\"Person\",\"@id\":\"https:\\\/\\\/www.letsportsrock.com\\\/#\\\/schema\\\/person\\\/46ffa192b44abb5f73a64ac060b863c0\",\"name\":\"Benedict\",\"image\":{\"@type\":\"ImageObject\",\"inLanguage\":\"en-US\",\"@id\":\"https:\\\/\\\/secure.gravatar.com\\\/avatar\\\/91345136d4e2206293ebdc22304c65968887191f0b832cb181dd8965f4de256b?s=96&d=mm&r=g\",\"url\":\"https:\\\/\\\/secure.gravatar.com\\\/avatar\\\/91345136d4e2206293ebdc22304c65968887191f0b832cb181dd8965f4de256b?s=96&d=mm&r=g\",\"contentUrl\":\"https:\\\/\\\/secure.gravatar.com\\\/avatar\\\/91345136d4e2206293ebdc22304c65968887191f0b832cb181dd8965f4de256b?s=96&d=mm&r=g\",\"caption\":\"Benedict\"},\"sameAs\":[\"https:\\\/\\\/www.letsportsrock.com\\\/wp-admin\\\/\"],\"url\":\"https:\\\/\\\/www.letsportsrock.com\\\/?author=19\"}]}<\/script>\n<!-- \/ Yoast SEO plugin. -->","yoast_head_json":{"title":"Chiar acum: \u201c\u0219oc \u00een Liga 1! CFR Cluj face un transfer de ultim...","description":"Chiar acum: \u201c\u0219oc \u00een Liga 1! CFR Cluj face un transfer de ultim moment care va l\u0103sa pe toat\u0103 lumea f\u0103r\u0103 cuvinte\u2026","robots":{"index":"index","follow":"follow","max-snippet":"max-snippet:-1","max-image-preview":"max-image-preview:large","max-video-preview":"max-video-preview:-1"},"canonical":"https:\/\/www.letsportsrock.com\/?p=59518","og_locale":"en_US","og_type":"article","og_title":"Chiar acum: \u201c\u0219oc \u00een Liga 1! CFR Cluj face un transfer de ultim...","og_description":"Chiar acum: \u201c\u0219oc \u00een Liga 1! CFR Cluj face un transfer de ultim moment care va l\u0103sa pe toat\u0103 lumea f\u0103r\u0103 cuvinte\u2026","og_url":"https:\/\/www.letsportsrock.com\/?p=59518","og_site_name":"letsportsrock","article_published_time":"2025-08-08T15:45:55+00:00","og_image":[{"width":495,"height":619,"url":"https:\/\/www.letsportsrock.com\/wp-content\/uploads\/2025\/08\/images-39-1.jpeg","type":"image\/jpeg"}],"author":"Benedict","twitter_card":"summary_large_image","twitter_misc":{"Written by":"Benedict","Est. reading time":"2 minutes"},"schema":{"@context":"https:\/\/schema.org","@graph":[{"@type":"Article","@id":"https:\/\/www.letsportsrock.com\/?p=59518#article","isPartOf":{"@id":"https:\/\/www.letsportsrock.com\/?p=59518"},"author":{"name":"Benedict","@id":"https:\/\/www.letsportsrock.com\/#\/schema\/person\/46ffa192b44abb5f73a64ac060b863c0"},"headline":"Chiar acum: \u201c\u0219oc \u00een Liga 1! CFR Cluj face un transfer de ultim moment care va l\u0103sa pe toat\u0103 lumea f\u0103r\u0103 cuvinte\u2026","datePublished":"2025-08-08T15:45:55+00:00","mainEntityOfPage":{"@id":"https:\/\/www.letsportsrock.com\/?p=59518"},"wordCount":302,"commentCount":0,"image":{"@id":"https:\/\/www.letsportsrock.com\/?p=59518#primaryimage"},"thumbnailUrl":"https:\/\/www.letsportsrock.com\/wp-content\/uploads\/2025\/08\/images-39-1.jpeg","keywords":["CFR Cluj vs FCSB"],"articleSection":["FCSB"],"inLanguage":"en-US","potentialAction":[{"@type":"CommentAction","name":"Comment","target":["https:\/\/www.letsportsrock.com\/?p=59518#respond"]}]},{"@type":"WebPage","@id":"https:\/\/www.letsportsrock.com\/?p=59518","url":"https:\/\/www.letsportsrock.com\/?p=59518","name":"Chiar acum: \u201c\u0219oc \u00een Liga 1! CFR Cluj face un transfer de ultim...","isPartOf":{"@id":"https:\/\/www.letsportsrock.com\/#website"},"primaryImageOfPage":{"@id":"https:\/\/www.letsportsrock.com\/?p=59518#primaryimage"},"image":{"@id":"https:\/\/www.letsportsrock.com\/?p=59518#primaryimage"},"thumbnailUrl":"https:\/\/www.letsportsrock.com\/wp-content\/uploads\/2025\/08\/images-39-1.jpeg","datePublished":"2025-08-08T15:45:55+00:00","author":{"@id":"https:\/\/www.letsportsrock.com\/#\/schema\/person\/46ffa192b44abb5f73a64ac060b863c0"},"description":"Chiar acum: \u201c\u0219oc \u00een Liga 1! CFR Cluj face un transfer de ultim moment care va l\u0103sa pe toat\u0103 lumea f\u0103r\u0103 cuvinte\u2026","breadcrumb":{"@id":"https:\/\/www.letsportsrock.com\/?p=59518#breadcrumb"},"inLanguage":"en-US","potentialAction":[{"@type":"ReadAction","target":["https:\/\/www.letsportsrock.com\/?p=59518"]}]},{"@type":"ImageObject","inLanguage":"en-US","@id":"https:\/\/www.letsportsrock.com\/?p=59518#primaryimage","url":"https:\/\/www.letsportsrock.com\/wp-content\/uploads\/2025\/08\/images-39-1.jpeg","contentUrl":"https:\/\/www.letsportsrock.com\/wp-content\/uploads\/2025\/08\/images-39-1.jpeg","width":495,"height":619},{"@type":"BreadcrumbList","@id":"https:\/\/www.letsportsrock.com\/?p=59518#breadcrumb","itemListElement":[{"@type":"ListItem","position":1,"name":"Home","item":"https:\/\/www.letsportsrock.com\/"},{"@type":"ListItem","position":2,"name":"Chiar acum: \u201c\u0219oc \u00een Liga 1! CFR Cluj face un transfer de ultim moment care va l\u0103sa pe toat\u0103 lumea f\u0103r\u0103 cuvinte\u2026"}]},{"@type":"WebSite","@id":"https:\/\/www.letsportsrock.com\/#website","url":"https:\/\/www.letsportsrock.com\/","name":"letsportsrock","description":"Sport News and Updates","potentialAction":[{"@type":"SearchAction","target":{"@type":"EntryPoint","urlTemplate":"https:\/\/www.letsportsrock.com\/?s={search_term_string}"},"query-input":{"@type":"PropertyValueSpecification","valueRequired":true,"valueName":"search_term_string"}}],"inLanguage":"en-US"},{"@type":"Person","@id":"https:\/\/www.letsportsrock.com\/#\/schema\/person\/46ffa192b44abb5f73a64ac060b863c0","name":"Benedict","image":{"@type":"ImageObject","inLanguage":"en-US","@id":"https:\/\/secure.gravatar.com\/avatar\/91345136d4e2206293ebdc22304c65968887191f0b832cb181dd8965f4de256b?s=96&d=mm&r=g","url":"https:\/\/secure.gravatar.com\/avatar\/91345136d4e2206293ebdc22304c65968887191f0b832cb181dd8965f4de256b?s=96&d=mm&r=g","contentUrl":"https:\/\/secure.gravatar.com\/avatar\/91345136d4e2206293ebdc22304c65968887191f0b832cb181dd8965f4de256b?s=96&d=mm&r=g","caption":"Benedict"},"sameAs":["https:\/\/www.letsportsrock.com\/wp-admin\/"],"url":"https:\/\/www.letsportsrock.com\/?author=19"}]}},"jetpack_featured_media_url":"https:\/\/www.letsportsrock.com\/wp-content\/uploads\/2025\/08\/images-39-1.jpeg","jetpack_sharing_enabled":true,"_links":{"self":[{"href":"https:\/\/www.letsportsrock.com\/index.php?rest_route=\/wp\/v2\/posts\/59518","targetHints":{"allow":["GET"]}}],"collection":[{"href":"https:\/\/www.letsportsrock.com\/index.php?rest_route=\/wp\/v2\/posts"}],"about":[{"href":"https:\/\/www.letsportsrock.com\/index.php?rest_route=\/wp\/v2\/types\/post"}],"author":[{"embeddable":true,"href":"https:\/\/www.letsportsrock.com\/index.php?rest_route=\/wp\/v2\/users\/19"}],"replies":[{"embeddable":true,"href":"https:\/\/www.letsportsrock.com\/index.php?rest_route=%2Fwp%2Fv2%2Fcomments&post=59518"}],"version-history":[{"count":1,"href":"https:\/\/www.letsportsrock.com\/index.php?rest_route=\/wp\/v2\/posts\/59518\/revisions"}],"predecessor-version":[{"id":59524,"href":"https:\/\/www.letsportsrock.com\/index.php?rest_route=\/wp\/v2\/posts\/59518\/revisions\/59524"}],"wp:featuredmedia":[{"embeddable":true,"href":"https:\/\/www.letsportsrock.com\/index.php?rest_route=\/wp\/v2\/media\/59523"}],"wp:attachment":[{"href":"https:\/\/www.letsportsrock.com\/index.php?rest_route=%2Fwp%2Fv2%2Fmedia&parent=59518"}],"wp:term":[{"taxonomy":"category","embeddable":true,"href":"https:\/\/www.letsportsrock.com\/index.php?rest_route=%2Fwp%2Fv2%2Fcategories&post=59518"},{"taxonomy":"post_tag","embeddable":true,"href":"https:\/\/www.letsportsrock.com\/index.php?rest_route=%2Fwp%2Fv2%2Ftags&post=59518"}],"curies":[{"name":"wp","href":"https:\/\/api.w.org\/{rel}","templated":true}]}}