{"id":59724,"date":"2025-08-10T23:15:00","date_gmt":"2025-08-10T23:15:00","guid":{"rendered":"https:\/\/www.letsportsrock.com\/?p=59724"},"modified":"2025-08-10T23:15:00","modified_gmt":"2025-08-10T23:15:00","slug":"chiar-acum-soc-in-liga-1-cfr-cluj-face-un-transfer-de-ultim-moment-care-va-lasa-pe-toata-lumea-fara-cuvinte-6","status":"publish","type":"post","link":"https:\/\/www.letsportsrock.com\/?p=59724","title":{"rendered":"Chiar acum: \u201c\u0219oc \u00een Liga 1! CFR Cluj face un transfer de ultim moment care va l\u0103sa pe toat\u0103 lumea f\u0103r\u0103 cuvinte\u2026"},"content":{"rendered":"<div class=\"d79db4796efc26332eabfc3f5dafbc76\" data-index=\"1\" style=\"float: none; margin:10px 0 10px 0; text-align:center;\">\n<div class=\"hb-ad-inarticle\">\r\n    <div class=\"hb-ad-inner\"> \r\n    <div class=\"hbagency_cls\"  id=\"hbagency_space_111930\"><\/div><\/div> <\/div>\n<\/div>\n<p>\u0218oc \u00een Liga 1! CFR Cluj a dat lovitura pe pia\u021ba transferurilor chiar \u00eenainte de \u00eenchiderea perioadei de mercato, reu\u0219ind s\u0103 semneze cu un juc\u0103tor de calibru interna\u021bional, mutare care promite s\u0103 ridice nivelul echipei \u0219i s\u0103 agite serios lupta pentru titlu.<\/p>\n<p><img loading=\"lazy\" decoding=\"async\" class=\"alignnone size-medium wp-image-59728\" src=\"https:\/\/www.letsportsrock.com\/wp-content\/uploads\/2025\/08\/images-71-300x300.jpeg\" alt=\"\" width=\"300\" height=\"300\" srcset=\"https:\/\/www.letsportsrock.com\/wp-content\/uploads\/2025\/08\/images-71-300x300.jpeg 300w, https:\/\/www.letsportsrock.com\/wp-content\/uploads\/2025\/08\/images-71-150x150.jpeg 150w, https:\/\/www.letsportsrock.com\/wp-content\/uploads\/2025\/08\/images-71.jpeg 554w\" sizes=\"auto, (max-width: 300px) 100vw, 300px\" \/><\/p>\n<p>Surse apropiate clubului au dezv\u0103luit c\u0103 oficialii ardeleni au negociat \u00een mare secret, iar acordul a fost parafat \u00een ultimele ore, surprinz\u00e2nd at\u00e2t rivalii din campionat, c\u00e2t \u0219i propriii suporteri.<\/p>\n<p>&nbsp;<\/p>\n<p>Fotbalistul, cu experien\u021b\u0103 \u00een competi\u021bii europene \u0219i meciuri interna\u021bionale, a sosit deja la Cluj pentru vizita medical\u0103 \u0219i semnarea contractului. Se pare c\u0103 juc\u0103torul a fost dorit \u0219i de cluburi din str\u0103in\u0103tate, \u00eens\u0103 proiectul ambi\u021bios al CFR-ului \u0219i \u0219ansa de a lupta pentru trofee au fost decisive. Antrenorul echipei se declar\u0103 \u00eenc\u00e2ntat de achizi\u021bie \u0219i a l\u0103sat s\u0103 se \u00een\u021beleag\u0103 c\u0103 noul venit ar putea debuta chiar \u00een urm\u0103toarea etap\u0103.<\/p>\n<p><img loading=\"lazy\" decoding=\"async\" class=\"alignnone size-medium wp-image-59729\" src=\"https:\/\/www.letsportsrock.com\/wp-content\/uploads\/2025\/08\/images-70-266x300.jpeg\" alt=\"\" width=\"266\" height=\"300\" srcset=\"https:\/\/www.letsportsrock.com\/wp-content\/uploads\/2025\/08\/images-70-266x300.jpeg 266w, https:\/\/www.letsportsrock.com\/wp-content\/uploads\/2025\/08\/images-70.jpeg 500w\" sizes=\"auto, (max-width: 266px) 100vw, 266px\" \/><\/p>\n<p>Aceast\u0103 mutare confirm\u0103 \u00eenc\u0103 o dat\u0103 c\u0103 CFR Cluj r\u0103m\u00e2ne un club cu obiective mari, gata s\u0103 fac\u0103 investi\u021bii importante pentru a-\u0219i p\u0103stra statutul de for\u021b\u0103 dominant\u0103 \u00een fotbalul rom\u00e2nesc. Fanii a\u0219teapt\u0103 cu ner\u0103bdare s\u0103-l vad\u0103 la lucru pe noul star \u0219i sper\u0103 c\u0103 va aduce un plus decisiv \u00een lupta pentru titlu.<\/p>\n\n<div style=\"font-size: 0px; height: 0px; line-height: 0px; margin: 0; padding: 0; clear: both;\"><\/div>","protected":false},"excerpt":{"rendered":"<p>\u0218oc \u00een Liga 1! CFR Cluj a dat lovitura pe pia\u021ba transferurilor chiar \u00eenainte de \u00eenchiderea perioadei de mercato, reu\u0219ind s\u0103 semneze cu un juc\u0103tor de calibru interna\u021bional, mutare care promite s\u0103 ridice nivelul echipei \u0219i s\u0103 agite serios lupta pentru titlu. Surse apropiate clubului au dezv\u0103luit c\u0103 oficialii ardeleni au negociat \u00een mare secret, [&hellip;]<\/p>\n","protected":false},"author":19,"featured_media":59730,"comment_status":"open","ping_status":"open","sticky":false,"template":"","format":"standard","meta":{"_jetpack_memberships_contains_paid_content":false,"footnotes":""},"categories":[276],"tags":[433],"class_list":["post-59724","post","type-post","status-publish","format-standard","has-post-thumbnail","hentry","category-fcsb","tag-cfr-cluj"],"yoast_head":"<!-- This site is optimized with the Yoast SEO plugin v27.4 - https:\/\/yoast.com\/product\/yoast-seo-wordpress\/ -->\n<title>Chiar acum: \u201c\u0219oc \u00een Liga 1! CFR Cluj face un transfer de ultim moment care va l\u0103sa pe toat\u0103 lumea f\u0103r\u0103 cuvinte\u2026<\/title>\n<meta name=\"description\" content=\"Chiar acum: \u201c\u0219oc \u00een Liga 1! CFR Cluj face un transfer de ultim moment care va l\u0103sa pe toat\u0103 lumea f\u0103r\u0103 cuvinte\u2026\" \/>\n<meta name=\"robots\" content=\"index, follow, max-snippet:-1, max-image-preview:large, max-video-preview:-1\" \/>\n<link rel=\"canonical\" href=\"https:\/\/www.letsportsrock.com\/?p=59724\" \/>\n<meta property=\"og:locale\" content=\"en_US\" \/>\n<meta property=\"og:type\" content=\"article\" \/>\n<meta property=\"og:title\" content=\"Chiar acum: \u201c\u0219oc \u00een Liga 1! CFR Cluj face un transfer de ultim moment care va l\u0103sa pe toat\u0103 lumea f\u0103r\u0103 cuvinte\u2026\" \/>\n<meta property=\"og:description\" content=\"Chiar acum: \u201c\u0219oc \u00een Liga 1! CFR Cluj face un transfer de ultim moment care va l\u0103sa pe toat\u0103 lumea f\u0103r\u0103 cuvinte\u2026\" \/>\n<meta property=\"og:url\" content=\"https:\/\/www.letsportsrock.com\/?p=59724\" \/>\n<meta property=\"og:site_name\" content=\"letsportsrock\" \/>\n<meta property=\"article:published_time\" content=\"2025-08-10T23:15:00+00:00\" \/>\n<meta property=\"og:image\" content=\"https:\/\/www.letsportsrock.com\/wp-content\/uploads\/2025\/08\/images-69.jpeg\" \/>\n\t<meta property=\"og:image:width\" content=\"646\" \/>\n\t<meta property=\"og:image:height\" content=\"474\" \/>\n\t<meta property=\"og:image:type\" content=\"image\/jpeg\" \/>\n<meta name=\"author\" content=\"Benedict\" \/>\n<meta name=\"twitter:card\" content=\"summary_large_image\" \/>\n<meta name=\"twitter:label1\" content=\"Written by\" \/>\n\t<meta name=\"twitter:data1\" content=\"Benedict\" \/>\n\t<meta name=\"twitter:label2\" content=\"Est. reading time\" \/>\n\t<meta name=\"twitter:data2\" content=\"2 minutes\" \/>\n<script type=\"application\/ld+json\" class=\"yoast-schema-graph\">{\"@context\":\"https:\\\/\\\/schema.org\",\"@graph\":[{\"@type\":\"Article\",\"@id\":\"https:\\\/\\\/www.letsportsrock.com\\\/?p=59724#article\",\"isPartOf\":{\"@id\":\"https:\\\/\\\/www.letsportsrock.com\\\/?p=59724\"},\"author\":{\"name\":\"Benedict\",\"@id\":\"https:\\\/\\\/www.letsportsrock.com\\\/#\\\/schema\\\/person\\\/46ffa192b44abb5f73a64ac060b863c0\"},\"headline\":\"Chiar acum: \u201c\u0219oc \u00een Liga 1! CFR Cluj face un transfer de ultim moment care va l\u0103sa pe toat\u0103 lumea f\u0103r\u0103 cuvinte\u2026\",\"datePublished\":\"2025-08-10T23:15:00+00:00\",\"mainEntityOfPage\":{\"@id\":\"https:\\\/\\\/www.letsportsrock.com\\\/?p=59724\"},\"wordCount\":246,\"commentCount\":0,\"image\":{\"@id\":\"https:\\\/\\\/www.letsportsrock.com\\\/?p=59724#primaryimage\"},\"thumbnailUrl\":\"https:\\\/\\\/www.letsportsrock.com\\\/wp-content\\\/uploads\\\/2025\\\/08\\\/images-69.jpeg\",\"keywords\":[\"CFR Cluj\"],\"articleSection\":[\"FCSB\"],\"inLanguage\":\"en-US\",\"potentialAction\":[{\"@type\":\"CommentAction\",\"name\":\"Comment\",\"target\":[\"https:\\\/\\\/www.letsportsrock.com\\\/?p=59724#respond\"]}]},{\"@type\":\"WebPage\",\"@id\":\"https:\\\/\\\/www.letsportsrock.com\\\/?p=59724\",\"url\":\"https:\\\/\\\/www.letsportsrock.com\\\/?p=59724\",\"name\":\"Chiar acum: \u201c\u0219oc \u00een Liga 1! CFR Cluj face un transfer de ultim moment care va l\u0103sa pe toat\u0103 lumea f\u0103r\u0103 cuvinte\u2026\",\"isPartOf\":{\"@id\":\"https:\\\/\\\/www.letsportsrock.com\\\/#website\"},\"primaryImageOfPage\":{\"@id\":\"https:\\\/\\\/www.letsportsrock.com\\\/?p=59724#primaryimage\"},\"image\":{\"@id\":\"https:\\\/\\\/www.letsportsrock.com\\\/?p=59724#primaryimage\"},\"thumbnailUrl\":\"https:\\\/\\\/www.letsportsrock.com\\\/wp-content\\\/uploads\\\/2025\\\/08\\\/images-69.jpeg\",\"datePublished\":\"2025-08-10T23:15:00+00:00\",\"author\":{\"@id\":\"https:\\\/\\\/www.letsportsrock.com\\\/#\\\/schema\\\/person\\\/46ffa192b44abb5f73a64ac060b863c0\"},\"description\":\"Chiar acum: \u201c\u0219oc \u00een Liga 1! CFR Cluj face un transfer de ultim moment care va l\u0103sa pe toat\u0103 lumea f\u0103r\u0103 cuvinte\u2026\",\"breadcrumb\":{\"@id\":\"https:\\\/\\\/www.letsportsrock.com\\\/?p=59724#breadcrumb\"},\"inLanguage\":\"en-US\",\"potentialAction\":[{\"@type\":\"ReadAction\",\"target\":[\"https:\\\/\\\/www.letsportsrock.com\\\/?p=59724\"]}]},{\"@type\":\"ImageObject\",\"inLanguage\":\"en-US\",\"@id\":\"https:\\\/\\\/www.letsportsrock.com\\\/?p=59724#primaryimage\",\"url\":\"https:\\\/\\\/www.letsportsrock.com\\\/wp-content\\\/uploads\\\/2025\\\/08\\\/images-69.jpeg\",\"contentUrl\":\"https:\\\/\\\/www.letsportsrock.com\\\/wp-content\\\/uploads\\\/2025\\\/08\\\/images-69.jpeg\",\"width\":646,\"height\":474},{\"@type\":\"BreadcrumbList\",\"@id\":\"https:\\\/\\\/www.letsportsrock.com\\\/?p=59724#breadcrumb\",\"itemListElement\":[{\"@type\":\"ListItem\",\"position\":1,\"name\":\"Home\",\"item\":\"https:\\\/\\\/www.letsportsrock.com\\\/\"},{\"@type\":\"ListItem\",\"position\":2,\"name\":\"Chiar acum: \u201c\u0219oc \u00een Liga 1! CFR Cluj face un transfer de ultim moment care va l\u0103sa pe toat\u0103 lumea f\u0103r\u0103 cuvinte\u2026\"}]},{\"@type\":\"WebSite\",\"@id\":\"https:\\\/\\\/www.letsportsrock.com\\\/#website\",\"url\":\"https:\\\/\\\/www.letsportsrock.com\\\/\",\"name\":\"letsportsrock\",\"description\":\"Sport News and Updates\",\"potentialAction\":[{\"@type\":\"SearchAction\",\"target\":{\"@type\":\"EntryPoint\",\"urlTemplate\":\"https:\\\/\\\/www.letsportsrock.com\\\/?s={search_term_string}\"},\"query-input\":{\"@type\":\"PropertyValueSpecification\",\"valueRequired\":true,\"valueName\":\"search_term_string\"}}],\"inLanguage\":\"en-US\"},{\"@type\":\"Person\",\"@id\":\"https:\\\/\\\/www.letsportsrock.com\\\/#\\\/schema\\\/person\\\/46ffa192b44abb5f73a64ac060b863c0\",\"name\":\"Benedict\",\"image\":{\"@type\":\"ImageObject\",\"inLanguage\":\"en-US\",\"@id\":\"https:\\\/\\\/secure.gravatar.com\\\/avatar\\\/91345136d4e2206293ebdc22304c65968887191f0b832cb181dd8965f4de256b?s=96&d=mm&r=g\",\"url\":\"https:\\\/\\\/secure.gravatar.com\\\/avatar\\\/91345136d4e2206293ebdc22304c65968887191f0b832cb181dd8965f4de256b?s=96&d=mm&r=g\",\"contentUrl\":\"https:\\\/\\\/secure.gravatar.com\\\/avatar\\\/91345136d4e2206293ebdc22304c65968887191f0b832cb181dd8965f4de256b?s=96&d=mm&r=g\",\"caption\":\"Benedict\"},\"sameAs\":[\"https:\\\/\\\/www.letsportsrock.com\\\/wp-admin\\\/\"],\"url\":\"https:\\\/\\\/www.letsportsrock.com\\\/?author=19\"}]}<\/script>\n<!-- \/ Yoast SEO plugin. -->","yoast_head_json":{"title":"Chiar acum: \u201c\u0219oc \u00een Liga 1! CFR Cluj face un transfer de ultim moment care va l\u0103sa pe toat\u0103 lumea f\u0103r\u0103 cuvinte\u2026","description":"Chiar acum: \u201c\u0219oc \u00een Liga 1! CFR Cluj face un transfer de ultim moment care va l\u0103sa pe toat\u0103 lumea f\u0103r\u0103 cuvinte\u2026","robots":{"index":"index","follow":"follow","max-snippet":"max-snippet:-1","max-image-preview":"max-image-preview:large","max-video-preview":"max-video-preview:-1"},"canonical":"https:\/\/www.letsportsrock.com\/?p=59724","og_locale":"en_US","og_type":"article","og_title":"Chiar acum: \u201c\u0219oc \u00een Liga 1! CFR Cluj face un transfer de ultim moment care va l\u0103sa pe toat\u0103 lumea f\u0103r\u0103 cuvinte\u2026","og_description":"Chiar acum: \u201c\u0219oc \u00een Liga 1! CFR Cluj face un transfer de ultim moment care va l\u0103sa pe toat\u0103 lumea f\u0103r\u0103 cuvinte\u2026","og_url":"https:\/\/www.letsportsrock.com\/?p=59724","og_site_name":"letsportsrock","article_published_time":"2025-08-10T23:15:00+00:00","og_image":[{"width":646,"height":474,"url":"https:\/\/www.letsportsrock.com\/wp-content\/uploads\/2025\/08\/images-69.jpeg","type":"image\/jpeg"}],"author":"Benedict","twitter_card":"summary_large_image","twitter_misc":{"Written by":"Benedict","Est. reading time":"2 minutes"},"schema":{"@context":"https:\/\/schema.org","@graph":[{"@type":"Article","@id":"https:\/\/www.letsportsrock.com\/?p=59724#article","isPartOf":{"@id":"https:\/\/www.letsportsrock.com\/?p=59724"},"author":{"name":"Benedict","@id":"https:\/\/www.letsportsrock.com\/#\/schema\/person\/46ffa192b44abb5f73a64ac060b863c0"},"headline":"Chiar acum: \u201c\u0219oc \u00een Liga 1! CFR Cluj face un transfer de ultim moment care va l\u0103sa pe toat\u0103 lumea f\u0103r\u0103 cuvinte\u2026","datePublished":"2025-08-10T23:15:00+00:00","mainEntityOfPage":{"@id":"https:\/\/www.letsportsrock.com\/?p=59724"},"wordCount":246,"commentCount":0,"image":{"@id":"https:\/\/www.letsportsrock.com\/?p=59724#primaryimage"},"thumbnailUrl":"https:\/\/www.letsportsrock.com\/wp-content\/uploads\/2025\/08\/images-69.jpeg","keywords":["CFR Cluj"],"articleSection":["FCSB"],"inLanguage":"en-US","potentialAction":[{"@type":"CommentAction","name":"Comment","target":["https:\/\/www.letsportsrock.com\/?p=59724#respond"]}]},{"@type":"WebPage","@id":"https:\/\/www.letsportsrock.com\/?p=59724","url":"https:\/\/www.letsportsrock.com\/?p=59724","name":"Chiar acum: \u201c\u0219oc \u00een Liga 1! CFR Cluj face un transfer de ultim moment care va l\u0103sa pe toat\u0103 lumea f\u0103r\u0103 cuvinte\u2026","isPartOf":{"@id":"https:\/\/www.letsportsrock.com\/#website"},"primaryImageOfPage":{"@id":"https:\/\/www.letsportsrock.com\/?p=59724#primaryimage"},"image":{"@id":"https:\/\/www.letsportsrock.com\/?p=59724#primaryimage"},"thumbnailUrl":"https:\/\/www.letsportsrock.com\/wp-content\/uploads\/2025\/08\/images-69.jpeg","datePublished":"2025-08-10T23:15:00+00:00","author":{"@id":"https:\/\/www.letsportsrock.com\/#\/schema\/person\/46ffa192b44abb5f73a64ac060b863c0"},"description":"Chiar acum: \u201c\u0219oc \u00een Liga 1! CFR Cluj face un transfer de ultim moment care va l\u0103sa pe toat\u0103 lumea f\u0103r\u0103 cuvinte\u2026","breadcrumb":{"@id":"https:\/\/www.letsportsrock.com\/?p=59724#breadcrumb"},"inLanguage":"en-US","potentialAction":[{"@type":"ReadAction","target":["https:\/\/www.letsportsrock.com\/?p=59724"]}]},{"@type":"ImageObject","inLanguage":"en-US","@id":"https:\/\/www.letsportsrock.com\/?p=59724#primaryimage","url":"https:\/\/www.letsportsrock.com\/wp-content\/uploads\/2025\/08\/images-69.jpeg","contentUrl":"https:\/\/www.letsportsrock.com\/wp-content\/uploads\/2025\/08\/images-69.jpeg","width":646,"height":474},{"@type":"BreadcrumbList","@id":"https:\/\/www.letsportsrock.com\/?p=59724#breadcrumb","itemListElement":[{"@type":"ListItem","position":1,"name":"Home","item":"https:\/\/www.letsportsrock.com\/"},{"@type":"ListItem","position":2,"name":"Chiar acum: \u201c\u0219oc \u00een Liga 1! CFR Cluj face un transfer de ultim moment care va l\u0103sa pe toat\u0103 lumea f\u0103r\u0103 cuvinte\u2026"}]},{"@type":"WebSite","@id":"https:\/\/www.letsportsrock.com\/#website","url":"https:\/\/www.letsportsrock.com\/","name":"letsportsrock","description":"Sport News and Updates","potentialAction":[{"@type":"SearchAction","target":{"@type":"EntryPoint","urlTemplate":"https:\/\/www.letsportsrock.com\/?s={search_term_string}"},"query-input":{"@type":"PropertyValueSpecification","valueRequired":true,"valueName":"search_term_string"}}],"inLanguage":"en-US"},{"@type":"Person","@id":"https:\/\/www.letsportsrock.com\/#\/schema\/person\/46ffa192b44abb5f73a64ac060b863c0","name":"Benedict","image":{"@type":"ImageObject","inLanguage":"en-US","@id":"https:\/\/secure.gravatar.com\/avatar\/91345136d4e2206293ebdc22304c65968887191f0b832cb181dd8965f4de256b?s=96&d=mm&r=g","url":"https:\/\/secure.gravatar.com\/avatar\/91345136d4e2206293ebdc22304c65968887191f0b832cb181dd8965f4de256b?s=96&d=mm&r=g","contentUrl":"https:\/\/secure.gravatar.com\/avatar\/91345136d4e2206293ebdc22304c65968887191f0b832cb181dd8965f4de256b?s=96&d=mm&r=g","caption":"Benedict"},"sameAs":["https:\/\/www.letsportsrock.com\/wp-admin\/"],"url":"https:\/\/www.letsportsrock.com\/?author=19"}]}},"jetpack_featured_media_url":"https:\/\/www.letsportsrock.com\/wp-content\/uploads\/2025\/08\/images-69.jpeg","jetpack_sharing_enabled":true,"_links":{"self":[{"href":"https:\/\/www.letsportsrock.com\/index.php?rest_route=\/wp\/v2\/posts\/59724","targetHints":{"allow":["GET"]}}],"collection":[{"href":"https:\/\/www.letsportsrock.com\/index.php?rest_route=\/wp\/v2\/posts"}],"about":[{"href":"https:\/\/www.letsportsrock.com\/index.php?rest_route=\/wp\/v2\/types\/post"}],"author":[{"embeddable":true,"href":"https:\/\/www.letsportsrock.com\/index.php?rest_route=\/wp\/v2\/users\/19"}],"replies":[{"embeddable":true,"href":"https:\/\/www.letsportsrock.com\/index.php?rest_route=%2Fwp%2Fv2%2Fcomments&post=59724"}],"version-history":[{"count":1,"href":"https:\/\/www.letsportsrock.com\/index.php?rest_route=\/wp\/v2\/posts\/59724\/revisions"}],"predecessor-version":[{"id":59731,"href":"https:\/\/www.letsportsrock.com\/index.php?rest_route=\/wp\/v2\/posts\/59724\/revisions\/59731"}],"wp:featuredmedia":[{"embeddable":true,"href":"https:\/\/www.letsportsrock.com\/index.php?rest_route=\/wp\/v2\/media\/59730"}],"wp:attachment":[{"href":"https:\/\/www.letsportsrock.com\/index.php?rest_route=%2Fwp%2Fv2%2Fmedia&parent=59724"}],"wp:term":[{"taxonomy":"category","embeddable":true,"href":"https:\/\/www.letsportsrock.com\/index.php?rest_route=%2Fwp%2Fv2%2Fcategories&post=59724"},{"taxonomy":"post_tag","embeddable":true,"href":"https:\/\/www.letsportsrock.com\/index.php?rest_route=%2Fwp%2Fv2%2Ftags&post=59724"}],"curies":[{"name":"wp","href":"https:\/\/api.w.org\/{rel}","templated":true}]}}