{"id":59835,"date":"2025-08-11T09:45:50","date_gmt":"2025-08-11T09:45:50","guid":{"rendered":"https:\/\/www.letsportsrock.com\/?p=59835"},"modified":"2025-08-11T09:45:50","modified_gmt":"2025-08-11T09:45:50","slug":"psv-vrea-sa-finalizeze-rapid-transferul-talentului-roman-de-la-parma-vezi-mai-mult","status":"publish","type":"post","link":"https:\/\/www.letsportsrock.com\/?p=59835","title":{"rendered":"PSV vrea s\u0103 finalizeze rapid transferul talentului rom\u00e2n de la Parma. Vezi mai mult&#8230;"},"content":{"rendered":"<div class=\"d79db4796efc26332eabfc3f5dafbc76\" data-index=\"1\" style=\"float: none; margin:10px 0 10px 0; text-align:center;\">\n<div class=\"hb-ad-inarticle\">\r\n    <div class=\"hb-ad-inner\"> \r\n    <div class=\"hbagency_cls\"  id=\"hbagency_space_111930\"><\/div><\/div> <\/div>\n<\/div>\n<p>PSV vrea s\u0103 finalizeze rapid transferul talentului rom\u00e2n de la Parma. Vezi mai mult&#8230;<\/p>\n<p>Gigan\u021bii olandezi PSV Eindhoven se mi\u0219c\u0103 rapid pentru a asigura semn\u0103tura talentului rom\u00e2nesc de \u00eenalt\u0103 clas\u0103 al Parmei, \u00een contextul \u00een care \u00ee\u0219i doresc s\u0103-\u0219i \u00eent\u0103reasc\u0103 lotul \u00eenainte de noul sezon. Conform unor surse apropiate negocierilor, PSV l-a identificat pe t\u00e2n\u0103r ca o \u021bint\u0103 prioritar\u0103 \u0219i este hot\u0103r\u00e2t\u0103 s\u0103 finalizeze tranzac\u021bia c\u00e2t mai repede posibil pentru a respinge interesul cluburilor europene rivale.<\/p>\n<p><img loading=\"lazy\" decoding=\"async\" class=\"alignnone size-medium wp-image-59836\" src=\"https:\/\/www.letsportsrock.com\/wp-content\/uploads\/2025\/08\/parma-v-torino-serie-a-scaled-1-300x200.jpg\" alt=\"\" width=\"300\" height=\"200\" srcset=\"https:\/\/www.letsportsrock.com\/wp-content\/uploads\/2025\/08\/parma-v-torino-serie-a-scaled-1-300x200.jpg 300w, https:\/\/www.letsportsrock.com\/wp-content\/uploads\/2025\/08\/parma-v-torino-serie-a-scaled-1-1024x682.jpg 1024w, https:\/\/www.letsportsrock.com\/wp-content\/uploads\/2025\/08\/parma-v-torino-serie-a-scaled-1-768x512.jpg 768w, https:\/\/www.letsportsrock.com\/wp-content\/uploads\/2025\/08\/parma-v-torino-serie-a-scaled-1-1536x1023.jpg 1536w, https:\/\/www.letsportsrock.com\/wp-content\/uploads\/2025\/08\/parma-v-torino-serie-a-scaled-1-2048x1364.jpg 2048w\" sizes=\"auto, (max-width: 300px) 100vw, 300px\" \/><\/p>\n<p>Promi\u021b\u0103torul rom\u00e2n a impresionat prin abilit\u0103\u021bile sale tehnice, viziunea \u0219i versatilitatea, atr\u0103g\u00e2nd aten\u021bia scouterilor de pe \u00eentreg continentul. Parma, con\u0219tient\u0103 de interesul tot mai mare, este deschis\u0103 discu\u021biilor, dar a\u0219teapt\u0103 o evaluare corect\u0103 care s\u0103 reflecte poten\u021bialul \u0219i performan\u021bele recente ale juc\u0103torului. Conducerea PSV este, se pare, \u00eencrez\u0103toare c\u0103 va ajunge la un acord \u00een urm\u0103toarele zile, discu\u021biile fiind deja \u00eentr-un stadiu avansat. Se spune c\u0103 juc\u0103torul \u00eensu\u0219i este interesat de transfer, consider\u00e2nd Eredivisie platforma perfect\u0103 pentru a-\u0219i continua dezvoltarea \u0219i a c\u00e2\u0219tiga vizibilitate pe scena european\u0103.<\/p>\n<p>&nbsp;<\/p>\n<p>Dac\u0103 va fi finalizat, transferul ar reprezenta o alt\u0103 declara\u021bie de inten\u021bie din partea PSV, care \u00ee\u0219i propune s\u0103 combine tinere\u021bea \u0219i experien\u021ba \u00een c\u0103utarea gloriei interne \u0219i a unei performan\u021be puternice \u00een competi\u021biile europene \u00een acest sezon.<\/p>\n\n<div style=\"font-size: 0px; height: 0px; line-height: 0px; margin: 0; padding: 0; clear: both;\"><\/div>","protected":false},"excerpt":{"rendered":"<p>PSV vrea s\u0103 finalizeze rapid transferul talentului rom\u00e2n de la Parma. Vezi mai mult&#8230; Gigan\u021bii olandezi PSV Eindhoven se mi\u0219c\u0103 rapid pentru a asigura semn\u0103tura talentului rom\u00e2nesc de \u00eenalt\u0103 clas\u0103 al Parmei, \u00een contextul \u00een care \u00ee\u0219i doresc s\u0103-\u0219i \u00eent\u0103reasc\u0103 lotul \u00eenainte de noul sezon. Conform unor surse apropiate negocierilor, PSV l-a identificat pe t\u00e2n\u0103r [&hellip;]<\/p>\n","protected":false},"author":19,"featured_media":59836,"comment_status":"open","ping_status":"open","sticky":false,"template":"","format":"standard","meta":{"_jetpack_memberships_contains_paid_content":false,"footnotes":""},"categories":[276],"tags":[733],"class_list":["post-59835","post","type-post","status-publish","format-standard","has-post-thumbnail","hentry","category-fcsb","tag-fotbal"],"yoast_head":"<!-- This site is optimized with the Yoast SEO plugin v27.4 - https:\/\/yoast.com\/product\/yoast-seo-wordpress\/ -->\n<title>PSV vrea s\u0103 finalizeze rapid transferul talentului rom\u00e2n de la....<\/title>\n<meta name=\"description\" content=\"PSV vrea s\u0103 finalizeze rapid transferul talentului rom\u00e2n de la Parma. Vezi mai mult.......................\" \/>\n<meta name=\"robots\" content=\"index, follow, max-snippet:-1, max-image-preview:large, max-video-preview:-1\" \/>\n<link rel=\"canonical\" href=\"https:\/\/www.letsportsrock.com\/?p=59835\" \/>\n<meta property=\"og:locale\" content=\"en_US\" \/>\n<meta property=\"og:type\" content=\"article\" \/>\n<meta property=\"og:title\" content=\"PSV vrea s\u0103 finalizeze rapid transferul talentului rom\u00e2n de la....\" \/>\n<meta property=\"og:description\" content=\"PSV vrea s\u0103 finalizeze rapid transferul talentului rom\u00e2n de la Parma. Vezi mai mult.......................\" \/>\n<meta property=\"og:url\" content=\"https:\/\/www.letsportsrock.com\/?p=59835\" \/>\n<meta property=\"og:site_name\" content=\"letsportsrock\" \/>\n<meta property=\"article:published_time\" content=\"2025-08-11T09:45:50+00:00\" \/>\n<meta property=\"og:image\" content=\"https:\/\/www.letsportsrock.com\/wp-content\/uploads\/2025\/08\/parma-v-torino-serie-a-scaled-1.jpg\" \/>\n\t<meta property=\"og:image:width\" content=\"2560\" \/>\n\t<meta property=\"og:image:height\" content=\"1705\" \/>\n\t<meta property=\"og:image:type\" content=\"image\/jpeg\" \/>\n<meta name=\"author\" content=\"Benedict\" \/>\n<meta name=\"twitter:card\" content=\"summary_large_image\" \/>\n<meta name=\"twitter:label1\" content=\"Written by\" \/>\n\t<meta name=\"twitter:data1\" content=\"Benedict\" \/>\n\t<meta name=\"twitter:label2\" content=\"Est. reading time\" \/>\n\t<meta name=\"twitter:data2\" content=\"2 minutes\" \/>\n<script type=\"application\/ld+json\" class=\"yoast-schema-graph\">{\"@context\":\"https:\\\/\\\/schema.org\",\"@graph\":[{\"@type\":\"Article\",\"@id\":\"https:\\\/\\\/www.letsportsrock.com\\\/?p=59835#article\",\"isPartOf\":{\"@id\":\"https:\\\/\\\/www.letsportsrock.com\\\/?p=59835\"},\"author\":{\"name\":\"Benedict\",\"@id\":\"https:\\\/\\\/www.letsportsrock.com\\\/#\\\/schema\\\/person\\\/46ffa192b44abb5f73a64ac060b863c0\"},\"headline\":\"PSV vrea s\u0103 finalizeze rapid transferul talentului rom\u00e2n de la Parma. Vezi mai mult&#8230;\",\"datePublished\":\"2025-08-11T09:45:50+00:00\",\"mainEntityOfPage\":{\"@id\":\"https:\\\/\\\/www.letsportsrock.com\\\/?p=59835\"},\"wordCount\":258,\"commentCount\":0,\"image\":{\"@id\":\"https:\\\/\\\/www.letsportsrock.com\\\/?p=59835#primaryimage\"},\"thumbnailUrl\":\"https:\\\/\\\/www.letsportsrock.com\\\/wp-content\\\/uploads\\\/2025\\\/08\\\/parma-v-torino-serie-a-scaled-1.jpg\",\"keywords\":[\"Fotbal\"],\"articleSection\":[\"FCSB\"],\"inLanguage\":\"en-US\",\"potentialAction\":[{\"@type\":\"CommentAction\",\"name\":\"Comment\",\"target\":[\"https:\\\/\\\/www.letsportsrock.com\\\/?p=59835#respond\"]}]},{\"@type\":\"WebPage\",\"@id\":\"https:\\\/\\\/www.letsportsrock.com\\\/?p=59835\",\"url\":\"https:\\\/\\\/www.letsportsrock.com\\\/?p=59835\",\"name\":\"PSV vrea s\u0103 finalizeze rapid transferul talentului rom\u00e2n de la....\",\"isPartOf\":{\"@id\":\"https:\\\/\\\/www.letsportsrock.com\\\/#website\"},\"primaryImageOfPage\":{\"@id\":\"https:\\\/\\\/www.letsportsrock.com\\\/?p=59835#primaryimage\"},\"image\":{\"@id\":\"https:\\\/\\\/www.letsportsrock.com\\\/?p=59835#primaryimage\"},\"thumbnailUrl\":\"https:\\\/\\\/www.letsportsrock.com\\\/wp-content\\\/uploads\\\/2025\\\/08\\\/parma-v-torino-serie-a-scaled-1.jpg\",\"datePublished\":\"2025-08-11T09:45:50+00:00\",\"author\":{\"@id\":\"https:\\\/\\\/www.letsportsrock.com\\\/#\\\/schema\\\/person\\\/46ffa192b44abb5f73a64ac060b863c0\"},\"description\":\"PSV vrea s\u0103 finalizeze rapid transferul talentului rom\u00e2n de la Parma. Vezi mai mult.......................\",\"breadcrumb\":{\"@id\":\"https:\\\/\\\/www.letsportsrock.com\\\/?p=59835#breadcrumb\"},\"inLanguage\":\"en-US\",\"potentialAction\":[{\"@type\":\"ReadAction\",\"target\":[\"https:\\\/\\\/www.letsportsrock.com\\\/?p=59835\"]}]},{\"@type\":\"ImageObject\",\"inLanguage\":\"en-US\",\"@id\":\"https:\\\/\\\/www.letsportsrock.com\\\/?p=59835#primaryimage\",\"url\":\"https:\\\/\\\/www.letsportsrock.com\\\/wp-content\\\/uploads\\\/2025\\\/08\\\/parma-v-torino-serie-a-scaled-1.jpg\",\"contentUrl\":\"https:\\\/\\\/www.letsportsrock.com\\\/wp-content\\\/uploads\\\/2025\\\/08\\\/parma-v-torino-serie-a-scaled-1.jpg\",\"width\":2560,\"height\":1705},{\"@type\":\"BreadcrumbList\",\"@id\":\"https:\\\/\\\/www.letsportsrock.com\\\/?p=59835#breadcrumb\",\"itemListElement\":[{\"@type\":\"ListItem\",\"position\":1,\"name\":\"Home\",\"item\":\"https:\\\/\\\/www.letsportsrock.com\\\/\"},{\"@type\":\"ListItem\",\"position\":2,\"name\":\"PSV vrea s\u0103 finalizeze rapid transferul talentului rom\u00e2n de la Parma. Vezi mai mult&#8230;\"}]},{\"@type\":\"WebSite\",\"@id\":\"https:\\\/\\\/www.letsportsrock.com\\\/#website\",\"url\":\"https:\\\/\\\/www.letsportsrock.com\\\/\",\"name\":\"letsportsrock\",\"description\":\"Sport News and Updates\",\"potentialAction\":[{\"@type\":\"SearchAction\",\"target\":{\"@type\":\"EntryPoint\",\"urlTemplate\":\"https:\\\/\\\/www.letsportsrock.com\\\/?s={search_term_string}\"},\"query-input\":{\"@type\":\"PropertyValueSpecification\",\"valueRequired\":true,\"valueName\":\"search_term_string\"}}],\"inLanguage\":\"en-US\"},{\"@type\":\"Person\",\"@id\":\"https:\\\/\\\/www.letsportsrock.com\\\/#\\\/schema\\\/person\\\/46ffa192b44abb5f73a64ac060b863c0\",\"name\":\"Benedict\",\"image\":{\"@type\":\"ImageObject\",\"inLanguage\":\"en-US\",\"@id\":\"https:\\\/\\\/secure.gravatar.com\\\/avatar\\\/91345136d4e2206293ebdc22304c65968887191f0b832cb181dd8965f4de256b?s=96&d=mm&r=g\",\"url\":\"https:\\\/\\\/secure.gravatar.com\\\/avatar\\\/91345136d4e2206293ebdc22304c65968887191f0b832cb181dd8965f4de256b?s=96&d=mm&r=g\",\"contentUrl\":\"https:\\\/\\\/secure.gravatar.com\\\/avatar\\\/91345136d4e2206293ebdc22304c65968887191f0b832cb181dd8965f4de256b?s=96&d=mm&r=g\",\"caption\":\"Benedict\"},\"sameAs\":[\"https:\\\/\\\/www.letsportsrock.com\\\/wp-admin\\\/\"],\"url\":\"https:\\\/\\\/www.letsportsrock.com\\\/?author=19\"}]}<\/script>\n<!-- \/ Yoast SEO plugin. -->","yoast_head_json":{"title":"PSV vrea s\u0103 finalizeze rapid transferul talentului rom\u00e2n de la....","description":"PSV vrea s\u0103 finalizeze rapid transferul talentului rom\u00e2n de la Parma. Vezi mai mult.......................","robots":{"index":"index","follow":"follow","max-snippet":"max-snippet:-1","max-image-preview":"max-image-preview:large","max-video-preview":"max-video-preview:-1"},"canonical":"https:\/\/www.letsportsrock.com\/?p=59835","og_locale":"en_US","og_type":"article","og_title":"PSV vrea s\u0103 finalizeze rapid transferul talentului rom\u00e2n de la....","og_description":"PSV vrea s\u0103 finalizeze rapid transferul talentului rom\u00e2n de la Parma. Vezi mai mult.......................","og_url":"https:\/\/www.letsportsrock.com\/?p=59835","og_site_name":"letsportsrock","article_published_time":"2025-08-11T09:45:50+00:00","og_image":[{"width":2560,"height":1705,"url":"https:\/\/www.letsportsrock.com\/wp-content\/uploads\/2025\/08\/parma-v-torino-serie-a-scaled-1.jpg","type":"image\/jpeg"}],"author":"Benedict","twitter_card":"summary_large_image","twitter_misc":{"Written by":"Benedict","Est. reading time":"2 minutes"},"schema":{"@context":"https:\/\/schema.org","@graph":[{"@type":"Article","@id":"https:\/\/www.letsportsrock.com\/?p=59835#article","isPartOf":{"@id":"https:\/\/www.letsportsrock.com\/?p=59835"},"author":{"name":"Benedict","@id":"https:\/\/www.letsportsrock.com\/#\/schema\/person\/46ffa192b44abb5f73a64ac060b863c0"},"headline":"PSV vrea s\u0103 finalizeze rapid transferul talentului rom\u00e2n de la Parma. Vezi mai mult&#8230;","datePublished":"2025-08-11T09:45:50+00:00","mainEntityOfPage":{"@id":"https:\/\/www.letsportsrock.com\/?p=59835"},"wordCount":258,"commentCount":0,"image":{"@id":"https:\/\/www.letsportsrock.com\/?p=59835#primaryimage"},"thumbnailUrl":"https:\/\/www.letsportsrock.com\/wp-content\/uploads\/2025\/08\/parma-v-torino-serie-a-scaled-1.jpg","keywords":["Fotbal"],"articleSection":["FCSB"],"inLanguage":"en-US","potentialAction":[{"@type":"CommentAction","name":"Comment","target":["https:\/\/www.letsportsrock.com\/?p=59835#respond"]}]},{"@type":"WebPage","@id":"https:\/\/www.letsportsrock.com\/?p=59835","url":"https:\/\/www.letsportsrock.com\/?p=59835","name":"PSV vrea s\u0103 finalizeze rapid transferul talentului rom\u00e2n de la....","isPartOf":{"@id":"https:\/\/www.letsportsrock.com\/#website"},"primaryImageOfPage":{"@id":"https:\/\/www.letsportsrock.com\/?p=59835#primaryimage"},"image":{"@id":"https:\/\/www.letsportsrock.com\/?p=59835#primaryimage"},"thumbnailUrl":"https:\/\/www.letsportsrock.com\/wp-content\/uploads\/2025\/08\/parma-v-torino-serie-a-scaled-1.jpg","datePublished":"2025-08-11T09:45:50+00:00","author":{"@id":"https:\/\/www.letsportsrock.com\/#\/schema\/person\/46ffa192b44abb5f73a64ac060b863c0"},"description":"PSV vrea s\u0103 finalizeze rapid transferul talentului rom\u00e2n de la Parma. Vezi mai mult.......................","breadcrumb":{"@id":"https:\/\/www.letsportsrock.com\/?p=59835#breadcrumb"},"inLanguage":"en-US","potentialAction":[{"@type":"ReadAction","target":["https:\/\/www.letsportsrock.com\/?p=59835"]}]},{"@type":"ImageObject","inLanguage":"en-US","@id":"https:\/\/www.letsportsrock.com\/?p=59835#primaryimage","url":"https:\/\/www.letsportsrock.com\/wp-content\/uploads\/2025\/08\/parma-v-torino-serie-a-scaled-1.jpg","contentUrl":"https:\/\/www.letsportsrock.com\/wp-content\/uploads\/2025\/08\/parma-v-torino-serie-a-scaled-1.jpg","width":2560,"height":1705},{"@type":"BreadcrumbList","@id":"https:\/\/www.letsportsrock.com\/?p=59835#breadcrumb","itemListElement":[{"@type":"ListItem","position":1,"name":"Home","item":"https:\/\/www.letsportsrock.com\/"},{"@type":"ListItem","position":2,"name":"PSV vrea s\u0103 finalizeze rapid transferul talentului rom\u00e2n de la Parma. Vezi mai mult&#8230;"}]},{"@type":"WebSite","@id":"https:\/\/www.letsportsrock.com\/#website","url":"https:\/\/www.letsportsrock.com\/","name":"letsportsrock","description":"Sport News and Updates","potentialAction":[{"@type":"SearchAction","target":{"@type":"EntryPoint","urlTemplate":"https:\/\/www.letsportsrock.com\/?s={search_term_string}"},"query-input":{"@type":"PropertyValueSpecification","valueRequired":true,"valueName":"search_term_string"}}],"inLanguage":"en-US"},{"@type":"Person","@id":"https:\/\/www.letsportsrock.com\/#\/schema\/person\/46ffa192b44abb5f73a64ac060b863c0","name":"Benedict","image":{"@type":"ImageObject","inLanguage":"en-US","@id":"https:\/\/secure.gravatar.com\/avatar\/91345136d4e2206293ebdc22304c65968887191f0b832cb181dd8965f4de256b?s=96&d=mm&r=g","url":"https:\/\/secure.gravatar.com\/avatar\/91345136d4e2206293ebdc22304c65968887191f0b832cb181dd8965f4de256b?s=96&d=mm&r=g","contentUrl":"https:\/\/secure.gravatar.com\/avatar\/91345136d4e2206293ebdc22304c65968887191f0b832cb181dd8965f4de256b?s=96&d=mm&r=g","caption":"Benedict"},"sameAs":["https:\/\/www.letsportsrock.com\/wp-admin\/"],"url":"https:\/\/www.letsportsrock.com\/?author=19"}]}},"jetpack_featured_media_url":"https:\/\/www.letsportsrock.com\/wp-content\/uploads\/2025\/08\/parma-v-torino-serie-a-scaled-1.jpg","jetpack_sharing_enabled":true,"_links":{"self":[{"href":"https:\/\/www.letsportsrock.com\/index.php?rest_route=\/wp\/v2\/posts\/59835","targetHints":{"allow":["GET"]}}],"collection":[{"href":"https:\/\/www.letsportsrock.com\/index.php?rest_route=\/wp\/v2\/posts"}],"about":[{"href":"https:\/\/www.letsportsrock.com\/index.php?rest_route=\/wp\/v2\/types\/post"}],"author":[{"embeddable":true,"href":"https:\/\/www.letsportsrock.com\/index.php?rest_route=\/wp\/v2\/users\/19"}],"replies":[{"embeddable":true,"href":"https:\/\/www.letsportsrock.com\/index.php?rest_route=%2Fwp%2Fv2%2Fcomments&post=59835"}],"version-history":[{"count":1,"href":"https:\/\/www.letsportsrock.com\/index.php?rest_route=\/wp\/v2\/posts\/59835\/revisions"}],"predecessor-version":[{"id":59837,"href":"https:\/\/www.letsportsrock.com\/index.php?rest_route=\/wp\/v2\/posts\/59835\/revisions\/59837"}],"wp:featuredmedia":[{"embeddable":true,"href":"https:\/\/www.letsportsrock.com\/index.php?rest_route=\/wp\/v2\/media\/59836"}],"wp:attachment":[{"href":"https:\/\/www.letsportsrock.com\/index.php?rest_route=%2Fwp%2Fv2%2Fmedia&parent=59835"}],"wp:term":[{"taxonomy":"category","embeddable":true,"href":"https:\/\/www.letsportsrock.com\/index.php?rest_route=%2Fwp%2Fv2%2Fcategories&post=59835"},{"taxonomy":"post_tag","embeddable":true,"href":"https:\/\/www.letsportsrock.com\/index.php?rest_route=%2Fwp%2Fv2%2Ftags&post=59835"}],"curies":[{"name":"wp","href":"https:\/\/api.w.org\/{rel}","templated":true}]}}