{"id":59906,"date":"2025-08-11T14:30:00","date_gmt":"2025-08-11T14:30:00","guid":{"rendered":"https:\/\/www.letsportsrock.com\/?p=59906"},"modified":"2025-08-11T14:30:00","modified_gmt":"2025-08-11T14:30:00","slug":"stiri-de-ultimalovitura-neasteptata-pe-piata-fotbalistica-atacantul-mihajlo-cvetkovic-de-la-cukaricki-a-semnat-un-contract-valabil-patru-ani-cu-fc-dinamo-bucuresti-dupa-ce-a","status":"publish","type":"post","link":"https:\/\/www.letsportsrock.com\/?p=59906","title":{"rendered":"Stiri de Ultima:Lovitur\u0103 nea\u0219teptat\u0103 pe pia\u021ba fotbalistic\u0103: Atacantul Mihajlo Cvetkovi\u0107 de la Cukari\u010dki a semnat un contract valabil patru ani cu FC Dinamo Bucure\u0219ti, dup\u0103 ce a&#8230;\u201d"},"content":{"rendered":"<div class=\"d79db4796efc26332eabfc3f5dafbc76\" data-index=\"1\" style=\"float: none; margin:10px 0 10px 0; text-align:center;\">\n<div class=\"hb-ad-inarticle\">\r\n    <div class=\"hb-ad-inner\"> \r\n    <div class=\"hbagency_cls\"  id=\"hbagency_space_111930\"><\/div><\/div> <\/div>\n<\/div>\n<h2>Stiri de Ultima:Lovitur\u0103 nea\u0219teptat\u0103 pe pia\u021ba fotbalistic\u0103: Atacantul Mihajlo Cvetkovi\u0107 de la Cukari\u010dki a semnat un contract valabil patru ani cu FC Dinamo Bucure\u0219ti, dup\u0103 ce a&#8230;\u201d<\/h2>\n<p>**Mihajlo Cvetkovi\u0107, transfer de marc\u0103 la FC Dinamo Bucure\u0219ti**<\/p>\n<p>&nbsp;<\/p>\n<p>FC Dinamo Bucure\u0219ti a dat o adev\u0103rat\u0103 lovitur\u0103 pe pia\u021ba transferurilor, reu\u0219ind s\u0103-l aduc\u0103 pe atacantul s\u00e2rb Mihajlo Cvetkovi\u0107 de la FK Cukari\u010dki. T\u00e2n\u0103rul juc\u0103tor a semnat un contract valabil pe patru ani, demonstr\u00e2nd astfel \u00eencrederea clubului \u00een poten\u021bialul s\u0103u pe termen lung. Cvetkovi\u0107, considerat unul dintre cei mai promi\u021b\u0103tori atacan\u021bi din Serbia, vine s\u0103 \u00eent\u0103reasc\u0103 ofensiva \u201ec\u00e2inilor ro\u0219ii\u201d \u00eentr-un moment cheie pentru echip\u0103.<\/p>\n<p>&nbsp;<\/p>\n<p>Transferul a surprins at\u00e2t presa sportiv\u0103, c\u00e2t \u0219i suporterii, av\u00e2nd \u00een vedere interesul manifestat pentru juc\u0103tor din partea mai multor cluburi din Europa de Est. Alegerea lui Dinamo arat\u0103 ambi\u021biile clubului de a reconstrui o echip\u0103 competitiv\u0103 \u0219i de a reveni \u00een elita fotbalului rom\u00e2nesc. La doar 19 ani, Cvetkovi\u0107 impresioneaz\u0103 prin vitez\u0103, tehnic\u0103 \u0219i sim\u021b al por\u021bii, calit\u0103\u021bi care i-au atras deja compara\u021bii cu mari atacan\u021bi din regiune.<\/p>\n<p>Oficialii clubului s-au declarat entuziasma\u021bi de sosirea sa, iar antrenorul sper\u0103 ca integrarea rapid\u0103 a juc\u0103torului s\u0103 contribuie la \u00eendeplinirea obiectivelor stabilite pentru acest sezon. R\u0103m\u00e2ne de v\u0103zut cum se va adapta Cvetkovi\u0107 \u00een Liga 1, dar \u00eenceputul colabor\u0103rii pare promi\u021b\u0103tor.<\/p>\n\n<div style=\"font-size: 0px; height: 0px; line-height: 0px; margin: 0; padding: 0; clear: both;\"><\/div>","protected":false},"excerpt":{"rendered":"<p>Stiri de Ultima:Lovitur\u0103 nea\u0219teptat\u0103 pe pia\u021ba fotbalistic\u0103: Atacantul Mihajlo Cvetkovi\u0107 de la Cukari\u010dki a semnat un contract valabil patru ani cu FC Dinamo Bucure\u0219ti, dup\u0103 ce a&#8230;\u201d **Mihajlo Cvetkovi\u0107, transfer de marc\u0103 la FC Dinamo Bucure\u0219ti** &nbsp; FC Dinamo Bucure\u0219ti a dat o adev\u0103rat\u0103 lovitur\u0103 pe pia\u021ba transferurilor, reu\u0219ind s\u0103-l aduc\u0103 pe atacantul s\u00e2rb Mihajlo [&hellip;]<\/p>\n","protected":false},"author":11,"featured_media":59908,"comment_status":"open","ping_status":"open","sticky":false,"template":"","format":"standard","meta":{"_jetpack_memberships_contains_paid_content":false,"footnotes":""},"categories":[1],"tags":[],"class_list":["post-59906","post","type-post","status-publish","format-standard","has-post-thumbnail","hentry","category-uncategorized"],"yoast_head":"<!-- This site is optimized with the Yoast SEO plugin v27.4 - https:\/\/yoast.com\/product\/yoast-seo-wordpress\/ -->\n<title>Stiri de Ultima:Lovitur\u0103 nea\u0219teptat\u0103 pe pia\u021ba fotbalistic\u0103: Atacantu<\/title>\n<meta name=\"description\" content=\"Stiri de Ultima:Lovitur\u0103 nea\u0219teptat\u0103 pe pia\u021ba fotbalistic\u0103: Atacantul Mihajlo Cvetkovi\u0107 de la Cukari\u010dki a semnat un contract valabil patr\" \/>\n<meta name=\"robots\" content=\"index, follow, max-snippet:-1, max-image-preview:large, max-video-preview:-1\" \/>\n<link rel=\"canonical\" href=\"https:\/\/www.letsportsrock.com\/?p=59906\" \/>\n<meta property=\"og:locale\" content=\"en_US\" \/>\n<meta property=\"og:type\" content=\"article\" \/>\n<meta property=\"og:title\" content=\"Stiri de Ultima:Lovitur\u0103 nea\u0219teptat\u0103 pe pia\u021ba fotbalistic\u0103: Atacantu\" \/>\n<meta property=\"og:description\" content=\"Stiri de Ultima:Lovitur\u0103 nea\u0219teptat\u0103 pe pia\u021ba fotbalistic\u0103: Atacantul Mihajlo Cvetkovi\u0107 de la Cukari\u010dki a semnat un contract valabil patr\" \/>\n<meta property=\"og:url\" content=\"https:\/\/www.letsportsrock.com\/?p=59906\" \/>\n<meta property=\"og:site_name\" content=\"letsportsrock\" \/>\n<meta property=\"article:published_time\" content=\"2025-08-11T14:30:00+00:00\" \/>\n<meta property=\"og:image\" content=\"https:\/\/www.letsportsrock.com\/wp-content\/uploads\/2025\/08\/images-3-7.jpeg\" \/>\n\t<meta property=\"og:image:width\" content=\"400\" \/>\n\t<meta property=\"og:image:height\" content=\"225\" \/>\n\t<meta property=\"og:image:type\" content=\"image\/jpeg\" \/>\n<meta name=\"author\" content=\"Shughun Ivory\" \/>\n<meta name=\"twitter:card\" content=\"summary_large_image\" \/>\n<meta name=\"twitter:label1\" content=\"Written by\" \/>\n\t<meta name=\"twitter:data1\" content=\"Shughun Ivory\" \/>\n\t<meta name=\"twitter:label2\" content=\"Est. reading time\" \/>\n\t<meta name=\"twitter:data2\" content=\"2 minutes\" \/>\n<script type=\"application\/ld+json\" class=\"yoast-schema-graph\">{\"@context\":\"https:\\\/\\\/schema.org\",\"@graph\":[{\"@type\":\"Article\",\"@id\":\"https:\\\/\\\/www.letsportsrock.com\\\/?p=59906#article\",\"isPartOf\":{\"@id\":\"https:\\\/\\\/www.letsportsrock.com\\\/?p=59906\"},\"author\":{\"name\":\"Shughun Ivory\",\"@id\":\"https:\\\/\\\/www.letsportsrock.com\\\/#\\\/schema\\\/person\\\/674619adef31b09138e9ccd4e2852ee0\"},\"headline\":\"Stiri de Ultima:Lovitur\u0103 nea\u0219teptat\u0103 pe pia\u021ba fotbalistic\u0103: Atacantul Mihajlo Cvetkovi\u0107 de la Cukari\u010dki a semnat un contract valabil patru ani cu FC Dinamo Bucure\u0219ti, dup\u0103 ce a&#8230;\u201d\",\"datePublished\":\"2025-08-11T14:30:00+00:00\",\"mainEntityOfPage\":{\"@id\":\"https:\\\/\\\/www.letsportsrock.com\\\/?p=59906\"},\"wordCount\":283,\"commentCount\":0,\"image\":{\"@id\":\"https:\\\/\\\/www.letsportsrock.com\\\/?p=59906#primaryimage\"},\"thumbnailUrl\":\"https:\\\/\\\/www.letsportsrock.com\\\/wp-content\\\/uploads\\\/2025\\\/08\\\/images-3-7.jpeg\",\"inLanguage\":\"en-US\",\"potentialAction\":[{\"@type\":\"CommentAction\",\"name\":\"Comment\",\"target\":[\"https:\\\/\\\/www.letsportsrock.com\\\/?p=59906#respond\"]}]},{\"@type\":\"WebPage\",\"@id\":\"https:\\\/\\\/www.letsportsrock.com\\\/?p=59906\",\"url\":\"https:\\\/\\\/www.letsportsrock.com\\\/?p=59906\",\"name\":\"Stiri de Ultima:Lovitur\u0103 nea\u0219teptat\u0103 pe pia\u021ba fotbalistic\u0103: Atacantu\",\"isPartOf\":{\"@id\":\"https:\\\/\\\/www.letsportsrock.com\\\/#website\"},\"primaryImageOfPage\":{\"@id\":\"https:\\\/\\\/www.letsportsrock.com\\\/?p=59906#primaryimage\"},\"image\":{\"@id\":\"https:\\\/\\\/www.letsportsrock.com\\\/?p=59906#primaryimage\"},\"thumbnailUrl\":\"https:\\\/\\\/www.letsportsrock.com\\\/wp-content\\\/uploads\\\/2025\\\/08\\\/images-3-7.jpeg\",\"datePublished\":\"2025-08-11T14:30:00+00:00\",\"author\":{\"@id\":\"https:\\\/\\\/www.letsportsrock.com\\\/#\\\/schema\\\/person\\\/674619adef31b09138e9ccd4e2852ee0\"},\"description\":\"Stiri de Ultima:Lovitur\u0103 nea\u0219teptat\u0103 pe pia\u021ba fotbalistic\u0103: Atacantul Mihajlo Cvetkovi\u0107 de la Cukari\u010dki a semnat un contract valabil patr\",\"breadcrumb\":{\"@id\":\"https:\\\/\\\/www.letsportsrock.com\\\/?p=59906#breadcrumb\"},\"inLanguage\":\"en-US\",\"potentialAction\":[{\"@type\":\"ReadAction\",\"target\":[\"https:\\\/\\\/www.letsportsrock.com\\\/?p=59906\"]}]},{\"@type\":\"ImageObject\",\"inLanguage\":\"en-US\",\"@id\":\"https:\\\/\\\/www.letsportsrock.com\\\/?p=59906#primaryimage\",\"url\":\"https:\\\/\\\/www.letsportsrock.com\\\/wp-content\\\/uploads\\\/2025\\\/08\\\/images-3-7.jpeg\",\"contentUrl\":\"https:\\\/\\\/www.letsportsrock.com\\\/wp-content\\\/uploads\\\/2025\\\/08\\\/images-3-7.jpeg\",\"width\":400,\"height\":225},{\"@type\":\"BreadcrumbList\",\"@id\":\"https:\\\/\\\/www.letsportsrock.com\\\/?p=59906#breadcrumb\",\"itemListElement\":[{\"@type\":\"ListItem\",\"position\":1,\"name\":\"Home\",\"item\":\"https:\\\/\\\/www.letsportsrock.com\\\/\"},{\"@type\":\"ListItem\",\"position\":2,\"name\":\"Stiri de Ultima:Lovitur\u0103 nea\u0219teptat\u0103 pe pia\u021ba fotbalistic\u0103: Atacantul Mihajlo Cvetkovi\u0107 de la Cukari\u010dki a semnat un contract valabil patru ani cu FC Dinamo Bucure\u0219ti, dup\u0103 ce a&#8230;\u201d\"}]},{\"@type\":\"WebSite\",\"@id\":\"https:\\\/\\\/www.letsportsrock.com\\\/#website\",\"url\":\"https:\\\/\\\/www.letsportsrock.com\\\/\",\"name\":\"letsportsrock\",\"description\":\"Sport News and Updates\",\"potentialAction\":[{\"@type\":\"SearchAction\",\"target\":{\"@type\":\"EntryPoint\",\"urlTemplate\":\"https:\\\/\\\/www.letsportsrock.com\\\/?s={search_term_string}\"},\"query-input\":{\"@type\":\"PropertyValueSpecification\",\"valueRequired\":true,\"valueName\":\"search_term_string\"}}],\"inLanguage\":\"en-US\"},{\"@type\":\"Person\",\"@id\":\"https:\\\/\\\/www.letsportsrock.com\\\/#\\\/schema\\\/person\\\/674619adef31b09138e9ccd4e2852ee0\",\"name\":\"Shughun Ivory\",\"image\":{\"@type\":\"ImageObject\",\"inLanguage\":\"en-US\",\"@id\":\"https:\\\/\\\/secure.gravatar.com\\\/avatar\\\/0461d8b87ac229159ac526ebabd85108a5009b97923e896e2a506577805f8fc1?s=96&d=mm&r=g\",\"url\":\"https:\\\/\\\/secure.gravatar.com\\\/avatar\\\/0461d8b87ac229159ac526ebabd85108a5009b97923e896e2a506577805f8fc1?s=96&d=mm&r=g\",\"contentUrl\":\"https:\\\/\\\/secure.gravatar.com\\\/avatar\\\/0461d8b87ac229159ac526ebabd85108a5009b97923e896e2a506577805f8fc1?s=96&d=mm&r=g\",\"caption\":\"Shughun Ivory\"},\"sameAs\":[\"http:\\\/\\\/Letsportsrock.com\"],\"url\":\"https:\\\/\\\/www.letsportsrock.com\\\/?author=11\"}]}<\/script>\n<!-- \/ Yoast SEO plugin. -->","yoast_head_json":{"title":"Stiri de Ultima:Lovitur\u0103 nea\u0219teptat\u0103 pe pia\u021ba fotbalistic\u0103: Atacantu","description":"Stiri de Ultima:Lovitur\u0103 nea\u0219teptat\u0103 pe pia\u021ba fotbalistic\u0103: Atacantul Mihajlo Cvetkovi\u0107 de la Cukari\u010dki a semnat un contract valabil patr","robots":{"index":"index","follow":"follow","max-snippet":"max-snippet:-1","max-image-preview":"max-image-preview:large","max-video-preview":"max-video-preview:-1"},"canonical":"https:\/\/www.letsportsrock.com\/?p=59906","og_locale":"en_US","og_type":"article","og_title":"Stiri de Ultima:Lovitur\u0103 nea\u0219teptat\u0103 pe pia\u021ba fotbalistic\u0103: Atacantu","og_description":"Stiri de Ultima:Lovitur\u0103 nea\u0219teptat\u0103 pe pia\u021ba fotbalistic\u0103: Atacantul Mihajlo Cvetkovi\u0107 de la Cukari\u010dki a semnat un contract valabil patr","og_url":"https:\/\/www.letsportsrock.com\/?p=59906","og_site_name":"letsportsrock","article_published_time":"2025-08-11T14:30:00+00:00","og_image":[{"width":400,"height":225,"url":"https:\/\/www.letsportsrock.com\/wp-content\/uploads\/2025\/08\/images-3-7.jpeg","type":"image\/jpeg"}],"author":"Shughun Ivory","twitter_card":"summary_large_image","twitter_misc":{"Written by":"Shughun Ivory","Est. reading time":"2 minutes"},"schema":{"@context":"https:\/\/schema.org","@graph":[{"@type":"Article","@id":"https:\/\/www.letsportsrock.com\/?p=59906#article","isPartOf":{"@id":"https:\/\/www.letsportsrock.com\/?p=59906"},"author":{"name":"Shughun Ivory","@id":"https:\/\/www.letsportsrock.com\/#\/schema\/person\/674619adef31b09138e9ccd4e2852ee0"},"headline":"Stiri de Ultima:Lovitur\u0103 nea\u0219teptat\u0103 pe pia\u021ba fotbalistic\u0103: Atacantul Mihajlo Cvetkovi\u0107 de la Cukari\u010dki a semnat un contract valabil patru ani cu FC Dinamo Bucure\u0219ti, dup\u0103 ce a&#8230;\u201d","datePublished":"2025-08-11T14:30:00+00:00","mainEntityOfPage":{"@id":"https:\/\/www.letsportsrock.com\/?p=59906"},"wordCount":283,"commentCount":0,"image":{"@id":"https:\/\/www.letsportsrock.com\/?p=59906#primaryimage"},"thumbnailUrl":"https:\/\/www.letsportsrock.com\/wp-content\/uploads\/2025\/08\/images-3-7.jpeg","inLanguage":"en-US","potentialAction":[{"@type":"CommentAction","name":"Comment","target":["https:\/\/www.letsportsrock.com\/?p=59906#respond"]}]},{"@type":"WebPage","@id":"https:\/\/www.letsportsrock.com\/?p=59906","url":"https:\/\/www.letsportsrock.com\/?p=59906","name":"Stiri de Ultima:Lovitur\u0103 nea\u0219teptat\u0103 pe pia\u021ba fotbalistic\u0103: Atacantu","isPartOf":{"@id":"https:\/\/www.letsportsrock.com\/#website"},"primaryImageOfPage":{"@id":"https:\/\/www.letsportsrock.com\/?p=59906#primaryimage"},"image":{"@id":"https:\/\/www.letsportsrock.com\/?p=59906#primaryimage"},"thumbnailUrl":"https:\/\/www.letsportsrock.com\/wp-content\/uploads\/2025\/08\/images-3-7.jpeg","datePublished":"2025-08-11T14:30:00+00:00","author":{"@id":"https:\/\/www.letsportsrock.com\/#\/schema\/person\/674619adef31b09138e9ccd4e2852ee0"},"description":"Stiri de Ultima:Lovitur\u0103 nea\u0219teptat\u0103 pe pia\u021ba fotbalistic\u0103: Atacantul Mihajlo Cvetkovi\u0107 de la Cukari\u010dki a semnat un contract valabil patr","breadcrumb":{"@id":"https:\/\/www.letsportsrock.com\/?p=59906#breadcrumb"},"inLanguage":"en-US","potentialAction":[{"@type":"ReadAction","target":["https:\/\/www.letsportsrock.com\/?p=59906"]}]},{"@type":"ImageObject","inLanguage":"en-US","@id":"https:\/\/www.letsportsrock.com\/?p=59906#primaryimage","url":"https:\/\/www.letsportsrock.com\/wp-content\/uploads\/2025\/08\/images-3-7.jpeg","contentUrl":"https:\/\/www.letsportsrock.com\/wp-content\/uploads\/2025\/08\/images-3-7.jpeg","width":400,"height":225},{"@type":"BreadcrumbList","@id":"https:\/\/www.letsportsrock.com\/?p=59906#breadcrumb","itemListElement":[{"@type":"ListItem","position":1,"name":"Home","item":"https:\/\/www.letsportsrock.com\/"},{"@type":"ListItem","position":2,"name":"Stiri de Ultima:Lovitur\u0103 nea\u0219teptat\u0103 pe pia\u021ba fotbalistic\u0103: Atacantul Mihajlo Cvetkovi\u0107 de la Cukari\u010dki a semnat un contract valabil patru ani cu FC Dinamo Bucure\u0219ti, dup\u0103 ce a&#8230;\u201d"}]},{"@type":"WebSite","@id":"https:\/\/www.letsportsrock.com\/#website","url":"https:\/\/www.letsportsrock.com\/","name":"letsportsrock","description":"Sport News and Updates","potentialAction":[{"@type":"SearchAction","target":{"@type":"EntryPoint","urlTemplate":"https:\/\/www.letsportsrock.com\/?s={search_term_string}"},"query-input":{"@type":"PropertyValueSpecification","valueRequired":true,"valueName":"search_term_string"}}],"inLanguage":"en-US"},{"@type":"Person","@id":"https:\/\/www.letsportsrock.com\/#\/schema\/person\/674619adef31b09138e9ccd4e2852ee0","name":"Shughun Ivory","image":{"@type":"ImageObject","inLanguage":"en-US","@id":"https:\/\/secure.gravatar.com\/avatar\/0461d8b87ac229159ac526ebabd85108a5009b97923e896e2a506577805f8fc1?s=96&d=mm&r=g","url":"https:\/\/secure.gravatar.com\/avatar\/0461d8b87ac229159ac526ebabd85108a5009b97923e896e2a506577805f8fc1?s=96&d=mm&r=g","contentUrl":"https:\/\/secure.gravatar.com\/avatar\/0461d8b87ac229159ac526ebabd85108a5009b97923e896e2a506577805f8fc1?s=96&d=mm&r=g","caption":"Shughun Ivory"},"sameAs":["http:\/\/Letsportsrock.com"],"url":"https:\/\/www.letsportsrock.com\/?author=11"}]}},"jetpack_featured_media_url":"https:\/\/www.letsportsrock.com\/wp-content\/uploads\/2025\/08\/images-3-7.jpeg","jetpack_sharing_enabled":true,"_links":{"self":[{"href":"https:\/\/www.letsportsrock.com\/index.php?rest_route=\/wp\/v2\/posts\/59906","targetHints":{"allow":["GET"]}}],"collection":[{"href":"https:\/\/www.letsportsrock.com\/index.php?rest_route=\/wp\/v2\/posts"}],"about":[{"href":"https:\/\/www.letsportsrock.com\/index.php?rest_route=\/wp\/v2\/types\/post"}],"author":[{"embeddable":true,"href":"https:\/\/www.letsportsrock.com\/index.php?rest_route=\/wp\/v2\/users\/11"}],"replies":[{"embeddable":true,"href":"https:\/\/www.letsportsrock.com\/index.php?rest_route=%2Fwp%2Fv2%2Fcomments&post=59906"}],"version-history":[{"count":2,"href":"https:\/\/www.letsportsrock.com\/index.php?rest_route=\/wp\/v2\/posts\/59906\/revisions"}],"predecessor-version":[{"id":59911,"href":"https:\/\/www.letsportsrock.com\/index.php?rest_route=\/wp\/v2\/posts\/59906\/revisions\/59911"}],"wp:featuredmedia":[{"embeddable":true,"href":"https:\/\/www.letsportsrock.com\/index.php?rest_route=\/wp\/v2\/media\/59908"}],"wp:attachment":[{"href":"https:\/\/www.letsportsrock.com\/index.php?rest_route=%2Fwp%2Fv2%2Fmedia&parent=59906"}],"wp:term":[{"taxonomy":"category","embeddable":true,"href":"https:\/\/www.letsportsrock.com\/index.php?rest_route=%2Fwp%2Fv2%2Fcategories&post=59906"},{"taxonomy":"post_tag","embeddable":true,"href":"https:\/\/www.letsportsrock.com\/index.php?rest_route=%2Fwp%2Fv2%2Ftags&post=59906"}],"curies":[{"name":"wp","href":"https:\/\/api.w.org\/{rel}","templated":true}]}}