{"id":60030,"date":"2025-08-12T01:56:17","date_gmt":"2025-08-12T01:56:17","guid":{"rendered":"https:\/\/www.letsportsrock.com\/?p=60030"},"modified":"2025-08-12T01:56:17","modified_gmt":"2025-08-12T01:56:17","slug":"universitatea-craiova-renunta-la-un-fotbalist-de-nationala-dar-mirel-radoi-considera-ca-nu-este-o-pierdere-pentru-echipa","status":"publish","type":"post","link":"https:\/\/www.letsportsrock.com\/?p=60030","title":{"rendered":"Universitatea Craiova renun\u021b\u0103 la un fotbalist de na\u021bional\u0103, dar Mirel R\u0103doi consider\u0103 c\u0103 nu este o pierdere pentru echip\u0103!&#8230;"},"content":{"rendered":"<div class=\"d79db4796efc26332eabfc3f5dafbc76\" data-index=\"1\" style=\"float: none; margin:10px 0 10px 0; text-align:center;\">\n<div class=\"hb-ad-inarticle\">\r\n    <div class=\"hb-ad-inner\"> \r\n    <div class=\"hbagency_cls\"  id=\"hbagency_space_111930\"><\/div><\/div> <\/div>\n<\/div>\n<p>Universitatea Craiova renun\u021b\u0103 la un fotbalist de na\u021bional\u0103, dar Mirel R\u0103doi consider\u0103 c\u0103 nu este o pierdere pentru echip\u0103!&#8230;<\/p>\n<p>&nbsp;<\/p>\n<p>Universitatea Craiova a decis s\u0103 renun\u021be la un juc\u0103tor cu prezen\u021be \u00een echipa na\u021bional\u0103, mutare care a surprins o parte dintre suporteri. Fotbalistul, adus cu mari a\u0219tept\u0103ri \u00een B\u0103nie, nu a reu\u0219it s\u0103 se impun\u0103 \u00een primul \u201e11\u201d al lui Mirel R\u0103doi, evolu\u021biile sale fiind considerate sub a\u0219tept\u0103ri \u00een ultima perioad\u0103.<\/p>\n<p><img loading=\"lazy\" decoding=\"async\" class=\"alignnone size-medium wp-image-60032\" src=\"https:\/\/www.letsportsrock.com\/wp-content\/uploads\/2025\/08\/images-13-1-200x300.jpeg\" alt=\"\" width=\"200\" height=\"300\" srcset=\"https:\/\/www.letsportsrock.com\/wp-content\/uploads\/2025\/08\/images-13-1-200x300.jpeg 200w, https:\/\/www.letsportsrock.com\/wp-content\/uploads\/2025\/08\/images-13-1.jpeg 453w\" sizes=\"auto, (max-width: 200px) 100vw, 200px\" \/><\/p>\n<p>Tehnicianul oltenilor a explicat c\u0103 plecarea nu reprezint\u0103 o pierdere semnificativ\u0103 pentru lot, \u00eentruc\u00e2t exist\u0103 solu\u021bii viabile pe postul respectiv \u0219i o concuren\u021b\u0103 s\u0103n\u0103toas\u0103 care poate aduce un plus de valoare. Oficialii clubului au precizat c\u0103 decizia a fost luat\u0103 de comun acord, pentru binele ambelor p\u0103r\u021bi.<\/p>\n<p>&nbsp;<\/p>\n<p>Juc\u0103torul urmeaz\u0103 s\u0103 \u00ee\u0219i continue cariera la o alt\u0103 forma\u021bie, iar Craiova va \u00eencerca s\u0103 foloseasc\u0103 resursele eliberate pentru a \u00eent\u0103ri alte compartimente, \u00een vederea luptei pentru obiectivele din acest sezon. \u00cen vestiar, atmosfera r\u0103m\u00e2ne optimist\u0103, iar R\u0103doi promite c\u0103 echipa va fi chiar mai competitiv\u0103 dup\u0103 aceast\u0103 schimbare.<\/p>\n\n<div style=\"font-size: 0px; height: 0px; line-height: 0px; margin: 0; padding: 0; clear: both;\"><\/div>","protected":false},"excerpt":{"rendered":"<p>Universitatea Craiova renun\u021b\u0103 la un fotbalist de na\u021bional\u0103, dar Mirel R\u0103doi consider\u0103 c\u0103 nu este o pierdere pentru echip\u0103!&#8230; &nbsp; Universitatea Craiova a decis s\u0103 renun\u021be la un juc\u0103tor cu prezen\u021be \u00een echipa na\u021bional\u0103, mutare care a surprins o parte dintre suporteri. Fotbalistul, adus cu mari a\u0219tept\u0103ri \u00een B\u0103nie, nu a reu\u0219it s\u0103 se impun\u0103 [&hellip;]<\/p>\n","protected":false},"author":15,"featured_media":60031,"comment_status":"open","ping_status":"open","sticky":false,"template":"","format":"standard","meta":{"_jetpack_memberships_contains_paid_content":false,"footnotes":""},"categories":[1],"tags":[640],"class_list":["post-60030","post","type-post","status-publish","format-standard","has-post-thumbnail","hentry","category-uncategorized","tag-fan-andrei-ivan"],"yoast_head":"<!-- This site is optimized with the Yoast SEO plugin v27.4 - https:\/\/yoast.com\/product\/yoast-seo-wordpress\/ -->\n<title>Universitatea Craiova renun\u021b\u0103 la un fotbalist de na\u021bional\u0103, dar Mirel R\u0103doi consider\u0103 c\u0103 nu este o pierdere pentru echip\u0103!...<\/title>\n<meta name=\"description\" content=\"Universitatea Craiova renun\u021b\u0103 la un fotbalist de na\u021bional\u0103, dar Mirel R\u0103doi consider\u0103 c\u0103 nu este o pierdere pentru echip\u0103!...\" \/>\n<meta name=\"robots\" content=\"index, follow, max-snippet:-1, max-image-preview:large, max-video-preview:-1\" \/>\n<link rel=\"canonical\" href=\"https:\/\/www.letsportsrock.com\/?p=60030\" \/>\n<meta property=\"og:locale\" content=\"en_US\" \/>\n<meta property=\"og:type\" content=\"article\" \/>\n<meta property=\"og:title\" content=\"Universitatea Craiova renun\u021b\u0103 la un fotbalist de na\u021bional\u0103, dar Mirel R\u0103doi consider\u0103 c\u0103 nu este o pierdere pentru echip\u0103!...\" \/>\n<meta property=\"og:description\" content=\"Universitatea Craiova renun\u021b\u0103 la un fotbalist de na\u021bional\u0103, dar Mirel R\u0103doi consider\u0103 c\u0103 nu este o pierdere pentru echip\u0103!...\" \/>\n<meta property=\"og:url\" content=\"https:\/\/www.letsportsrock.com\/?p=60030\" \/>\n<meta property=\"og:site_name\" content=\"letsportsrock\" \/>\n<meta property=\"article:published_time\" content=\"2025-08-12T01:56:17+00:00\" \/>\n<meta property=\"og:image\" content=\"https:\/\/www.letsportsrock.com\/wp-content\/uploads\/2025\/08\/images-12-2.jpeg\" \/>\n\t<meta property=\"og:image:width\" content=\"739\" \/>\n\t<meta property=\"og:image:height\" content=\"415\" \/>\n\t<meta property=\"og:image:type\" content=\"image\/jpeg\" \/>\n<meta name=\"author\" content=\"Amos Nabizo\" \/>\n<meta name=\"twitter:card\" content=\"summary_large_image\" \/>\n<meta name=\"twitter:label1\" content=\"Written by\" \/>\n\t<meta name=\"twitter:data1\" content=\"Amos Nabizo\" \/>\n\t<meta name=\"twitter:label2\" content=\"Est. reading time\" \/>\n\t<meta name=\"twitter:data2\" content=\"2 minutes\" \/>\n<script type=\"application\/ld+json\" class=\"yoast-schema-graph\">{\"@context\":\"https:\\\/\\\/schema.org\",\"@graph\":[{\"@type\":\"Article\",\"@id\":\"https:\\\/\\\/www.letsportsrock.com\\\/?p=60030#article\",\"isPartOf\":{\"@id\":\"https:\\\/\\\/www.letsportsrock.com\\\/?p=60030\"},\"author\":{\"name\":\"Amos Nabizo\",\"@id\":\"https:\\\/\\\/www.letsportsrock.com\\\/#\\\/schema\\\/person\\\/044479f72bdbd75f9523e745d3be6c30\"},\"headline\":\"Universitatea Craiova renun\u021b\u0103 la un fotbalist de na\u021bional\u0103, dar Mirel R\u0103doi consider\u0103 c\u0103 nu este o pierdere pentru echip\u0103!&#8230;\",\"datePublished\":\"2025-08-12T01:56:17+00:00\",\"mainEntityOfPage\":{\"@id\":\"https:\\\/\\\/www.letsportsrock.com\\\/?p=60030\"},\"wordCount\":214,\"commentCount\":0,\"image\":{\"@id\":\"https:\\\/\\\/www.letsportsrock.com\\\/?p=60030#primaryimage\"},\"thumbnailUrl\":\"https:\\\/\\\/www.letsportsrock.com\\\/wp-content\\\/uploads\\\/2025\\\/08\\\/images-12-2.jpeg\",\"keywords\":[\"Fan Andrei Ivan\"],\"inLanguage\":\"en-US\",\"potentialAction\":[{\"@type\":\"CommentAction\",\"name\":\"Comment\",\"target\":[\"https:\\\/\\\/www.letsportsrock.com\\\/?p=60030#respond\"]}]},{\"@type\":\"WebPage\",\"@id\":\"https:\\\/\\\/www.letsportsrock.com\\\/?p=60030\",\"url\":\"https:\\\/\\\/www.letsportsrock.com\\\/?p=60030\",\"name\":\"Universitatea Craiova renun\u021b\u0103 la un fotbalist de na\u021bional\u0103, dar Mirel R\u0103doi consider\u0103 c\u0103 nu este o pierdere pentru echip\u0103!...\",\"isPartOf\":{\"@id\":\"https:\\\/\\\/www.letsportsrock.com\\\/#website\"},\"primaryImageOfPage\":{\"@id\":\"https:\\\/\\\/www.letsportsrock.com\\\/?p=60030#primaryimage\"},\"image\":{\"@id\":\"https:\\\/\\\/www.letsportsrock.com\\\/?p=60030#primaryimage\"},\"thumbnailUrl\":\"https:\\\/\\\/www.letsportsrock.com\\\/wp-content\\\/uploads\\\/2025\\\/08\\\/images-12-2.jpeg\",\"datePublished\":\"2025-08-12T01:56:17+00:00\",\"author\":{\"@id\":\"https:\\\/\\\/www.letsportsrock.com\\\/#\\\/schema\\\/person\\\/044479f72bdbd75f9523e745d3be6c30\"},\"description\":\"Universitatea Craiova renun\u021b\u0103 la un fotbalist de na\u021bional\u0103, dar Mirel R\u0103doi consider\u0103 c\u0103 nu este o pierdere pentru echip\u0103!...\",\"breadcrumb\":{\"@id\":\"https:\\\/\\\/www.letsportsrock.com\\\/?p=60030#breadcrumb\"},\"inLanguage\":\"en-US\",\"potentialAction\":[{\"@type\":\"ReadAction\",\"target\":[\"https:\\\/\\\/www.letsportsrock.com\\\/?p=60030\"]}]},{\"@type\":\"ImageObject\",\"inLanguage\":\"en-US\",\"@id\":\"https:\\\/\\\/www.letsportsrock.com\\\/?p=60030#primaryimage\",\"url\":\"https:\\\/\\\/www.letsportsrock.com\\\/wp-content\\\/uploads\\\/2025\\\/08\\\/images-12-2.jpeg\",\"contentUrl\":\"https:\\\/\\\/www.letsportsrock.com\\\/wp-content\\\/uploads\\\/2025\\\/08\\\/images-12-2.jpeg\",\"width\":739,\"height\":415},{\"@type\":\"BreadcrumbList\",\"@id\":\"https:\\\/\\\/www.letsportsrock.com\\\/?p=60030#breadcrumb\",\"itemListElement\":[{\"@type\":\"ListItem\",\"position\":1,\"name\":\"Home\",\"item\":\"https:\\\/\\\/www.letsportsrock.com\\\/\"},{\"@type\":\"ListItem\",\"position\":2,\"name\":\"Universitatea Craiova renun\u021b\u0103 la un fotbalist de na\u021bional\u0103, dar Mirel R\u0103doi consider\u0103 c\u0103 nu este o pierdere pentru echip\u0103!&#8230;\"}]},{\"@type\":\"WebSite\",\"@id\":\"https:\\\/\\\/www.letsportsrock.com\\\/#website\",\"url\":\"https:\\\/\\\/www.letsportsrock.com\\\/\",\"name\":\"letsportsrock\",\"description\":\"Sport News and Updates\",\"potentialAction\":[{\"@type\":\"SearchAction\",\"target\":{\"@type\":\"EntryPoint\",\"urlTemplate\":\"https:\\\/\\\/www.letsportsrock.com\\\/?s={search_term_string}\"},\"query-input\":{\"@type\":\"PropertyValueSpecification\",\"valueRequired\":true,\"valueName\":\"search_term_string\"}}],\"inLanguage\":\"en-US\"},{\"@type\":\"Person\",\"@id\":\"https:\\\/\\\/www.letsportsrock.com\\\/#\\\/schema\\\/person\\\/044479f72bdbd75f9523e745d3be6c30\",\"name\":\"Amos Nabizo\",\"image\":{\"@type\":\"ImageObject\",\"inLanguage\":\"en-US\",\"@id\":\"https:\\\/\\\/secure.gravatar.com\\\/avatar\\\/d569857c07d3899c6ca842ffea32daa1672c05549833530fe37e68ae7b521ba4?s=96&d=mm&r=g\",\"url\":\"https:\\\/\\\/secure.gravatar.com\\\/avatar\\\/d569857c07d3899c6ca842ffea32daa1672c05549833530fe37e68ae7b521ba4?s=96&d=mm&r=g\",\"contentUrl\":\"https:\\\/\\\/secure.gravatar.com\\\/avatar\\\/d569857c07d3899c6ca842ffea32daa1672c05549833530fe37e68ae7b521ba4?s=96&d=mm&r=g\",\"caption\":\"Amos Nabizo\"},\"sameAs\":[\"https:\\\/\\\/www.letsportsrock.com\\\/wp-admin\\\/\"],\"url\":\"https:\\\/\\\/www.letsportsrock.com\\\/?author=15\"}]}<\/script>\n<!-- \/ Yoast SEO plugin. -->","yoast_head_json":{"title":"Universitatea Craiova renun\u021b\u0103 la un fotbalist de na\u021bional\u0103, dar Mirel R\u0103doi consider\u0103 c\u0103 nu este o pierdere pentru echip\u0103!...","description":"Universitatea Craiova renun\u021b\u0103 la un fotbalist de na\u021bional\u0103, dar Mirel R\u0103doi consider\u0103 c\u0103 nu este o pierdere pentru echip\u0103!...","robots":{"index":"index","follow":"follow","max-snippet":"max-snippet:-1","max-image-preview":"max-image-preview:large","max-video-preview":"max-video-preview:-1"},"canonical":"https:\/\/www.letsportsrock.com\/?p=60030","og_locale":"en_US","og_type":"article","og_title":"Universitatea Craiova renun\u021b\u0103 la un fotbalist de na\u021bional\u0103, dar Mirel R\u0103doi consider\u0103 c\u0103 nu este o pierdere pentru echip\u0103!...","og_description":"Universitatea Craiova renun\u021b\u0103 la un fotbalist de na\u021bional\u0103, dar Mirel R\u0103doi consider\u0103 c\u0103 nu este o pierdere pentru echip\u0103!...","og_url":"https:\/\/www.letsportsrock.com\/?p=60030","og_site_name":"letsportsrock","article_published_time":"2025-08-12T01:56:17+00:00","og_image":[{"width":739,"height":415,"url":"https:\/\/www.letsportsrock.com\/wp-content\/uploads\/2025\/08\/images-12-2.jpeg","type":"image\/jpeg"}],"author":"Amos Nabizo","twitter_card":"summary_large_image","twitter_misc":{"Written by":"Amos Nabizo","Est. reading time":"2 minutes"},"schema":{"@context":"https:\/\/schema.org","@graph":[{"@type":"Article","@id":"https:\/\/www.letsportsrock.com\/?p=60030#article","isPartOf":{"@id":"https:\/\/www.letsportsrock.com\/?p=60030"},"author":{"name":"Amos Nabizo","@id":"https:\/\/www.letsportsrock.com\/#\/schema\/person\/044479f72bdbd75f9523e745d3be6c30"},"headline":"Universitatea Craiova renun\u021b\u0103 la un fotbalist de na\u021bional\u0103, dar Mirel R\u0103doi consider\u0103 c\u0103 nu este o pierdere pentru echip\u0103!&#8230;","datePublished":"2025-08-12T01:56:17+00:00","mainEntityOfPage":{"@id":"https:\/\/www.letsportsrock.com\/?p=60030"},"wordCount":214,"commentCount":0,"image":{"@id":"https:\/\/www.letsportsrock.com\/?p=60030#primaryimage"},"thumbnailUrl":"https:\/\/www.letsportsrock.com\/wp-content\/uploads\/2025\/08\/images-12-2.jpeg","keywords":["Fan Andrei Ivan"],"inLanguage":"en-US","potentialAction":[{"@type":"CommentAction","name":"Comment","target":["https:\/\/www.letsportsrock.com\/?p=60030#respond"]}]},{"@type":"WebPage","@id":"https:\/\/www.letsportsrock.com\/?p=60030","url":"https:\/\/www.letsportsrock.com\/?p=60030","name":"Universitatea Craiova renun\u021b\u0103 la un fotbalist de na\u021bional\u0103, dar Mirel R\u0103doi consider\u0103 c\u0103 nu este o pierdere pentru echip\u0103!...","isPartOf":{"@id":"https:\/\/www.letsportsrock.com\/#website"},"primaryImageOfPage":{"@id":"https:\/\/www.letsportsrock.com\/?p=60030#primaryimage"},"image":{"@id":"https:\/\/www.letsportsrock.com\/?p=60030#primaryimage"},"thumbnailUrl":"https:\/\/www.letsportsrock.com\/wp-content\/uploads\/2025\/08\/images-12-2.jpeg","datePublished":"2025-08-12T01:56:17+00:00","author":{"@id":"https:\/\/www.letsportsrock.com\/#\/schema\/person\/044479f72bdbd75f9523e745d3be6c30"},"description":"Universitatea Craiova renun\u021b\u0103 la un fotbalist de na\u021bional\u0103, dar Mirel R\u0103doi consider\u0103 c\u0103 nu este o pierdere pentru echip\u0103!...","breadcrumb":{"@id":"https:\/\/www.letsportsrock.com\/?p=60030#breadcrumb"},"inLanguage":"en-US","potentialAction":[{"@type":"ReadAction","target":["https:\/\/www.letsportsrock.com\/?p=60030"]}]},{"@type":"ImageObject","inLanguage":"en-US","@id":"https:\/\/www.letsportsrock.com\/?p=60030#primaryimage","url":"https:\/\/www.letsportsrock.com\/wp-content\/uploads\/2025\/08\/images-12-2.jpeg","contentUrl":"https:\/\/www.letsportsrock.com\/wp-content\/uploads\/2025\/08\/images-12-2.jpeg","width":739,"height":415},{"@type":"BreadcrumbList","@id":"https:\/\/www.letsportsrock.com\/?p=60030#breadcrumb","itemListElement":[{"@type":"ListItem","position":1,"name":"Home","item":"https:\/\/www.letsportsrock.com\/"},{"@type":"ListItem","position":2,"name":"Universitatea Craiova renun\u021b\u0103 la un fotbalist de na\u021bional\u0103, dar Mirel R\u0103doi consider\u0103 c\u0103 nu este o pierdere pentru echip\u0103!&#8230;"}]},{"@type":"WebSite","@id":"https:\/\/www.letsportsrock.com\/#website","url":"https:\/\/www.letsportsrock.com\/","name":"letsportsrock","description":"Sport News and Updates","potentialAction":[{"@type":"SearchAction","target":{"@type":"EntryPoint","urlTemplate":"https:\/\/www.letsportsrock.com\/?s={search_term_string}"},"query-input":{"@type":"PropertyValueSpecification","valueRequired":true,"valueName":"search_term_string"}}],"inLanguage":"en-US"},{"@type":"Person","@id":"https:\/\/www.letsportsrock.com\/#\/schema\/person\/044479f72bdbd75f9523e745d3be6c30","name":"Amos Nabizo","image":{"@type":"ImageObject","inLanguage":"en-US","@id":"https:\/\/secure.gravatar.com\/avatar\/d569857c07d3899c6ca842ffea32daa1672c05549833530fe37e68ae7b521ba4?s=96&d=mm&r=g","url":"https:\/\/secure.gravatar.com\/avatar\/d569857c07d3899c6ca842ffea32daa1672c05549833530fe37e68ae7b521ba4?s=96&d=mm&r=g","contentUrl":"https:\/\/secure.gravatar.com\/avatar\/d569857c07d3899c6ca842ffea32daa1672c05549833530fe37e68ae7b521ba4?s=96&d=mm&r=g","caption":"Amos Nabizo"},"sameAs":["https:\/\/www.letsportsrock.com\/wp-admin\/"],"url":"https:\/\/www.letsportsrock.com\/?author=15"}]}},"jetpack_featured_media_url":"https:\/\/www.letsportsrock.com\/wp-content\/uploads\/2025\/08\/images-12-2.jpeg","jetpack_sharing_enabled":true,"_links":{"self":[{"href":"https:\/\/www.letsportsrock.com\/index.php?rest_route=\/wp\/v2\/posts\/60030","targetHints":{"allow":["GET"]}}],"collection":[{"href":"https:\/\/www.letsportsrock.com\/index.php?rest_route=\/wp\/v2\/posts"}],"about":[{"href":"https:\/\/www.letsportsrock.com\/index.php?rest_route=\/wp\/v2\/types\/post"}],"author":[{"embeddable":true,"href":"https:\/\/www.letsportsrock.com\/index.php?rest_route=\/wp\/v2\/users\/15"}],"replies":[{"embeddable":true,"href":"https:\/\/www.letsportsrock.com\/index.php?rest_route=%2Fwp%2Fv2%2Fcomments&post=60030"}],"version-history":[{"count":1,"href":"https:\/\/www.letsportsrock.com\/index.php?rest_route=\/wp\/v2\/posts\/60030\/revisions"}],"predecessor-version":[{"id":60033,"href":"https:\/\/www.letsportsrock.com\/index.php?rest_route=\/wp\/v2\/posts\/60030\/revisions\/60033"}],"wp:featuredmedia":[{"embeddable":true,"href":"https:\/\/www.letsportsrock.com\/index.php?rest_route=\/wp\/v2\/media\/60031"}],"wp:attachment":[{"href":"https:\/\/www.letsportsrock.com\/index.php?rest_route=%2Fwp%2Fv2%2Fmedia&parent=60030"}],"wp:term":[{"taxonomy":"category","embeddable":true,"href":"https:\/\/www.letsportsrock.com\/index.php?rest_route=%2Fwp%2Fv2%2Fcategories&post=60030"},{"taxonomy":"post_tag","embeddable":true,"href":"https:\/\/www.letsportsrock.com\/index.php?rest_route=%2Fwp%2Fv2%2Ftags&post=60030"}],"curies":[{"name":"wp","href":"https:\/\/api.w.org\/{rel}","templated":true}]}}