{"id":60505,"date":"2025-08-13T06:29:57","date_gmt":"2025-08-13T06:29:57","guid":{"rendered":"https:\/\/www.letsportsrock.com\/?p=60505"},"modified":"2025-08-13T06:29:57","modified_gmt":"2025-08-13T06:29:57","slug":"transfer-confirmat-fcsb-il-primeste-inapoi-pe-atacantul-francez-de-32-de-ani-jordan-gele-confirmat-de-gigi-becali-si-ilie-lemnaru","status":"publish","type":"post","link":"https:\/\/www.letsportsrock.com\/?p=60505","title":{"rendered":"Transfer confirmat: FCSB \u00eel prime\u0219te \u00eenapoi pe atacantul francez de 32 de ani, Jordan Gele, confirmat de Gigi Becali \u0219i Ilie Lemnaru&#8230;"},"content":{"rendered":"<div class=\"d79db4796efc26332eabfc3f5dafbc76\" data-index=\"1\" style=\"float: none; margin:10px 0 10px 0; text-align:center;\">\n<div class=\"hb-ad-inarticle\">\r\n    <div class=\"hb-ad-inner\"> \r\n    <div class=\"hbagency_cls\"  id=\"hbagency_space_111930\"><\/div><\/div> <\/div>\n<\/div>\n<p>FCSB a oficializat transferul atacantului francez Jordan Gele, \u00een v\u00e2rst\u0103 de 32 de ani, mutare confirmat\u0103 at\u00e2t de patronul Gigi Becali, c\u00e2t \u0219i de antrenorul Ilie Lemnaru.<\/p>\n<p>Fotbalistul, cunoscut pentru experien\u021ba sa \u00een campionate din Fran\u021ba, Africa \u0219i Asia, vine la campioana Rom\u00e2niei pentru a \u00eent\u0103ri compartimentul ofensiv \u00eenaintea returului decisiv cu Drita, din preliminariile Europa League. Becali a declarat c\u0103 Gele a fost adus pentru a aduce un plus de for\u021b\u0103 \u0219i experien\u021b\u0103 \u00een atac, mai ales \u00een contextul accident\u0103rilor \u0219i suspend\u0103rilor care au afectat lotul.<\/p>\n<p><img loading=\"lazy\" decoding=\"async\" class=\"alignnone size-medium wp-image-60508\" src=\"https:\/\/www.letsportsrock.com\/wp-content\/uploads\/2025\/08\/design-fara-titlu-300x169.webp\" alt=\"\" width=\"300\" height=\"169\" srcset=\"https:\/\/www.letsportsrock.com\/wp-content\/uploads\/2025\/08\/design-fara-titlu-300x169.webp 300w, https:\/\/www.letsportsrock.com\/wp-content\/uploads\/2025\/08\/design-fara-titlu-768x432.webp 768w, https:\/\/www.letsportsrock.com\/wp-content\/uploads\/2025\/08\/design-fara-titlu.webp 920w\" sizes=\"auto, (max-width: 300px) 100vw, 300px\" \/><\/p>\n<p>Ilie Lemnaru a subliniat c\u0103 juc\u0103torul se afl\u0103 deja la antrenamente \u0219i c\u0103, de\u0219i nu este \u00eenc\u0103 la sut\u0103 la sut\u0103 din poten\u021bialul fizic, poate fi o solu\u021bie important\u0103 pe final de meci. \u201eE un fotbalist care \u0219tie s\u0103 finalizeze \u0219i are instinct de golgeter, exact ce ne lipsea\u201d, a spus tehnicianul.<\/p>\n<p>&nbsp;<\/p>\n<p>Jordan Gele a evoluat \u00een trecut pentru cluburi precum FC Lorient, Auxerre sau \u00een campionatele din Maroc \u0219i Vietnam, acumul\u00e2nd o vast\u0103 experien\u021b\u0103 interna\u021bional\u0103. Transferul s\u0103u este v\u0103zut ca o mi\u0219care strategic\u0103 a FCSB, menit\u0103 s\u0103 creasc\u0103 \u0219ansele echipei de a accede \u00een grupele competi\u021biilor europene \u00een acest sez<\/p>\n<p>on.<\/p>\n<p>&nbsp;<\/p>\n\n<div style=\"font-size: 0px; height: 0px; line-height: 0px; margin: 0; padding: 0; clear: both;\"><\/div>","protected":false},"excerpt":{"rendered":"<p>FCSB a oficializat transferul atacantului francez Jordan Gele, \u00een v\u00e2rst\u0103 de 32 de ani, mutare confirmat\u0103 at\u00e2t de patronul Gigi Becali, c\u00e2t \u0219i de antrenorul Ilie Lemnaru. Fotbalistul, cunoscut pentru experien\u021ba sa \u00een campionate din Fran\u021ba, Africa \u0219i Asia, vine la campioana Rom\u00e2niei pentru a \u00eent\u0103ri compartimentul ofensiv \u00eenaintea returului decisiv cu Drita, din preliminariile [&hellip;]<\/p>\n","protected":false},"author":21,"featured_media":60507,"comment_status":"open","ping_status":"open","sticky":false,"template":"","format":"standard","meta":{"_jetpack_memberships_contains_paid_content":false,"footnotes":""},"categories":[1],"tags":[733],"class_list":["post-60505","post","type-post","status-publish","format-standard","has-post-thumbnail","hentry","category-uncategorized","tag-fotbal"],"yoast_head":"<!-- This site is optimized with the Yoast SEO plugin v27.5 - https:\/\/yoast.com\/product\/yoast-seo-wordpress\/ -->\n<title>Transfer confirmat: FCSB \u00eel prime\u0219te \u00eenapoi pe atacantul francez d<\/title>\n<meta name=\"description\" content=\"Transfer confirmat: FCSB \u00eel prime\u0219te \u00eenapoi pe atacantul francez de 32 de ani, Jordan Gele, confirmat de Gigi Becali \u0219i Ilie Lemnaru...\" \/>\n<meta name=\"robots\" content=\"index, follow, max-snippet:-1, max-image-preview:large, max-video-preview:-1\" \/>\n<link rel=\"canonical\" href=\"https:\/\/www.letsportsrock.com\/?p=60505\" \/>\n<meta property=\"og:locale\" content=\"en_US\" \/>\n<meta property=\"og:type\" content=\"article\" \/>\n<meta property=\"og:title\" content=\"Transfer confirmat: FCSB \u00eel prime\u0219te \u00eenapoi pe atacantul francez d\" \/>\n<meta property=\"og:description\" content=\"Transfer confirmat: FCSB \u00eel prime\u0219te \u00eenapoi pe atacantul francez de 32 de ani, Jordan Gele, confirmat de Gigi Becali \u0219i Ilie Lemnaru...\" \/>\n<meta property=\"og:url\" content=\"https:\/\/www.letsportsrock.com\/?p=60505\" \/>\n<meta property=\"og:site_name\" content=\"letsportsrock\" \/>\n<meta property=\"article:published_time\" content=\"2025-08-13T06:29:57+00:00\" \/>\n<meta property=\"og:image\" content=\"https:\/\/www.letsportsrock.com\/wp-content\/uploads\/2025\/08\/476057239_1175768887886633_2407726151158314542_n.jpg\" \/>\n\t<meta property=\"og:image:width\" content=\"1356\" \/>\n\t<meta property=\"og:image:height\" content=\"961\" \/>\n\t<meta property=\"og:image:type\" content=\"image\/jpeg\" \/>\n<meta name=\"author\" content=\"Dooyum@\" \/>\n<meta name=\"twitter:card\" content=\"summary_large_image\" \/>\n<meta name=\"twitter:label1\" content=\"Written by\" \/>\n\t<meta name=\"twitter:data1\" content=\"Dooyum@\" \/>\n\t<meta name=\"twitter:label2\" content=\"Est. reading time\" \/>\n\t<meta name=\"twitter:data2\" content=\"2 minutes\" \/>\n<script type=\"application\/ld+json\" class=\"yoast-schema-graph\">{\"@context\":\"https:\\\/\\\/schema.org\",\"@graph\":[{\"@type\":\"Article\",\"@id\":\"https:\\\/\\\/www.letsportsrock.com\\\/?p=60505#article\",\"isPartOf\":{\"@id\":\"https:\\\/\\\/www.letsportsrock.com\\\/?p=60505\"},\"author\":{\"name\":\"Dooyum@\",\"@id\":\"https:\\\/\\\/www.letsportsrock.com\\\/#\\\/schema\\\/person\\\/5a13d00f7830282189607c4b5a9237bf\"},\"headline\":\"Transfer confirmat: FCSB \u00eel prime\u0219te \u00eenapoi pe atacantul francez de 32 de ani, Jordan Gele, confirmat de Gigi Becali \u0219i Ilie Lemnaru&#8230;\",\"datePublished\":\"2025-08-13T06:29:57+00:00\",\"mainEntityOfPage\":{\"@id\":\"https:\\\/\\\/www.letsportsrock.com\\\/?p=60505\"},\"wordCount\":231,\"commentCount\":0,\"image\":{\"@id\":\"https:\\\/\\\/www.letsportsrock.com\\\/?p=60505#primaryimage\"},\"thumbnailUrl\":\"https:\\\/\\\/www.letsportsrock.com\\\/wp-content\\\/uploads\\\/2025\\\/08\\\/476057239_1175768887886633_2407726151158314542_n.jpg\",\"keywords\":[\"Fotbal\"],\"inLanguage\":\"en-US\",\"potentialAction\":[{\"@type\":\"CommentAction\",\"name\":\"Comment\",\"target\":[\"https:\\\/\\\/www.letsportsrock.com\\\/?p=60505#respond\"]}]},{\"@type\":\"WebPage\",\"@id\":\"https:\\\/\\\/www.letsportsrock.com\\\/?p=60505\",\"url\":\"https:\\\/\\\/www.letsportsrock.com\\\/?p=60505\",\"name\":\"Transfer confirmat: FCSB \u00eel prime\u0219te \u00eenapoi pe atacantul francez d\",\"isPartOf\":{\"@id\":\"https:\\\/\\\/www.letsportsrock.com\\\/#website\"},\"primaryImageOfPage\":{\"@id\":\"https:\\\/\\\/www.letsportsrock.com\\\/?p=60505#primaryimage\"},\"image\":{\"@id\":\"https:\\\/\\\/www.letsportsrock.com\\\/?p=60505#primaryimage\"},\"thumbnailUrl\":\"https:\\\/\\\/www.letsportsrock.com\\\/wp-content\\\/uploads\\\/2025\\\/08\\\/476057239_1175768887886633_2407726151158314542_n.jpg\",\"datePublished\":\"2025-08-13T06:29:57+00:00\",\"author\":{\"@id\":\"https:\\\/\\\/www.letsportsrock.com\\\/#\\\/schema\\\/person\\\/5a13d00f7830282189607c4b5a9237bf\"},\"description\":\"Transfer confirmat: FCSB \u00eel prime\u0219te \u00eenapoi pe atacantul francez de 32 de ani, Jordan Gele, confirmat de Gigi Becali \u0219i Ilie Lemnaru...\",\"breadcrumb\":{\"@id\":\"https:\\\/\\\/www.letsportsrock.com\\\/?p=60505#breadcrumb\"},\"inLanguage\":\"en-US\",\"potentialAction\":[{\"@type\":\"ReadAction\",\"target\":[\"https:\\\/\\\/www.letsportsrock.com\\\/?p=60505\"]}]},{\"@type\":\"ImageObject\",\"inLanguage\":\"en-US\",\"@id\":\"https:\\\/\\\/www.letsportsrock.com\\\/?p=60505#primaryimage\",\"url\":\"https:\\\/\\\/www.letsportsrock.com\\\/wp-content\\\/uploads\\\/2025\\\/08\\\/476057239_1175768887886633_2407726151158314542_n.jpg\",\"contentUrl\":\"https:\\\/\\\/www.letsportsrock.com\\\/wp-content\\\/uploads\\\/2025\\\/08\\\/476057239_1175768887886633_2407726151158314542_n.jpg\",\"width\":1356,\"height\":961},{\"@type\":\"BreadcrumbList\",\"@id\":\"https:\\\/\\\/www.letsportsrock.com\\\/?p=60505#breadcrumb\",\"itemListElement\":[{\"@type\":\"ListItem\",\"position\":1,\"name\":\"Home\",\"item\":\"https:\\\/\\\/www.letsportsrock.com\\\/\"},{\"@type\":\"ListItem\",\"position\":2,\"name\":\"Transfer confirmat: FCSB \u00eel prime\u0219te \u00eenapoi pe atacantul francez de 32 de ani, Jordan Gele, confirmat de Gigi Becali \u0219i Ilie Lemnaru&#8230;\"}]},{\"@type\":\"WebSite\",\"@id\":\"https:\\\/\\\/www.letsportsrock.com\\\/#website\",\"url\":\"https:\\\/\\\/www.letsportsrock.com\\\/\",\"name\":\"letsportsrock\",\"description\":\"Sport News and Updates\",\"potentialAction\":[{\"@type\":\"SearchAction\",\"target\":{\"@type\":\"EntryPoint\",\"urlTemplate\":\"https:\\\/\\\/www.letsportsrock.com\\\/?s={search_term_string}\"},\"query-input\":{\"@type\":\"PropertyValueSpecification\",\"valueRequired\":true,\"valueName\":\"search_term_string\"}}],\"inLanguage\":\"en-US\"},{\"@type\":\"Person\",\"@id\":\"https:\\\/\\\/www.letsportsrock.com\\\/#\\\/schema\\\/person\\\/5a13d00f7830282189607c4b5a9237bf\",\"name\":\"Dooyum@\",\"image\":{\"@type\":\"ImageObject\",\"inLanguage\":\"en-US\",\"@id\":\"https:\\\/\\\/secure.gravatar.com\\\/avatar\\\/7498f391a1eb24da401a4b43cd9242622cf3682e1c9b1437a7ac00795149a3b2?s=96&d=mm&r=g\",\"url\":\"https:\\\/\\\/secure.gravatar.com\\\/avatar\\\/7498f391a1eb24da401a4b43cd9242622cf3682e1c9b1437a7ac00795149a3b2?s=96&d=mm&r=g\",\"contentUrl\":\"https:\\\/\\\/secure.gravatar.com\\\/avatar\\\/7498f391a1eb24da401a4b43cd9242622cf3682e1c9b1437a7ac00795149a3b2?s=96&d=mm&r=g\",\"caption\":\"Dooyum@\"},\"sameAs\":[\"https:\\\/\\\/www.letsportsrock.com\\\/wp-admin\\\/\"],\"url\":\"https:\\\/\\\/www.letsportsrock.com\\\/?author=21\"}]}<\/script>\n<!-- \/ Yoast SEO plugin. -->","yoast_head_json":{"title":"Transfer confirmat: FCSB \u00eel prime\u0219te \u00eenapoi pe atacantul francez d","description":"Transfer confirmat: FCSB \u00eel prime\u0219te \u00eenapoi pe atacantul francez de 32 de ani, Jordan Gele, confirmat de Gigi Becali \u0219i Ilie Lemnaru...","robots":{"index":"index","follow":"follow","max-snippet":"max-snippet:-1","max-image-preview":"max-image-preview:large","max-video-preview":"max-video-preview:-1"},"canonical":"https:\/\/www.letsportsrock.com\/?p=60505","og_locale":"en_US","og_type":"article","og_title":"Transfer confirmat: FCSB \u00eel prime\u0219te \u00eenapoi pe atacantul francez d","og_description":"Transfer confirmat: FCSB \u00eel prime\u0219te \u00eenapoi pe atacantul francez de 32 de ani, Jordan Gele, confirmat de Gigi Becali \u0219i Ilie Lemnaru...","og_url":"https:\/\/www.letsportsrock.com\/?p=60505","og_site_name":"letsportsrock","article_published_time":"2025-08-13T06:29:57+00:00","og_image":[{"width":1356,"height":961,"url":"https:\/\/www.letsportsrock.com\/wp-content\/uploads\/2025\/08\/476057239_1175768887886633_2407726151158314542_n.jpg","type":"image\/jpeg"}],"author":"Dooyum@","twitter_card":"summary_large_image","twitter_misc":{"Written by":"Dooyum@","Est. reading time":"2 minutes"},"schema":{"@context":"https:\/\/schema.org","@graph":[{"@type":"Article","@id":"https:\/\/www.letsportsrock.com\/?p=60505#article","isPartOf":{"@id":"https:\/\/www.letsportsrock.com\/?p=60505"},"author":{"name":"Dooyum@","@id":"https:\/\/www.letsportsrock.com\/#\/schema\/person\/5a13d00f7830282189607c4b5a9237bf"},"headline":"Transfer confirmat: FCSB \u00eel prime\u0219te \u00eenapoi pe atacantul francez de 32 de ani, Jordan Gele, confirmat de Gigi Becali \u0219i Ilie Lemnaru&#8230;","datePublished":"2025-08-13T06:29:57+00:00","mainEntityOfPage":{"@id":"https:\/\/www.letsportsrock.com\/?p=60505"},"wordCount":231,"commentCount":0,"image":{"@id":"https:\/\/www.letsportsrock.com\/?p=60505#primaryimage"},"thumbnailUrl":"https:\/\/www.letsportsrock.com\/wp-content\/uploads\/2025\/08\/476057239_1175768887886633_2407726151158314542_n.jpg","keywords":["Fotbal"],"inLanguage":"en-US","potentialAction":[{"@type":"CommentAction","name":"Comment","target":["https:\/\/www.letsportsrock.com\/?p=60505#respond"]}]},{"@type":"WebPage","@id":"https:\/\/www.letsportsrock.com\/?p=60505","url":"https:\/\/www.letsportsrock.com\/?p=60505","name":"Transfer confirmat: FCSB \u00eel prime\u0219te \u00eenapoi pe atacantul francez d","isPartOf":{"@id":"https:\/\/www.letsportsrock.com\/#website"},"primaryImageOfPage":{"@id":"https:\/\/www.letsportsrock.com\/?p=60505#primaryimage"},"image":{"@id":"https:\/\/www.letsportsrock.com\/?p=60505#primaryimage"},"thumbnailUrl":"https:\/\/www.letsportsrock.com\/wp-content\/uploads\/2025\/08\/476057239_1175768887886633_2407726151158314542_n.jpg","datePublished":"2025-08-13T06:29:57+00:00","author":{"@id":"https:\/\/www.letsportsrock.com\/#\/schema\/person\/5a13d00f7830282189607c4b5a9237bf"},"description":"Transfer confirmat: FCSB \u00eel prime\u0219te \u00eenapoi pe atacantul francez de 32 de ani, Jordan Gele, confirmat de Gigi Becali \u0219i Ilie Lemnaru...","breadcrumb":{"@id":"https:\/\/www.letsportsrock.com\/?p=60505#breadcrumb"},"inLanguage":"en-US","potentialAction":[{"@type":"ReadAction","target":["https:\/\/www.letsportsrock.com\/?p=60505"]}]},{"@type":"ImageObject","inLanguage":"en-US","@id":"https:\/\/www.letsportsrock.com\/?p=60505#primaryimage","url":"https:\/\/www.letsportsrock.com\/wp-content\/uploads\/2025\/08\/476057239_1175768887886633_2407726151158314542_n.jpg","contentUrl":"https:\/\/www.letsportsrock.com\/wp-content\/uploads\/2025\/08\/476057239_1175768887886633_2407726151158314542_n.jpg","width":1356,"height":961},{"@type":"BreadcrumbList","@id":"https:\/\/www.letsportsrock.com\/?p=60505#breadcrumb","itemListElement":[{"@type":"ListItem","position":1,"name":"Home","item":"https:\/\/www.letsportsrock.com\/"},{"@type":"ListItem","position":2,"name":"Transfer confirmat: FCSB \u00eel prime\u0219te \u00eenapoi pe atacantul francez de 32 de ani, Jordan Gele, confirmat de Gigi Becali \u0219i Ilie Lemnaru&#8230;"}]},{"@type":"WebSite","@id":"https:\/\/www.letsportsrock.com\/#website","url":"https:\/\/www.letsportsrock.com\/","name":"letsportsrock","description":"Sport News and Updates","potentialAction":[{"@type":"SearchAction","target":{"@type":"EntryPoint","urlTemplate":"https:\/\/www.letsportsrock.com\/?s={search_term_string}"},"query-input":{"@type":"PropertyValueSpecification","valueRequired":true,"valueName":"search_term_string"}}],"inLanguage":"en-US"},{"@type":"Person","@id":"https:\/\/www.letsportsrock.com\/#\/schema\/person\/5a13d00f7830282189607c4b5a9237bf","name":"Dooyum@","image":{"@type":"ImageObject","inLanguage":"en-US","@id":"https:\/\/secure.gravatar.com\/avatar\/7498f391a1eb24da401a4b43cd9242622cf3682e1c9b1437a7ac00795149a3b2?s=96&d=mm&r=g","url":"https:\/\/secure.gravatar.com\/avatar\/7498f391a1eb24da401a4b43cd9242622cf3682e1c9b1437a7ac00795149a3b2?s=96&d=mm&r=g","contentUrl":"https:\/\/secure.gravatar.com\/avatar\/7498f391a1eb24da401a4b43cd9242622cf3682e1c9b1437a7ac00795149a3b2?s=96&d=mm&r=g","caption":"Dooyum@"},"sameAs":["https:\/\/www.letsportsrock.com\/wp-admin\/"],"url":"https:\/\/www.letsportsrock.com\/?author=21"}]}},"jetpack_featured_media_url":"https:\/\/www.letsportsrock.com\/wp-content\/uploads\/2025\/08\/476057239_1175768887886633_2407726151158314542_n.jpg","jetpack_sharing_enabled":true,"_links":{"self":[{"href":"https:\/\/www.letsportsrock.com\/index.php?rest_route=\/wp\/v2\/posts\/60505","targetHints":{"allow":["GET"]}}],"collection":[{"href":"https:\/\/www.letsportsrock.com\/index.php?rest_route=\/wp\/v2\/posts"}],"about":[{"href":"https:\/\/www.letsportsrock.com\/index.php?rest_route=\/wp\/v2\/types\/post"}],"author":[{"embeddable":true,"href":"https:\/\/www.letsportsrock.com\/index.php?rest_route=\/wp\/v2\/users\/21"}],"replies":[{"embeddable":true,"href":"https:\/\/www.letsportsrock.com\/index.php?rest_route=%2Fwp%2Fv2%2Fcomments&post=60505"}],"version-history":[{"count":1,"href":"https:\/\/www.letsportsrock.com\/index.php?rest_route=\/wp\/v2\/posts\/60505\/revisions"}],"predecessor-version":[{"id":60509,"href":"https:\/\/www.letsportsrock.com\/index.php?rest_route=\/wp\/v2\/posts\/60505\/revisions\/60509"}],"wp:featuredmedia":[{"embeddable":true,"href":"https:\/\/www.letsportsrock.com\/index.php?rest_route=\/wp\/v2\/media\/60507"}],"wp:attachment":[{"href":"https:\/\/www.letsportsrock.com\/index.php?rest_route=%2Fwp%2Fv2%2Fmedia&parent=60505"}],"wp:term":[{"taxonomy":"category","embeddable":true,"href":"https:\/\/www.letsportsrock.com\/index.php?rest_route=%2Fwp%2Fv2%2Fcategories&post=60505"},{"taxonomy":"post_tag","embeddable":true,"href":"https:\/\/www.letsportsrock.com\/index.php?rest_route=%2Fwp%2Fv2%2Ftags&post=60505"}],"curies":[{"name":"wp","href":"https:\/\/api.w.org\/{rel}","templated":true}]}}