{"id":60627,"date":"2025-08-14T02:34:01","date_gmt":"2025-08-14T02:34:01","guid":{"rendered":"https:\/\/www.letsportsrock.com\/?p=60627"},"modified":"2025-08-14T02:34:01","modified_gmt":"2025-08-14T02:34:01","slug":"nu-voi-renunta-niciodata-paulo-fonseca-neaga-ca-l-a-agresat-fizic-pe-arbitru-si-promite-sa-lupte-impotriva-suspendarii-nedrepte-de-noua-luni-dupa-ce-antrenorul-l","status":"publish","type":"post","link":"https:\/\/www.letsportsrock.com\/?p=60627","title":{"rendered":"\u201eNu voi renun\u021ba niciodat\u0103\u201d &#8211; Paulo Fonseca neag\u0103 c\u0103 l-a agresat fizic pe arbitru \u0219i promite s\u0103 lupte \u00eempotriva suspend\u0103rii \u201enedrepte\u201d de nou\u0103 luni, dup\u0103 ce antrenorul lui Lyon a izbucnit \u00een lacrimi \u00een timp ce s\u0103rb\u0103tore\u0219te golul cu juc\u0103torii s\u0103i \u00een victoria din Europa League&#8230;.."},"content":{"rendered":"<div class=\"d79db4796efc26332eabfc3f5dafbc76\" data-index=\"1\" style=\"float: none; margin:10px 0 10px 0; text-align:center;\">\n<div class=\"hb-ad-inarticle\">\r\n    <div class=\"hb-ad-inner\"> \r\n    <div class=\"hbagency_cls\"  id=\"hbagency_space_111930\"><\/div><\/div> <\/div>\n<\/div>\n<p>Paulo Fonseca, antrenorul lui Olympique Lyon, a reac\u021bionat ferm dup\u0103 ce a fost suspendat nou\u0103 luni de forurile fotbalistice, \u00een urma acuza\u021biilor c\u0103 ar fi agresat fizic un arbitru la finalul unui meci tensionat.<\/p>\n<p>Tehnicianul portughez neag\u0103 categoric incidentul \u0219i consider\u0103 sanc\u021biunea \u201enedreapt\u0103 \u0219i dispropor\u021bionat\u0103\u201d. \u201eNu voi renun\u021ba niciodat\u0103. Este o acuza\u021bie fals\u0103 \u0219i voi lupta p\u00e2n\u0103 la cap\u0103t pentru a-mi dovedi nevinov\u0103\u021bia\u201d, a declarat Fonseca, subliniind c\u0103 va face apel.<\/p>\n<p><img loading=\"lazy\" decoding=\"async\" class=\"alignnone size-medium wp-image-60628\" src=\"https:\/\/www.letsportsrock.com\/wp-content\/uploads\/2025\/08\/Paulo-Fonseca-sent-off-Milan-Roma-300x200.jpg\" alt=\"\" width=\"300\" height=\"200\" srcset=\"https:\/\/www.letsportsrock.com\/wp-content\/uploads\/2025\/08\/Paulo-Fonseca-sent-off-Milan-Roma-300x200.jpg 300w, https:\/\/www.letsportsrock.com\/wp-content\/uploads\/2025\/08\/Paulo-Fonseca-sent-off-Milan-Roma-1024x683.jpg 1024w, https:\/\/www.letsportsrock.com\/wp-content\/uploads\/2025\/08\/Paulo-Fonseca-sent-off-Milan-Roma-768x512.jpg 768w, https:\/\/www.letsportsrock.com\/wp-content\/uploads\/2025\/08\/Paulo-Fonseca-sent-off-Milan-Roma.jpg 1200w\" sizes=\"auto, (max-width: 300px) 100vw, 300px\" \/><\/p>\n<p>Incidentul ar fi avut loc \u00een urm\u0103 cu dou\u0103 s\u0103pt\u0103m\u00e2ni, \u00eentr-o confruntare din campionat, \u00eens\u0103 imaginile video nu arat\u0103 clar vreo agresiune. \u00cen schimb, Fonseca a fost surprins \u00een lacrimi joi seara, dup\u0103 ce Lyon a ob\u021binut o victorie spectaculoas\u0103 \u00een Europa League, marc\u00e2nd golul decisiv \u00een prelungiri.<\/p>\n<p>&nbsp;<\/p>\n<p>Antrenorul a alergat pe teren \u0219i a s\u0103rb\u0103torit \u00eempreun\u0103 cu juc\u0103torii s\u0103i, fiind aplaudat de fani. \u201eAcest club, ace\u0219ti juc\u0103tori \u0219i ace\u0219ti suporteri merit\u0103 totul. Voi continua s\u0103 fiu al\u0103turi de ei, indiferent de obstacole\u201d, a ad\u0103ugat Fonseca. Cazul urmeaz\u0103 s\u0103 fie reanalizat de Comisia de Apel, iar verdictul ar putea decide nu doar viitorul s\u0103u la Lyon, ci \u0219i reputa\u021bia sa \u00een fotbalul europe<\/p>\n<p>an.<\/p>\n<p>&nbsp;<\/p>\n\n<div style=\"font-size: 0px; height: 0px; line-height: 0px; margin: 0; padding: 0; clear: both;\"><\/div>","protected":false},"excerpt":{"rendered":"<p>Paulo Fonseca, antrenorul lui Olympique Lyon, a reac\u021bionat ferm dup\u0103 ce a fost suspendat nou\u0103 luni de forurile fotbalistice, \u00een urma acuza\u021biilor c\u0103 ar fi agresat fizic un arbitru la finalul unui meci tensionat. Tehnicianul portughez neag\u0103 categoric incidentul \u0219i consider\u0103 sanc\u021biunea \u201enedreapt\u0103 \u0219i dispropor\u021bionat\u0103\u201d. \u201eNu voi renun\u021ba niciodat\u0103. Este o acuza\u021bie fals\u0103 \u0219i voi [&hellip;]<\/p>\n","protected":false},"author":21,"featured_media":60629,"comment_status":"open","ping_status":"open","sticky":false,"template":"","format":"standard","meta":{"_jetpack_memberships_contains_paid_content":false,"footnotes":""},"categories":[1],"tags":[264],"class_list":["post-60627","post","type-post","status-publish","format-standard","has-post-thumbnail","hentry","category-uncategorized","tag-fcsb"],"yoast_head":"<!-- This site is optimized with the Yoast SEO plugin v27.4 - https:\/\/yoast.com\/product\/yoast-seo-wordpress\/ -->\n<title>\u201eNu voi renun\u021ba niciodat\u0103\u201d - Paulo Fonseca neag\u0103 c\u0103 l-a agresat<\/title>\n<meta name=\"description\" content=\"\u201eNu voi renun\u021ba niciodat\u0103\u201d - Paulo Fonseca neag\u0103 c\u0103 l-a agresat fizic pe arbitru \u0219i promite s\u0103 lupte \u00eempotriva suspend\u0103rii\" \/>\n<meta name=\"robots\" content=\"index, follow, max-snippet:-1, max-image-preview:large, max-video-preview:-1\" \/>\n<link rel=\"canonical\" href=\"https:\/\/www.letsportsrock.com\/?p=60627\" \/>\n<meta property=\"og:locale\" content=\"en_US\" \/>\n<meta property=\"og:type\" content=\"article\" \/>\n<meta property=\"og:title\" content=\"\u201eNu voi renun\u021ba niciodat\u0103\u201d - Paulo Fonseca neag\u0103 c\u0103 l-a agresat\" \/>\n<meta property=\"og:description\" content=\"\u201eNu voi renun\u021ba niciodat\u0103\u201d - Paulo Fonseca neag\u0103 c\u0103 l-a agresat fizic pe arbitru \u0219i promite s\u0103 lupte \u00eempotriva suspend\u0103rii\" \/>\n<meta property=\"og:url\" content=\"https:\/\/www.letsportsrock.com\/?p=60627\" \/>\n<meta property=\"og:site_name\" content=\"letsportsrock\" \/>\n<meta property=\"article:published_time\" content=\"2025-08-14T02:34:01+00:00\" \/>\n<meta property=\"og:image\" content=\"https:\/\/www.letsportsrock.com\/wp-content\/uploads\/2025\/08\/news_5_pc.jpg.webp\" \/>\n\t<meta property=\"og:image:width\" content=\"750\" \/>\n\t<meta property=\"og:image:height\" content=\"422\" \/>\n\t<meta property=\"og:image:type\" content=\"image\/webp\" \/>\n<meta name=\"author\" content=\"Dooyum@\" \/>\n<meta name=\"twitter:card\" content=\"summary_large_image\" \/>\n<meta name=\"twitter:label1\" content=\"Written by\" \/>\n\t<meta name=\"twitter:data1\" content=\"Dooyum@\" \/>\n\t<meta name=\"twitter:label2\" content=\"Est. reading time\" \/>\n\t<meta name=\"twitter:data2\" content=\"2 minutes\" \/>\n<script type=\"application\/ld+json\" class=\"yoast-schema-graph\">{\"@context\":\"https:\\\/\\\/schema.org\",\"@graph\":[{\"@type\":\"Article\",\"@id\":\"https:\\\/\\\/www.letsportsrock.com\\\/?p=60627#article\",\"isPartOf\":{\"@id\":\"https:\\\/\\\/www.letsportsrock.com\\\/?p=60627\"},\"author\":{\"name\":\"Dooyum@\",\"@id\":\"https:\\\/\\\/www.letsportsrock.com\\\/#\\\/schema\\\/person\\\/5a13d00f7830282189607c4b5a9237bf\"},\"headline\":\"\u201eNu voi renun\u021ba niciodat\u0103\u201d &#8211; Paulo Fonseca neag\u0103 c\u0103 l-a agresat fizic pe arbitru \u0219i promite s\u0103 lupte \u00eempotriva suspend\u0103rii \u201enedrepte\u201d de nou\u0103 luni, dup\u0103 ce antrenorul lui Lyon a izbucnit \u00een lacrimi \u00een timp ce s\u0103rb\u0103tore\u0219te golul cu juc\u0103torii s\u0103i \u00een victoria din Europa League&#8230;..\",\"datePublished\":\"2025-08-14T02:34:01+00:00\",\"mainEntityOfPage\":{\"@id\":\"https:\\\/\\\/www.letsportsrock.com\\\/?p=60627\"},\"wordCount\":265,\"commentCount\":0,\"image\":{\"@id\":\"https:\\\/\\\/www.letsportsrock.com\\\/?p=60627#primaryimage\"},\"thumbnailUrl\":\"https:\\\/\\\/www.letsportsrock.com\\\/wp-content\\\/uploads\\\/2025\\\/08\\\/news_5_pc.jpg.webp\",\"keywords\":[\"FCSB\"],\"inLanguage\":\"en-US\",\"potentialAction\":[{\"@type\":\"CommentAction\",\"name\":\"Comment\",\"target\":[\"https:\\\/\\\/www.letsportsrock.com\\\/?p=60627#respond\"]}]},{\"@type\":\"WebPage\",\"@id\":\"https:\\\/\\\/www.letsportsrock.com\\\/?p=60627\",\"url\":\"https:\\\/\\\/www.letsportsrock.com\\\/?p=60627\",\"name\":\"\u201eNu voi renun\u021ba niciodat\u0103\u201d - Paulo Fonseca neag\u0103 c\u0103 l-a agresat\",\"isPartOf\":{\"@id\":\"https:\\\/\\\/www.letsportsrock.com\\\/#website\"},\"primaryImageOfPage\":{\"@id\":\"https:\\\/\\\/www.letsportsrock.com\\\/?p=60627#primaryimage\"},\"image\":{\"@id\":\"https:\\\/\\\/www.letsportsrock.com\\\/?p=60627#primaryimage\"},\"thumbnailUrl\":\"https:\\\/\\\/www.letsportsrock.com\\\/wp-content\\\/uploads\\\/2025\\\/08\\\/news_5_pc.jpg.webp\",\"datePublished\":\"2025-08-14T02:34:01+00:00\",\"author\":{\"@id\":\"https:\\\/\\\/www.letsportsrock.com\\\/#\\\/schema\\\/person\\\/5a13d00f7830282189607c4b5a9237bf\"},\"description\":\"\u201eNu voi renun\u021ba niciodat\u0103\u201d - Paulo Fonseca neag\u0103 c\u0103 l-a agresat fizic pe arbitru \u0219i promite s\u0103 lupte \u00eempotriva suspend\u0103rii\",\"breadcrumb\":{\"@id\":\"https:\\\/\\\/www.letsportsrock.com\\\/?p=60627#breadcrumb\"},\"inLanguage\":\"en-US\",\"potentialAction\":[{\"@type\":\"ReadAction\",\"target\":[\"https:\\\/\\\/www.letsportsrock.com\\\/?p=60627\"]}]},{\"@type\":\"ImageObject\",\"inLanguage\":\"en-US\",\"@id\":\"https:\\\/\\\/www.letsportsrock.com\\\/?p=60627#primaryimage\",\"url\":\"https:\\\/\\\/www.letsportsrock.com\\\/wp-content\\\/uploads\\\/2025\\\/08\\\/news_5_pc.jpg.webp\",\"contentUrl\":\"https:\\\/\\\/www.letsportsrock.com\\\/wp-content\\\/uploads\\\/2025\\\/08\\\/news_5_pc.jpg.webp\",\"width\":750,\"height\":422},{\"@type\":\"BreadcrumbList\",\"@id\":\"https:\\\/\\\/www.letsportsrock.com\\\/?p=60627#breadcrumb\",\"itemListElement\":[{\"@type\":\"ListItem\",\"position\":1,\"name\":\"Home\",\"item\":\"https:\\\/\\\/www.letsportsrock.com\\\/\"},{\"@type\":\"ListItem\",\"position\":2,\"name\":\"\u201eNu voi renun\u021ba niciodat\u0103\u201d &#8211; Paulo Fonseca neag\u0103 c\u0103 l-a agresat fizic pe arbitru \u0219i promite s\u0103 lupte \u00eempotriva suspend\u0103rii \u201enedrepte\u201d de nou\u0103 luni, dup\u0103 ce antrenorul lui Lyon a izbucnit \u00een lacrimi \u00een timp ce s\u0103rb\u0103tore\u0219te golul cu juc\u0103torii s\u0103i \u00een victoria din Europa League&#8230;..\"}]},{\"@type\":\"WebSite\",\"@id\":\"https:\\\/\\\/www.letsportsrock.com\\\/#website\",\"url\":\"https:\\\/\\\/www.letsportsrock.com\\\/\",\"name\":\"letsportsrock\",\"description\":\"Sport News and Updates\",\"potentialAction\":[{\"@type\":\"SearchAction\",\"target\":{\"@type\":\"EntryPoint\",\"urlTemplate\":\"https:\\\/\\\/www.letsportsrock.com\\\/?s={search_term_string}\"},\"query-input\":{\"@type\":\"PropertyValueSpecification\",\"valueRequired\":true,\"valueName\":\"search_term_string\"}}],\"inLanguage\":\"en-US\"},{\"@type\":\"Person\",\"@id\":\"https:\\\/\\\/www.letsportsrock.com\\\/#\\\/schema\\\/person\\\/5a13d00f7830282189607c4b5a9237bf\",\"name\":\"Dooyum@\",\"image\":{\"@type\":\"ImageObject\",\"inLanguage\":\"en-US\",\"@id\":\"https:\\\/\\\/secure.gravatar.com\\\/avatar\\\/7498f391a1eb24da401a4b43cd9242622cf3682e1c9b1437a7ac00795149a3b2?s=96&d=mm&r=g\",\"url\":\"https:\\\/\\\/secure.gravatar.com\\\/avatar\\\/7498f391a1eb24da401a4b43cd9242622cf3682e1c9b1437a7ac00795149a3b2?s=96&d=mm&r=g\",\"contentUrl\":\"https:\\\/\\\/secure.gravatar.com\\\/avatar\\\/7498f391a1eb24da401a4b43cd9242622cf3682e1c9b1437a7ac00795149a3b2?s=96&d=mm&r=g\",\"caption\":\"Dooyum@\"},\"sameAs\":[\"https:\\\/\\\/www.letsportsrock.com\\\/wp-admin\\\/\"],\"url\":\"https:\\\/\\\/www.letsportsrock.com\\\/?author=21\"}]}<\/script>\n<!-- \/ Yoast SEO plugin. -->","yoast_head_json":{"title":"\u201eNu voi renun\u021ba niciodat\u0103\u201d - Paulo Fonseca neag\u0103 c\u0103 l-a agresat","description":"\u201eNu voi renun\u021ba niciodat\u0103\u201d - Paulo Fonseca neag\u0103 c\u0103 l-a agresat fizic pe arbitru \u0219i promite s\u0103 lupte \u00eempotriva suspend\u0103rii","robots":{"index":"index","follow":"follow","max-snippet":"max-snippet:-1","max-image-preview":"max-image-preview:large","max-video-preview":"max-video-preview:-1"},"canonical":"https:\/\/www.letsportsrock.com\/?p=60627","og_locale":"en_US","og_type":"article","og_title":"\u201eNu voi renun\u021ba niciodat\u0103\u201d - Paulo Fonseca neag\u0103 c\u0103 l-a agresat","og_description":"\u201eNu voi renun\u021ba niciodat\u0103\u201d - Paulo Fonseca neag\u0103 c\u0103 l-a agresat fizic pe arbitru \u0219i promite s\u0103 lupte \u00eempotriva suspend\u0103rii","og_url":"https:\/\/www.letsportsrock.com\/?p=60627","og_site_name":"letsportsrock","article_published_time":"2025-08-14T02:34:01+00:00","og_image":[{"width":750,"height":422,"url":"https:\/\/www.letsportsrock.com\/wp-content\/uploads\/2025\/08\/news_5_pc.jpg.webp","type":"image\/webp"}],"author":"Dooyum@","twitter_card":"summary_large_image","twitter_misc":{"Written by":"Dooyum@","Est. reading time":"2 minutes"},"schema":{"@context":"https:\/\/schema.org","@graph":[{"@type":"Article","@id":"https:\/\/www.letsportsrock.com\/?p=60627#article","isPartOf":{"@id":"https:\/\/www.letsportsrock.com\/?p=60627"},"author":{"name":"Dooyum@","@id":"https:\/\/www.letsportsrock.com\/#\/schema\/person\/5a13d00f7830282189607c4b5a9237bf"},"headline":"\u201eNu voi renun\u021ba niciodat\u0103\u201d &#8211; Paulo Fonseca neag\u0103 c\u0103 l-a agresat fizic pe arbitru \u0219i promite s\u0103 lupte \u00eempotriva suspend\u0103rii \u201enedrepte\u201d de nou\u0103 luni, dup\u0103 ce antrenorul lui Lyon a izbucnit \u00een lacrimi \u00een timp ce s\u0103rb\u0103tore\u0219te golul cu juc\u0103torii s\u0103i \u00een victoria din Europa League&#8230;..","datePublished":"2025-08-14T02:34:01+00:00","mainEntityOfPage":{"@id":"https:\/\/www.letsportsrock.com\/?p=60627"},"wordCount":265,"commentCount":0,"image":{"@id":"https:\/\/www.letsportsrock.com\/?p=60627#primaryimage"},"thumbnailUrl":"https:\/\/www.letsportsrock.com\/wp-content\/uploads\/2025\/08\/news_5_pc.jpg.webp","keywords":["FCSB"],"inLanguage":"en-US","potentialAction":[{"@type":"CommentAction","name":"Comment","target":["https:\/\/www.letsportsrock.com\/?p=60627#respond"]}]},{"@type":"WebPage","@id":"https:\/\/www.letsportsrock.com\/?p=60627","url":"https:\/\/www.letsportsrock.com\/?p=60627","name":"\u201eNu voi renun\u021ba niciodat\u0103\u201d - Paulo Fonseca neag\u0103 c\u0103 l-a agresat","isPartOf":{"@id":"https:\/\/www.letsportsrock.com\/#website"},"primaryImageOfPage":{"@id":"https:\/\/www.letsportsrock.com\/?p=60627#primaryimage"},"image":{"@id":"https:\/\/www.letsportsrock.com\/?p=60627#primaryimage"},"thumbnailUrl":"https:\/\/www.letsportsrock.com\/wp-content\/uploads\/2025\/08\/news_5_pc.jpg.webp","datePublished":"2025-08-14T02:34:01+00:00","author":{"@id":"https:\/\/www.letsportsrock.com\/#\/schema\/person\/5a13d00f7830282189607c4b5a9237bf"},"description":"\u201eNu voi renun\u021ba niciodat\u0103\u201d - Paulo Fonseca neag\u0103 c\u0103 l-a agresat fizic pe arbitru \u0219i promite s\u0103 lupte \u00eempotriva suspend\u0103rii","breadcrumb":{"@id":"https:\/\/www.letsportsrock.com\/?p=60627#breadcrumb"},"inLanguage":"en-US","potentialAction":[{"@type":"ReadAction","target":["https:\/\/www.letsportsrock.com\/?p=60627"]}]},{"@type":"ImageObject","inLanguage":"en-US","@id":"https:\/\/www.letsportsrock.com\/?p=60627#primaryimage","url":"https:\/\/www.letsportsrock.com\/wp-content\/uploads\/2025\/08\/news_5_pc.jpg.webp","contentUrl":"https:\/\/www.letsportsrock.com\/wp-content\/uploads\/2025\/08\/news_5_pc.jpg.webp","width":750,"height":422},{"@type":"BreadcrumbList","@id":"https:\/\/www.letsportsrock.com\/?p=60627#breadcrumb","itemListElement":[{"@type":"ListItem","position":1,"name":"Home","item":"https:\/\/www.letsportsrock.com\/"},{"@type":"ListItem","position":2,"name":"\u201eNu voi renun\u021ba niciodat\u0103\u201d &#8211; Paulo Fonseca neag\u0103 c\u0103 l-a agresat fizic pe arbitru \u0219i promite s\u0103 lupte \u00eempotriva suspend\u0103rii \u201enedrepte\u201d de nou\u0103 luni, dup\u0103 ce antrenorul lui Lyon a izbucnit \u00een lacrimi \u00een timp ce s\u0103rb\u0103tore\u0219te golul cu juc\u0103torii s\u0103i \u00een victoria din Europa League&#8230;.."}]},{"@type":"WebSite","@id":"https:\/\/www.letsportsrock.com\/#website","url":"https:\/\/www.letsportsrock.com\/","name":"letsportsrock","description":"Sport News and Updates","potentialAction":[{"@type":"SearchAction","target":{"@type":"EntryPoint","urlTemplate":"https:\/\/www.letsportsrock.com\/?s={search_term_string}"},"query-input":{"@type":"PropertyValueSpecification","valueRequired":true,"valueName":"search_term_string"}}],"inLanguage":"en-US"},{"@type":"Person","@id":"https:\/\/www.letsportsrock.com\/#\/schema\/person\/5a13d00f7830282189607c4b5a9237bf","name":"Dooyum@","image":{"@type":"ImageObject","inLanguage":"en-US","@id":"https:\/\/secure.gravatar.com\/avatar\/7498f391a1eb24da401a4b43cd9242622cf3682e1c9b1437a7ac00795149a3b2?s=96&d=mm&r=g","url":"https:\/\/secure.gravatar.com\/avatar\/7498f391a1eb24da401a4b43cd9242622cf3682e1c9b1437a7ac00795149a3b2?s=96&d=mm&r=g","contentUrl":"https:\/\/secure.gravatar.com\/avatar\/7498f391a1eb24da401a4b43cd9242622cf3682e1c9b1437a7ac00795149a3b2?s=96&d=mm&r=g","caption":"Dooyum@"},"sameAs":["https:\/\/www.letsportsrock.com\/wp-admin\/"],"url":"https:\/\/www.letsportsrock.com\/?author=21"}]}},"jetpack_featured_media_url":"https:\/\/www.letsportsrock.com\/wp-content\/uploads\/2025\/08\/news_5_pc.jpg.webp","jetpack_sharing_enabled":true,"_links":{"self":[{"href":"https:\/\/www.letsportsrock.com\/index.php?rest_route=\/wp\/v2\/posts\/60627","targetHints":{"allow":["GET"]}}],"collection":[{"href":"https:\/\/www.letsportsrock.com\/index.php?rest_route=\/wp\/v2\/posts"}],"about":[{"href":"https:\/\/www.letsportsrock.com\/index.php?rest_route=\/wp\/v2\/types\/post"}],"author":[{"embeddable":true,"href":"https:\/\/www.letsportsrock.com\/index.php?rest_route=\/wp\/v2\/users\/21"}],"replies":[{"embeddable":true,"href":"https:\/\/www.letsportsrock.com\/index.php?rest_route=%2Fwp%2Fv2%2Fcomments&post=60627"}],"version-history":[{"count":1,"href":"https:\/\/www.letsportsrock.com\/index.php?rest_route=\/wp\/v2\/posts\/60627\/revisions"}],"predecessor-version":[{"id":60630,"href":"https:\/\/www.letsportsrock.com\/index.php?rest_route=\/wp\/v2\/posts\/60627\/revisions\/60630"}],"wp:featuredmedia":[{"embeddable":true,"href":"https:\/\/www.letsportsrock.com\/index.php?rest_route=\/wp\/v2\/media\/60629"}],"wp:attachment":[{"href":"https:\/\/www.letsportsrock.com\/index.php?rest_route=%2Fwp%2Fv2%2Fmedia&parent=60627"}],"wp:term":[{"taxonomy":"category","embeddable":true,"href":"https:\/\/www.letsportsrock.com\/index.php?rest_route=%2Fwp%2Fv2%2Fcategories&post=60627"},{"taxonomy":"post_tag","embeddable":true,"href":"https:\/\/www.letsportsrock.com\/index.php?rest_route=%2Fwp%2Fv2%2Ftags&post=60627"}],"curies":[{"name":"wp","href":"https:\/\/api.w.org\/{rel}","templated":true}]}}