{"id":60725,"date":"2025-08-14T16:51:17","date_gmt":"2025-08-14T16:51:17","guid":{"rendered":"https:\/\/www.letsportsrock.com\/?p=60725"},"modified":"2025-08-14T17:14:42","modified_gmt":"2025-08-14T17:14:42","slug":"chiar-acum-soc-in-liga-1-cfr-cluj-face-un-transfer-de-ultim-moment-care-va-lasa-pe-toata-lumea-fara-cuvinte-cfr-cluj-loveste-din-nou-pe-piata-transferurilor-chiar","status":"publish","type":"post","link":"https:\/\/www.letsportsrock.com\/?p=60725","title":{"rendered":"Chiar acum: \u201c\u0218oc \u00een Liga 1! CFR Cluj face un transfer de ultim moment care va l\u0103sa pe toat\u0103 lumea f\u0103r\u0103 cuvinte\u2026\u201d"},"content":{"rendered":"<div class=\"d79db4796efc26332eabfc3f5dafbc76\" data-index=\"1\" style=\"float: none; margin:10px 0 10px 0; text-align:center;\">\n<div class=\"hb-ad-inarticle\">\r\n    <div class=\"hb-ad-inner\"> \r\n    <div class=\"hbagency_cls\"  id=\"hbagency_space_111930\"><\/div><\/div> <\/div>\n<\/div>\n<p><strong>Chiar acum: \u201c\u0218oc \u00een Liga 1! CFR Cluj face un transfer de ultim moment care va l\u0103sa pe toat\u0103 lumea f\u0103r\u0103 cuvinte\u2026\u201d<\/strong><\/p>\n<p><strong>CFR Cluj love\u0219te din nou pe pia\u021ba transferurilor, chiar \u00eenainte de \u00eenchiderea perioadei de mercato!<\/strong> \u00centr-o mutare pe care nimeni nu o anticipa, oficialii ardeleni au reu\u0219it s\u0103 bat\u0103 palma cu un juc\u0103tor de top interna\u021bional, aduc\u00e2nd un plus uria\u0219 de experien\u021b\u0103 \u0219i calitate \u00een lot.<\/p>\n<p>Potrivit surselor din interiorul clubului, negocierile s-au purtat \u00een mare secret, iar acordul a fost semnat \u00een urm\u0103 cu doar c\u00e2teva ore, imediat dup\u0103 ce fotbalistul a sosit la Cluj-Napoca cu un zbor privat. Sursele spun c\u0103 este vorba despre un fotbalist care a evoluat recent \u00een una dintre ligile de top din Europa \u0219i care a fost pe lista mai multor echipe mari din estul continentului.<\/p>\n<p>Mutarea ar putea schimba complet balan\u021ba luptei pentru titlu \u00een acest sezon, iar fanii CFR-ului sunt deja \u00een extaz pe re\u021belele sociale. \u201eE cel mai tare transfer din ultimii ani, nici nu \u00eemi vine s\u0103 cred c\u0103 vine la noi!\u201d, a declarat un suporter entuziasmat.<\/p>\n<p>Prezentarea oficial\u0103 a juc\u0103torului este programat\u0103 chiar \u00een aceast\u0103 sear\u0103, pe stadionul \u201eDr. Constantin R\u0103dulescu\u201d, \u00eenainte de antrenamentul echipei, iar clubul promite un eveniment spectaculos.<\/p>\n<p><strong>Liga 1 tocmai a primit un nou ingredient exploziv \u00een lupta pentru suprema\u021bie, iar rivalele CFR-ului sunt acum puse pe g\u00e2nduri: cum vor reu\u0219i s\u0103 fac\u0103 fa\u021b\u0103 unui asemenea transfer-bomb\u0103.\u00a0<\/strong><\/p>\n\n<div style=\"font-size: 0px; height: 0px; line-height: 0px; margin: 0; padding: 0; clear: both;\"><\/div>","protected":false},"excerpt":{"rendered":"<p>Chiar acum: \u201c\u0218oc \u00een Liga 1! CFR Cluj face un transfer de ultim moment care va l\u0103sa pe toat\u0103 lumea f\u0103r\u0103 cuvinte\u2026\u201d CFR Cluj love\u0219te din nou pe pia\u021ba transferurilor, chiar \u00eenainte de \u00eenchiderea perioadei de mercato! \u00centr-o mutare pe care nimeni nu o anticipa, oficialii ardeleni au reu\u0219it s\u0103 bat\u0103 palma cu un juc\u0103tor [&hellip;]<\/p>\n","protected":false},"author":18,"featured_media":60737,"comment_status":"open","ping_status":"open","sticky":false,"template":"","format":"standard","meta":{"_jetpack_memberships_contains_paid_content":false,"footnotes":""},"categories":[276],"tags":[746],"class_list":["post-60725","post","type-post","status-publish","format-standard","has-post-thumbnail","hentry","category-fcsb","tag-fcsb-dinamo"],"yoast_head":"<!-- This site is optimized with the Yoast SEO plugin v27.4 - https:\/\/yoast.com\/product\/yoast-seo-wordpress\/ -->\n<title>Chiar acum: \u201c\u0218oc \u00een Liga 1! CFR Cluj face un transfer de ultim moment care va l\u0103sa pe toat\u0103 lumea f\u0103r\u0103 cuvinte\u2026\u201d - letsportsrock<\/title>\n<meta name=\"robots\" content=\"index, follow, max-snippet:-1, max-image-preview:large, max-video-preview:-1\" \/>\n<link rel=\"canonical\" href=\"https:\/\/www.letsportsrock.com\/?p=60725\" \/>\n<meta property=\"og:locale\" content=\"en_US\" \/>\n<meta property=\"og:type\" content=\"article\" \/>\n<meta property=\"og:title\" content=\"Chiar acum: \u201c\u0218oc \u00een Liga 1! CFR Cluj face un transfer de ultim moment care va l\u0103sa pe toat\u0103 lumea f\u0103r\u0103 cuvinte\u2026\u201d - letsportsrock\" \/>\n<meta property=\"og:description\" content=\"Chiar acum: \u201c\u0218oc \u00een Liga 1! CFR Cluj face un transfer de ultim moment care va l\u0103sa pe toat\u0103 lumea f\u0103r\u0103 cuvinte\u2026\u201d CFR Cluj love\u0219te din nou pe pia\u021ba transferurilor, chiar \u00eenainte de \u00eenchiderea perioadei de mercato! \u00centr-o mutare pe care nimeni nu o anticipa, oficialii ardeleni au reu\u0219it s\u0103 bat\u0103 palma cu un juc\u0103tor [&hellip;]\" \/>\n<meta property=\"og:url\" content=\"https:\/\/www.letsportsrock.com\/?p=60725\" \/>\n<meta property=\"og:site_name\" content=\"letsportsrock\" \/>\n<meta property=\"article:published_time\" content=\"2025-08-14T16:51:17+00:00\" \/>\n<meta property=\"article:modified_time\" content=\"2025-08-14T17:14:42+00:00\" \/>\n<meta property=\"og:image\" content=\"https:\/\/www.letsportsrock.com\/wp-content\/uploads\/2025\/08\/images-39-1-2.jpeg\" \/>\n\t<meta property=\"og:image:width\" content=\"495\" \/>\n\t<meta property=\"og:image:height\" content=\"619\" \/>\n\t<meta property=\"og:image:type\" content=\"image\/jpeg\" \/>\n<meta name=\"author\" content=\"Paul\" \/>\n<meta name=\"twitter:card\" content=\"summary_large_image\" \/>\n<meta name=\"twitter:label1\" content=\"Written by\" \/>\n\t<meta name=\"twitter:data1\" content=\"Paul\" \/>\n\t<meta name=\"twitter:label2\" content=\"Est. reading time\" \/>\n\t<meta name=\"twitter:data2\" content=\"2 minutes\" \/>\n<script type=\"application\/ld+json\" class=\"yoast-schema-graph\">{\"@context\":\"https:\\\/\\\/schema.org\",\"@graph\":[{\"@type\":\"Article\",\"@id\":\"https:\\\/\\\/www.letsportsrock.com\\\/?p=60725#article\",\"isPartOf\":{\"@id\":\"https:\\\/\\\/www.letsportsrock.com\\\/?p=60725\"},\"author\":{\"name\":\"Paul\",\"@id\":\"https:\\\/\\\/www.letsportsrock.com\\\/#\\\/schema\\\/person\\\/5ea0765d5978183e8a3c61eeddc025a0\"},\"headline\":\"Chiar acum: \u201c\u0218oc \u00een Liga 1! CFR Cluj face un transfer de ultim moment care va l\u0103sa pe toat\u0103 lumea f\u0103r\u0103 cuvinte\u2026\u201d\",\"datePublished\":\"2025-08-14T16:51:17+00:00\",\"dateModified\":\"2025-08-14T17:14:42+00:00\",\"mainEntityOfPage\":{\"@id\":\"https:\\\/\\\/www.letsportsrock.com\\\/?p=60725\"},\"wordCount\":272,\"commentCount\":0,\"image\":{\"@id\":\"https:\\\/\\\/www.letsportsrock.com\\\/?p=60725#primaryimage\"},\"thumbnailUrl\":\"https:\\\/\\\/www.letsportsrock.com\\\/wp-content\\\/uploads\\\/2025\\\/08\\\/images-39-1-2.jpeg\",\"keywords\":[\"Fcsb Dinamo\"],\"articleSection\":[\"FCSB\"],\"inLanguage\":\"en-US\",\"potentialAction\":[{\"@type\":\"CommentAction\",\"name\":\"Comment\",\"target\":[\"https:\\\/\\\/www.letsportsrock.com\\\/?p=60725#respond\"]}]},{\"@type\":\"WebPage\",\"@id\":\"https:\\\/\\\/www.letsportsrock.com\\\/?p=60725\",\"url\":\"https:\\\/\\\/www.letsportsrock.com\\\/?p=60725\",\"name\":\"Chiar acum: \u201c\u0218oc \u00een Liga 1! CFR Cluj face un transfer de ultim moment care va l\u0103sa pe toat\u0103 lumea f\u0103r\u0103 cuvinte\u2026\u201d - letsportsrock\",\"isPartOf\":{\"@id\":\"https:\\\/\\\/www.letsportsrock.com\\\/#website\"},\"primaryImageOfPage\":{\"@id\":\"https:\\\/\\\/www.letsportsrock.com\\\/?p=60725#primaryimage\"},\"image\":{\"@id\":\"https:\\\/\\\/www.letsportsrock.com\\\/?p=60725#primaryimage\"},\"thumbnailUrl\":\"https:\\\/\\\/www.letsportsrock.com\\\/wp-content\\\/uploads\\\/2025\\\/08\\\/images-39-1-2.jpeg\",\"datePublished\":\"2025-08-14T16:51:17+00:00\",\"dateModified\":\"2025-08-14T17:14:42+00:00\",\"author\":{\"@id\":\"https:\\\/\\\/www.letsportsrock.com\\\/#\\\/schema\\\/person\\\/5ea0765d5978183e8a3c61eeddc025a0\"},\"breadcrumb\":{\"@id\":\"https:\\\/\\\/www.letsportsrock.com\\\/?p=60725#breadcrumb\"},\"inLanguage\":\"en-US\",\"potentialAction\":[{\"@type\":\"ReadAction\",\"target\":[\"https:\\\/\\\/www.letsportsrock.com\\\/?p=60725\"]}]},{\"@type\":\"ImageObject\",\"inLanguage\":\"en-US\",\"@id\":\"https:\\\/\\\/www.letsportsrock.com\\\/?p=60725#primaryimage\",\"url\":\"https:\\\/\\\/www.letsportsrock.com\\\/wp-content\\\/uploads\\\/2025\\\/08\\\/images-39-1-2.jpeg\",\"contentUrl\":\"https:\\\/\\\/www.letsportsrock.com\\\/wp-content\\\/uploads\\\/2025\\\/08\\\/images-39-1-2.jpeg\",\"width\":495,\"height\":619},{\"@type\":\"BreadcrumbList\",\"@id\":\"https:\\\/\\\/www.letsportsrock.com\\\/?p=60725#breadcrumb\",\"itemListElement\":[{\"@type\":\"ListItem\",\"position\":1,\"name\":\"Home\",\"item\":\"https:\\\/\\\/www.letsportsrock.com\\\/\"},{\"@type\":\"ListItem\",\"position\":2,\"name\":\"Chiar acum: \u201c\u0218oc \u00een Liga 1! CFR Cluj face un transfer de ultim moment care va l\u0103sa pe toat\u0103 lumea f\u0103r\u0103 cuvinte\u2026\u201d\"}]},{\"@type\":\"WebSite\",\"@id\":\"https:\\\/\\\/www.letsportsrock.com\\\/#website\",\"url\":\"https:\\\/\\\/www.letsportsrock.com\\\/\",\"name\":\"letsportsrock\",\"description\":\"Sport News and Updates\",\"potentialAction\":[{\"@type\":\"SearchAction\",\"target\":{\"@type\":\"EntryPoint\",\"urlTemplate\":\"https:\\\/\\\/www.letsportsrock.com\\\/?s={search_term_string}\"},\"query-input\":{\"@type\":\"PropertyValueSpecification\",\"valueRequired\":true,\"valueName\":\"search_term_string\"}}],\"inLanguage\":\"en-US\"},{\"@type\":\"Person\",\"@id\":\"https:\\\/\\\/www.letsportsrock.com\\\/#\\\/schema\\\/person\\\/5ea0765d5978183e8a3c61eeddc025a0\",\"name\":\"Paul\",\"image\":{\"@type\":\"ImageObject\",\"inLanguage\":\"en-US\",\"@id\":\"https:\\\/\\\/secure.gravatar.com\\\/avatar\\\/1202bac6aa7877ef62cd36e3578853558c9f65043e6a8af2018cda8743033a95?s=96&d=mm&r=g\",\"url\":\"https:\\\/\\\/secure.gravatar.com\\\/avatar\\\/1202bac6aa7877ef62cd36e3578853558c9f65043e6a8af2018cda8743033a95?s=96&d=mm&r=g\",\"contentUrl\":\"https:\\\/\\\/secure.gravatar.com\\\/avatar\\\/1202bac6aa7877ef62cd36e3578853558c9f65043e6a8af2018cda8743033a95?s=96&d=mm&r=g\",\"caption\":\"Paul\"},\"sameAs\":[\"https:\\\/\\\/www.letsportsrock.com\\\/wp-admin\\\/\"],\"url\":\"https:\\\/\\\/www.letsportsrock.com\\\/?author=18\"}]}<\/script>\n<!-- \/ Yoast SEO plugin. -->","yoast_head_json":{"title":"Chiar acum: \u201c\u0218oc \u00een Liga 1! CFR Cluj face un transfer de ultim moment care va l\u0103sa pe toat\u0103 lumea f\u0103r\u0103 cuvinte\u2026\u201d - letsportsrock","robots":{"index":"index","follow":"follow","max-snippet":"max-snippet:-1","max-image-preview":"max-image-preview:large","max-video-preview":"max-video-preview:-1"},"canonical":"https:\/\/www.letsportsrock.com\/?p=60725","og_locale":"en_US","og_type":"article","og_title":"Chiar acum: \u201c\u0218oc \u00een Liga 1! CFR Cluj face un transfer de ultim moment care va l\u0103sa pe toat\u0103 lumea f\u0103r\u0103 cuvinte\u2026\u201d - letsportsrock","og_description":"Chiar acum: \u201c\u0218oc \u00een Liga 1! CFR Cluj face un transfer de ultim moment care va l\u0103sa pe toat\u0103 lumea f\u0103r\u0103 cuvinte\u2026\u201d CFR Cluj love\u0219te din nou pe pia\u021ba transferurilor, chiar \u00eenainte de \u00eenchiderea perioadei de mercato! \u00centr-o mutare pe care nimeni nu o anticipa, oficialii ardeleni au reu\u0219it s\u0103 bat\u0103 palma cu un juc\u0103tor [&hellip;]","og_url":"https:\/\/www.letsportsrock.com\/?p=60725","og_site_name":"letsportsrock","article_published_time":"2025-08-14T16:51:17+00:00","article_modified_time":"2025-08-14T17:14:42+00:00","og_image":[{"width":495,"height":619,"url":"https:\/\/www.letsportsrock.com\/wp-content\/uploads\/2025\/08\/images-39-1-2.jpeg","type":"image\/jpeg"}],"author":"Paul","twitter_card":"summary_large_image","twitter_misc":{"Written by":"Paul","Est. reading time":"2 minutes"},"schema":{"@context":"https:\/\/schema.org","@graph":[{"@type":"Article","@id":"https:\/\/www.letsportsrock.com\/?p=60725#article","isPartOf":{"@id":"https:\/\/www.letsportsrock.com\/?p=60725"},"author":{"name":"Paul","@id":"https:\/\/www.letsportsrock.com\/#\/schema\/person\/5ea0765d5978183e8a3c61eeddc025a0"},"headline":"Chiar acum: \u201c\u0218oc \u00een Liga 1! CFR Cluj face un transfer de ultim moment care va l\u0103sa pe toat\u0103 lumea f\u0103r\u0103 cuvinte\u2026\u201d","datePublished":"2025-08-14T16:51:17+00:00","dateModified":"2025-08-14T17:14:42+00:00","mainEntityOfPage":{"@id":"https:\/\/www.letsportsrock.com\/?p=60725"},"wordCount":272,"commentCount":0,"image":{"@id":"https:\/\/www.letsportsrock.com\/?p=60725#primaryimage"},"thumbnailUrl":"https:\/\/www.letsportsrock.com\/wp-content\/uploads\/2025\/08\/images-39-1-2.jpeg","keywords":["Fcsb Dinamo"],"articleSection":["FCSB"],"inLanguage":"en-US","potentialAction":[{"@type":"CommentAction","name":"Comment","target":["https:\/\/www.letsportsrock.com\/?p=60725#respond"]}]},{"@type":"WebPage","@id":"https:\/\/www.letsportsrock.com\/?p=60725","url":"https:\/\/www.letsportsrock.com\/?p=60725","name":"Chiar acum: \u201c\u0218oc \u00een Liga 1! CFR Cluj face un transfer de ultim moment care va l\u0103sa pe toat\u0103 lumea f\u0103r\u0103 cuvinte\u2026\u201d - letsportsrock","isPartOf":{"@id":"https:\/\/www.letsportsrock.com\/#website"},"primaryImageOfPage":{"@id":"https:\/\/www.letsportsrock.com\/?p=60725#primaryimage"},"image":{"@id":"https:\/\/www.letsportsrock.com\/?p=60725#primaryimage"},"thumbnailUrl":"https:\/\/www.letsportsrock.com\/wp-content\/uploads\/2025\/08\/images-39-1-2.jpeg","datePublished":"2025-08-14T16:51:17+00:00","dateModified":"2025-08-14T17:14:42+00:00","author":{"@id":"https:\/\/www.letsportsrock.com\/#\/schema\/person\/5ea0765d5978183e8a3c61eeddc025a0"},"breadcrumb":{"@id":"https:\/\/www.letsportsrock.com\/?p=60725#breadcrumb"},"inLanguage":"en-US","potentialAction":[{"@type":"ReadAction","target":["https:\/\/www.letsportsrock.com\/?p=60725"]}]},{"@type":"ImageObject","inLanguage":"en-US","@id":"https:\/\/www.letsportsrock.com\/?p=60725#primaryimage","url":"https:\/\/www.letsportsrock.com\/wp-content\/uploads\/2025\/08\/images-39-1-2.jpeg","contentUrl":"https:\/\/www.letsportsrock.com\/wp-content\/uploads\/2025\/08\/images-39-1-2.jpeg","width":495,"height":619},{"@type":"BreadcrumbList","@id":"https:\/\/www.letsportsrock.com\/?p=60725#breadcrumb","itemListElement":[{"@type":"ListItem","position":1,"name":"Home","item":"https:\/\/www.letsportsrock.com\/"},{"@type":"ListItem","position":2,"name":"Chiar acum: \u201c\u0218oc \u00een Liga 1! CFR Cluj face un transfer de ultim moment care va l\u0103sa pe toat\u0103 lumea f\u0103r\u0103 cuvinte\u2026\u201d"}]},{"@type":"WebSite","@id":"https:\/\/www.letsportsrock.com\/#website","url":"https:\/\/www.letsportsrock.com\/","name":"letsportsrock","description":"Sport News and Updates","potentialAction":[{"@type":"SearchAction","target":{"@type":"EntryPoint","urlTemplate":"https:\/\/www.letsportsrock.com\/?s={search_term_string}"},"query-input":{"@type":"PropertyValueSpecification","valueRequired":true,"valueName":"search_term_string"}}],"inLanguage":"en-US"},{"@type":"Person","@id":"https:\/\/www.letsportsrock.com\/#\/schema\/person\/5ea0765d5978183e8a3c61eeddc025a0","name":"Paul","image":{"@type":"ImageObject","inLanguage":"en-US","@id":"https:\/\/secure.gravatar.com\/avatar\/1202bac6aa7877ef62cd36e3578853558c9f65043e6a8af2018cda8743033a95?s=96&d=mm&r=g","url":"https:\/\/secure.gravatar.com\/avatar\/1202bac6aa7877ef62cd36e3578853558c9f65043e6a8af2018cda8743033a95?s=96&d=mm&r=g","contentUrl":"https:\/\/secure.gravatar.com\/avatar\/1202bac6aa7877ef62cd36e3578853558c9f65043e6a8af2018cda8743033a95?s=96&d=mm&r=g","caption":"Paul"},"sameAs":["https:\/\/www.letsportsrock.com\/wp-admin\/"],"url":"https:\/\/www.letsportsrock.com\/?author=18"}]}},"jetpack_featured_media_url":"https:\/\/www.letsportsrock.com\/wp-content\/uploads\/2025\/08\/images-39-1-2.jpeg","jetpack_sharing_enabled":true,"_links":{"self":[{"href":"https:\/\/www.letsportsrock.com\/index.php?rest_route=\/wp\/v2\/posts\/60725","targetHints":{"allow":["GET"]}}],"collection":[{"href":"https:\/\/www.letsportsrock.com\/index.php?rest_route=\/wp\/v2\/posts"}],"about":[{"href":"https:\/\/www.letsportsrock.com\/index.php?rest_route=\/wp\/v2\/types\/post"}],"author":[{"embeddable":true,"href":"https:\/\/www.letsportsrock.com\/index.php?rest_route=\/wp\/v2\/users\/18"}],"replies":[{"embeddable":true,"href":"https:\/\/www.letsportsrock.com\/index.php?rest_route=%2Fwp%2Fv2%2Fcomments&post=60725"}],"version-history":[{"count":3,"href":"https:\/\/www.letsportsrock.com\/index.php?rest_route=\/wp\/v2\/posts\/60725\/revisions"}],"predecessor-version":[{"id":60733,"href":"https:\/\/www.letsportsrock.com\/index.php?rest_route=\/wp\/v2\/posts\/60725\/revisions\/60733"}],"wp:featuredmedia":[{"embeddable":true,"href":"https:\/\/www.letsportsrock.com\/index.php?rest_route=\/wp\/v2\/media\/60737"}],"wp:attachment":[{"href":"https:\/\/www.letsportsrock.com\/index.php?rest_route=%2Fwp%2Fv2%2Fmedia&parent=60725"}],"wp:term":[{"taxonomy":"category","embeddable":true,"href":"https:\/\/www.letsportsrock.com\/index.php?rest_route=%2Fwp%2Fv2%2Fcategories&post=60725"},{"taxonomy":"post_tag","embeddable":true,"href":"https:\/\/www.letsportsrock.com\/index.php?rest_route=%2Fwp%2Fv2%2Ftags&post=60725"}],"curies":[{"name":"wp","href":"https:\/\/api.w.org\/{rel}","templated":true}]}}