{"id":60744,"date":"2025-08-14T17:31:25","date_gmt":"2025-08-14T17:31:25","guid":{"rendered":"https:\/\/www.letsportsrock.com\/?p=60744"},"modified":"2025-08-14T17:31:25","modified_gmt":"2025-08-14T17:31:25","slug":"ce-a-spus-mijlocasul-universitatii-craiova-inaintea-duelul-cu-fc-hermannstadt-si-spartak-trnava","status":"publish","type":"post","link":"https:\/\/www.letsportsrock.com\/?p=60744","title":{"rendered":"Ce a spus mijloca\u0219ul Universit\u0103\u021bii Craiova \u00eenaintea duelul cu FC Hermannstadt \u0219i Spartak Trnava&#8230;."},"content":{"rendered":"<div class=\"d79db4796efc26332eabfc3f5dafbc76\" data-index=\"1\" style=\"float: none; margin:10px 0 10px 0; text-align:center;\">\n<div class=\"hb-ad-inarticle\">\r\n    <div class=\"hb-ad-inner\"> \r\n    <div class=\"hbagency_cls\"  id=\"hbagency_space_111930\"><\/div><\/div> <\/div>\n<\/div>\n<p>Ce a spus mijloca\u0219ul Universit\u0103\u021bii Craiova \u00eenaintea duelul cu FC Hermannstadt \u0219i Spartak Trnava&#8230;.<\/p>\n<p>&nbsp;<\/p>\n<p>Mijloca\u0219ul Universit\u0103\u021bii Craiova a transmis un mesaj ferm \u00eenaintea confrunt\u0103rilor decisive cu FC Hermannstadt, \u00een campionat, \u0219i Spartak Trnava, \u00een cupele europene. Acesta a subliniat c\u0103 echipa este preg\u0103tit\u0103 mental \u0219i fizic pentru ambele partide, iar concentrarea trebuie s\u0103 fie maxim\u0103.<\/p>\n<p><img loading=\"lazy\" decoding=\"async\" class=\"alignnone size-medium wp-image-60746\" src=\"https:\/\/www.letsportsrock.com\/wp-content\/uploads\/2025\/08\/images-80-2-300x200.jpeg\" alt=\"\" width=\"300\" height=\"200\" srcset=\"https:\/\/www.letsportsrock.com\/wp-content\/uploads\/2025\/08\/images-80-2-300x200.jpeg 300w, https:\/\/www.letsportsrock.com\/wp-content\/uploads\/2025\/08\/images-80-2.jpeg 679w\" sizes=\"auto, (max-width: 300px) 100vw, 300px\" \/><\/p>\n<p>\u201eNu ne permitem pa\u0219i gre\u0219i\u021bi, fiecare meci conteaz\u0103 enorm. Cu Hermannstadt vrem s\u0103 continu\u0103m seria bun\u0103 din campionat, iar cu Spartak trebuie s\u0103 confirm\u0103m calificarea\u201d, a spus fotbalistul. El a recunoscut c\u0103 programul aglomerat este solicitant, \u00eens\u0103 spiritul de grup \u0219i dorin\u021ba de victorie \u00eei motiveaz\u0103 pe to\u021bi. \u201eSuntem o familie \u0219i ne sus\u021binem reciproc.<\/p>\n<p>&nbsp;<\/p>\n<p>Publicul din B\u0103nie ne d\u0103 energie, trebuie s\u0103 juc\u0103m pentru ei \u0219i pentru ora\u0219.\u201d Mijloca\u0219ul a \u00eencheiat cu un apel la calm \u0219i disciplin\u0103 tactic\u0103, amintind c\u0103 detaliile fac diferen\u021ba la acest nivel. \u201eTrebuie s\u0103 fim inteligen\u021bi \u0219i s\u0103 profit\u0103m de fiecare ocazie.\u201d Craiova mizeaz\u0103 pe determinare total\u0103 pentru a ob\u021bine rezultate pe ambele fronturi.<\/p>\n\n<div style=\"font-size: 0px; height: 0px; line-height: 0px; margin: 0; padding: 0; clear: both;\"><\/div>","protected":false},"excerpt":{"rendered":"<p>Ce a spus mijloca\u0219ul Universit\u0103\u021bii Craiova \u00eenaintea duelul cu FC Hermannstadt \u0219i Spartak Trnava&#8230;. &nbsp; Mijloca\u0219ul Universit\u0103\u021bii Craiova a transmis un mesaj ferm \u00eenaintea confrunt\u0103rilor decisive cu FC Hermannstadt, \u00een campionat, \u0219i Spartak Trnava, \u00een cupele europene. Acesta a subliniat c\u0103 echipa este preg\u0103tit\u0103 mental \u0219i fizic pentru ambele partide, iar concentrarea trebuie s\u0103 fie [&hellip;]<\/p>\n","protected":false},"author":15,"featured_media":60745,"comment_status":"open","ping_status":"open","sticky":false,"template":"","format":"standard","meta":{"_jetpack_memberships_contains_paid_content":false,"footnotes":""},"categories":[1],"tags":[640],"class_list":["post-60744","post","type-post","status-publish","format-standard","has-post-thumbnail","hentry","category-uncategorized","tag-fan-andrei-ivan"],"yoast_head":"<!-- This site is optimized with the Yoast SEO plugin v27.4 - https:\/\/yoast.com\/product\/yoast-seo-wordpress\/ -->\n<title>Ce a spus mijloca\u0219ul Universit\u0103\u021bii Craiova \u00eenaintea duelul cu FC Hermannstadt \u0219i Spartak Trnava....<\/title>\n<meta name=\"description\" content=\"Ce a spus mijloca\u0219ul Universit\u0103\u021bii Craiova \u00eenaintea duelul cu FC Hermannstadt \u0219i Spartak Trnava....\" \/>\n<meta name=\"robots\" content=\"index, follow, max-snippet:-1, max-image-preview:large, max-video-preview:-1\" \/>\n<link rel=\"canonical\" href=\"https:\/\/www.letsportsrock.com\/?p=60744\" \/>\n<meta property=\"og:locale\" content=\"en_US\" \/>\n<meta property=\"og:type\" content=\"article\" \/>\n<meta property=\"og:title\" content=\"Ce a spus mijloca\u0219ul Universit\u0103\u021bii Craiova \u00eenaintea duelul cu FC Hermannstadt \u0219i Spartak Trnava....\" \/>\n<meta property=\"og:description\" content=\"Ce a spus mijloca\u0219ul Universit\u0103\u021bii Craiova \u00eenaintea duelul cu FC Hermannstadt \u0219i Spartak Trnava....\" \/>\n<meta property=\"og:url\" content=\"https:\/\/www.letsportsrock.com\/?p=60744\" \/>\n<meta property=\"og:site_name\" content=\"letsportsrock\" \/>\n<meta property=\"article:published_time\" content=\"2025-08-14T17:31:25+00:00\" \/>\n<meta property=\"og:image\" content=\"https:\/\/www.letsportsrock.com\/wp-content\/uploads\/2025\/08\/d16253c2-4c52-4087-a489-b31563f3ecb0.jpg\" \/>\n\t<meta property=\"og:image:width\" content=\"540\" \/>\n\t<meta property=\"og:image:height\" content=\"360\" \/>\n\t<meta property=\"og:image:type\" content=\"image\/jpeg\" \/>\n<meta name=\"author\" content=\"Amos Nabizo\" \/>\n<meta name=\"twitter:card\" content=\"summary_large_image\" \/>\n<meta name=\"twitter:label1\" content=\"Written by\" \/>\n\t<meta name=\"twitter:data1\" content=\"Amos Nabizo\" \/>\n\t<meta name=\"twitter:label2\" content=\"Est. reading time\" \/>\n\t<meta name=\"twitter:data2\" content=\"2 minutes\" \/>\n<script type=\"application\/ld+json\" class=\"yoast-schema-graph\">{\"@context\":\"https:\\\/\\\/schema.org\",\"@graph\":[{\"@type\":\"Article\",\"@id\":\"https:\\\/\\\/www.letsportsrock.com\\\/?p=60744#article\",\"isPartOf\":{\"@id\":\"https:\\\/\\\/www.letsportsrock.com\\\/?p=60744\"},\"author\":{\"name\":\"Amos Nabizo\",\"@id\":\"https:\\\/\\\/www.letsportsrock.com\\\/#\\\/schema\\\/person\\\/044479f72bdbd75f9523e745d3be6c30\"},\"headline\":\"Ce a spus mijloca\u0219ul Universit\u0103\u021bii Craiova \u00eenaintea duelul cu FC Hermannstadt \u0219i Spartak Trnava&#8230;.\",\"datePublished\":\"2025-08-14T17:31:25+00:00\",\"mainEntityOfPage\":{\"@id\":\"https:\\\/\\\/www.letsportsrock.com\\\/?p=60744\"},\"wordCount\":204,\"commentCount\":0,\"image\":{\"@id\":\"https:\\\/\\\/www.letsportsrock.com\\\/?p=60744#primaryimage\"},\"thumbnailUrl\":\"https:\\\/\\\/www.letsportsrock.com\\\/wp-content\\\/uploads\\\/2025\\\/08\\\/d16253c2-4c52-4087-a489-b31563f3ecb0.jpg\",\"keywords\":[\"Fan Andrei Ivan\"],\"inLanguage\":\"en-US\",\"potentialAction\":[{\"@type\":\"CommentAction\",\"name\":\"Comment\",\"target\":[\"https:\\\/\\\/www.letsportsrock.com\\\/?p=60744#respond\"]}]},{\"@type\":\"WebPage\",\"@id\":\"https:\\\/\\\/www.letsportsrock.com\\\/?p=60744\",\"url\":\"https:\\\/\\\/www.letsportsrock.com\\\/?p=60744\",\"name\":\"Ce a spus mijloca\u0219ul Universit\u0103\u021bii Craiova \u00eenaintea duelul cu FC Hermannstadt \u0219i Spartak Trnava....\",\"isPartOf\":{\"@id\":\"https:\\\/\\\/www.letsportsrock.com\\\/#website\"},\"primaryImageOfPage\":{\"@id\":\"https:\\\/\\\/www.letsportsrock.com\\\/?p=60744#primaryimage\"},\"image\":{\"@id\":\"https:\\\/\\\/www.letsportsrock.com\\\/?p=60744#primaryimage\"},\"thumbnailUrl\":\"https:\\\/\\\/www.letsportsrock.com\\\/wp-content\\\/uploads\\\/2025\\\/08\\\/d16253c2-4c52-4087-a489-b31563f3ecb0.jpg\",\"datePublished\":\"2025-08-14T17:31:25+00:00\",\"author\":{\"@id\":\"https:\\\/\\\/www.letsportsrock.com\\\/#\\\/schema\\\/person\\\/044479f72bdbd75f9523e745d3be6c30\"},\"description\":\"Ce a spus mijloca\u0219ul Universit\u0103\u021bii Craiova \u00eenaintea duelul cu FC Hermannstadt \u0219i Spartak Trnava....\",\"breadcrumb\":{\"@id\":\"https:\\\/\\\/www.letsportsrock.com\\\/?p=60744#breadcrumb\"},\"inLanguage\":\"en-US\",\"potentialAction\":[{\"@type\":\"ReadAction\",\"target\":[\"https:\\\/\\\/www.letsportsrock.com\\\/?p=60744\"]}]},{\"@type\":\"ImageObject\",\"inLanguage\":\"en-US\",\"@id\":\"https:\\\/\\\/www.letsportsrock.com\\\/?p=60744#primaryimage\",\"url\":\"https:\\\/\\\/www.letsportsrock.com\\\/wp-content\\\/uploads\\\/2025\\\/08\\\/d16253c2-4c52-4087-a489-b31563f3ecb0.jpg\",\"contentUrl\":\"https:\\\/\\\/www.letsportsrock.com\\\/wp-content\\\/uploads\\\/2025\\\/08\\\/d16253c2-4c52-4087-a489-b31563f3ecb0.jpg\",\"width\":540,\"height\":360},{\"@type\":\"BreadcrumbList\",\"@id\":\"https:\\\/\\\/www.letsportsrock.com\\\/?p=60744#breadcrumb\",\"itemListElement\":[{\"@type\":\"ListItem\",\"position\":1,\"name\":\"Home\",\"item\":\"https:\\\/\\\/www.letsportsrock.com\\\/\"},{\"@type\":\"ListItem\",\"position\":2,\"name\":\"Ce a spus mijloca\u0219ul Universit\u0103\u021bii Craiova \u00eenaintea duelul cu FC Hermannstadt \u0219i Spartak Trnava&#8230;.\"}]},{\"@type\":\"WebSite\",\"@id\":\"https:\\\/\\\/www.letsportsrock.com\\\/#website\",\"url\":\"https:\\\/\\\/www.letsportsrock.com\\\/\",\"name\":\"letsportsrock\",\"description\":\"Sport News and Updates\",\"potentialAction\":[{\"@type\":\"SearchAction\",\"target\":{\"@type\":\"EntryPoint\",\"urlTemplate\":\"https:\\\/\\\/www.letsportsrock.com\\\/?s={search_term_string}\"},\"query-input\":{\"@type\":\"PropertyValueSpecification\",\"valueRequired\":true,\"valueName\":\"search_term_string\"}}],\"inLanguage\":\"en-US\"},{\"@type\":\"Person\",\"@id\":\"https:\\\/\\\/www.letsportsrock.com\\\/#\\\/schema\\\/person\\\/044479f72bdbd75f9523e745d3be6c30\",\"name\":\"Amos Nabizo\",\"image\":{\"@type\":\"ImageObject\",\"inLanguage\":\"en-US\",\"@id\":\"https:\\\/\\\/secure.gravatar.com\\\/avatar\\\/d569857c07d3899c6ca842ffea32daa1672c05549833530fe37e68ae7b521ba4?s=96&d=mm&r=g\",\"url\":\"https:\\\/\\\/secure.gravatar.com\\\/avatar\\\/d569857c07d3899c6ca842ffea32daa1672c05549833530fe37e68ae7b521ba4?s=96&d=mm&r=g\",\"contentUrl\":\"https:\\\/\\\/secure.gravatar.com\\\/avatar\\\/d569857c07d3899c6ca842ffea32daa1672c05549833530fe37e68ae7b521ba4?s=96&d=mm&r=g\",\"caption\":\"Amos Nabizo\"},\"sameAs\":[\"https:\\\/\\\/www.letsportsrock.com\\\/wp-admin\\\/\"],\"url\":\"https:\\\/\\\/www.letsportsrock.com\\\/?author=15\"}]}<\/script>\n<!-- \/ Yoast SEO plugin. -->","yoast_head_json":{"title":"Ce a spus mijloca\u0219ul Universit\u0103\u021bii Craiova \u00eenaintea duelul cu FC Hermannstadt \u0219i Spartak Trnava....","description":"Ce a spus mijloca\u0219ul Universit\u0103\u021bii Craiova \u00eenaintea duelul cu FC Hermannstadt \u0219i Spartak Trnava....","robots":{"index":"index","follow":"follow","max-snippet":"max-snippet:-1","max-image-preview":"max-image-preview:large","max-video-preview":"max-video-preview:-1"},"canonical":"https:\/\/www.letsportsrock.com\/?p=60744","og_locale":"en_US","og_type":"article","og_title":"Ce a spus mijloca\u0219ul Universit\u0103\u021bii Craiova \u00eenaintea duelul cu FC Hermannstadt \u0219i Spartak Trnava....","og_description":"Ce a spus mijloca\u0219ul Universit\u0103\u021bii Craiova \u00eenaintea duelul cu FC Hermannstadt \u0219i Spartak Trnava....","og_url":"https:\/\/www.letsportsrock.com\/?p=60744","og_site_name":"letsportsrock","article_published_time":"2025-08-14T17:31:25+00:00","og_image":[{"width":540,"height":360,"url":"https:\/\/www.letsportsrock.com\/wp-content\/uploads\/2025\/08\/d16253c2-4c52-4087-a489-b31563f3ecb0.jpg","type":"image\/jpeg"}],"author":"Amos Nabizo","twitter_card":"summary_large_image","twitter_misc":{"Written by":"Amos Nabizo","Est. reading time":"2 minutes"},"schema":{"@context":"https:\/\/schema.org","@graph":[{"@type":"Article","@id":"https:\/\/www.letsportsrock.com\/?p=60744#article","isPartOf":{"@id":"https:\/\/www.letsportsrock.com\/?p=60744"},"author":{"name":"Amos Nabizo","@id":"https:\/\/www.letsportsrock.com\/#\/schema\/person\/044479f72bdbd75f9523e745d3be6c30"},"headline":"Ce a spus mijloca\u0219ul Universit\u0103\u021bii Craiova \u00eenaintea duelul cu FC Hermannstadt \u0219i Spartak Trnava&#8230;.","datePublished":"2025-08-14T17:31:25+00:00","mainEntityOfPage":{"@id":"https:\/\/www.letsportsrock.com\/?p=60744"},"wordCount":204,"commentCount":0,"image":{"@id":"https:\/\/www.letsportsrock.com\/?p=60744#primaryimage"},"thumbnailUrl":"https:\/\/www.letsportsrock.com\/wp-content\/uploads\/2025\/08\/d16253c2-4c52-4087-a489-b31563f3ecb0.jpg","keywords":["Fan Andrei Ivan"],"inLanguage":"en-US","potentialAction":[{"@type":"CommentAction","name":"Comment","target":["https:\/\/www.letsportsrock.com\/?p=60744#respond"]}]},{"@type":"WebPage","@id":"https:\/\/www.letsportsrock.com\/?p=60744","url":"https:\/\/www.letsportsrock.com\/?p=60744","name":"Ce a spus mijloca\u0219ul Universit\u0103\u021bii Craiova \u00eenaintea duelul cu FC Hermannstadt \u0219i Spartak Trnava....","isPartOf":{"@id":"https:\/\/www.letsportsrock.com\/#website"},"primaryImageOfPage":{"@id":"https:\/\/www.letsportsrock.com\/?p=60744#primaryimage"},"image":{"@id":"https:\/\/www.letsportsrock.com\/?p=60744#primaryimage"},"thumbnailUrl":"https:\/\/www.letsportsrock.com\/wp-content\/uploads\/2025\/08\/d16253c2-4c52-4087-a489-b31563f3ecb0.jpg","datePublished":"2025-08-14T17:31:25+00:00","author":{"@id":"https:\/\/www.letsportsrock.com\/#\/schema\/person\/044479f72bdbd75f9523e745d3be6c30"},"description":"Ce a spus mijloca\u0219ul Universit\u0103\u021bii Craiova \u00eenaintea duelul cu FC Hermannstadt \u0219i Spartak Trnava....","breadcrumb":{"@id":"https:\/\/www.letsportsrock.com\/?p=60744#breadcrumb"},"inLanguage":"en-US","potentialAction":[{"@type":"ReadAction","target":["https:\/\/www.letsportsrock.com\/?p=60744"]}]},{"@type":"ImageObject","inLanguage":"en-US","@id":"https:\/\/www.letsportsrock.com\/?p=60744#primaryimage","url":"https:\/\/www.letsportsrock.com\/wp-content\/uploads\/2025\/08\/d16253c2-4c52-4087-a489-b31563f3ecb0.jpg","contentUrl":"https:\/\/www.letsportsrock.com\/wp-content\/uploads\/2025\/08\/d16253c2-4c52-4087-a489-b31563f3ecb0.jpg","width":540,"height":360},{"@type":"BreadcrumbList","@id":"https:\/\/www.letsportsrock.com\/?p=60744#breadcrumb","itemListElement":[{"@type":"ListItem","position":1,"name":"Home","item":"https:\/\/www.letsportsrock.com\/"},{"@type":"ListItem","position":2,"name":"Ce a spus mijloca\u0219ul Universit\u0103\u021bii Craiova \u00eenaintea duelul cu FC Hermannstadt \u0219i Spartak Trnava&#8230;."}]},{"@type":"WebSite","@id":"https:\/\/www.letsportsrock.com\/#website","url":"https:\/\/www.letsportsrock.com\/","name":"letsportsrock","description":"Sport News and Updates","potentialAction":[{"@type":"SearchAction","target":{"@type":"EntryPoint","urlTemplate":"https:\/\/www.letsportsrock.com\/?s={search_term_string}"},"query-input":{"@type":"PropertyValueSpecification","valueRequired":true,"valueName":"search_term_string"}}],"inLanguage":"en-US"},{"@type":"Person","@id":"https:\/\/www.letsportsrock.com\/#\/schema\/person\/044479f72bdbd75f9523e745d3be6c30","name":"Amos Nabizo","image":{"@type":"ImageObject","inLanguage":"en-US","@id":"https:\/\/secure.gravatar.com\/avatar\/d569857c07d3899c6ca842ffea32daa1672c05549833530fe37e68ae7b521ba4?s=96&d=mm&r=g","url":"https:\/\/secure.gravatar.com\/avatar\/d569857c07d3899c6ca842ffea32daa1672c05549833530fe37e68ae7b521ba4?s=96&d=mm&r=g","contentUrl":"https:\/\/secure.gravatar.com\/avatar\/d569857c07d3899c6ca842ffea32daa1672c05549833530fe37e68ae7b521ba4?s=96&d=mm&r=g","caption":"Amos Nabizo"},"sameAs":["https:\/\/www.letsportsrock.com\/wp-admin\/"],"url":"https:\/\/www.letsportsrock.com\/?author=15"}]}},"jetpack_featured_media_url":"https:\/\/www.letsportsrock.com\/wp-content\/uploads\/2025\/08\/d16253c2-4c52-4087-a489-b31563f3ecb0.jpg","jetpack_sharing_enabled":true,"_links":{"self":[{"href":"https:\/\/www.letsportsrock.com\/index.php?rest_route=\/wp\/v2\/posts\/60744","targetHints":{"allow":["GET"]}}],"collection":[{"href":"https:\/\/www.letsportsrock.com\/index.php?rest_route=\/wp\/v2\/posts"}],"about":[{"href":"https:\/\/www.letsportsrock.com\/index.php?rest_route=\/wp\/v2\/types\/post"}],"author":[{"embeddable":true,"href":"https:\/\/www.letsportsrock.com\/index.php?rest_route=\/wp\/v2\/users\/15"}],"replies":[{"embeddable":true,"href":"https:\/\/www.letsportsrock.com\/index.php?rest_route=%2Fwp%2Fv2%2Fcomments&post=60744"}],"version-history":[{"count":1,"href":"https:\/\/www.letsportsrock.com\/index.php?rest_route=\/wp\/v2\/posts\/60744\/revisions"}],"predecessor-version":[{"id":60747,"href":"https:\/\/www.letsportsrock.com\/index.php?rest_route=\/wp\/v2\/posts\/60744\/revisions\/60747"}],"wp:featuredmedia":[{"embeddable":true,"href":"https:\/\/www.letsportsrock.com\/index.php?rest_route=\/wp\/v2\/media\/60745"}],"wp:attachment":[{"href":"https:\/\/www.letsportsrock.com\/index.php?rest_route=%2Fwp%2Fv2%2Fmedia&parent=60744"}],"wp:term":[{"taxonomy":"category","embeddable":true,"href":"https:\/\/www.letsportsrock.com\/index.php?rest_route=%2Fwp%2Fv2%2Fcategories&post=60744"},{"taxonomy":"post_tag","embeddable":true,"href":"https:\/\/www.letsportsrock.com\/index.php?rest_route=%2Fwp%2Fv2%2Ftags&post=60744"}],"curies":[{"name":"wp","href":"https:\/\/api.w.org\/{rel}","templated":true}]}}