{"id":60768,"date":"2025-08-14T19:13:13","date_gmt":"2025-08-14T19:13:13","guid":{"rendered":"https:\/\/www.letsportsrock.com\/?p=60768"},"modified":"2025-08-14T19:13:13","modified_gmt":"2025-08-14T19:13:13","slug":"alerta-de-ultim-moment-la-borussia-dortmund-transfer-bomba-anuntat-chiar-inaintea-inchiderii-ferestrei-de-mercato","status":"publish","type":"post","link":"https:\/\/www.letsportsrock.com\/?p=60768","title":{"rendered":"Alert\u0103 de Ultim Moment la Borussia Dortmund! Transfer-Bomb\u0103 Anun\u021bat Chiar \u00cenaintea \u00cenchiderii Ferestrei de Mercato"},"content":{"rendered":"<div class=\"d79db4796efc26332eabfc3f5dafbc76\" data-index=\"1\" style=\"float: none; margin:10px 0 10px 0; text-align:center;\">\n<div class=\"hb-ad-inarticle\">\r\n    <div class=\"hb-ad-inner\"> \r\n    <div class=\"hbagency_cls\"  id=\"hbagency_space_111930\"><\/div><\/div> <\/div>\n<\/div>\n<p> <strong>Alert\u0103 de Ultim Moment la Borussia Dortmund! Transfer-Bomb\u0103 Anun\u021bat Chiar \u00cenaintea \u00cenchiderii Ferestrei de Mercato<\/strong> <\/p>\n<p>\u00centr-o mi\u0219care care a luat prin surprindere \u00eentreaga lume a fotbalului, <strong>Borussia Dortmund<\/strong> a anun\u021bat \u00een urm\u0103 cu c\u00e2teva minute semnarea unui contract cu o super-star interna\u021bional, chiar \u00eenainte de \u00eenchiderea oficial\u0103 a perioadei de transferuri. Oficialii clubului au \u021binut secret numele juc\u0103torului p\u00e2n\u0103 \u00een ultimul moment, aliment\u00e2nd zvonuri \u0219i specula\u021bii aprinse \u00een r\u00e2ndul fanilor \u0219i presei.<\/p>\n<p>Surse apropiate clubului sus\u021bin c\u0103 noul transfer nu este doar o \u00eent\u0103rire de lot, ci <strong>o lovitur\u0103 de imagine \u0219i strategie<\/strong>, menit\u0103 s\u0103 propulseze Dortmund direct \u00een lupta pentru titlul Bundesliga \u0219i un parcurs istoric \u00een Champions League. Atmosfera la Signal Iduna Park este deja \u00een fierbere, iar suporterii se preg\u0103tesc pentru o prezentare spectaculoas\u0103 \u00een aceast\u0103 sear\u0103.<\/p>\n<p>\u201eEste momentul pe care \u00eel a\u0219teptam cu to\u021bii. Am vrut s\u0103 ar\u0103t\u0103m c\u0103 Borussia Dortmund poate surprinde pe oricine, oric\u00e2nd\u201d, a declarat Hans-Joachim Watzke, CEO-ul clubului, l\u0103s\u00e2nd s\u0103 se \u00een\u021beleag\u0103 c\u0103 aceast\u0103 mutare va r\u0103m\u00e2ne \u00een istoria echipei.<\/p>\n<p>\u26bd Toat\u0103 lumea a\u0219teapt\u0103 cu sufletul la gur\u0103 primele minute ale noului star \u00een tricoul galben-negru.<\/p>\n<p>Dac\u0103 vrei, \u00ee\u021bi pot scrie \u0219i <strong>o versiune \u00een stil tabloid german<\/strong> ca s\u0103 fie 100% autentic\u0103 pentru Borussia Dortmund.<\/p>\n\n<div style=\"font-size: 0px; height: 0px; line-height: 0px; margin: 0; padding: 0; clear: both;\"><\/div>","protected":false},"excerpt":{"rendered":"<p>Alert\u0103 de Ultim Moment la Borussia Dortmund! Transfer-Bomb\u0103 Anun\u021bat Chiar \u00cenaintea \u00cenchiderii Ferestrei de Mercato \u00centr-o mi\u0219care care a luat prin surprindere \u00eentreaga lume a fotbalului, Borussia Dortmund a anun\u021bat \u00een urm\u0103 cu c\u00e2teva minute semnarea unui contract cu o super-star interna\u021bional, chiar \u00eenainte de \u00eenchiderea oficial\u0103 a perioadei de transferuri. Oficialii clubului au \u021binut [&hellip;]<\/p>\n","protected":false},"author":18,"featured_media":60769,"comment_status":"open","ping_status":"open","sticky":false,"template":"","format":"standard","meta":{"_jetpack_memberships_contains_paid_content":false,"footnotes":""},"categories":[1],"tags":[764],"class_list":["post-60768","post","type-post","status-publish","format-standard","has-post-thumbnail","hentry","category-uncategorized","tag-borussia-dortmunds"],"yoast_head":"<!-- This site is optimized with the Yoast SEO plugin v27.4 - https:\/\/yoast.com\/product\/yoast-seo-wordpress\/ -->\n<title>Alert\u0103 de Ultim Moment la Borussia Dortmund! Transfer-Bomb\u0103 Anun\u021bat Chiar \u00cenaintea \u00cenchiderii Ferestrei de Mercato - letsportsrock<\/title>\n<meta name=\"robots\" content=\"index, follow, max-snippet:-1, max-image-preview:large, max-video-preview:-1\" \/>\n<link rel=\"canonical\" href=\"https:\/\/www.letsportsrock.com\/?p=60768\" \/>\n<meta property=\"og:locale\" content=\"en_US\" \/>\n<meta property=\"og:type\" content=\"article\" \/>\n<meta property=\"og:title\" content=\"Alert\u0103 de Ultim Moment la Borussia Dortmund! Transfer-Bomb\u0103 Anun\u021bat Chiar \u00cenaintea \u00cenchiderii Ferestrei de Mercato - letsportsrock\" \/>\n<meta property=\"og:description\" content=\"Alert\u0103 de Ultim Moment la Borussia Dortmund! Transfer-Bomb\u0103 Anun\u021bat Chiar \u00cenaintea \u00cenchiderii Ferestrei de Mercato \u00centr-o mi\u0219care care a luat prin surprindere \u00eentreaga lume a fotbalului, Borussia Dortmund a anun\u021bat \u00een urm\u0103 cu c\u00e2teva minute semnarea unui contract cu o super-star interna\u021bional, chiar \u00eenainte de \u00eenchiderea oficial\u0103 a perioadei de transferuri. Oficialii clubului au \u021binut [&hellip;]\" \/>\n<meta property=\"og:url\" content=\"https:\/\/www.letsportsrock.com\/?p=60768\" \/>\n<meta property=\"og:site_name\" content=\"letsportsrock\" \/>\n<meta property=\"article:published_time\" content=\"2025-08-14T19:13:13+00:00\" \/>\n<meta property=\"og:image\" content=\"https:\/\/www.letsportsrock.com\/wp-content\/uploads\/2025\/08\/images-18-4.jpeg\" \/>\n\t<meta property=\"og:image:width\" content=\"739\" \/>\n\t<meta property=\"og:image:height\" content=\"415\" \/>\n\t<meta property=\"og:image:type\" content=\"image\/jpeg\" \/>\n<meta name=\"author\" content=\"Paul\" \/>\n<meta name=\"twitter:card\" content=\"summary_large_image\" \/>\n<meta name=\"twitter:label1\" content=\"Written by\" \/>\n\t<meta name=\"twitter:data1\" content=\"Paul\" \/>\n\t<meta name=\"twitter:label2\" content=\"Est. reading time\" \/>\n\t<meta name=\"twitter:data2\" content=\"2 minutes\" \/>\n<script type=\"application\/ld+json\" class=\"yoast-schema-graph\">{\"@context\":\"https:\\\/\\\/schema.org\",\"@graph\":[{\"@type\":\"Article\",\"@id\":\"https:\\\/\\\/www.letsportsrock.com\\\/?p=60768#article\",\"isPartOf\":{\"@id\":\"https:\\\/\\\/www.letsportsrock.com\\\/?p=60768\"},\"author\":{\"name\":\"Paul\",\"@id\":\"https:\\\/\\\/www.letsportsrock.com\\\/#\\\/schema\\\/person\\\/5ea0765d5978183e8a3c61eeddc025a0\"},\"headline\":\"Alert\u0103 de Ultim Moment la Borussia Dortmund! Transfer-Bomb\u0103 Anun\u021bat Chiar \u00cenaintea \u00cenchiderii Ferestrei de Mercato\",\"datePublished\":\"2025-08-14T19:13:13+00:00\",\"mainEntityOfPage\":{\"@id\":\"https:\\\/\\\/www.letsportsrock.com\\\/?p=60768\"},\"wordCount\":242,\"commentCount\":0,\"image\":{\"@id\":\"https:\\\/\\\/www.letsportsrock.com\\\/?p=60768#primaryimage\"},\"thumbnailUrl\":\"https:\\\/\\\/www.letsportsrock.com\\\/wp-content\\\/uploads\\\/2025\\\/08\\\/images-18-4.jpeg\",\"keywords\":[\"Borussia Dortmund's\"],\"inLanguage\":\"en-US\",\"potentialAction\":[{\"@type\":\"CommentAction\",\"name\":\"Comment\",\"target\":[\"https:\\\/\\\/www.letsportsrock.com\\\/?p=60768#respond\"]}]},{\"@type\":\"WebPage\",\"@id\":\"https:\\\/\\\/www.letsportsrock.com\\\/?p=60768\",\"url\":\"https:\\\/\\\/www.letsportsrock.com\\\/?p=60768\",\"name\":\"Alert\u0103 de Ultim Moment la Borussia Dortmund! Transfer-Bomb\u0103 Anun\u021bat Chiar \u00cenaintea \u00cenchiderii Ferestrei de Mercato - letsportsrock\",\"isPartOf\":{\"@id\":\"https:\\\/\\\/www.letsportsrock.com\\\/#website\"},\"primaryImageOfPage\":{\"@id\":\"https:\\\/\\\/www.letsportsrock.com\\\/?p=60768#primaryimage\"},\"image\":{\"@id\":\"https:\\\/\\\/www.letsportsrock.com\\\/?p=60768#primaryimage\"},\"thumbnailUrl\":\"https:\\\/\\\/www.letsportsrock.com\\\/wp-content\\\/uploads\\\/2025\\\/08\\\/images-18-4.jpeg\",\"datePublished\":\"2025-08-14T19:13:13+00:00\",\"author\":{\"@id\":\"https:\\\/\\\/www.letsportsrock.com\\\/#\\\/schema\\\/person\\\/5ea0765d5978183e8a3c61eeddc025a0\"},\"breadcrumb\":{\"@id\":\"https:\\\/\\\/www.letsportsrock.com\\\/?p=60768#breadcrumb\"},\"inLanguage\":\"en-US\",\"potentialAction\":[{\"@type\":\"ReadAction\",\"target\":[\"https:\\\/\\\/www.letsportsrock.com\\\/?p=60768\"]}]},{\"@type\":\"ImageObject\",\"inLanguage\":\"en-US\",\"@id\":\"https:\\\/\\\/www.letsportsrock.com\\\/?p=60768#primaryimage\",\"url\":\"https:\\\/\\\/www.letsportsrock.com\\\/wp-content\\\/uploads\\\/2025\\\/08\\\/images-18-4.jpeg\",\"contentUrl\":\"https:\\\/\\\/www.letsportsrock.com\\\/wp-content\\\/uploads\\\/2025\\\/08\\\/images-18-4.jpeg\",\"width\":739,\"height\":415},{\"@type\":\"BreadcrumbList\",\"@id\":\"https:\\\/\\\/www.letsportsrock.com\\\/?p=60768#breadcrumb\",\"itemListElement\":[{\"@type\":\"ListItem\",\"position\":1,\"name\":\"Home\",\"item\":\"https:\\\/\\\/www.letsportsrock.com\\\/\"},{\"@type\":\"ListItem\",\"position\":2,\"name\":\"Alert\u0103 de Ultim Moment la Borussia Dortmund! Transfer-Bomb\u0103 Anun\u021bat Chiar \u00cenaintea \u00cenchiderii Ferestrei de Mercato\"}]},{\"@type\":\"WebSite\",\"@id\":\"https:\\\/\\\/www.letsportsrock.com\\\/#website\",\"url\":\"https:\\\/\\\/www.letsportsrock.com\\\/\",\"name\":\"letsportsrock\",\"description\":\"Sport News and Updates\",\"potentialAction\":[{\"@type\":\"SearchAction\",\"target\":{\"@type\":\"EntryPoint\",\"urlTemplate\":\"https:\\\/\\\/www.letsportsrock.com\\\/?s={search_term_string}\"},\"query-input\":{\"@type\":\"PropertyValueSpecification\",\"valueRequired\":true,\"valueName\":\"search_term_string\"}}],\"inLanguage\":\"en-US\"},{\"@type\":\"Person\",\"@id\":\"https:\\\/\\\/www.letsportsrock.com\\\/#\\\/schema\\\/person\\\/5ea0765d5978183e8a3c61eeddc025a0\",\"name\":\"Paul\",\"image\":{\"@type\":\"ImageObject\",\"inLanguage\":\"en-US\",\"@id\":\"https:\\\/\\\/secure.gravatar.com\\\/avatar\\\/1202bac6aa7877ef62cd36e3578853558c9f65043e6a8af2018cda8743033a95?s=96&d=mm&r=g\",\"url\":\"https:\\\/\\\/secure.gravatar.com\\\/avatar\\\/1202bac6aa7877ef62cd36e3578853558c9f65043e6a8af2018cda8743033a95?s=96&d=mm&r=g\",\"contentUrl\":\"https:\\\/\\\/secure.gravatar.com\\\/avatar\\\/1202bac6aa7877ef62cd36e3578853558c9f65043e6a8af2018cda8743033a95?s=96&d=mm&r=g\",\"caption\":\"Paul\"},\"sameAs\":[\"https:\\\/\\\/www.letsportsrock.com\\\/wp-admin\\\/\"],\"url\":\"https:\\\/\\\/www.letsportsrock.com\\\/?author=18\"}]}<\/script>\n<!-- \/ Yoast SEO plugin. -->","yoast_head_json":{"title":"Alert\u0103 de Ultim Moment la Borussia Dortmund! Transfer-Bomb\u0103 Anun\u021bat Chiar \u00cenaintea \u00cenchiderii Ferestrei de Mercato - letsportsrock","robots":{"index":"index","follow":"follow","max-snippet":"max-snippet:-1","max-image-preview":"max-image-preview:large","max-video-preview":"max-video-preview:-1"},"canonical":"https:\/\/www.letsportsrock.com\/?p=60768","og_locale":"en_US","og_type":"article","og_title":"Alert\u0103 de Ultim Moment la Borussia Dortmund! Transfer-Bomb\u0103 Anun\u021bat Chiar \u00cenaintea \u00cenchiderii Ferestrei de Mercato - letsportsrock","og_description":"Alert\u0103 de Ultim Moment la Borussia Dortmund! Transfer-Bomb\u0103 Anun\u021bat Chiar \u00cenaintea \u00cenchiderii Ferestrei de Mercato \u00centr-o mi\u0219care care a luat prin surprindere \u00eentreaga lume a fotbalului, Borussia Dortmund a anun\u021bat \u00een urm\u0103 cu c\u00e2teva minute semnarea unui contract cu o super-star interna\u021bional, chiar \u00eenainte de \u00eenchiderea oficial\u0103 a perioadei de transferuri. Oficialii clubului au \u021binut [&hellip;]","og_url":"https:\/\/www.letsportsrock.com\/?p=60768","og_site_name":"letsportsrock","article_published_time":"2025-08-14T19:13:13+00:00","og_image":[{"width":739,"height":415,"url":"https:\/\/www.letsportsrock.com\/wp-content\/uploads\/2025\/08\/images-18-4.jpeg","type":"image\/jpeg"}],"author":"Paul","twitter_card":"summary_large_image","twitter_misc":{"Written by":"Paul","Est. reading time":"2 minutes"},"schema":{"@context":"https:\/\/schema.org","@graph":[{"@type":"Article","@id":"https:\/\/www.letsportsrock.com\/?p=60768#article","isPartOf":{"@id":"https:\/\/www.letsportsrock.com\/?p=60768"},"author":{"name":"Paul","@id":"https:\/\/www.letsportsrock.com\/#\/schema\/person\/5ea0765d5978183e8a3c61eeddc025a0"},"headline":"Alert\u0103 de Ultim Moment la Borussia Dortmund! Transfer-Bomb\u0103 Anun\u021bat Chiar \u00cenaintea \u00cenchiderii Ferestrei de Mercato","datePublished":"2025-08-14T19:13:13+00:00","mainEntityOfPage":{"@id":"https:\/\/www.letsportsrock.com\/?p=60768"},"wordCount":242,"commentCount":0,"image":{"@id":"https:\/\/www.letsportsrock.com\/?p=60768#primaryimage"},"thumbnailUrl":"https:\/\/www.letsportsrock.com\/wp-content\/uploads\/2025\/08\/images-18-4.jpeg","keywords":["Borussia Dortmund's"],"inLanguage":"en-US","potentialAction":[{"@type":"CommentAction","name":"Comment","target":["https:\/\/www.letsportsrock.com\/?p=60768#respond"]}]},{"@type":"WebPage","@id":"https:\/\/www.letsportsrock.com\/?p=60768","url":"https:\/\/www.letsportsrock.com\/?p=60768","name":"Alert\u0103 de Ultim Moment la Borussia Dortmund! Transfer-Bomb\u0103 Anun\u021bat Chiar \u00cenaintea \u00cenchiderii Ferestrei de Mercato - letsportsrock","isPartOf":{"@id":"https:\/\/www.letsportsrock.com\/#website"},"primaryImageOfPage":{"@id":"https:\/\/www.letsportsrock.com\/?p=60768#primaryimage"},"image":{"@id":"https:\/\/www.letsportsrock.com\/?p=60768#primaryimage"},"thumbnailUrl":"https:\/\/www.letsportsrock.com\/wp-content\/uploads\/2025\/08\/images-18-4.jpeg","datePublished":"2025-08-14T19:13:13+00:00","author":{"@id":"https:\/\/www.letsportsrock.com\/#\/schema\/person\/5ea0765d5978183e8a3c61eeddc025a0"},"breadcrumb":{"@id":"https:\/\/www.letsportsrock.com\/?p=60768#breadcrumb"},"inLanguage":"en-US","potentialAction":[{"@type":"ReadAction","target":["https:\/\/www.letsportsrock.com\/?p=60768"]}]},{"@type":"ImageObject","inLanguage":"en-US","@id":"https:\/\/www.letsportsrock.com\/?p=60768#primaryimage","url":"https:\/\/www.letsportsrock.com\/wp-content\/uploads\/2025\/08\/images-18-4.jpeg","contentUrl":"https:\/\/www.letsportsrock.com\/wp-content\/uploads\/2025\/08\/images-18-4.jpeg","width":739,"height":415},{"@type":"BreadcrumbList","@id":"https:\/\/www.letsportsrock.com\/?p=60768#breadcrumb","itemListElement":[{"@type":"ListItem","position":1,"name":"Home","item":"https:\/\/www.letsportsrock.com\/"},{"@type":"ListItem","position":2,"name":"Alert\u0103 de Ultim Moment la Borussia Dortmund! Transfer-Bomb\u0103 Anun\u021bat Chiar \u00cenaintea \u00cenchiderii Ferestrei de Mercato"}]},{"@type":"WebSite","@id":"https:\/\/www.letsportsrock.com\/#website","url":"https:\/\/www.letsportsrock.com\/","name":"letsportsrock","description":"Sport News and Updates","potentialAction":[{"@type":"SearchAction","target":{"@type":"EntryPoint","urlTemplate":"https:\/\/www.letsportsrock.com\/?s={search_term_string}"},"query-input":{"@type":"PropertyValueSpecification","valueRequired":true,"valueName":"search_term_string"}}],"inLanguage":"en-US"},{"@type":"Person","@id":"https:\/\/www.letsportsrock.com\/#\/schema\/person\/5ea0765d5978183e8a3c61eeddc025a0","name":"Paul","image":{"@type":"ImageObject","inLanguage":"en-US","@id":"https:\/\/secure.gravatar.com\/avatar\/1202bac6aa7877ef62cd36e3578853558c9f65043e6a8af2018cda8743033a95?s=96&d=mm&r=g","url":"https:\/\/secure.gravatar.com\/avatar\/1202bac6aa7877ef62cd36e3578853558c9f65043e6a8af2018cda8743033a95?s=96&d=mm&r=g","contentUrl":"https:\/\/secure.gravatar.com\/avatar\/1202bac6aa7877ef62cd36e3578853558c9f65043e6a8af2018cda8743033a95?s=96&d=mm&r=g","caption":"Paul"},"sameAs":["https:\/\/www.letsportsrock.com\/wp-admin\/"],"url":"https:\/\/www.letsportsrock.com\/?author=18"}]}},"jetpack_featured_media_url":"https:\/\/www.letsportsrock.com\/wp-content\/uploads\/2025\/08\/images-18-4.jpeg","jetpack_sharing_enabled":true,"_links":{"self":[{"href":"https:\/\/www.letsportsrock.com\/index.php?rest_route=\/wp\/v2\/posts\/60768","targetHints":{"allow":["GET"]}}],"collection":[{"href":"https:\/\/www.letsportsrock.com\/index.php?rest_route=\/wp\/v2\/posts"}],"about":[{"href":"https:\/\/www.letsportsrock.com\/index.php?rest_route=\/wp\/v2\/types\/post"}],"author":[{"embeddable":true,"href":"https:\/\/www.letsportsrock.com\/index.php?rest_route=\/wp\/v2\/users\/18"}],"replies":[{"embeddable":true,"href":"https:\/\/www.letsportsrock.com\/index.php?rest_route=%2Fwp%2Fv2%2Fcomments&post=60768"}],"version-history":[{"count":1,"href":"https:\/\/www.letsportsrock.com\/index.php?rest_route=\/wp\/v2\/posts\/60768\/revisions"}],"predecessor-version":[{"id":60770,"href":"https:\/\/www.letsportsrock.com\/index.php?rest_route=\/wp\/v2\/posts\/60768\/revisions\/60770"}],"wp:featuredmedia":[{"embeddable":true,"href":"https:\/\/www.letsportsrock.com\/index.php?rest_route=\/wp\/v2\/media\/60769"}],"wp:attachment":[{"href":"https:\/\/www.letsportsrock.com\/index.php?rest_route=%2Fwp%2Fv2%2Fmedia&parent=60768"}],"wp:term":[{"taxonomy":"category","embeddable":true,"href":"https:\/\/www.letsportsrock.com\/index.php?rest_route=%2Fwp%2Fv2%2Fcategories&post=60768"},{"taxonomy":"post_tag","embeddable":true,"href":"https:\/\/www.letsportsrock.com\/index.php?rest_route=%2Fwp%2Fv2%2Ftags&post=60768"}],"curies":[{"name":"wp","href":"https:\/\/api.w.org\/{rel}","templated":true}]}}