{"id":60840,"date":"2025-08-15T00:10:06","date_gmt":"2025-08-15T00:10:06","guid":{"rendered":"https:\/\/www.letsportsrock.com\/?p=60840"},"modified":"2025-08-15T00:10:06","modified_gmt":"2025-08-15T00:10:06","slug":"patrik-schick-hat-einen-neuen-funfjahresvertrag-beim-byarm-leverkusen-unterschrieben-und-sich-damit-bis-2030-an-den-verein-gebunden-in-einer-emotionalen-botschaft-erklarte-er-dass-er-seine-karriere","status":"publish","type":"post","link":"https:\/\/www.letsportsrock.com\/?p=60840","title":{"rendered":"Patrik Schick hat einen neuen F\u00fcnfjahresvertrag beim Byarm leverkusen unterschrieben und sich damit bis 2030 an den Verein gebunden. In einer emotionalen Botschaft erkl\u00e4rte er, dass er seine Karriere in byarm beenden m\u00f6chte und versprach, weitere Titel zu gewinnen&#8230;.."},"content":{"rendered":"<div class=\"d79db4796efc26332eabfc3f5dafbc76\" data-index=\"1\" style=\"float: none; margin:10px 0 10px 0; text-align:center;\">\n<div class=\"hb-ad-inarticle\">\r\n    <div class=\"hb-ad-inner\"> \r\n    <div class=\"hbagency_cls\"  id=\"hbagency_space_111930\"><\/div><\/div> <\/div>\n<\/div>\n<p>Patrik Schick hat seinen Vertrag bei Bayer 04 Leverkusen verl\u00e4ngert und sich mit einem neuen F\u00fcnfjahreskontrakt bis 2030 an den Verein gebunden.<\/p>\n<p>&nbsp;<\/p>\n<p>Der tschechische Nationalst\u00fcrmer, der seit 2020 f\u00fcr die Werkself auf Torejagd geht, machte in einer emotionalen Botschaft deutlich, wie sehr er sich mit dem Klub identifiziert. \u201eLeverkusen ist f\u00fcr mich wie ein zweites Zuhause geworden.<\/p>\n<p><img loading=\"lazy\" decoding=\"async\" class=\"alignnone size-medium wp-image-60841\" src=\"https:\/\/www.letsportsrock.com\/wp-content\/uploads\/2025\/08\/images-64-2-300x200.jpeg\" alt=\"\" width=\"300\" height=\"200\" srcset=\"https:\/\/www.letsportsrock.com\/wp-content\/uploads\/2025\/08\/images-64-2-300x200.jpeg 300w, https:\/\/www.letsportsrock.com\/wp-content\/uploads\/2025\/08\/images-64-2.jpeg 679w\" sizes=\"auto, (max-width: 300px) 100vw, 300px\" \/><\/p>\n<p>Ich m\u00f6chte meine Karriere hier beenden\u201c, erkl\u00e4rte Schick sichtlich ger\u00fchrt. Der 28-J\u00e4hrige versprach, weiterhin alles zu geben, um mit der Mannschaft weitere Titel zu gewinnen, und betonte die besondere Verbindung zu den Fans, die ihn in guten wie in schwierigen Zeiten unterst\u00fctzt haben.<\/p>\n<p>&nbsp;<\/p>\n<p>Sportchef Simon Rolfes und Trainer Xabi Alonso lobten Schick als einen der wichtigsten Eckpfeiler des Teams \u2013 sowohl auf als auch neben dem Platz. Mit seiner Verl\u00e4ngerung setzt Leverkusen ein starkes Zeichen f\u00fcr Kontinuit\u00e4t und Ambition.<\/p>\n<p>&nbsp;<\/p>\n<p>Die Fans reagierten begeistert in den sozialen Medien und feiern die Entscheidung als klares Bekenntnis zum Erfolgskurs des Vereins.<\/p>\n<p>&nbsp;<\/p>\n<p>Schick selbst blickt optimistisch in die Zukunft und will an seine starken Leistungen ankn\u00fcpfen, um Leverkusen auch in den kommenden Jahren in der Bundesliga und international an der Spitze zu halted.<\/p>\n\n<div style=\"font-size: 0px; height: 0px; line-height: 0px; margin: 0; padding: 0; clear: both;\"><\/div>","protected":false},"excerpt":{"rendered":"<p>Patrik Schick hat seinen Vertrag bei Bayer 04 Leverkusen verl\u00e4ngert und sich mit einem neuen F\u00fcnfjahreskontrakt bis 2030 an den Verein gebunden. &nbsp; Der tschechische Nationalst\u00fcrmer, der seit 2020 f\u00fcr die Werkself auf Torejagd geht, machte in einer emotionalen Botschaft deutlich, wie sehr er sich mit dem Klub identifiziert. \u201eLeverkusen ist f\u00fcr mich wie ein [&hellip;]<\/p>\n","protected":false},"author":17,"featured_media":60842,"comment_status":"open","ping_status":"open","sticky":false,"template":"","format":"standard","meta":{"_jetpack_memberships_contains_paid_content":false,"footnotes":""},"categories":[1],"tags":[767],"class_list":["post-60840","post","type-post","status-publish","format-standard","has-post-thumbnail","hentry","category-uncategorized","tag-bayer04-leverkusen-fans"],"yoast_head":"<!-- This site is optimized with the Yoast SEO plugin v27.4 - https:\/\/yoast.com\/product\/yoast-seo-wordpress\/ -->\n<title>Patrik Schick hat einen neuen F\u00fcnfjahresvertrag beim......<\/title>\n<meta name=\"description\" content=\"Patrik Schick hat einen neuen F\u00fcnfjahresvertrag beim Byarm leverkusen unterschrieben und sich damit bis 2030 an den Verein gebunden......\" \/>\n<meta name=\"robots\" content=\"index, follow, max-snippet:-1, max-image-preview:large, max-video-preview:-1\" \/>\n<link rel=\"canonical\" href=\"https:\/\/www.letsportsrock.com\/?p=60840\" \/>\n<meta property=\"og:locale\" content=\"en_US\" \/>\n<meta property=\"og:type\" content=\"article\" \/>\n<meta property=\"og:title\" content=\"Patrik Schick hat einen neuen F\u00fcnfjahresvertrag beim......\" \/>\n<meta property=\"og:description\" content=\"Patrik Schick hat einen neuen F\u00fcnfjahresvertrag beim Byarm leverkusen unterschrieben und sich damit bis 2030 an den Verein gebunden......\" \/>\n<meta property=\"og:url\" content=\"https:\/\/www.letsportsrock.com\/?p=60840\" \/>\n<meta property=\"og:site_name\" content=\"letsportsrock\" \/>\n<meta property=\"article:published_time\" content=\"2025-08-15T00:10:06+00:00\" \/>\n<meta property=\"og:image\" content=\"https:\/\/www.letsportsrock.com\/wp-content\/uploads\/2025\/08\/images-63-2.jpeg\" \/>\n\t<meta property=\"og:image:width\" content=\"500\" \/>\n\t<meta property=\"og:image:height\" content=\"500\" \/>\n\t<meta property=\"og:image:type\" content=\"image\/jpeg\" \/>\n<meta name=\"author\" content=\"Orbem Saviour\" \/>\n<meta name=\"twitter:card\" content=\"summary_large_image\" \/>\n<meta name=\"twitter:label1\" content=\"Written by\" \/>\n\t<meta name=\"twitter:data1\" content=\"Orbem Saviour\" \/>\n\t<meta name=\"twitter:label2\" content=\"Est. reading time\" \/>\n\t<meta name=\"twitter:data2\" content=\"2 minutes\" \/>\n<script type=\"application\/ld+json\" class=\"yoast-schema-graph\">{\"@context\":\"https:\\\/\\\/schema.org\",\"@graph\":[{\"@type\":\"Article\",\"@id\":\"https:\\\/\\\/www.letsportsrock.com\\\/?p=60840#article\",\"isPartOf\":{\"@id\":\"https:\\\/\\\/www.letsportsrock.com\\\/?p=60840\"},\"author\":{\"name\":\"Orbem Saviour\",\"@id\":\"https:\\\/\\\/www.letsportsrock.com\\\/#\\\/schema\\\/person\\\/f4a534dcb6a60eaed40b31bfcef0f6b8\"},\"headline\":\"Patrik Schick hat einen neuen F\u00fcnfjahresvertrag beim Byarm leverkusen unterschrieben und sich damit bis 2030 an den Verein gebunden. In einer emotionalen Botschaft erkl\u00e4rte er, dass er seine Karriere in byarm beenden m\u00f6chte und versprach, weitere Titel zu gewinnen&#8230;..\",\"datePublished\":\"2025-08-15T00:10:06+00:00\",\"mainEntityOfPage\":{\"@id\":\"https:\\\/\\\/www.letsportsrock.com\\\/?p=60840\"},\"wordCount\":241,\"commentCount\":0,\"image\":{\"@id\":\"https:\\\/\\\/www.letsportsrock.com\\\/?p=60840#primaryimage\"},\"thumbnailUrl\":\"https:\\\/\\\/www.letsportsrock.com\\\/wp-content\\\/uploads\\\/2025\\\/08\\\/images-63-2.jpeg\",\"keywords\":[\"Bayer04 leverkusen fan's\"],\"inLanguage\":\"en-US\",\"potentialAction\":[{\"@type\":\"CommentAction\",\"name\":\"Comment\",\"target\":[\"https:\\\/\\\/www.letsportsrock.com\\\/?p=60840#respond\"]}]},{\"@type\":\"WebPage\",\"@id\":\"https:\\\/\\\/www.letsportsrock.com\\\/?p=60840\",\"url\":\"https:\\\/\\\/www.letsportsrock.com\\\/?p=60840\",\"name\":\"Patrik Schick hat einen neuen F\u00fcnfjahresvertrag beim......\",\"isPartOf\":{\"@id\":\"https:\\\/\\\/www.letsportsrock.com\\\/#website\"},\"primaryImageOfPage\":{\"@id\":\"https:\\\/\\\/www.letsportsrock.com\\\/?p=60840#primaryimage\"},\"image\":{\"@id\":\"https:\\\/\\\/www.letsportsrock.com\\\/?p=60840#primaryimage\"},\"thumbnailUrl\":\"https:\\\/\\\/www.letsportsrock.com\\\/wp-content\\\/uploads\\\/2025\\\/08\\\/images-63-2.jpeg\",\"datePublished\":\"2025-08-15T00:10:06+00:00\",\"author\":{\"@id\":\"https:\\\/\\\/www.letsportsrock.com\\\/#\\\/schema\\\/person\\\/f4a534dcb6a60eaed40b31bfcef0f6b8\"},\"description\":\"Patrik Schick hat einen neuen F\u00fcnfjahresvertrag beim Byarm leverkusen unterschrieben und sich damit bis 2030 an den Verein gebunden......\",\"breadcrumb\":{\"@id\":\"https:\\\/\\\/www.letsportsrock.com\\\/?p=60840#breadcrumb\"},\"inLanguage\":\"en-US\",\"potentialAction\":[{\"@type\":\"ReadAction\",\"target\":[\"https:\\\/\\\/www.letsportsrock.com\\\/?p=60840\"]}]},{\"@type\":\"ImageObject\",\"inLanguage\":\"en-US\",\"@id\":\"https:\\\/\\\/www.letsportsrock.com\\\/?p=60840#primaryimage\",\"url\":\"https:\\\/\\\/www.letsportsrock.com\\\/wp-content\\\/uploads\\\/2025\\\/08\\\/images-63-2.jpeg\",\"contentUrl\":\"https:\\\/\\\/www.letsportsrock.com\\\/wp-content\\\/uploads\\\/2025\\\/08\\\/images-63-2.jpeg\",\"width\":500,\"height\":500},{\"@type\":\"BreadcrumbList\",\"@id\":\"https:\\\/\\\/www.letsportsrock.com\\\/?p=60840#breadcrumb\",\"itemListElement\":[{\"@type\":\"ListItem\",\"position\":1,\"name\":\"Home\",\"item\":\"https:\\\/\\\/www.letsportsrock.com\\\/\"},{\"@type\":\"ListItem\",\"position\":2,\"name\":\"Patrik Schick hat einen neuen F\u00fcnfjahresvertrag beim Byarm leverkusen unterschrieben und sich damit bis 2030 an den Verein gebunden. In einer emotionalen Botschaft erkl\u00e4rte er, dass er seine Karriere in byarm beenden m\u00f6chte und versprach, weitere Titel zu gewinnen&#8230;..\"}]},{\"@type\":\"WebSite\",\"@id\":\"https:\\\/\\\/www.letsportsrock.com\\\/#website\",\"url\":\"https:\\\/\\\/www.letsportsrock.com\\\/\",\"name\":\"letsportsrock\",\"description\":\"Sport News and Updates\",\"potentialAction\":[{\"@type\":\"SearchAction\",\"target\":{\"@type\":\"EntryPoint\",\"urlTemplate\":\"https:\\\/\\\/www.letsportsrock.com\\\/?s={search_term_string}\"},\"query-input\":{\"@type\":\"PropertyValueSpecification\",\"valueRequired\":true,\"valueName\":\"search_term_string\"}}],\"inLanguage\":\"en-US\"},{\"@type\":\"Person\",\"@id\":\"https:\\\/\\\/www.letsportsrock.com\\\/#\\\/schema\\\/person\\\/f4a534dcb6a60eaed40b31bfcef0f6b8\",\"name\":\"Orbem Saviour\",\"image\":{\"@type\":\"ImageObject\",\"inLanguage\":\"en-US\",\"@id\":\"https:\\\/\\\/secure.gravatar.com\\\/avatar\\\/c2e9c1135ee0d9ea60350ee25415caf4ca365a56af0382637882e8392bdcaedd?s=96&d=mm&r=g\",\"url\":\"https:\\\/\\\/secure.gravatar.com\\\/avatar\\\/c2e9c1135ee0d9ea60350ee25415caf4ca365a56af0382637882e8392bdcaedd?s=96&d=mm&r=g\",\"contentUrl\":\"https:\\\/\\\/secure.gravatar.com\\\/avatar\\\/c2e9c1135ee0d9ea60350ee25415caf4ca365a56af0382637882e8392bdcaedd?s=96&d=mm&r=g\",\"caption\":\"Orbem Saviour\"},\"sameAs\":[\"https:\\\/\\\/www.letsportsrock.com\\\/wp-admin\\\/\"],\"url\":\"https:\\\/\\\/www.letsportsrock.com\\\/?author=17\"}]}<\/script>\n<!-- \/ Yoast SEO plugin. -->","yoast_head_json":{"title":"Patrik Schick hat einen neuen F\u00fcnfjahresvertrag beim......","description":"Patrik Schick hat einen neuen F\u00fcnfjahresvertrag beim Byarm leverkusen unterschrieben und sich damit bis 2030 an den Verein gebunden......","robots":{"index":"index","follow":"follow","max-snippet":"max-snippet:-1","max-image-preview":"max-image-preview:large","max-video-preview":"max-video-preview:-1"},"canonical":"https:\/\/www.letsportsrock.com\/?p=60840","og_locale":"en_US","og_type":"article","og_title":"Patrik Schick hat einen neuen F\u00fcnfjahresvertrag beim......","og_description":"Patrik Schick hat einen neuen F\u00fcnfjahresvertrag beim Byarm leverkusen unterschrieben und sich damit bis 2030 an den Verein gebunden......","og_url":"https:\/\/www.letsportsrock.com\/?p=60840","og_site_name":"letsportsrock","article_published_time":"2025-08-15T00:10:06+00:00","og_image":[{"width":500,"height":500,"url":"https:\/\/www.letsportsrock.com\/wp-content\/uploads\/2025\/08\/images-63-2.jpeg","type":"image\/jpeg"}],"author":"Orbem Saviour","twitter_card":"summary_large_image","twitter_misc":{"Written by":"Orbem Saviour","Est. reading time":"2 minutes"},"schema":{"@context":"https:\/\/schema.org","@graph":[{"@type":"Article","@id":"https:\/\/www.letsportsrock.com\/?p=60840#article","isPartOf":{"@id":"https:\/\/www.letsportsrock.com\/?p=60840"},"author":{"name":"Orbem Saviour","@id":"https:\/\/www.letsportsrock.com\/#\/schema\/person\/f4a534dcb6a60eaed40b31bfcef0f6b8"},"headline":"Patrik Schick hat einen neuen F\u00fcnfjahresvertrag beim Byarm leverkusen unterschrieben und sich damit bis 2030 an den Verein gebunden. In einer emotionalen Botschaft erkl\u00e4rte er, dass er seine Karriere in byarm beenden m\u00f6chte und versprach, weitere Titel zu gewinnen&#8230;..","datePublished":"2025-08-15T00:10:06+00:00","mainEntityOfPage":{"@id":"https:\/\/www.letsportsrock.com\/?p=60840"},"wordCount":241,"commentCount":0,"image":{"@id":"https:\/\/www.letsportsrock.com\/?p=60840#primaryimage"},"thumbnailUrl":"https:\/\/www.letsportsrock.com\/wp-content\/uploads\/2025\/08\/images-63-2.jpeg","keywords":["Bayer04 leverkusen fan's"],"inLanguage":"en-US","potentialAction":[{"@type":"CommentAction","name":"Comment","target":["https:\/\/www.letsportsrock.com\/?p=60840#respond"]}]},{"@type":"WebPage","@id":"https:\/\/www.letsportsrock.com\/?p=60840","url":"https:\/\/www.letsportsrock.com\/?p=60840","name":"Patrik Schick hat einen neuen F\u00fcnfjahresvertrag beim......","isPartOf":{"@id":"https:\/\/www.letsportsrock.com\/#website"},"primaryImageOfPage":{"@id":"https:\/\/www.letsportsrock.com\/?p=60840#primaryimage"},"image":{"@id":"https:\/\/www.letsportsrock.com\/?p=60840#primaryimage"},"thumbnailUrl":"https:\/\/www.letsportsrock.com\/wp-content\/uploads\/2025\/08\/images-63-2.jpeg","datePublished":"2025-08-15T00:10:06+00:00","author":{"@id":"https:\/\/www.letsportsrock.com\/#\/schema\/person\/f4a534dcb6a60eaed40b31bfcef0f6b8"},"description":"Patrik Schick hat einen neuen F\u00fcnfjahresvertrag beim Byarm leverkusen unterschrieben und sich damit bis 2030 an den Verein gebunden......","breadcrumb":{"@id":"https:\/\/www.letsportsrock.com\/?p=60840#breadcrumb"},"inLanguage":"en-US","potentialAction":[{"@type":"ReadAction","target":["https:\/\/www.letsportsrock.com\/?p=60840"]}]},{"@type":"ImageObject","inLanguage":"en-US","@id":"https:\/\/www.letsportsrock.com\/?p=60840#primaryimage","url":"https:\/\/www.letsportsrock.com\/wp-content\/uploads\/2025\/08\/images-63-2.jpeg","contentUrl":"https:\/\/www.letsportsrock.com\/wp-content\/uploads\/2025\/08\/images-63-2.jpeg","width":500,"height":500},{"@type":"BreadcrumbList","@id":"https:\/\/www.letsportsrock.com\/?p=60840#breadcrumb","itemListElement":[{"@type":"ListItem","position":1,"name":"Home","item":"https:\/\/www.letsportsrock.com\/"},{"@type":"ListItem","position":2,"name":"Patrik Schick hat einen neuen F\u00fcnfjahresvertrag beim Byarm leverkusen unterschrieben und sich damit bis 2030 an den Verein gebunden. In einer emotionalen Botschaft erkl\u00e4rte er, dass er seine Karriere in byarm beenden m\u00f6chte und versprach, weitere Titel zu gewinnen&#8230;.."}]},{"@type":"WebSite","@id":"https:\/\/www.letsportsrock.com\/#website","url":"https:\/\/www.letsportsrock.com\/","name":"letsportsrock","description":"Sport News and Updates","potentialAction":[{"@type":"SearchAction","target":{"@type":"EntryPoint","urlTemplate":"https:\/\/www.letsportsrock.com\/?s={search_term_string}"},"query-input":{"@type":"PropertyValueSpecification","valueRequired":true,"valueName":"search_term_string"}}],"inLanguage":"en-US"},{"@type":"Person","@id":"https:\/\/www.letsportsrock.com\/#\/schema\/person\/f4a534dcb6a60eaed40b31bfcef0f6b8","name":"Orbem Saviour","image":{"@type":"ImageObject","inLanguage":"en-US","@id":"https:\/\/secure.gravatar.com\/avatar\/c2e9c1135ee0d9ea60350ee25415caf4ca365a56af0382637882e8392bdcaedd?s=96&d=mm&r=g","url":"https:\/\/secure.gravatar.com\/avatar\/c2e9c1135ee0d9ea60350ee25415caf4ca365a56af0382637882e8392bdcaedd?s=96&d=mm&r=g","contentUrl":"https:\/\/secure.gravatar.com\/avatar\/c2e9c1135ee0d9ea60350ee25415caf4ca365a56af0382637882e8392bdcaedd?s=96&d=mm&r=g","caption":"Orbem Saviour"},"sameAs":["https:\/\/www.letsportsrock.com\/wp-admin\/"],"url":"https:\/\/www.letsportsrock.com\/?author=17"}]}},"jetpack_featured_media_url":"https:\/\/www.letsportsrock.com\/wp-content\/uploads\/2025\/08\/images-63-2.jpeg","jetpack_sharing_enabled":true,"_links":{"self":[{"href":"https:\/\/www.letsportsrock.com\/index.php?rest_route=\/wp\/v2\/posts\/60840","targetHints":{"allow":["GET"]}}],"collection":[{"href":"https:\/\/www.letsportsrock.com\/index.php?rest_route=\/wp\/v2\/posts"}],"about":[{"href":"https:\/\/www.letsportsrock.com\/index.php?rest_route=\/wp\/v2\/types\/post"}],"author":[{"embeddable":true,"href":"https:\/\/www.letsportsrock.com\/index.php?rest_route=\/wp\/v2\/users\/17"}],"replies":[{"embeddable":true,"href":"https:\/\/www.letsportsrock.com\/index.php?rest_route=%2Fwp%2Fv2%2Fcomments&post=60840"}],"version-history":[{"count":1,"href":"https:\/\/www.letsportsrock.com\/index.php?rest_route=\/wp\/v2\/posts\/60840\/revisions"}],"predecessor-version":[{"id":60843,"href":"https:\/\/www.letsportsrock.com\/index.php?rest_route=\/wp\/v2\/posts\/60840\/revisions\/60843"}],"wp:featuredmedia":[{"embeddable":true,"href":"https:\/\/www.letsportsrock.com\/index.php?rest_route=\/wp\/v2\/media\/60842"}],"wp:attachment":[{"href":"https:\/\/www.letsportsrock.com\/index.php?rest_route=%2Fwp%2Fv2%2Fmedia&parent=60840"}],"wp:term":[{"taxonomy":"category","embeddable":true,"href":"https:\/\/www.letsportsrock.com\/index.php?rest_route=%2Fwp%2Fv2%2Fcategories&post=60840"},{"taxonomy":"post_tag","embeddable":true,"href":"https:\/\/www.letsportsrock.com\/index.php?rest_route=%2Fwp%2Fv2%2Ftags&post=60840"}],"curies":[{"name":"wp","href":"https:\/\/api.w.org\/{rel}","templated":true}]}}