{"id":61072,"date":"2025-08-16T14:44:18","date_gmt":"2025-08-16T14:44:18","guid":{"rendered":"https:\/\/www.letsportsrock.com\/?p=61072"},"modified":"2025-08-16T14:44:18","modified_gmt":"2025-08-16T14:44:18","slug":"echipa-de-arbitraj-controversata-numita-pentru-meciul-dintre-aberdeen-si-fcsb","status":"publish","type":"post","link":"https:\/\/www.letsportsrock.com\/?p=61072","title":{"rendered":"Echipa de arbitraj controversat\u0103 numit\u0103 pentru meciul dintre Aberdeen \u0219i FCSB&#8230;.."},"content":{"rendered":"<div class=\"d79db4796efc26332eabfc3f5dafbc76\" data-index=\"1\" style=\"float: none; margin:10px 0 10px 0; text-align:center;\">\n<div class=\"hb-ad-inarticle\">\r\n    <div class=\"hb-ad-inner\"> \r\n    <div class=\"hbagency_cls\"  id=\"hbagency_space_111930\"><\/div><\/div> <\/div>\n<\/div>\n<p>&nbsp;<\/p>\n<p>UEFA has stirred debate with its refereeing appointment for the Europa League play-off tie between Aberdeen and FCSB, set for August 21 in Scotland. Dutch official Serdar Gozubuyuk will take charge of the first leg, assisted by countrymen Erwin Zeinstra and Patrick Inia, with Joey Kooij named fourth official. In the VAR booth, experienced referee Pol van Boekel will be joined by Robin Hensgens.<\/p>\n<p>&nbsp;<\/p>\n<p>Gozubuyuk&#8217;s selection has raised eyebrows in Romania, as the 38-year-old referee has previously faced allegations of controversial decisions and suspected match manipulation in domestic competitions. While no sanctions were ever confirmed, his past has made the appointment a talking point ahead of the high-stakes play-off. UEFA has declined to comment on the controversy.<\/p>\n<p><img loading=\"lazy\" decoding=\"async\" class=\"alignnone size-medium wp-image-61075\" src=\"https:\/\/www.letsportsrock.com\/wp-content\/uploads\/2025\/08\/images-3-11-300x200.jpeg\" alt=\"\" width=\"300\" height=\"200\" srcset=\"https:\/\/www.letsportsrock.com\/wp-content\/uploads\/2025\/08\/images-3-11-300x200.jpeg 300w, https:\/\/www.letsportsrock.com\/wp-content\/uploads\/2025\/08\/images-3-11.jpeg 678w\" sizes=\"auto, (max-width: 300px) 100vw, 300px\" \/><\/p>\n<p>Meanwhile, CFR Cluj also learned the officials for their Conference League play-off against Swedish side BK Hacken. The first leg, also on August 21, will be handled by Swiss referee Lukas Faehndrich, with assistants Guillaume Maire and Nicolas Muller. Mirel Turkes acts as fourth official, while VAR duties will be shared between England&#8217;s Darren England and Switzerland&#8217;s Sven Wolfensberger.<\/p>\n<p>&nbsp;<\/p>\n<p>The return leg in Cluj-Napoca on August 28 will be overseen by Austrian referee Sebastian Gishamer, supported by assistants Roland Riedel and Santino Schreiner.<\/p>\n\n<div style=\"font-size: 0px; height: 0px; line-height: 0px; margin: 0; padding: 0; clear: both;\"><\/div>","protected":false},"excerpt":{"rendered":"<p>&nbsp; UEFA has stirred debate with its refereeing appointment for the Europa League play-off tie between Aberdeen and FCSB, set for August 21 in Scotland. Dutch official Serdar Gozubuyuk will take charge of the first leg, assisted by countrymen Erwin Zeinstra and Patrick Inia, with Joey Kooij named fourth official. In the VAR booth, experienced [&hellip;]<\/p>\n","protected":false},"author":21,"featured_media":61077,"comment_status":"open","ping_status":"open","sticky":false,"template":"","format":"standard","meta":{"_jetpack_memberships_contains_paid_content":false,"footnotes":""},"categories":[1],"tags":[264],"class_list":["post-61072","post","type-post","status-publish","format-standard","has-post-thumbnail","hentry","category-uncategorized","tag-fcsb"],"yoast_head":"<!-- This site is optimized with the Yoast SEO plugin v27.4 - https:\/\/yoast.com\/product\/yoast-seo-wordpress\/ -->\n<title>Echipa de arbitraj controversat\u0103 numit\u0103 pentru meciul dintre Aberd<\/title>\n<meta name=\"description\" content=\"Echipa de arbitraj controversat\u0103 numit\u0103 pentru meciul dintre Aberdeen \u0219i FCSB..........................................................\" \/>\n<meta name=\"robots\" content=\"index, follow, max-snippet:-1, max-image-preview:large, max-video-preview:-1\" \/>\n<link rel=\"canonical\" href=\"https:\/\/www.letsportsrock.com\/?p=61072\" \/>\n<meta property=\"og:locale\" content=\"en_US\" \/>\n<meta property=\"og:type\" content=\"article\" \/>\n<meta property=\"og:title\" content=\"Echipa de arbitraj controversat\u0103 numit\u0103 pentru meciul dintre Aberd\" \/>\n<meta property=\"og:description\" content=\"Echipa de arbitraj controversat\u0103 numit\u0103 pentru meciul dintre Aberdeen \u0219i FCSB..........................................................\" \/>\n<meta property=\"og:url\" content=\"https:\/\/www.letsportsrock.com\/?p=61072\" \/>\n<meta property=\"og:site_name\" content=\"letsportsrock\" \/>\n<meta property=\"article:published_time\" content=\"2025-08-16T14:44:18+00:00\" \/>\n<meta property=\"og:image\" content=\"https:\/\/www.letsportsrock.com\/wp-content\/uploads\/2025\/08\/befunky-collage-2025-08-16t160333792.webp\" \/>\n\t<meta property=\"og:image:width\" content=\"620\" \/>\n\t<meta property=\"og:image:height\" content=\"349\" \/>\n\t<meta property=\"og:image:type\" content=\"image\/webp\" \/>\n<meta name=\"author\" content=\"Dooyum@\" \/>\n<meta name=\"twitter:card\" content=\"summary_large_image\" \/>\n<meta name=\"twitter:label1\" content=\"Written by\" \/>\n\t<meta name=\"twitter:data1\" content=\"Dooyum@\" \/>\n\t<meta name=\"twitter:label2\" content=\"Est. reading time\" \/>\n\t<meta name=\"twitter:data2\" content=\"2 minutes\" \/>\n<script type=\"application\/ld+json\" class=\"yoast-schema-graph\">{\"@context\":\"https:\\\/\\\/schema.org\",\"@graph\":[{\"@type\":\"Article\",\"@id\":\"https:\\\/\\\/www.letsportsrock.com\\\/?p=61072#article\",\"isPartOf\":{\"@id\":\"https:\\\/\\\/www.letsportsrock.com\\\/?p=61072\"},\"author\":{\"name\":\"Dooyum@\",\"@id\":\"https:\\\/\\\/www.letsportsrock.com\\\/#\\\/schema\\\/person\\\/5a13d00f7830282189607c4b5a9237bf\"},\"headline\":\"Echipa de arbitraj controversat\u0103 numit\u0103 pentru meciul dintre Aberdeen \u0219i FCSB&#8230;..\",\"datePublished\":\"2025-08-16T14:44:18+00:00\",\"mainEntityOfPage\":{\"@id\":\"https:\\\/\\\/www.letsportsrock.com\\\/?p=61072\"},\"wordCount\":214,\"commentCount\":0,\"image\":{\"@id\":\"https:\\\/\\\/www.letsportsrock.com\\\/?p=61072#primaryimage\"},\"thumbnailUrl\":\"https:\\\/\\\/www.letsportsrock.com\\\/wp-content\\\/uploads\\\/2025\\\/08\\\/befunky-collage-2025-08-16t160333792.webp\",\"keywords\":[\"FCSB\"],\"inLanguage\":\"en-US\",\"potentialAction\":[{\"@type\":\"CommentAction\",\"name\":\"Comment\",\"target\":[\"https:\\\/\\\/www.letsportsrock.com\\\/?p=61072#respond\"]}]},{\"@type\":\"WebPage\",\"@id\":\"https:\\\/\\\/www.letsportsrock.com\\\/?p=61072\",\"url\":\"https:\\\/\\\/www.letsportsrock.com\\\/?p=61072\",\"name\":\"Echipa de arbitraj controversat\u0103 numit\u0103 pentru meciul dintre Aberd\",\"isPartOf\":{\"@id\":\"https:\\\/\\\/www.letsportsrock.com\\\/#website\"},\"primaryImageOfPage\":{\"@id\":\"https:\\\/\\\/www.letsportsrock.com\\\/?p=61072#primaryimage\"},\"image\":{\"@id\":\"https:\\\/\\\/www.letsportsrock.com\\\/?p=61072#primaryimage\"},\"thumbnailUrl\":\"https:\\\/\\\/www.letsportsrock.com\\\/wp-content\\\/uploads\\\/2025\\\/08\\\/befunky-collage-2025-08-16t160333792.webp\",\"datePublished\":\"2025-08-16T14:44:18+00:00\",\"author\":{\"@id\":\"https:\\\/\\\/www.letsportsrock.com\\\/#\\\/schema\\\/person\\\/5a13d00f7830282189607c4b5a9237bf\"},\"description\":\"Echipa de arbitraj controversat\u0103 numit\u0103 pentru meciul dintre Aberdeen \u0219i FCSB..........................................................\",\"breadcrumb\":{\"@id\":\"https:\\\/\\\/www.letsportsrock.com\\\/?p=61072#breadcrumb\"},\"inLanguage\":\"en-US\",\"potentialAction\":[{\"@type\":\"ReadAction\",\"target\":[\"https:\\\/\\\/www.letsportsrock.com\\\/?p=61072\"]}]},{\"@type\":\"ImageObject\",\"inLanguage\":\"en-US\",\"@id\":\"https:\\\/\\\/www.letsportsrock.com\\\/?p=61072#primaryimage\",\"url\":\"https:\\\/\\\/www.letsportsrock.com\\\/wp-content\\\/uploads\\\/2025\\\/08\\\/befunky-collage-2025-08-16t160333792.webp\",\"contentUrl\":\"https:\\\/\\\/www.letsportsrock.com\\\/wp-content\\\/uploads\\\/2025\\\/08\\\/befunky-collage-2025-08-16t160333792.webp\",\"width\":620,\"height\":349},{\"@type\":\"BreadcrumbList\",\"@id\":\"https:\\\/\\\/www.letsportsrock.com\\\/?p=61072#breadcrumb\",\"itemListElement\":[{\"@type\":\"ListItem\",\"position\":1,\"name\":\"Home\",\"item\":\"https:\\\/\\\/www.letsportsrock.com\\\/\"},{\"@type\":\"ListItem\",\"position\":2,\"name\":\"Echipa de arbitraj controversat\u0103 numit\u0103 pentru meciul dintre Aberdeen \u0219i FCSB&#8230;..\"}]},{\"@type\":\"WebSite\",\"@id\":\"https:\\\/\\\/www.letsportsrock.com\\\/#website\",\"url\":\"https:\\\/\\\/www.letsportsrock.com\\\/\",\"name\":\"letsportsrock\",\"description\":\"Sport News and Updates\",\"potentialAction\":[{\"@type\":\"SearchAction\",\"target\":{\"@type\":\"EntryPoint\",\"urlTemplate\":\"https:\\\/\\\/www.letsportsrock.com\\\/?s={search_term_string}\"},\"query-input\":{\"@type\":\"PropertyValueSpecification\",\"valueRequired\":true,\"valueName\":\"search_term_string\"}}],\"inLanguage\":\"en-US\"},{\"@type\":\"Person\",\"@id\":\"https:\\\/\\\/www.letsportsrock.com\\\/#\\\/schema\\\/person\\\/5a13d00f7830282189607c4b5a9237bf\",\"name\":\"Dooyum@\",\"image\":{\"@type\":\"ImageObject\",\"inLanguage\":\"en-US\",\"@id\":\"https:\\\/\\\/secure.gravatar.com\\\/avatar\\\/7498f391a1eb24da401a4b43cd9242622cf3682e1c9b1437a7ac00795149a3b2?s=96&d=mm&r=g\",\"url\":\"https:\\\/\\\/secure.gravatar.com\\\/avatar\\\/7498f391a1eb24da401a4b43cd9242622cf3682e1c9b1437a7ac00795149a3b2?s=96&d=mm&r=g\",\"contentUrl\":\"https:\\\/\\\/secure.gravatar.com\\\/avatar\\\/7498f391a1eb24da401a4b43cd9242622cf3682e1c9b1437a7ac00795149a3b2?s=96&d=mm&r=g\",\"caption\":\"Dooyum@\"},\"sameAs\":[\"https:\\\/\\\/www.letsportsrock.com\\\/wp-admin\\\/\"],\"url\":\"https:\\\/\\\/www.letsportsrock.com\\\/?author=21\"}]}<\/script>\n<!-- \/ Yoast SEO plugin. -->","yoast_head_json":{"title":"Echipa de arbitraj controversat\u0103 numit\u0103 pentru meciul dintre Aberd","description":"Echipa de arbitraj controversat\u0103 numit\u0103 pentru meciul dintre Aberdeen \u0219i FCSB..........................................................","robots":{"index":"index","follow":"follow","max-snippet":"max-snippet:-1","max-image-preview":"max-image-preview:large","max-video-preview":"max-video-preview:-1"},"canonical":"https:\/\/www.letsportsrock.com\/?p=61072","og_locale":"en_US","og_type":"article","og_title":"Echipa de arbitraj controversat\u0103 numit\u0103 pentru meciul dintre Aberd","og_description":"Echipa de arbitraj controversat\u0103 numit\u0103 pentru meciul dintre Aberdeen \u0219i FCSB..........................................................","og_url":"https:\/\/www.letsportsrock.com\/?p=61072","og_site_name":"letsportsrock","article_published_time":"2025-08-16T14:44:18+00:00","og_image":[{"width":620,"height":349,"url":"https:\/\/www.letsportsrock.com\/wp-content\/uploads\/2025\/08\/befunky-collage-2025-08-16t160333792.webp","type":"image\/webp"}],"author":"Dooyum@","twitter_card":"summary_large_image","twitter_misc":{"Written by":"Dooyum@","Est. reading time":"2 minutes"},"schema":{"@context":"https:\/\/schema.org","@graph":[{"@type":"Article","@id":"https:\/\/www.letsportsrock.com\/?p=61072#article","isPartOf":{"@id":"https:\/\/www.letsportsrock.com\/?p=61072"},"author":{"name":"Dooyum@","@id":"https:\/\/www.letsportsrock.com\/#\/schema\/person\/5a13d00f7830282189607c4b5a9237bf"},"headline":"Echipa de arbitraj controversat\u0103 numit\u0103 pentru meciul dintre Aberdeen \u0219i FCSB&#8230;..","datePublished":"2025-08-16T14:44:18+00:00","mainEntityOfPage":{"@id":"https:\/\/www.letsportsrock.com\/?p=61072"},"wordCount":214,"commentCount":0,"image":{"@id":"https:\/\/www.letsportsrock.com\/?p=61072#primaryimage"},"thumbnailUrl":"https:\/\/www.letsportsrock.com\/wp-content\/uploads\/2025\/08\/befunky-collage-2025-08-16t160333792.webp","keywords":["FCSB"],"inLanguage":"en-US","potentialAction":[{"@type":"CommentAction","name":"Comment","target":["https:\/\/www.letsportsrock.com\/?p=61072#respond"]}]},{"@type":"WebPage","@id":"https:\/\/www.letsportsrock.com\/?p=61072","url":"https:\/\/www.letsportsrock.com\/?p=61072","name":"Echipa de arbitraj controversat\u0103 numit\u0103 pentru meciul dintre Aberd","isPartOf":{"@id":"https:\/\/www.letsportsrock.com\/#website"},"primaryImageOfPage":{"@id":"https:\/\/www.letsportsrock.com\/?p=61072#primaryimage"},"image":{"@id":"https:\/\/www.letsportsrock.com\/?p=61072#primaryimage"},"thumbnailUrl":"https:\/\/www.letsportsrock.com\/wp-content\/uploads\/2025\/08\/befunky-collage-2025-08-16t160333792.webp","datePublished":"2025-08-16T14:44:18+00:00","author":{"@id":"https:\/\/www.letsportsrock.com\/#\/schema\/person\/5a13d00f7830282189607c4b5a9237bf"},"description":"Echipa de arbitraj controversat\u0103 numit\u0103 pentru meciul dintre Aberdeen \u0219i FCSB..........................................................","breadcrumb":{"@id":"https:\/\/www.letsportsrock.com\/?p=61072#breadcrumb"},"inLanguage":"en-US","potentialAction":[{"@type":"ReadAction","target":["https:\/\/www.letsportsrock.com\/?p=61072"]}]},{"@type":"ImageObject","inLanguage":"en-US","@id":"https:\/\/www.letsportsrock.com\/?p=61072#primaryimage","url":"https:\/\/www.letsportsrock.com\/wp-content\/uploads\/2025\/08\/befunky-collage-2025-08-16t160333792.webp","contentUrl":"https:\/\/www.letsportsrock.com\/wp-content\/uploads\/2025\/08\/befunky-collage-2025-08-16t160333792.webp","width":620,"height":349},{"@type":"BreadcrumbList","@id":"https:\/\/www.letsportsrock.com\/?p=61072#breadcrumb","itemListElement":[{"@type":"ListItem","position":1,"name":"Home","item":"https:\/\/www.letsportsrock.com\/"},{"@type":"ListItem","position":2,"name":"Echipa de arbitraj controversat\u0103 numit\u0103 pentru meciul dintre Aberdeen \u0219i FCSB&#8230;.."}]},{"@type":"WebSite","@id":"https:\/\/www.letsportsrock.com\/#website","url":"https:\/\/www.letsportsrock.com\/","name":"letsportsrock","description":"Sport News and Updates","potentialAction":[{"@type":"SearchAction","target":{"@type":"EntryPoint","urlTemplate":"https:\/\/www.letsportsrock.com\/?s={search_term_string}"},"query-input":{"@type":"PropertyValueSpecification","valueRequired":true,"valueName":"search_term_string"}}],"inLanguage":"en-US"},{"@type":"Person","@id":"https:\/\/www.letsportsrock.com\/#\/schema\/person\/5a13d00f7830282189607c4b5a9237bf","name":"Dooyum@","image":{"@type":"ImageObject","inLanguage":"en-US","@id":"https:\/\/secure.gravatar.com\/avatar\/7498f391a1eb24da401a4b43cd9242622cf3682e1c9b1437a7ac00795149a3b2?s=96&d=mm&r=g","url":"https:\/\/secure.gravatar.com\/avatar\/7498f391a1eb24da401a4b43cd9242622cf3682e1c9b1437a7ac00795149a3b2?s=96&d=mm&r=g","contentUrl":"https:\/\/secure.gravatar.com\/avatar\/7498f391a1eb24da401a4b43cd9242622cf3682e1c9b1437a7ac00795149a3b2?s=96&d=mm&r=g","caption":"Dooyum@"},"sameAs":["https:\/\/www.letsportsrock.com\/wp-admin\/"],"url":"https:\/\/www.letsportsrock.com\/?author=21"}]}},"jetpack_featured_media_url":"https:\/\/www.letsportsrock.com\/wp-content\/uploads\/2025\/08\/befunky-collage-2025-08-16t160333792.webp","jetpack_sharing_enabled":true,"_links":{"self":[{"href":"https:\/\/www.letsportsrock.com\/index.php?rest_route=\/wp\/v2\/posts\/61072","targetHints":{"allow":["GET"]}}],"collection":[{"href":"https:\/\/www.letsportsrock.com\/index.php?rest_route=\/wp\/v2\/posts"}],"about":[{"href":"https:\/\/www.letsportsrock.com\/index.php?rest_route=\/wp\/v2\/types\/post"}],"author":[{"embeddable":true,"href":"https:\/\/www.letsportsrock.com\/index.php?rest_route=\/wp\/v2\/users\/21"}],"replies":[{"embeddable":true,"href":"https:\/\/www.letsportsrock.com\/index.php?rest_route=%2Fwp%2Fv2%2Fcomments&post=61072"}],"version-history":[{"count":1,"href":"https:\/\/www.letsportsrock.com\/index.php?rest_route=\/wp\/v2\/posts\/61072\/revisions"}],"predecessor-version":[{"id":61079,"href":"https:\/\/www.letsportsrock.com\/index.php?rest_route=\/wp\/v2\/posts\/61072\/revisions\/61079"}],"wp:featuredmedia":[{"embeddable":true,"href":"https:\/\/www.letsportsrock.com\/index.php?rest_route=\/wp\/v2\/media\/61077"}],"wp:attachment":[{"href":"https:\/\/www.letsportsrock.com\/index.php?rest_route=%2Fwp%2Fv2%2Fmedia&parent=61072"}],"wp:term":[{"taxonomy":"category","embeddable":true,"href":"https:\/\/www.letsportsrock.com\/index.php?rest_route=%2Fwp%2Fv2%2Fcategories&post=61072"},{"taxonomy":"post_tag","embeddable":true,"href":"https:\/\/www.letsportsrock.com\/index.php?rest_route=%2Fwp%2Fv2%2Ftags&post=61072"}],"curies":[{"name":"wp","href":"https:\/\/api.w.org\/{rel}","templated":true}]}}