{"id":61245,"date":"2025-08-18T08:54:21","date_gmt":"2025-08-18T08:54:21","guid":{"rendered":"https:\/\/www.letsportsrock.com\/?p=61245"},"modified":"2025-08-18T08:54:21","modified_gmt":"2025-08-18T08:54:21","slug":"marea-sansa-a-lui-fcsb-jucatorul-de-baza-al-lui-aberdeen-out-pentru-duelul-din-europa-league","status":"publish","type":"post","link":"https:\/\/www.letsportsrock.com\/?p=61245","title":{"rendered":"Marea \u0219ans\u0103 a lui FCSB! Juc\u0103torul de baza al lui Aberdeen, out pentru duelul din Europa League&#8230;."},"content":{"rendered":"<div class=\"d79db4796efc26332eabfc3f5dafbc76\" data-index=\"1\" style=\"float: none; margin:10px 0 10px 0; text-align:center;\">\n<div class=\"hb-ad-inarticle\">\r\n    <div class=\"hb-ad-inner\"> \r\n    <div class=\"hbagency_cls\"  id=\"hbagency_space_111930\"><\/div><\/div> <\/div>\n<\/div>\n<p><strong><em>Marea \u0219ans\u0103 a lui FCSB! Juc\u0103torul de baza al lui Aberdeen, out pentru duelul din Europa League&#8230;.<\/em><\/strong><\/p>\n<p>&nbsp;<\/p>\n<p>FCSB a primit un impuls uria\u0219 \u00eenaintea meciului crucial din play-off-ul Europa League \u00eempotriva lui Aberdeen. Echipa sco\u021bian\u0103 va fi nevoit\u0103 s\u0103 joace f\u0103r\u0103 unul dintre cei mai importan\u021bi titulari ai s\u0103i, o figur\u0103 cheie at\u00e2t \u00een structura defensiv\u0103, c\u00e2t \u0219i \u00een tranzi\u021biile ofensive. Aceast\u0103 absen\u021b\u0103 nea\u0219teptat\u0103 ar putea \u00eenclina balan\u021ba \u00een favoarea gigan\u021bilor rom\u00e2ni, care sunt hot\u0103r\u00e2\u021bi s\u0103-\u0219i asigure un loc \u00een faza grupelor.<\/p>\n<p><img loading=\"lazy\" decoding=\"async\" class=\"alignnone size-medium wp-image-61246\" src=\"https:\/\/www.letsportsrock.com\/wp-content\/uploads\/2025\/08\/images-2025-08-18T095211.579-300x168.jpeg\" alt=\"\" width=\"300\" height=\"168\" srcset=\"https:\/\/www.letsportsrock.com\/wp-content\/uploads\/2025\/08\/images-2025-08-18T095211.579-300x168.jpeg 300w, https:\/\/www.letsportsrock.com\/wp-content\/uploads\/2025\/08\/images-2025-08-18T095211.579.jpeg 739w\" sizes=\"auto, (max-width: 300px) 100vw, 300px\" \/><\/p>\n<p>Juc\u0103torul exclus este considerat unul dintre cei mai constan\u021bi juc\u0103tori ai lui Aberdeen, dict\u00e2nd adesea ritmul jocului lor. F\u0103r\u0103 el, antrenorul Jimmy Thelin va trebui s\u0103-\u0219i remanieze planurile, ceea ce ar putea sl\u0103bi coeziunea general\u0103 a echipei. Pentru FCSB, aceasta reprezint\u0103 o oportunitate de aur de a exploata lacunele \u0219i de a lupta mai mult pentru calificare.<\/p>\n<p>&nbsp;<\/p>\n<p>Elias Charalambous \u0219i juc\u0103torii s\u0103i intr\u0103 \u00een joc \u00een form\u0103 bun\u0103 \u0219i cu mare \u00eencredere dup\u0103 recentele victorii din campionatul intern. Gigi Becali a spus clar c\u0103 calificarea european\u0103 este o prioritate maxim\u0103, at\u00e2t pentru prestigiu, c\u00e2t \u0219i pentru recompensele financiare care vin odat\u0103 cu aceasta.<\/p>\n<p>&nbsp;<\/p>\n<p>Fanii FCSB sunt plini de optimism, crez\u00e2nd c\u0103 aceast\u0103 absen\u021b\u0103 ar putea fi decisiv\u0103. Totu\u0219i, staff-ul tehnic avertizeaz\u0103 c\u0103 Aberdeen r\u0103m\u00e2ne un adversar disciplinat \u0219i periculos, capabil s\u0103 produc\u0103 surprize \u00een ciuda e\u0219ecului.<\/p>\n\n<div style=\"font-size: 0px; height: 0px; line-height: 0px; margin: 0; padding: 0; clear: both;\"><\/div>","protected":false},"excerpt":{"rendered":"<p>Marea \u0219ans\u0103 a lui FCSB! Juc\u0103torul de baza al lui Aberdeen, out pentru duelul din Europa League&#8230;. &nbsp; FCSB a primit un impuls uria\u0219 \u00eenaintea meciului crucial din play-off-ul Europa League \u00eempotriva lui Aberdeen. Echipa sco\u021bian\u0103 va fi nevoit\u0103 s\u0103 joace f\u0103r\u0103 unul dintre cei mai importan\u021bi titulari ai s\u0103i, o figur\u0103 cheie at\u00e2t \u00een [&hellip;]<\/p>\n","protected":false},"author":19,"featured_media":61247,"comment_status":"open","ping_status":"open","sticky":false,"template":"","format":"standard","meta":{"_jetpack_memberships_contains_paid_content":false,"footnotes":""},"categories":[276],"tags":[264],"class_list":["post-61245","post","type-post","status-publish","format-standard","has-post-thumbnail","hentry","category-fcsb","tag-fcsb"],"yoast_head":"<!-- This site is optimized with the Yoast SEO plugin v27.4 - https:\/\/yoast.com\/product\/yoast-seo-wordpress\/ -->\n<title>Marea \u0219ans\u0103 a lui FCSB! Juc\u0103torul de baza al lui Aberdeen, out pentru duelul din Europa League....<\/title>\n<meta name=\"description\" content=\"Marea \u0219ans\u0103 a lui FCSB! Juc\u0103torul de baza al lui Aberdeen, out pentru duelul din Europa League..................\" \/>\n<meta name=\"robots\" content=\"index, follow, max-snippet:-1, max-image-preview:large, max-video-preview:-1\" \/>\n<link rel=\"canonical\" href=\"https:\/\/www.letsportsrock.com\/?p=61245\" \/>\n<meta property=\"og:locale\" content=\"en_US\" \/>\n<meta property=\"og:type\" content=\"article\" \/>\n<meta property=\"og:title\" content=\"Marea \u0219ans\u0103 a lui FCSB! Juc\u0103torul de baza al lui Aberdeen, out pentru duelul din Europa League....\" \/>\n<meta property=\"og:description\" content=\"Marea \u0219ans\u0103 a lui FCSB! Juc\u0103torul de baza al lui Aberdeen, out pentru duelul din Europa League..................\" \/>\n<meta property=\"og:url\" content=\"https:\/\/www.letsportsrock.com\/?p=61245\" \/>\n<meta property=\"og:site_name\" content=\"letsportsrock\" \/>\n<meta property=\"article:published_time\" content=\"2025-08-18T08:54:21+00:00\" \/>\n<meta property=\"og:image\" content=\"https:\/\/www.letsportsrock.com\/wp-content\/uploads\/2025\/08\/images-2025-08-18T095125.362.jpeg\" \/>\n\t<meta property=\"og:image:width\" content=\"739\" \/>\n\t<meta property=\"og:image:height\" content=\"415\" \/>\n\t<meta property=\"og:image:type\" content=\"image\/jpeg\" \/>\n<meta name=\"author\" content=\"Benedict\" \/>\n<meta name=\"twitter:card\" content=\"summary_large_image\" \/>\n<meta name=\"twitter:label1\" content=\"Written by\" \/>\n\t<meta name=\"twitter:data1\" content=\"Benedict\" \/>\n\t<meta name=\"twitter:label2\" content=\"Est. reading time\" \/>\n\t<meta name=\"twitter:data2\" content=\"2 minutes\" \/>\n<script type=\"application\/ld+json\" class=\"yoast-schema-graph\">{\"@context\":\"https:\\\/\\\/schema.org\",\"@graph\":[{\"@type\":\"Article\",\"@id\":\"https:\\\/\\\/www.letsportsrock.com\\\/?p=61245#article\",\"isPartOf\":{\"@id\":\"https:\\\/\\\/www.letsportsrock.com\\\/?p=61245\"},\"author\":{\"name\":\"Benedict\",\"@id\":\"https:\\\/\\\/www.letsportsrock.com\\\/#\\\/schema\\\/person\\\/46ffa192b44abb5f73a64ac060b863c0\"},\"headline\":\"Marea \u0219ans\u0103 a lui FCSB! Juc\u0103torul de baza al lui Aberdeen, out pentru duelul din Europa League&#8230;.\",\"datePublished\":\"2025-08-18T08:54:21+00:00\",\"mainEntityOfPage\":{\"@id\":\"https:\\\/\\\/www.letsportsrock.com\\\/?p=61245\"},\"wordCount\":272,\"commentCount\":0,\"image\":{\"@id\":\"https:\\\/\\\/www.letsportsrock.com\\\/?p=61245#primaryimage\"},\"thumbnailUrl\":\"https:\\\/\\\/www.letsportsrock.com\\\/wp-content\\\/uploads\\\/2025\\\/08\\\/images-2025-08-18T095125.362.jpeg\",\"keywords\":[\"FCSB\"],\"articleSection\":[\"FCSB\"],\"inLanguage\":\"en-US\",\"potentialAction\":[{\"@type\":\"CommentAction\",\"name\":\"Comment\",\"target\":[\"https:\\\/\\\/www.letsportsrock.com\\\/?p=61245#respond\"]}]},{\"@type\":\"WebPage\",\"@id\":\"https:\\\/\\\/www.letsportsrock.com\\\/?p=61245\",\"url\":\"https:\\\/\\\/www.letsportsrock.com\\\/?p=61245\",\"name\":\"Marea \u0219ans\u0103 a lui FCSB! Juc\u0103torul de baza al lui Aberdeen, out pentru duelul din Europa League....\",\"isPartOf\":{\"@id\":\"https:\\\/\\\/www.letsportsrock.com\\\/#website\"},\"primaryImageOfPage\":{\"@id\":\"https:\\\/\\\/www.letsportsrock.com\\\/?p=61245#primaryimage\"},\"image\":{\"@id\":\"https:\\\/\\\/www.letsportsrock.com\\\/?p=61245#primaryimage\"},\"thumbnailUrl\":\"https:\\\/\\\/www.letsportsrock.com\\\/wp-content\\\/uploads\\\/2025\\\/08\\\/images-2025-08-18T095125.362.jpeg\",\"datePublished\":\"2025-08-18T08:54:21+00:00\",\"author\":{\"@id\":\"https:\\\/\\\/www.letsportsrock.com\\\/#\\\/schema\\\/person\\\/46ffa192b44abb5f73a64ac060b863c0\"},\"description\":\"Marea \u0219ans\u0103 a lui FCSB! Juc\u0103torul de baza al lui Aberdeen, out pentru duelul din Europa League..................\",\"breadcrumb\":{\"@id\":\"https:\\\/\\\/www.letsportsrock.com\\\/?p=61245#breadcrumb\"},\"inLanguage\":\"en-US\",\"potentialAction\":[{\"@type\":\"ReadAction\",\"target\":[\"https:\\\/\\\/www.letsportsrock.com\\\/?p=61245\"]}]},{\"@type\":\"ImageObject\",\"inLanguage\":\"en-US\",\"@id\":\"https:\\\/\\\/www.letsportsrock.com\\\/?p=61245#primaryimage\",\"url\":\"https:\\\/\\\/www.letsportsrock.com\\\/wp-content\\\/uploads\\\/2025\\\/08\\\/images-2025-08-18T095125.362.jpeg\",\"contentUrl\":\"https:\\\/\\\/www.letsportsrock.com\\\/wp-content\\\/uploads\\\/2025\\\/08\\\/images-2025-08-18T095125.362.jpeg\",\"width\":739,\"height\":415},{\"@type\":\"BreadcrumbList\",\"@id\":\"https:\\\/\\\/www.letsportsrock.com\\\/?p=61245#breadcrumb\",\"itemListElement\":[{\"@type\":\"ListItem\",\"position\":1,\"name\":\"Home\",\"item\":\"https:\\\/\\\/www.letsportsrock.com\\\/\"},{\"@type\":\"ListItem\",\"position\":2,\"name\":\"Marea \u0219ans\u0103 a lui FCSB! Juc\u0103torul de baza al lui Aberdeen, out pentru duelul din Europa League&#8230;.\"}]},{\"@type\":\"WebSite\",\"@id\":\"https:\\\/\\\/www.letsportsrock.com\\\/#website\",\"url\":\"https:\\\/\\\/www.letsportsrock.com\\\/\",\"name\":\"letsportsrock\",\"description\":\"Sport News and Updates\",\"potentialAction\":[{\"@type\":\"SearchAction\",\"target\":{\"@type\":\"EntryPoint\",\"urlTemplate\":\"https:\\\/\\\/www.letsportsrock.com\\\/?s={search_term_string}\"},\"query-input\":{\"@type\":\"PropertyValueSpecification\",\"valueRequired\":true,\"valueName\":\"search_term_string\"}}],\"inLanguage\":\"en-US\"},{\"@type\":\"Person\",\"@id\":\"https:\\\/\\\/www.letsportsrock.com\\\/#\\\/schema\\\/person\\\/46ffa192b44abb5f73a64ac060b863c0\",\"name\":\"Benedict\",\"image\":{\"@type\":\"ImageObject\",\"inLanguage\":\"en-US\",\"@id\":\"https:\\\/\\\/secure.gravatar.com\\\/avatar\\\/91345136d4e2206293ebdc22304c65968887191f0b832cb181dd8965f4de256b?s=96&d=mm&r=g\",\"url\":\"https:\\\/\\\/secure.gravatar.com\\\/avatar\\\/91345136d4e2206293ebdc22304c65968887191f0b832cb181dd8965f4de256b?s=96&d=mm&r=g\",\"contentUrl\":\"https:\\\/\\\/secure.gravatar.com\\\/avatar\\\/91345136d4e2206293ebdc22304c65968887191f0b832cb181dd8965f4de256b?s=96&d=mm&r=g\",\"caption\":\"Benedict\"},\"sameAs\":[\"https:\\\/\\\/www.letsportsrock.com\\\/wp-admin\\\/\"],\"url\":\"https:\\\/\\\/www.letsportsrock.com\\\/?author=19\"}]}<\/script>\n<!-- \/ Yoast SEO plugin. -->","yoast_head_json":{"title":"Marea \u0219ans\u0103 a lui FCSB! Juc\u0103torul de baza al lui Aberdeen, out pentru duelul din Europa League....","description":"Marea \u0219ans\u0103 a lui FCSB! Juc\u0103torul de baza al lui Aberdeen, out pentru duelul din Europa League..................","robots":{"index":"index","follow":"follow","max-snippet":"max-snippet:-1","max-image-preview":"max-image-preview:large","max-video-preview":"max-video-preview:-1"},"canonical":"https:\/\/www.letsportsrock.com\/?p=61245","og_locale":"en_US","og_type":"article","og_title":"Marea \u0219ans\u0103 a lui FCSB! Juc\u0103torul de baza al lui Aberdeen, out pentru duelul din Europa League....","og_description":"Marea \u0219ans\u0103 a lui FCSB! Juc\u0103torul de baza al lui Aberdeen, out pentru duelul din Europa League..................","og_url":"https:\/\/www.letsportsrock.com\/?p=61245","og_site_name":"letsportsrock","article_published_time":"2025-08-18T08:54:21+00:00","og_image":[{"width":739,"height":415,"url":"https:\/\/www.letsportsrock.com\/wp-content\/uploads\/2025\/08\/images-2025-08-18T095125.362.jpeg","type":"image\/jpeg"}],"author":"Benedict","twitter_card":"summary_large_image","twitter_misc":{"Written by":"Benedict","Est. reading time":"2 minutes"},"schema":{"@context":"https:\/\/schema.org","@graph":[{"@type":"Article","@id":"https:\/\/www.letsportsrock.com\/?p=61245#article","isPartOf":{"@id":"https:\/\/www.letsportsrock.com\/?p=61245"},"author":{"name":"Benedict","@id":"https:\/\/www.letsportsrock.com\/#\/schema\/person\/46ffa192b44abb5f73a64ac060b863c0"},"headline":"Marea \u0219ans\u0103 a lui FCSB! Juc\u0103torul de baza al lui Aberdeen, out pentru duelul din Europa League&#8230;.","datePublished":"2025-08-18T08:54:21+00:00","mainEntityOfPage":{"@id":"https:\/\/www.letsportsrock.com\/?p=61245"},"wordCount":272,"commentCount":0,"image":{"@id":"https:\/\/www.letsportsrock.com\/?p=61245#primaryimage"},"thumbnailUrl":"https:\/\/www.letsportsrock.com\/wp-content\/uploads\/2025\/08\/images-2025-08-18T095125.362.jpeg","keywords":["FCSB"],"articleSection":["FCSB"],"inLanguage":"en-US","potentialAction":[{"@type":"CommentAction","name":"Comment","target":["https:\/\/www.letsportsrock.com\/?p=61245#respond"]}]},{"@type":"WebPage","@id":"https:\/\/www.letsportsrock.com\/?p=61245","url":"https:\/\/www.letsportsrock.com\/?p=61245","name":"Marea \u0219ans\u0103 a lui FCSB! Juc\u0103torul de baza al lui Aberdeen, out pentru duelul din Europa League....","isPartOf":{"@id":"https:\/\/www.letsportsrock.com\/#website"},"primaryImageOfPage":{"@id":"https:\/\/www.letsportsrock.com\/?p=61245#primaryimage"},"image":{"@id":"https:\/\/www.letsportsrock.com\/?p=61245#primaryimage"},"thumbnailUrl":"https:\/\/www.letsportsrock.com\/wp-content\/uploads\/2025\/08\/images-2025-08-18T095125.362.jpeg","datePublished":"2025-08-18T08:54:21+00:00","author":{"@id":"https:\/\/www.letsportsrock.com\/#\/schema\/person\/46ffa192b44abb5f73a64ac060b863c0"},"description":"Marea \u0219ans\u0103 a lui FCSB! Juc\u0103torul de baza al lui Aberdeen, out pentru duelul din Europa League..................","breadcrumb":{"@id":"https:\/\/www.letsportsrock.com\/?p=61245#breadcrumb"},"inLanguage":"en-US","potentialAction":[{"@type":"ReadAction","target":["https:\/\/www.letsportsrock.com\/?p=61245"]}]},{"@type":"ImageObject","inLanguage":"en-US","@id":"https:\/\/www.letsportsrock.com\/?p=61245#primaryimage","url":"https:\/\/www.letsportsrock.com\/wp-content\/uploads\/2025\/08\/images-2025-08-18T095125.362.jpeg","contentUrl":"https:\/\/www.letsportsrock.com\/wp-content\/uploads\/2025\/08\/images-2025-08-18T095125.362.jpeg","width":739,"height":415},{"@type":"BreadcrumbList","@id":"https:\/\/www.letsportsrock.com\/?p=61245#breadcrumb","itemListElement":[{"@type":"ListItem","position":1,"name":"Home","item":"https:\/\/www.letsportsrock.com\/"},{"@type":"ListItem","position":2,"name":"Marea \u0219ans\u0103 a lui FCSB! Juc\u0103torul de baza al lui Aberdeen, out pentru duelul din Europa League&#8230;."}]},{"@type":"WebSite","@id":"https:\/\/www.letsportsrock.com\/#website","url":"https:\/\/www.letsportsrock.com\/","name":"letsportsrock","description":"Sport News and Updates","potentialAction":[{"@type":"SearchAction","target":{"@type":"EntryPoint","urlTemplate":"https:\/\/www.letsportsrock.com\/?s={search_term_string}"},"query-input":{"@type":"PropertyValueSpecification","valueRequired":true,"valueName":"search_term_string"}}],"inLanguage":"en-US"},{"@type":"Person","@id":"https:\/\/www.letsportsrock.com\/#\/schema\/person\/46ffa192b44abb5f73a64ac060b863c0","name":"Benedict","image":{"@type":"ImageObject","inLanguage":"en-US","@id":"https:\/\/secure.gravatar.com\/avatar\/91345136d4e2206293ebdc22304c65968887191f0b832cb181dd8965f4de256b?s=96&d=mm&r=g","url":"https:\/\/secure.gravatar.com\/avatar\/91345136d4e2206293ebdc22304c65968887191f0b832cb181dd8965f4de256b?s=96&d=mm&r=g","contentUrl":"https:\/\/secure.gravatar.com\/avatar\/91345136d4e2206293ebdc22304c65968887191f0b832cb181dd8965f4de256b?s=96&d=mm&r=g","caption":"Benedict"},"sameAs":["https:\/\/www.letsportsrock.com\/wp-admin\/"],"url":"https:\/\/www.letsportsrock.com\/?author=19"}]}},"jetpack_featured_media_url":"https:\/\/www.letsportsrock.com\/wp-content\/uploads\/2025\/08\/images-2025-08-18T095125.362.jpeg","jetpack_sharing_enabled":true,"_links":{"self":[{"href":"https:\/\/www.letsportsrock.com\/index.php?rest_route=\/wp\/v2\/posts\/61245","targetHints":{"allow":["GET"]}}],"collection":[{"href":"https:\/\/www.letsportsrock.com\/index.php?rest_route=\/wp\/v2\/posts"}],"about":[{"href":"https:\/\/www.letsportsrock.com\/index.php?rest_route=\/wp\/v2\/types\/post"}],"author":[{"embeddable":true,"href":"https:\/\/www.letsportsrock.com\/index.php?rest_route=\/wp\/v2\/users\/19"}],"replies":[{"embeddable":true,"href":"https:\/\/www.letsportsrock.com\/index.php?rest_route=%2Fwp%2Fv2%2Fcomments&post=61245"}],"version-history":[{"count":1,"href":"https:\/\/www.letsportsrock.com\/index.php?rest_route=\/wp\/v2\/posts\/61245\/revisions"}],"predecessor-version":[{"id":61248,"href":"https:\/\/www.letsportsrock.com\/index.php?rest_route=\/wp\/v2\/posts\/61245\/revisions\/61248"}],"wp:featuredmedia":[{"embeddable":true,"href":"https:\/\/www.letsportsrock.com\/index.php?rest_route=\/wp\/v2\/media\/61247"}],"wp:attachment":[{"href":"https:\/\/www.letsportsrock.com\/index.php?rest_route=%2Fwp%2Fv2%2Fmedia&parent=61245"}],"wp:term":[{"taxonomy":"category","embeddable":true,"href":"https:\/\/www.letsportsrock.com\/index.php?rest_route=%2Fwp%2Fv2%2Fcategories&post=61245"},{"taxonomy":"post_tag","embeddable":true,"href":"https:\/\/www.letsportsrock.com\/index.php?rest_route=%2Fwp%2Fv2%2Ftags&post=61245"}],"curies":[{"name":"wp","href":"https:\/\/api.w.org\/{rel}","templated":true}]}}