{"id":61254,"date":"2025-08-18T11:26:27","date_gmt":"2025-08-18T11:26:27","guid":{"rendered":"https:\/\/www.letsportsrock.com\/?p=61254"},"modified":"2025-08-18T11:26:27","modified_gmt":"2025-08-18T11:26:27","slug":"offiziell-sebastien-haller-verlasst-borussia-dortmund-in-richtung-utrecht-aufgrund-von","status":"publish","type":"post","link":"https:\/\/www.letsportsrock.com\/?p=61254","title":{"rendered":"Offiziell | S\u00e9bastien Haller verl\u00e4sst Borussia Dortmund in Richtung Utrecht aufgrund von &#8230;.."},"content":{"rendered":"<div class=\"d79db4796efc26332eabfc3f5dafbc76\" data-index=\"1\" style=\"float: none; margin:10px 0 10px 0; text-align:center;\">\n<div class=\"hb-ad-inarticle\">\r\n    <div class=\"hb-ad-inner\"> \r\n    <div class=\"hbagency_cls\"  id=\"hbagency_space_111930\"><\/div><\/div> <\/div>\n<\/div>\n<h2>Offiziell | S\u00e9bastien Haller verl\u00e4sst Borussia Dortmund in Richtung Utrecht aufgrund von &#8230;..<\/h2>\n<p>&nbsp;<\/p>\n<p>Offiziell: S\u00e9bastien Haller verl\u00e4sst Borussia Dortmund und wechselt zu Utrecht<\/p>\n<p>Borussia Dortmund hat offiziell den Abgang von St\u00fcrmer S\u00e9bastien Haller bekannt gegeben. Der ivorische Nationalspieler wechselt abl\u00f6sefrei zum niederl\u00e4ndischen Klub FC Utrecht und unterschreibt dort einen Einjahresvertrag bis 2026.<\/p>\n<p>Haller verl\u00e4sst Dortmund nach drei bewegten Jahren, in denen er sowohl sportliche als auch pers\u00f6nliche Herausforderungen meistern musste. Kurz nach seinem Wechsel im Jahr 2022 wurde bei ihm Hodenkrebs diagnostiziert, wodurch er gro\u00dfe Teile seiner ersten Saison verpasste. Nach einer beeindruckenden Genesung kehrte er zur\u00fcck und erzielte neun Tore in 33 Bundesliga-Partien.<\/p>\n<p>Trotz seines Comebacks konnte sich Haller in den letzten Spielzeiten keinen festen Stammplatz mehr sichern, zumal Dortmund vermehrt auf j\u00fcngere Offensivkr\u00e4fte setzt. Ein Wechsel nach Utrecht \u2013 wo er bereits Anfang 2025 erfolgreich auf Leihbasis spielte \u2013 bietet ihm nun die Chance auf mehr Einsatzzeiten in vertrauter Umgebung. W\u00e4hrend dieser Leihe erzielte er sechs Tore und bereitete einen weiteren Treffer vor.<\/p>\n<p>Der Transfer ist f\u00fcr beide Seiten sinnvoll: Haller erh\u00e4lt die M\u00f6glichkeit, seine Karriere neu zu beleben, w\u00e4hrend Dortmund Platz f\u00fcr neue Entwicklungen im Angriff schafft \u2013 in gegenseitigem Respekt und mit Dank f\u00fcr seine Zeit im schwarz-gelbenTrikot.<\/p>\n<p>&nbsp;<\/p>\n\n<div style=\"font-size: 0px; height: 0px; line-height: 0px; margin: 0; padding: 0; clear: both;\"><\/div>","protected":false},"excerpt":{"rendered":"<p>Offiziell | S\u00e9bastien Haller verl\u00e4sst Borussia Dortmund in Richtung Utrecht aufgrund von &#8230;.. &nbsp; Offiziell: S\u00e9bastien Haller verl\u00e4sst Borussia Dortmund und wechselt zu Utrecht Borussia Dortmund hat offiziell den Abgang von St\u00fcrmer S\u00e9bastien Haller bekannt gegeben. Der ivorische Nationalspieler wechselt abl\u00f6sefrei zum niederl\u00e4ndischen Klub FC Utrecht und unterschreibt dort einen Einjahresvertrag bis 2026. Haller verl\u00e4sst [&hellip;]<\/p>\n","protected":false},"author":11,"featured_media":61255,"comment_status":"open","ping_status":"open","sticky":false,"template":"","format":"standard","meta":{"_jetpack_memberships_contains_paid_content":false,"footnotes":""},"categories":[1],"tags":[],"class_list":["post-61254","post","type-post","status-publish","format-standard","has-post-thumbnail","hentry","category-uncategorized"],"yoast_head":"<!-- This site is optimized with the Yoast SEO plugin v27.4 - https:\/\/yoast.com\/product\/yoast-seo-wordpress\/ -->\n<title>Offiziell | S\u00e9bastien Haller verl\u00e4sst Borussia Dortmund in<\/title>\n<meta name=\"description\" content=\"Offiziell | S\u00e9bastien Haller verl\u00e4sst Borussia Dortmund in Richtung Utrecht aufgrund von ............,.......\" \/>\n<meta name=\"robots\" content=\"index, follow, max-snippet:-1, max-image-preview:large, max-video-preview:-1\" \/>\n<link rel=\"canonical\" href=\"https:\/\/www.letsportsrock.com\/?p=61254\" \/>\n<meta property=\"og:locale\" content=\"en_US\" \/>\n<meta property=\"og:type\" content=\"article\" \/>\n<meta property=\"og:title\" content=\"Offiziell | S\u00e9bastien Haller verl\u00e4sst Borussia Dortmund in\" \/>\n<meta property=\"og:description\" content=\"Offiziell | S\u00e9bastien Haller verl\u00e4sst Borussia Dortmund in Richtung Utrecht aufgrund von ............,.......\" \/>\n<meta property=\"og:url\" content=\"https:\/\/www.letsportsrock.com\/?p=61254\" \/>\n<meta property=\"og:site_name\" content=\"letsportsrock\" \/>\n<meta property=\"article:published_time\" content=\"2025-08-18T11:26:27+00:00\" \/>\n<meta property=\"og:image\" content=\"https:\/\/www.letsportsrock.com\/wp-content\/uploads\/2025\/08\/borussia-dortmund-resume-training-after-summer-break-5-1024x683-1.webp\" \/>\n\t<meta property=\"og:image:width\" content=\"1024\" \/>\n\t<meta property=\"og:image:height\" content=\"683\" \/>\n\t<meta property=\"og:image:type\" content=\"image\/webp\" \/>\n<meta name=\"author\" content=\"Shughun Ivory\" \/>\n<meta name=\"twitter:card\" content=\"summary_large_image\" \/>\n<meta name=\"twitter:label1\" content=\"Written by\" \/>\n\t<meta name=\"twitter:data1\" content=\"Shughun Ivory\" \/>\n\t<meta name=\"twitter:label2\" content=\"Est. reading time\" \/>\n\t<meta name=\"twitter:data2\" content=\"2 minutes\" \/>\n<script type=\"application\/ld+json\" class=\"yoast-schema-graph\">{\"@context\":\"https:\\\/\\\/schema.org\",\"@graph\":[{\"@type\":\"Article\",\"@id\":\"https:\\\/\\\/www.letsportsrock.com\\\/?p=61254#article\",\"isPartOf\":{\"@id\":\"https:\\\/\\\/www.letsportsrock.com\\\/?p=61254\"},\"author\":{\"name\":\"Shughun Ivory\",\"@id\":\"https:\\\/\\\/www.letsportsrock.com\\\/#\\\/schema\\\/person\\\/674619adef31b09138e9ccd4e2852ee0\"},\"headline\":\"Offiziell | S\u00e9bastien Haller verl\u00e4sst Borussia Dortmund in Richtung Utrecht aufgrund von &#8230;..\",\"datePublished\":\"2025-08-18T11:26:27+00:00\",\"mainEntityOfPage\":{\"@id\":\"https:\\\/\\\/www.letsportsrock.com\\\/?p=61254\"},\"wordCount\":229,\"commentCount\":0,\"image\":{\"@id\":\"https:\\\/\\\/www.letsportsrock.com\\\/?p=61254#primaryimage\"},\"thumbnailUrl\":\"https:\\\/\\\/www.letsportsrock.com\\\/wp-content\\\/uploads\\\/2025\\\/08\\\/borussia-dortmund-resume-training-after-summer-break-5-1024x683-1.webp\",\"inLanguage\":\"en-US\",\"potentialAction\":[{\"@type\":\"CommentAction\",\"name\":\"Comment\",\"target\":[\"https:\\\/\\\/www.letsportsrock.com\\\/?p=61254#respond\"]}]},{\"@type\":\"WebPage\",\"@id\":\"https:\\\/\\\/www.letsportsrock.com\\\/?p=61254\",\"url\":\"https:\\\/\\\/www.letsportsrock.com\\\/?p=61254\",\"name\":\"Offiziell | S\u00e9bastien Haller verl\u00e4sst Borussia Dortmund in\",\"isPartOf\":{\"@id\":\"https:\\\/\\\/www.letsportsrock.com\\\/#website\"},\"primaryImageOfPage\":{\"@id\":\"https:\\\/\\\/www.letsportsrock.com\\\/?p=61254#primaryimage\"},\"image\":{\"@id\":\"https:\\\/\\\/www.letsportsrock.com\\\/?p=61254#primaryimage\"},\"thumbnailUrl\":\"https:\\\/\\\/www.letsportsrock.com\\\/wp-content\\\/uploads\\\/2025\\\/08\\\/borussia-dortmund-resume-training-after-summer-break-5-1024x683-1.webp\",\"datePublished\":\"2025-08-18T11:26:27+00:00\",\"author\":{\"@id\":\"https:\\\/\\\/www.letsportsrock.com\\\/#\\\/schema\\\/person\\\/674619adef31b09138e9ccd4e2852ee0\"},\"description\":\"Offiziell | S\u00e9bastien Haller verl\u00e4sst Borussia Dortmund in Richtung Utrecht aufgrund von ............,.......\",\"breadcrumb\":{\"@id\":\"https:\\\/\\\/www.letsportsrock.com\\\/?p=61254#breadcrumb\"},\"inLanguage\":\"en-US\",\"potentialAction\":[{\"@type\":\"ReadAction\",\"target\":[\"https:\\\/\\\/www.letsportsrock.com\\\/?p=61254\"]}]},{\"@type\":\"ImageObject\",\"inLanguage\":\"en-US\",\"@id\":\"https:\\\/\\\/www.letsportsrock.com\\\/?p=61254#primaryimage\",\"url\":\"https:\\\/\\\/www.letsportsrock.com\\\/wp-content\\\/uploads\\\/2025\\\/08\\\/borussia-dortmund-resume-training-after-summer-break-5-1024x683-1.webp\",\"contentUrl\":\"https:\\\/\\\/www.letsportsrock.com\\\/wp-content\\\/uploads\\\/2025\\\/08\\\/borussia-dortmund-resume-training-after-summer-break-5-1024x683-1.webp\",\"width\":1024,\"height\":683},{\"@type\":\"BreadcrumbList\",\"@id\":\"https:\\\/\\\/www.letsportsrock.com\\\/?p=61254#breadcrumb\",\"itemListElement\":[{\"@type\":\"ListItem\",\"position\":1,\"name\":\"Home\",\"item\":\"https:\\\/\\\/www.letsportsrock.com\\\/\"},{\"@type\":\"ListItem\",\"position\":2,\"name\":\"Offiziell | S\u00e9bastien Haller verl\u00e4sst Borussia Dortmund in Richtung Utrecht aufgrund von &#8230;..\"}]},{\"@type\":\"WebSite\",\"@id\":\"https:\\\/\\\/www.letsportsrock.com\\\/#website\",\"url\":\"https:\\\/\\\/www.letsportsrock.com\\\/\",\"name\":\"letsportsrock\",\"description\":\"Sport News and Updates\",\"potentialAction\":[{\"@type\":\"SearchAction\",\"target\":{\"@type\":\"EntryPoint\",\"urlTemplate\":\"https:\\\/\\\/www.letsportsrock.com\\\/?s={search_term_string}\"},\"query-input\":{\"@type\":\"PropertyValueSpecification\",\"valueRequired\":true,\"valueName\":\"search_term_string\"}}],\"inLanguage\":\"en-US\"},{\"@type\":\"Person\",\"@id\":\"https:\\\/\\\/www.letsportsrock.com\\\/#\\\/schema\\\/person\\\/674619adef31b09138e9ccd4e2852ee0\",\"name\":\"Shughun Ivory\",\"image\":{\"@type\":\"ImageObject\",\"inLanguage\":\"en-US\",\"@id\":\"https:\\\/\\\/secure.gravatar.com\\\/avatar\\\/0461d8b87ac229159ac526ebabd85108a5009b97923e896e2a506577805f8fc1?s=96&d=mm&r=g\",\"url\":\"https:\\\/\\\/secure.gravatar.com\\\/avatar\\\/0461d8b87ac229159ac526ebabd85108a5009b97923e896e2a506577805f8fc1?s=96&d=mm&r=g\",\"contentUrl\":\"https:\\\/\\\/secure.gravatar.com\\\/avatar\\\/0461d8b87ac229159ac526ebabd85108a5009b97923e896e2a506577805f8fc1?s=96&d=mm&r=g\",\"caption\":\"Shughun Ivory\"},\"sameAs\":[\"http:\\\/\\\/Letsportsrock.com\"],\"url\":\"https:\\\/\\\/www.letsportsrock.com\\\/?author=11\"}]}<\/script>\n<!-- \/ Yoast SEO plugin. -->","yoast_head_json":{"title":"Offiziell | S\u00e9bastien Haller verl\u00e4sst Borussia Dortmund in","description":"Offiziell | S\u00e9bastien Haller verl\u00e4sst Borussia Dortmund in Richtung Utrecht aufgrund von ............,.......","robots":{"index":"index","follow":"follow","max-snippet":"max-snippet:-1","max-image-preview":"max-image-preview:large","max-video-preview":"max-video-preview:-1"},"canonical":"https:\/\/www.letsportsrock.com\/?p=61254","og_locale":"en_US","og_type":"article","og_title":"Offiziell | S\u00e9bastien Haller verl\u00e4sst Borussia Dortmund in","og_description":"Offiziell | S\u00e9bastien Haller verl\u00e4sst Borussia Dortmund in Richtung Utrecht aufgrund von ............,.......","og_url":"https:\/\/www.letsportsrock.com\/?p=61254","og_site_name":"letsportsrock","article_published_time":"2025-08-18T11:26:27+00:00","og_image":[{"width":1024,"height":683,"url":"https:\/\/www.letsportsrock.com\/wp-content\/uploads\/2025\/08\/borussia-dortmund-resume-training-after-summer-break-5-1024x683-1.webp","type":"image\/webp"}],"author":"Shughun Ivory","twitter_card":"summary_large_image","twitter_misc":{"Written by":"Shughun Ivory","Est. reading time":"2 minutes"},"schema":{"@context":"https:\/\/schema.org","@graph":[{"@type":"Article","@id":"https:\/\/www.letsportsrock.com\/?p=61254#article","isPartOf":{"@id":"https:\/\/www.letsportsrock.com\/?p=61254"},"author":{"name":"Shughun Ivory","@id":"https:\/\/www.letsportsrock.com\/#\/schema\/person\/674619adef31b09138e9ccd4e2852ee0"},"headline":"Offiziell | S\u00e9bastien Haller verl\u00e4sst Borussia Dortmund in Richtung Utrecht aufgrund von &#8230;..","datePublished":"2025-08-18T11:26:27+00:00","mainEntityOfPage":{"@id":"https:\/\/www.letsportsrock.com\/?p=61254"},"wordCount":229,"commentCount":0,"image":{"@id":"https:\/\/www.letsportsrock.com\/?p=61254#primaryimage"},"thumbnailUrl":"https:\/\/www.letsportsrock.com\/wp-content\/uploads\/2025\/08\/borussia-dortmund-resume-training-after-summer-break-5-1024x683-1.webp","inLanguage":"en-US","potentialAction":[{"@type":"CommentAction","name":"Comment","target":["https:\/\/www.letsportsrock.com\/?p=61254#respond"]}]},{"@type":"WebPage","@id":"https:\/\/www.letsportsrock.com\/?p=61254","url":"https:\/\/www.letsportsrock.com\/?p=61254","name":"Offiziell | S\u00e9bastien Haller verl\u00e4sst Borussia Dortmund in","isPartOf":{"@id":"https:\/\/www.letsportsrock.com\/#website"},"primaryImageOfPage":{"@id":"https:\/\/www.letsportsrock.com\/?p=61254#primaryimage"},"image":{"@id":"https:\/\/www.letsportsrock.com\/?p=61254#primaryimage"},"thumbnailUrl":"https:\/\/www.letsportsrock.com\/wp-content\/uploads\/2025\/08\/borussia-dortmund-resume-training-after-summer-break-5-1024x683-1.webp","datePublished":"2025-08-18T11:26:27+00:00","author":{"@id":"https:\/\/www.letsportsrock.com\/#\/schema\/person\/674619adef31b09138e9ccd4e2852ee0"},"description":"Offiziell | S\u00e9bastien Haller verl\u00e4sst Borussia Dortmund in Richtung Utrecht aufgrund von ............,.......","breadcrumb":{"@id":"https:\/\/www.letsportsrock.com\/?p=61254#breadcrumb"},"inLanguage":"en-US","potentialAction":[{"@type":"ReadAction","target":["https:\/\/www.letsportsrock.com\/?p=61254"]}]},{"@type":"ImageObject","inLanguage":"en-US","@id":"https:\/\/www.letsportsrock.com\/?p=61254#primaryimage","url":"https:\/\/www.letsportsrock.com\/wp-content\/uploads\/2025\/08\/borussia-dortmund-resume-training-after-summer-break-5-1024x683-1.webp","contentUrl":"https:\/\/www.letsportsrock.com\/wp-content\/uploads\/2025\/08\/borussia-dortmund-resume-training-after-summer-break-5-1024x683-1.webp","width":1024,"height":683},{"@type":"BreadcrumbList","@id":"https:\/\/www.letsportsrock.com\/?p=61254#breadcrumb","itemListElement":[{"@type":"ListItem","position":1,"name":"Home","item":"https:\/\/www.letsportsrock.com\/"},{"@type":"ListItem","position":2,"name":"Offiziell | S\u00e9bastien Haller verl\u00e4sst Borussia Dortmund in Richtung Utrecht aufgrund von &#8230;.."}]},{"@type":"WebSite","@id":"https:\/\/www.letsportsrock.com\/#website","url":"https:\/\/www.letsportsrock.com\/","name":"letsportsrock","description":"Sport News and Updates","potentialAction":[{"@type":"SearchAction","target":{"@type":"EntryPoint","urlTemplate":"https:\/\/www.letsportsrock.com\/?s={search_term_string}"},"query-input":{"@type":"PropertyValueSpecification","valueRequired":true,"valueName":"search_term_string"}}],"inLanguage":"en-US"},{"@type":"Person","@id":"https:\/\/www.letsportsrock.com\/#\/schema\/person\/674619adef31b09138e9ccd4e2852ee0","name":"Shughun Ivory","image":{"@type":"ImageObject","inLanguage":"en-US","@id":"https:\/\/secure.gravatar.com\/avatar\/0461d8b87ac229159ac526ebabd85108a5009b97923e896e2a506577805f8fc1?s=96&d=mm&r=g","url":"https:\/\/secure.gravatar.com\/avatar\/0461d8b87ac229159ac526ebabd85108a5009b97923e896e2a506577805f8fc1?s=96&d=mm&r=g","contentUrl":"https:\/\/secure.gravatar.com\/avatar\/0461d8b87ac229159ac526ebabd85108a5009b97923e896e2a506577805f8fc1?s=96&d=mm&r=g","caption":"Shughun Ivory"},"sameAs":["http:\/\/Letsportsrock.com"],"url":"https:\/\/www.letsportsrock.com\/?author=11"}]}},"jetpack_featured_media_url":"https:\/\/www.letsportsrock.com\/wp-content\/uploads\/2025\/08\/borussia-dortmund-resume-training-after-summer-break-5-1024x683-1.webp","jetpack_sharing_enabled":true,"_links":{"self":[{"href":"https:\/\/www.letsportsrock.com\/index.php?rest_route=\/wp\/v2\/posts\/61254","targetHints":{"allow":["GET"]}}],"collection":[{"href":"https:\/\/www.letsportsrock.com\/index.php?rest_route=\/wp\/v2\/posts"}],"about":[{"href":"https:\/\/www.letsportsrock.com\/index.php?rest_route=\/wp\/v2\/types\/post"}],"author":[{"embeddable":true,"href":"https:\/\/www.letsportsrock.com\/index.php?rest_route=\/wp\/v2\/users\/11"}],"replies":[{"embeddable":true,"href":"https:\/\/www.letsportsrock.com\/index.php?rest_route=%2Fwp%2Fv2%2Fcomments&post=61254"}],"version-history":[{"count":1,"href":"https:\/\/www.letsportsrock.com\/index.php?rest_route=\/wp\/v2\/posts\/61254\/revisions"}],"predecessor-version":[{"id":61256,"href":"https:\/\/www.letsportsrock.com\/index.php?rest_route=\/wp\/v2\/posts\/61254\/revisions\/61256"}],"wp:featuredmedia":[{"embeddable":true,"href":"https:\/\/www.letsportsrock.com\/index.php?rest_route=\/wp\/v2\/media\/61255"}],"wp:attachment":[{"href":"https:\/\/www.letsportsrock.com\/index.php?rest_route=%2Fwp%2Fv2%2Fmedia&parent=61254"}],"wp:term":[{"taxonomy":"category","embeddable":true,"href":"https:\/\/www.letsportsrock.com\/index.php?rest_route=%2Fwp%2Fv2%2Fcategories&post=61254"},{"taxonomy":"post_tag","embeddable":true,"href":"https:\/\/www.letsportsrock.com\/index.php?rest_route=%2Fwp%2Fv2%2Ftags&post=61254"}],"curies":[{"name":"wp","href":"https:\/\/api.w.org\/{rel}","templated":true}]}}