{"id":61326,"date":"2025-08-19T00:36:15","date_gmt":"2025-08-19T00:36:15","guid":{"rendered":"https:\/\/www.letsportsrock.com\/?p=61326"},"modified":"2025-08-19T00:36:15","modified_gmt":"2025-08-19T00:36:15","slug":"andrei-gheorghita-a-uitat-deja-de-fcsb-dupa-primul-meci-la-u-cluj-e-prima-data-cand-antrenorul-imi-spune-ia-mingea-fa-ce-vrei","status":"publish","type":"post","link":"https:\/\/www.letsportsrock.com\/?p=61326","title":{"rendered":"Andrei Gheorghi\u021b\u0103 a uitat deja de FCSB dup\u0103 primul meci la U Cluj. \u201eE prima dat\u0103 c\u00e2nd antrenorul \u00eemi spune ia mingea, f\u0103 ce vrei\u201d&#8230;.."},"content":{"rendered":"<div class=\"d79db4796efc26332eabfc3f5dafbc76\" data-index=\"1\" style=\"float: none; margin:10px 0 10px 0; text-align:center;\">\n<div class=\"hb-ad-inarticle\">\r\n    <div class=\"hb-ad-inner\"> \r\n    <div class=\"hbagency_cls\"  id=\"hbagency_space_111930\"><\/div><\/div> <\/div>\n<\/div>\n<p>Andrei Gheorghi\u021b\u0103 pare s\u0103 fi g\u0103sit rapid atmosfera potrivit\u0103 la Universitatea Cluj, dup\u0103 ce \u00een aceast\u0103 var\u0103 a plecat de la FCSB. Fotbalistul a debutat deja \u00een tricoul \u201e\u0219epcilor ro\u0219ii\u201d \u0219i a transmis primele impresii despre noua experien\u021b\u0103.<\/p>\n<p>&nbsp;<\/p>\n<p>T\u00e2n\u0103rul mijloca\u0219 a recunoscut c\u0103 simte o diferen\u021b\u0103 uria\u0219\u0103 fa\u021b\u0103 de perioada petrecut\u0103 la echipa lui Gigi Becali, unde presiunea \u0219i indica\u021biile stricte ale patronului \u00eel f\u0103ceau adesea s\u0103 joace cu team\u0103. La Cluj, spune el, lucrurile sunt complet diferite. \u201eE prima dat\u0103 c\u00e2nd antrenorul \u00eemi spune: \u00abIa mingea \u0219i f\u0103 ce vrei cu ea\u00bb.<\/p>\n<p style=\"text-align: left\"><img loading=\"lazy\" decoding=\"async\" class=\"alignnone size-medium wp-image-61327\" src=\"https:\/\/www.letsportsrock.com\/wp-content\/uploads\/2025\/08\/farul-constanta-universitatea-cluj-superliga-superbet-18-08-2025-1-300x168.jpg\" alt=\"\" width=\"300\" height=\"168\" srcset=\"https:\/\/www.letsportsrock.com\/wp-content\/uploads\/2025\/08\/farul-constanta-universitatea-cluj-superliga-superbet-18-08-2025-1-300x168.jpg 300w, https:\/\/www.letsportsrock.com\/wp-content\/uploads\/2025\/08\/farul-constanta-universitatea-cluj-superliga-superbet-18-08-2025-1.jpg 535w\" sizes=\"auto, (max-width: 300px) 100vw, 300px\" \/><\/p>\n<p>E o senza\u021bie incredibil\u0103, pentru c\u0103 am libertatea s\u0103 \u00eemi ar\u0103t calit\u0103\u021bile f\u0103r\u0103 fric\u0103. Simt c\u0103 am \u00eencrederea staff-ului \u0219i a colegilor \u0219i asta m\u0103 motiveaz\u0103 enorm\u201d, a declarat Gheorghi\u021b\u0103.<\/p>\n<p>&nbsp;<\/p>\n<p>Fotbalistul de 20 de ani a mai precizat c\u0103 obiectivul s\u0103u este s\u0103 demonstreze c\u0103 poate face fa\u021b\u0103 la nivel \u00eenalt \u0219i s\u0103 devin\u0103 om de baz\u0103 pentru \u201eU\u201d. \u00cen plus, a apreciat atmosfera din vestiar, unde a fost primit cu bra\u021bele deschise de juc\u0103tori experimenta\u021bi. Pentru Gheorghi\u021b\u0103, aventura de la Cluj pare \u00eenceputul unei etape \u00een care \u00ee\u0219i dore\u0219te s\u0103 uite de presiunea de la FCSB \u0219i s\u0103 joace fotbal din pl\u0103cere.<\/p>\n<p>&nbsp;<\/p>\n<p>&nbsp;<\/p>\n\n<div style=\"font-size: 0px; height: 0px; line-height: 0px; margin: 0; padding: 0; clear: both;\"><\/div>","protected":false},"excerpt":{"rendered":"<p>Andrei Gheorghi\u021b\u0103 pare s\u0103 fi g\u0103sit rapid atmosfera potrivit\u0103 la Universitatea Cluj, dup\u0103 ce \u00een aceast\u0103 var\u0103 a plecat de la FCSB. Fotbalistul a debutat deja \u00een tricoul \u201e\u0219epcilor ro\u0219ii\u201d \u0219i a transmis primele impresii despre noua experien\u021b\u0103. &nbsp; T\u00e2n\u0103rul mijloca\u0219 a recunoscut c\u0103 simte o diferen\u021b\u0103 uria\u0219\u0103 fa\u021b\u0103 de perioada petrecut\u0103 la echipa lui [&hellip;]<\/p>\n","protected":false},"author":21,"featured_media":61328,"comment_status":"open","ping_status":"open","sticky":false,"template":"","format":"standard","meta":{"_jetpack_memberships_contains_paid_content":false,"footnotes":""},"categories":[1],"tags":[264],"class_list":["post-61326","post","type-post","status-publish","format-standard","has-post-thumbnail","hentry","category-uncategorized","tag-fcsb"],"yoast_head":"<!-- This site is optimized with the Yoast SEO plugin v27.4 - https:\/\/yoast.com\/product\/yoast-seo-wordpress\/ -->\n<title>Andrei Gheorghi\u021b\u0103 a uitat deja de FCSB dup\u0103 primul meci la U Cluj. \u201eE prima dat\u0103 c\u00e2nd antrenorul \u00eemi spune ia mingea, f\u0103 ce vrei\u201d..... - letsportsrock<\/title>\n<meta name=\"robots\" content=\"index, follow, max-snippet:-1, max-image-preview:large, max-video-preview:-1\" \/>\n<link rel=\"canonical\" href=\"https:\/\/www.letsportsrock.com\/?p=61326\" \/>\n<meta property=\"og:locale\" content=\"en_US\" \/>\n<meta property=\"og:type\" content=\"article\" \/>\n<meta property=\"og:title\" content=\"Andrei Gheorghi\u021b\u0103 a uitat deja de FCSB dup\u0103 primul meci la U Cluj. \u201eE prima dat\u0103 c\u00e2nd antrenorul \u00eemi spune ia mingea, f\u0103 ce vrei\u201d..... - letsportsrock\" \/>\n<meta property=\"og:description\" content=\"Andrei Gheorghi\u021b\u0103 pare s\u0103 fi g\u0103sit rapid atmosfera potrivit\u0103 la Universitatea Cluj, dup\u0103 ce \u00een aceast\u0103 var\u0103 a plecat de la FCSB. Fotbalistul a debutat deja \u00een tricoul \u201e\u0219epcilor ro\u0219ii\u201d \u0219i a transmis primele impresii despre noua experien\u021b\u0103. &nbsp; T\u00e2n\u0103rul mijloca\u0219 a recunoscut c\u0103 simte o diferen\u021b\u0103 uria\u0219\u0103 fa\u021b\u0103 de perioada petrecut\u0103 la echipa lui [&hellip;]\" \/>\n<meta property=\"og:url\" content=\"https:\/\/www.letsportsrock.com\/?p=61326\" \/>\n<meta property=\"og:site_name\" content=\"letsportsrock\" \/>\n<meta property=\"article:published_time\" content=\"2025-08-19T00:36:15+00:00\" \/>\n<meta property=\"og:image\" content=\"https:\/\/www.letsportsrock.com\/wp-content\/uploads\/2025\/08\/befunky-collage-2025-08-19t002238772.webp\" \/>\n\t<meta property=\"og:image:width\" content=\"620\" \/>\n\t<meta property=\"og:image:height\" content=\"349\" \/>\n\t<meta property=\"og:image:type\" content=\"image\/webp\" \/>\n<meta name=\"author\" content=\"Dooyum@\" \/>\n<meta name=\"twitter:card\" content=\"summary_large_image\" \/>\n<meta name=\"twitter:label1\" content=\"Written by\" \/>\n\t<meta name=\"twitter:data1\" content=\"Dooyum@\" \/>\n\t<meta name=\"twitter:label2\" content=\"Est. reading time\" \/>\n\t<meta name=\"twitter:data2\" content=\"2 minutes\" \/>\n<script type=\"application\/ld+json\" class=\"yoast-schema-graph\">{\"@context\":\"https:\\\/\\\/schema.org\",\"@graph\":[{\"@type\":\"Article\",\"@id\":\"https:\\\/\\\/www.letsportsrock.com\\\/?p=61326#article\",\"isPartOf\":{\"@id\":\"https:\\\/\\\/www.letsportsrock.com\\\/?p=61326\"},\"author\":{\"name\":\"Dooyum@\",\"@id\":\"https:\\\/\\\/www.letsportsrock.com\\\/#\\\/schema\\\/person\\\/5a13d00f7830282189607c4b5a9237bf\"},\"headline\":\"Andrei Gheorghi\u021b\u0103 a uitat deja de FCSB dup\u0103 primul meci la U Cluj. \u201eE prima dat\u0103 c\u00e2nd antrenorul \u00eemi spune ia mingea, f\u0103 ce vrei\u201d&#8230;..\",\"datePublished\":\"2025-08-19T00:36:15+00:00\",\"mainEntityOfPage\":{\"@id\":\"https:\\\/\\\/www.letsportsrock.com\\\/?p=61326\"},\"wordCount\":242,\"commentCount\":0,\"image\":{\"@id\":\"https:\\\/\\\/www.letsportsrock.com\\\/?p=61326#primaryimage\"},\"thumbnailUrl\":\"https:\\\/\\\/www.letsportsrock.com\\\/wp-content\\\/uploads\\\/2025\\\/08\\\/befunky-collage-2025-08-19t002238772.webp\",\"keywords\":[\"FCSB\"],\"inLanguage\":\"en-US\",\"potentialAction\":[{\"@type\":\"CommentAction\",\"name\":\"Comment\",\"target\":[\"https:\\\/\\\/www.letsportsrock.com\\\/?p=61326#respond\"]}]},{\"@type\":\"WebPage\",\"@id\":\"https:\\\/\\\/www.letsportsrock.com\\\/?p=61326\",\"url\":\"https:\\\/\\\/www.letsportsrock.com\\\/?p=61326\",\"name\":\"Andrei Gheorghi\u021b\u0103 a uitat deja de FCSB dup\u0103 primul meci la U Cluj. \u201eE prima dat\u0103 c\u00e2nd antrenorul \u00eemi spune ia mingea, f\u0103 ce vrei\u201d..... - letsportsrock\",\"isPartOf\":{\"@id\":\"https:\\\/\\\/www.letsportsrock.com\\\/#website\"},\"primaryImageOfPage\":{\"@id\":\"https:\\\/\\\/www.letsportsrock.com\\\/?p=61326#primaryimage\"},\"image\":{\"@id\":\"https:\\\/\\\/www.letsportsrock.com\\\/?p=61326#primaryimage\"},\"thumbnailUrl\":\"https:\\\/\\\/www.letsportsrock.com\\\/wp-content\\\/uploads\\\/2025\\\/08\\\/befunky-collage-2025-08-19t002238772.webp\",\"datePublished\":\"2025-08-19T00:36:15+00:00\",\"author\":{\"@id\":\"https:\\\/\\\/www.letsportsrock.com\\\/#\\\/schema\\\/person\\\/5a13d00f7830282189607c4b5a9237bf\"},\"breadcrumb\":{\"@id\":\"https:\\\/\\\/www.letsportsrock.com\\\/?p=61326#breadcrumb\"},\"inLanguage\":\"en-US\",\"potentialAction\":[{\"@type\":\"ReadAction\",\"target\":[\"https:\\\/\\\/www.letsportsrock.com\\\/?p=61326\"]}]},{\"@type\":\"ImageObject\",\"inLanguage\":\"en-US\",\"@id\":\"https:\\\/\\\/www.letsportsrock.com\\\/?p=61326#primaryimage\",\"url\":\"https:\\\/\\\/www.letsportsrock.com\\\/wp-content\\\/uploads\\\/2025\\\/08\\\/befunky-collage-2025-08-19t002238772.webp\",\"contentUrl\":\"https:\\\/\\\/www.letsportsrock.com\\\/wp-content\\\/uploads\\\/2025\\\/08\\\/befunky-collage-2025-08-19t002238772.webp\",\"width\":620,\"height\":349},{\"@type\":\"BreadcrumbList\",\"@id\":\"https:\\\/\\\/www.letsportsrock.com\\\/?p=61326#breadcrumb\",\"itemListElement\":[{\"@type\":\"ListItem\",\"position\":1,\"name\":\"Home\",\"item\":\"https:\\\/\\\/www.letsportsrock.com\\\/\"},{\"@type\":\"ListItem\",\"position\":2,\"name\":\"Andrei Gheorghi\u021b\u0103 a uitat deja de FCSB dup\u0103 primul meci la U Cluj. \u201eE prima dat\u0103 c\u00e2nd antrenorul \u00eemi spune ia mingea, f\u0103 ce vrei\u201d&#8230;..\"}]},{\"@type\":\"WebSite\",\"@id\":\"https:\\\/\\\/www.letsportsrock.com\\\/#website\",\"url\":\"https:\\\/\\\/www.letsportsrock.com\\\/\",\"name\":\"letsportsrock\",\"description\":\"Sport News and Updates\",\"potentialAction\":[{\"@type\":\"SearchAction\",\"target\":{\"@type\":\"EntryPoint\",\"urlTemplate\":\"https:\\\/\\\/www.letsportsrock.com\\\/?s={search_term_string}\"},\"query-input\":{\"@type\":\"PropertyValueSpecification\",\"valueRequired\":true,\"valueName\":\"search_term_string\"}}],\"inLanguage\":\"en-US\"},{\"@type\":\"Person\",\"@id\":\"https:\\\/\\\/www.letsportsrock.com\\\/#\\\/schema\\\/person\\\/5a13d00f7830282189607c4b5a9237bf\",\"name\":\"Dooyum@\",\"image\":{\"@type\":\"ImageObject\",\"inLanguage\":\"en-US\",\"@id\":\"https:\\\/\\\/secure.gravatar.com\\\/avatar\\\/7498f391a1eb24da401a4b43cd9242622cf3682e1c9b1437a7ac00795149a3b2?s=96&d=mm&r=g\",\"url\":\"https:\\\/\\\/secure.gravatar.com\\\/avatar\\\/7498f391a1eb24da401a4b43cd9242622cf3682e1c9b1437a7ac00795149a3b2?s=96&d=mm&r=g\",\"contentUrl\":\"https:\\\/\\\/secure.gravatar.com\\\/avatar\\\/7498f391a1eb24da401a4b43cd9242622cf3682e1c9b1437a7ac00795149a3b2?s=96&d=mm&r=g\",\"caption\":\"Dooyum@\"},\"sameAs\":[\"https:\\\/\\\/www.letsportsrock.com\\\/wp-admin\\\/\"],\"url\":\"https:\\\/\\\/www.letsportsrock.com\\\/?author=21\"}]}<\/script>\n<!-- \/ Yoast SEO plugin. -->","yoast_head_json":{"title":"Andrei Gheorghi\u021b\u0103 a uitat deja de FCSB dup\u0103 primul meci la U Cluj. \u201eE prima dat\u0103 c\u00e2nd antrenorul \u00eemi spune ia mingea, f\u0103 ce vrei\u201d..... - letsportsrock","robots":{"index":"index","follow":"follow","max-snippet":"max-snippet:-1","max-image-preview":"max-image-preview:large","max-video-preview":"max-video-preview:-1"},"canonical":"https:\/\/www.letsportsrock.com\/?p=61326","og_locale":"en_US","og_type":"article","og_title":"Andrei Gheorghi\u021b\u0103 a uitat deja de FCSB dup\u0103 primul meci la U Cluj. \u201eE prima dat\u0103 c\u00e2nd antrenorul \u00eemi spune ia mingea, f\u0103 ce vrei\u201d..... - letsportsrock","og_description":"Andrei Gheorghi\u021b\u0103 pare s\u0103 fi g\u0103sit rapid atmosfera potrivit\u0103 la Universitatea Cluj, dup\u0103 ce \u00een aceast\u0103 var\u0103 a plecat de la FCSB. Fotbalistul a debutat deja \u00een tricoul \u201e\u0219epcilor ro\u0219ii\u201d \u0219i a transmis primele impresii despre noua experien\u021b\u0103. &nbsp; T\u00e2n\u0103rul mijloca\u0219 a recunoscut c\u0103 simte o diferen\u021b\u0103 uria\u0219\u0103 fa\u021b\u0103 de perioada petrecut\u0103 la echipa lui [&hellip;]","og_url":"https:\/\/www.letsportsrock.com\/?p=61326","og_site_name":"letsportsrock","article_published_time":"2025-08-19T00:36:15+00:00","og_image":[{"width":620,"height":349,"url":"https:\/\/www.letsportsrock.com\/wp-content\/uploads\/2025\/08\/befunky-collage-2025-08-19t002238772.webp","type":"image\/webp"}],"author":"Dooyum@","twitter_card":"summary_large_image","twitter_misc":{"Written by":"Dooyum@","Est. reading time":"2 minutes"},"schema":{"@context":"https:\/\/schema.org","@graph":[{"@type":"Article","@id":"https:\/\/www.letsportsrock.com\/?p=61326#article","isPartOf":{"@id":"https:\/\/www.letsportsrock.com\/?p=61326"},"author":{"name":"Dooyum@","@id":"https:\/\/www.letsportsrock.com\/#\/schema\/person\/5a13d00f7830282189607c4b5a9237bf"},"headline":"Andrei Gheorghi\u021b\u0103 a uitat deja de FCSB dup\u0103 primul meci la U Cluj. \u201eE prima dat\u0103 c\u00e2nd antrenorul \u00eemi spune ia mingea, f\u0103 ce vrei\u201d&#8230;..","datePublished":"2025-08-19T00:36:15+00:00","mainEntityOfPage":{"@id":"https:\/\/www.letsportsrock.com\/?p=61326"},"wordCount":242,"commentCount":0,"image":{"@id":"https:\/\/www.letsportsrock.com\/?p=61326#primaryimage"},"thumbnailUrl":"https:\/\/www.letsportsrock.com\/wp-content\/uploads\/2025\/08\/befunky-collage-2025-08-19t002238772.webp","keywords":["FCSB"],"inLanguage":"en-US","potentialAction":[{"@type":"CommentAction","name":"Comment","target":["https:\/\/www.letsportsrock.com\/?p=61326#respond"]}]},{"@type":"WebPage","@id":"https:\/\/www.letsportsrock.com\/?p=61326","url":"https:\/\/www.letsportsrock.com\/?p=61326","name":"Andrei Gheorghi\u021b\u0103 a uitat deja de FCSB dup\u0103 primul meci la U Cluj. \u201eE prima dat\u0103 c\u00e2nd antrenorul \u00eemi spune ia mingea, f\u0103 ce vrei\u201d..... - letsportsrock","isPartOf":{"@id":"https:\/\/www.letsportsrock.com\/#website"},"primaryImageOfPage":{"@id":"https:\/\/www.letsportsrock.com\/?p=61326#primaryimage"},"image":{"@id":"https:\/\/www.letsportsrock.com\/?p=61326#primaryimage"},"thumbnailUrl":"https:\/\/www.letsportsrock.com\/wp-content\/uploads\/2025\/08\/befunky-collage-2025-08-19t002238772.webp","datePublished":"2025-08-19T00:36:15+00:00","author":{"@id":"https:\/\/www.letsportsrock.com\/#\/schema\/person\/5a13d00f7830282189607c4b5a9237bf"},"breadcrumb":{"@id":"https:\/\/www.letsportsrock.com\/?p=61326#breadcrumb"},"inLanguage":"en-US","potentialAction":[{"@type":"ReadAction","target":["https:\/\/www.letsportsrock.com\/?p=61326"]}]},{"@type":"ImageObject","inLanguage":"en-US","@id":"https:\/\/www.letsportsrock.com\/?p=61326#primaryimage","url":"https:\/\/www.letsportsrock.com\/wp-content\/uploads\/2025\/08\/befunky-collage-2025-08-19t002238772.webp","contentUrl":"https:\/\/www.letsportsrock.com\/wp-content\/uploads\/2025\/08\/befunky-collage-2025-08-19t002238772.webp","width":620,"height":349},{"@type":"BreadcrumbList","@id":"https:\/\/www.letsportsrock.com\/?p=61326#breadcrumb","itemListElement":[{"@type":"ListItem","position":1,"name":"Home","item":"https:\/\/www.letsportsrock.com\/"},{"@type":"ListItem","position":2,"name":"Andrei Gheorghi\u021b\u0103 a uitat deja de FCSB dup\u0103 primul meci la U Cluj. \u201eE prima dat\u0103 c\u00e2nd antrenorul \u00eemi spune ia mingea, f\u0103 ce vrei\u201d&#8230;.."}]},{"@type":"WebSite","@id":"https:\/\/www.letsportsrock.com\/#website","url":"https:\/\/www.letsportsrock.com\/","name":"letsportsrock","description":"Sport News and Updates","potentialAction":[{"@type":"SearchAction","target":{"@type":"EntryPoint","urlTemplate":"https:\/\/www.letsportsrock.com\/?s={search_term_string}"},"query-input":{"@type":"PropertyValueSpecification","valueRequired":true,"valueName":"search_term_string"}}],"inLanguage":"en-US"},{"@type":"Person","@id":"https:\/\/www.letsportsrock.com\/#\/schema\/person\/5a13d00f7830282189607c4b5a9237bf","name":"Dooyum@","image":{"@type":"ImageObject","inLanguage":"en-US","@id":"https:\/\/secure.gravatar.com\/avatar\/7498f391a1eb24da401a4b43cd9242622cf3682e1c9b1437a7ac00795149a3b2?s=96&d=mm&r=g","url":"https:\/\/secure.gravatar.com\/avatar\/7498f391a1eb24da401a4b43cd9242622cf3682e1c9b1437a7ac00795149a3b2?s=96&d=mm&r=g","contentUrl":"https:\/\/secure.gravatar.com\/avatar\/7498f391a1eb24da401a4b43cd9242622cf3682e1c9b1437a7ac00795149a3b2?s=96&d=mm&r=g","caption":"Dooyum@"},"sameAs":["https:\/\/www.letsportsrock.com\/wp-admin\/"],"url":"https:\/\/www.letsportsrock.com\/?author=21"}]}},"jetpack_featured_media_url":"https:\/\/www.letsportsrock.com\/wp-content\/uploads\/2025\/08\/befunky-collage-2025-08-19t002238772.webp","jetpack_sharing_enabled":true,"_links":{"self":[{"href":"https:\/\/www.letsportsrock.com\/index.php?rest_route=\/wp\/v2\/posts\/61326","targetHints":{"allow":["GET"]}}],"collection":[{"href":"https:\/\/www.letsportsrock.com\/index.php?rest_route=\/wp\/v2\/posts"}],"about":[{"href":"https:\/\/www.letsportsrock.com\/index.php?rest_route=\/wp\/v2\/types\/post"}],"author":[{"embeddable":true,"href":"https:\/\/www.letsportsrock.com\/index.php?rest_route=\/wp\/v2\/users\/21"}],"replies":[{"embeddable":true,"href":"https:\/\/www.letsportsrock.com\/index.php?rest_route=%2Fwp%2Fv2%2Fcomments&post=61326"}],"version-history":[{"count":1,"href":"https:\/\/www.letsportsrock.com\/index.php?rest_route=\/wp\/v2\/posts\/61326\/revisions"}],"predecessor-version":[{"id":61329,"href":"https:\/\/www.letsportsrock.com\/index.php?rest_route=\/wp\/v2\/posts\/61326\/revisions\/61329"}],"wp:featuredmedia":[{"embeddable":true,"href":"https:\/\/www.letsportsrock.com\/index.php?rest_route=\/wp\/v2\/media\/61328"}],"wp:attachment":[{"href":"https:\/\/www.letsportsrock.com\/index.php?rest_route=%2Fwp%2Fv2%2Fmedia&parent=61326"}],"wp:term":[{"taxonomy":"category","embeddable":true,"href":"https:\/\/www.letsportsrock.com\/index.php?rest_route=%2Fwp%2Fv2%2Fcategories&post=61326"},{"taxonomy":"post_tag","embeddable":true,"href":"https:\/\/www.letsportsrock.com\/index.php?rest_route=%2Fwp%2Fv2%2Ftags&post=61326"}],"curies":[{"name":"wp","href":"https:\/\/api.w.org\/{rel}","templated":true}]}}