{"id":61377,"date":"2025-08-19T08:49:14","date_gmt":"2025-08-19T08:49:14","guid":{"rendered":"https:\/\/www.letsportsrock.com\/?p=61377"},"modified":"2025-08-19T08:49:14","modified_gmt":"2025-08-19T08:49:14","slug":"stire-de-ultima-ora-adrian-sut-mijlocasul-central-al-fcsb-atrage-din-nou-atentia-presei-internationale-dupa-aparitia-unor-informatii-conform-carora-un-club-din-serie-a-este-interesat-sa-il-transfe","status":"publish","type":"post","link":"https:\/\/www.letsportsrock.com\/?p=61377","title":{"rendered":"\u0218tire de Ultim\u0103 Or\u0103: Adrian \u0218ut, mijloca\u0219ul central al FCSB, atrage din nou aten\u021bia presei interna\u021bionale, dup\u0103 apari\u021bia unor informa\u021bii conform c\u0103rora un club din Serie A este interesat s\u0103 \u00eel transfere&#8230;."},"content":{"rendered":"<div class=\"d79db4796efc26332eabfc3f5dafbc76\" data-index=\"1\" style=\"float: none; margin:10px 0 10px 0; text-align:center;\">\n<div class=\"hb-ad-inarticle\">\r\n    <div class=\"hb-ad-inner\"> \r\n    <div class=\"hbagency_cls\"  id=\"hbagency_space_111930\"><\/div><\/div> <\/div>\n<\/div>\n<h2>\u0218tire de Ultim\u0103 Or\u0103: Adrian \u0218ut, mijloca\u0219ul central al FCSB, atrage din nou aten\u021bia presei interna\u021bionale, dup\u0103 apari\u021bia unor informa\u021bii conform c\u0103rora un club din Serie A este interesat s\u0103 \u00eel transfere&#8230;.<\/h2>\n<p>&nbsp;<\/p>\n<p>\u0218tire de Ultim\u0103 Or\u0103: Adrian \u0218ut Atrage Interesul Unei Echipe din Serie A<\/p>\n<p>Adrian \u0218ut, mijloca\u0219ul central al celor de la FCSB, se afl\u0103 din nou \u00een centrul aten\u021biei presei interna\u021bionale. Potrivit unor surse, un club din Serie A \u00eei urm\u0103re\u0219te evolu\u021biile cu aten\u021bie, o posibil\u0103 mutare fiind luat\u0103 \u00een calcul. Interesul crescut nu este surprinz\u0103tor pentru cei care i-au urm\u0103rit presta\u021biile solide din Liga 1, unde \u0218ut a fost \u00een mod constant unul dintre cei mai buni juc\u0103tori ai echipei sale.<\/p>\n<p>Recunoscut pentru viziunea sa de joc, calmul \u00een posesie \u0219i abilitatea de a dicta ritmul partidei, \u0218ut a devenit o pies\u0103 esen\u021bial\u0103 \u00een angrenajul celor de la FCSB. Munca depus\u0103 pe teren \u0219i inteligen\u021ba tactic\u0103 \u00eel fac un juc\u0103tor extrem de valoros, iar aceste calit\u0103\u021bi nu au trecut neobservate de cluburile din afara Rom\u00e2niei.<\/p>\n<p>De\u0219i numele echipei din Italia nu a fost dezv\u0103luit, un transfer \u00een Serie A ar reprezenta un pas important \u00een cariera lui \u0218ut. O astfel de mutare i-ar oferi \u0219ansa s\u0103 evolueze la un nivel superior \u0219i s\u0103 se afirme pe o scen\u0103 european\u0103 mult mai vizibil\u0103.<\/p>\n<p>Fanii FCSB sper\u0103 s\u0103-l mai vad\u0103 \u00een tricoul ro\u0219-albastru, dar sunt con\u0219tien\u021bi c\u0103 asemenea talente nu r\u0103m\u00e2n neobservate prea mult timp.<\/p>\n<p>&nbsp;<\/p>\n<p>&nbsp;<\/p>\n\n<div style=\"font-size: 0px; height: 0px; line-height: 0px; margin: 0; padding: 0; clear: both;\"><\/div>","protected":false},"excerpt":{"rendered":"<p>\u0218tire de Ultim\u0103 Or\u0103: Adrian \u0218ut, mijloca\u0219ul central al FCSB, atrage din nou aten\u021bia presei interna\u021bionale, dup\u0103 apari\u021bia unor informa\u021bii conform c\u0103rora un club din Serie A este interesat s\u0103 \u00eel transfere&#8230;. &nbsp; \u0218tire de Ultim\u0103 Or\u0103: Adrian \u0218ut Atrage Interesul Unei Echipe din Serie A Adrian \u0218ut, mijloca\u0219ul central al celor de la FCSB, [&hellip;]<\/p>\n","protected":false},"author":11,"featured_media":61378,"comment_status":"open","ping_status":"open","sticky":false,"template":"","format":"standard","meta":{"_jetpack_memberships_contains_paid_content":false,"footnotes":""},"categories":[1],"tags":[],"class_list":["post-61377","post","type-post","status-publish","format-standard","has-post-thumbnail","hentry","category-uncategorized"],"yoast_head":"<!-- This site is optimized with the Yoast SEO plugin v27.4 - https:\/\/yoast.com\/product\/yoast-seo-wordpress\/ -->\n<title>\u0218tire de Ultim\u0103 Or\u0103: Adrian \u0218ut, mijloca\u0219ul central al FCSB,<\/title>\n<meta name=\"description\" content=\"\u0218tire de Ultim\u0103 Or\u0103: Adrian \u0218ut, mijloca\u0219ul central al FCSB, atrage din nou aten\u021bia presei interna\u021bionale, dup\u0103 apari\u021bia unor infor\" \/>\n<meta name=\"robots\" content=\"index, follow, max-snippet:-1, max-image-preview:large, max-video-preview:-1\" \/>\n<link rel=\"canonical\" href=\"https:\/\/www.letsportsrock.com\/?p=61377\" \/>\n<meta property=\"og:locale\" content=\"en_US\" \/>\n<meta property=\"og:type\" content=\"article\" \/>\n<meta property=\"og:title\" content=\"\u0218tire de Ultim\u0103 Or\u0103: Adrian \u0218ut, mijloca\u0219ul central al FCSB,\" \/>\n<meta property=\"og:description\" content=\"\u0218tire de Ultim\u0103 Or\u0103: Adrian \u0218ut, mijloca\u0219ul central al FCSB, atrage din nou aten\u021bia presei interna\u021bionale, dup\u0103 apari\u021bia unor infor\" \/>\n<meta property=\"og:url\" content=\"https:\/\/www.letsportsrock.com\/?p=61377\" \/>\n<meta property=\"og:site_name\" content=\"letsportsrock\" \/>\n<meta property=\"article:published_time\" content=\"2025-08-19T08:49:14+00:00\" \/>\n<meta property=\"og:image\" content=\"https:\/\/www.letsportsrock.com\/wp-content\/uploads\/2025\/08\/images-27-5.jpeg\" \/>\n\t<meta property=\"og:image:width\" content=\"737\" \/>\n\t<meta property=\"og:image:height\" content=\"416\" \/>\n\t<meta property=\"og:image:type\" content=\"image\/jpeg\" \/>\n<meta name=\"author\" content=\"Shughun Ivory\" \/>\n<meta name=\"twitter:card\" content=\"summary_large_image\" \/>\n<meta name=\"twitter:label1\" content=\"Written by\" \/>\n\t<meta name=\"twitter:data1\" content=\"Shughun Ivory\" \/>\n\t<meta name=\"twitter:label2\" content=\"Est. reading time\" \/>\n\t<meta name=\"twitter:data2\" content=\"2 minutes\" \/>\n<script type=\"application\/ld+json\" class=\"yoast-schema-graph\">{\"@context\":\"https:\\\/\\\/schema.org\",\"@graph\":[{\"@type\":\"Article\",\"@id\":\"https:\\\/\\\/www.letsportsrock.com\\\/?p=61377#article\",\"isPartOf\":{\"@id\":\"https:\\\/\\\/www.letsportsrock.com\\\/?p=61377\"},\"author\":{\"name\":\"Shughun Ivory\",\"@id\":\"https:\\\/\\\/www.letsportsrock.com\\\/#\\\/schema\\\/person\\\/674619adef31b09138e9ccd4e2852ee0\"},\"headline\":\"\u0218tire de Ultim\u0103 Or\u0103: Adrian \u0218ut, mijloca\u0219ul central al FCSB, atrage din nou aten\u021bia presei interna\u021bionale, dup\u0103 apari\u021bia unor informa\u021bii conform c\u0103rora un club din Serie A este interesat s\u0103 \u00eel transfere&#8230;.\",\"datePublished\":\"2025-08-19T08:49:14+00:00\",\"mainEntityOfPage\":{\"@id\":\"https:\\\/\\\/www.letsportsrock.com\\\/?p=61377\"},\"wordCount\":306,\"commentCount\":0,\"image\":{\"@id\":\"https:\\\/\\\/www.letsportsrock.com\\\/?p=61377#primaryimage\"},\"thumbnailUrl\":\"https:\\\/\\\/www.letsportsrock.com\\\/wp-content\\\/uploads\\\/2025\\\/08\\\/images-27-5.jpeg\",\"inLanguage\":\"en-US\",\"potentialAction\":[{\"@type\":\"CommentAction\",\"name\":\"Comment\",\"target\":[\"https:\\\/\\\/www.letsportsrock.com\\\/?p=61377#respond\"]}]},{\"@type\":\"WebPage\",\"@id\":\"https:\\\/\\\/www.letsportsrock.com\\\/?p=61377\",\"url\":\"https:\\\/\\\/www.letsportsrock.com\\\/?p=61377\",\"name\":\"\u0218tire de Ultim\u0103 Or\u0103: Adrian \u0218ut, mijloca\u0219ul central al FCSB,\",\"isPartOf\":{\"@id\":\"https:\\\/\\\/www.letsportsrock.com\\\/#website\"},\"primaryImageOfPage\":{\"@id\":\"https:\\\/\\\/www.letsportsrock.com\\\/?p=61377#primaryimage\"},\"image\":{\"@id\":\"https:\\\/\\\/www.letsportsrock.com\\\/?p=61377#primaryimage\"},\"thumbnailUrl\":\"https:\\\/\\\/www.letsportsrock.com\\\/wp-content\\\/uploads\\\/2025\\\/08\\\/images-27-5.jpeg\",\"datePublished\":\"2025-08-19T08:49:14+00:00\",\"author\":{\"@id\":\"https:\\\/\\\/www.letsportsrock.com\\\/#\\\/schema\\\/person\\\/674619adef31b09138e9ccd4e2852ee0\"},\"description\":\"\u0218tire de Ultim\u0103 Or\u0103: Adrian \u0218ut, mijloca\u0219ul central al FCSB, atrage din nou aten\u021bia presei interna\u021bionale, dup\u0103 apari\u021bia unor infor\",\"breadcrumb\":{\"@id\":\"https:\\\/\\\/www.letsportsrock.com\\\/?p=61377#breadcrumb\"},\"inLanguage\":\"en-US\",\"potentialAction\":[{\"@type\":\"ReadAction\",\"target\":[\"https:\\\/\\\/www.letsportsrock.com\\\/?p=61377\"]}]},{\"@type\":\"ImageObject\",\"inLanguage\":\"en-US\",\"@id\":\"https:\\\/\\\/www.letsportsrock.com\\\/?p=61377#primaryimage\",\"url\":\"https:\\\/\\\/www.letsportsrock.com\\\/wp-content\\\/uploads\\\/2025\\\/08\\\/images-27-5.jpeg\",\"contentUrl\":\"https:\\\/\\\/www.letsportsrock.com\\\/wp-content\\\/uploads\\\/2025\\\/08\\\/images-27-5.jpeg\",\"width\":737,\"height\":416},{\"@type\":\"BreadcrumbList\",\"@id\":\"https:\\\/\\\/www.letsportsrock.com\\\/?p=61377#breadcrumb\",\"itemListElement\":[{\"@type\":\"ListItem\",\"position\":1,\"name\":\"Home\",\"item\":\"https:\\\/\\\/www.letsportsrock.com\\\/\"},{\"@type\":\"ListItem\",\"position\":2,\"name\":\"\u0218tire de Ultim\u0103 Or\u0103: Adrian \u0218ut, mijloca\u0219ul central al FCSB, atrage din nou aten\u021bia presei interna\u021bionale, dup\u0103 apari\u021bia unor informa\u021bii conform c\u0103rora un club din Serie A este interesat s\u0103 \u00eel transfere&#8230;.\"}]},{\"@type\":\"WebSite\",\"@id\":\"https:\\\/\\\/www.letsportsrock.com\\\/#website\",\"url\":\"https:\\\/\\\/www.letsportsrock.com\\\/\",\"name\":\"letsportsrock\",\"description\":\"Sport News and Updates\",\"potentialAction\":[{\"@type\":\"SearchAction\",\"target\":{\"@type\":\"EntryPoint\",\"urlTemplate\":\"https:\\\/\\\/www.letsportsrock.com\\\/?s={search_term_string}\"},\"query-input\":{\"@type\":\"PropertyValueSpecification\",\"valueRequired\":true,\"valueName\":\"search_term_string\"}}],\"inLanguage\":\"en-US\"},{\"@type\":\"Person\",\"@id\":\"https:\\\/\\\/www.letsportsrock.com\\\/#\\\/schema\\\/person\\\/674619adef31b09138e9ccd4e2852ee0\",\"name\":\"Shughun Ivory\",\"image\":{\"@type\":\"ImageObject\",\"inLanguage\":\"en-US\",\"@id\":\"https:\\\/\\\/secure.gravatar.com\\\/avatar\\\/0461d8b87ac229159ac526ebabd85108a5009b97923e896e2a506577805f8fc1?s=96&d=mm&r=g\",\"url\":\"https:\\\/\\\/secure.gravatar.com\\\/avatar\\\/0461d8b87ac229159ac526ebabd85108a5009b97923e896e2a506577805f8fc1?s=96&d=mm&r=g\",\"contentUrl\":\"https:\\\/\\\/secure.gravatar.com\\\/avatar\\\/0461d8b87ac229159ac526ebabd85108a5009b97923e896e2a506577805f8fc1?s=96&d=mm&r=g\",\"caption\":\"Shughun Ivory\"},\"sameAs\":[\"http:\\\/\\\/Letsportsrock.com\"],\"url\":\"https:\\\/\\\/www.letsportsrock.com\\\/?author=11\"}]}<\/script>\n<!-- \/ Yoast SEO plugin. -->","yoast_head_json":{"title":"\u0218tire de Ultim\u0103 Or\u0103: Adrian \u0218ut, mijloca\u0219ul central al FCSB,","description":"\u0218tire de Ultim\u0103 Or\u0103: Adrian \u0218ut, mijloca\u0219ul central al FCSB, atrage din nou aten\u021bia presei interna\u021bionale, dup\u0103 apari\u021bia unor infor","robots":{"index":"index","follow":"follow","max-snippet":"max-snippet:-1","max-image-preview":"max-image-preview:large","max-video-preview":"max-video-preview:-1"},"canonical":"https:\/\/www.letsportsrock.com\/?p=61377","og_locale":"en_US","og_type":"article","og_title":"\u0218tire de Ultim\u0103 Or\u0103: Adrian \u0218ut, mijloca\u0219ul central al FCSB,","og_description":"\u0218tire de Ultim\u0103 Or\u0103: Adrian \u0218ut, mijloca\u0219ul central al FCSB, atrage din nou aten\u021bia presei interna\u021bionale, dup\u0103 apari\u021bia unor infor","og_url":"https:\/\/www.letsportsrock.com\/?p=61377","og_site_name":"letsportsrock","article_published_time":"2025-08-19T08:49:14+00:00","og_image":[{"width":737,"height":416,"url":"https:\/\/www.letsportsrock.com\/wp-content\/uploads\/2025\/08\/images-27-5.jpeg","type":"image\/jpeg"}],"author":"Shughun Ivory","twitter_card":"summary_large_image","twitter_misc":{"Written by":"Shughun Ivory","Est. reading time":"2 minutes"},"schema":{"@context":"https:\/\/schema.org","@graph":[{"@type":"Article","@id":"https:\/\/www.letsportsrock.com\/?p=61377#article","isPartOf":{"@id":"https:\/\/www.letsportsrock.com\/?p=61377"},"author":{"name":"Shughun Ivory","@id":"https:\/\/www.letsportsrock.com\/#\/schema\/person\/674619adef31b09138e9ccd4e2852ee0"},"headline":"\u0218tire de Ultim\u0103 Or\u0103: Adrian \u0218ut, mijloca\u0219ul central al FCSB, atrage din nou aten\u021bia presei interna\u021bionale, dup\u0103 apari\u021bia unor informa\u021bii conform c\u0103rora un club din Serie A este interesat s\u0103 \u00eel transfere&#8230;.","datePublished":"2025-08-19T08:49:14+00:00","mainEntityOfPage":{"@id":"https:\/\/www.letsportsrock.com\/?p=61377"},"wordCount":306,"commentCount":0,"image":{"@id":"https:\/\/www.letsportsrock.com\/?p=61377#primaryimage"},"thumbnailUrl":"https:\/\/www.letsportsrock.com\/wp-content\/uploads\/2025\/08\/images-27-5.jpeg","inLanguage":"en-US","potentialAction":[{"@type":"CommentAction","name":"Comment","target":["https:\/\/www.letsportsrock.com\/?p=61377#respond"]}]},{"@type":"WebPage","@id":"https:\/\/www.letsportsrock.com\/?p=61377","url":"https:\/\/www.letsportsrock.com\/?p=61377","name":"\u0218tire de Ultim\u0103 Or\u0103: Adrian \u0218ut, mijloca\u0219ul central al FCSB,","isPartOf":{"@id":"https:\/\/www.letsportsrock.com\/#website"},"primaryImageOfPage":{"@id":"https:\/\/www.letsportsrock.com\/?p=61377#primaryimage"},"image":{"@id":"https:\/\/www.letsportsrock.com\/?p=61377#primaryimage"},"thumbnailUrl":"https:\/\/www.letsportsrock.com\/wp-content\/uploads\/2025\/08\/images-27-5.jpeg","datePublished":"2025-08-19T08:49:14+00:00","author":{"@id":"https:\/\/www.letsportsrock.com\/#\/schema\/person\/674619adef31b09138e9ccd4e2852ee0"},"description":"\u0218tire de Ultim\u0103 Or\u0103: Adrian \u0218ut, mijloca\u0219ul central al FCSB, atrage din nou aten\u021bia presei interna\u021bionale, dup\u0103 apari\u021bia unor infor","breadcrumb":{"@id":"https:\/\/www.letsportsrock.com\/?p=61377#breadcrumb"},"inLanguage":"en-US","potentialAction":[{"@type":"ReadAction","target":["https:\/\/www.letsportsrock.com\/?p=61377"]}]},{"@type":"ImageObject","inLanguage":"en-US","@id":"https:\/\/www.letsportsrock.com\/?p=61377#primaryimage","url":"https:\/\/www.letsportsrock.com\/wp-content\/uploads\/2025\/08\/images-27-5.jpeg","contentUrl":"https:\/\/www.letsportsrock.com\/wp-content\/uploads\/2025\/08\/images-27-5.jpeg","width":737,"height":416},{"@type":"BreadcrumbList","@id":"https:\/\/www.letsportsrock.com\/?p=61377#breadcrumb","itemListElement":[{"@type":"ListItem","position":1,"name":"Home","item":"https:\/\/www.letsportsrock.com\/"},{"@type":"ListItem","position":2,"name":"\u0218tire de Ultim\u0103 Or\u0103: Adrian \u0218ut, mijloca\u0219ul central al FCSB, atrage din nou aten\u021bia presei interna\u021bionale, dup\u0103 apari\u021bia unor informa\u021bii conform c\u0103rora un club din Serie A este interesat s\u0103 \u00eel transfere&#8230;."}]},{"@type":"WebSite","@id":"https:\/\/www.letsportsrock.com\/#website","url":"https:\/\/www.letsportsrock.com\/","name":"letsportsrock","description":"Sport News and Updates","potentialAction":[{"@type":"SearchAction","target":{"@type":"EntryPoint","urlTemplate":"https:\/\/www.letsportsrock.com\/?s={search_term_string}"},"query-input":{"@type":"PropertyValueSpecification","valueRequired":true,"valueName":"search_term_string"}}],"inLanguage":"en-US"},{"@type":"Person","@id":"https:\/\/www.letsportsrock.com\/#\/schema\/person\/674619adef31b09138e9ccd4e2852ee0","name":"Shughun Ivory","image":{"@type":"ImageObject","inLanguage":"en-US","@id":"https:\/\/secure.gravatar.com\/avatar\/0461d8b87ac229159ac526ebabd85108a5009b97923e896e2a506577805f8fc1?s=96&d=mm&r=g","url":"https:\/\/secure.gravatar.com\/avatar\/0461d8b87ac229159ac526ebabd85108a5009b97923e896e2a506577805f8fc1?s=96&d=mm&r=g","contentUrl":"https:\/\/secure.gravatar.com\/avatar\/0461d8b87ac229159ac526ebabd85108a5009b97923e896e2a506577805f8fc1?s=96&d=mm&r=g","caption":"Shughun Ivory"},"sameAs":["http:\/\/Letsportsrock.com"],"url":"https:\/\/www.letsportsrock.com\/?author=11"}]}},"jetpack_featured_media_url":"https:\/\/www.letsportsrock.com\/wp-content\/uploads\/2025\/08\/images-27-5.jpeg","jetpack_sharing_enabled":true,"_links":{"self":[{"href":"https:\/\/www.letsportsrock.com\/index.php?rest_route=\/wp\/v2\/posts\/61377","targetHints":{"allow":["GET"]}}],"collection":[{"href":"https:\/\/www.letsportsrock.com\/index.php?rest_route=\/wp\/v2\/posts"}],"about":[{"href":"https:\/\/www.letsportsrock.com\/index.php?rest_route=\/wp\/v2\/types\/post"}],"author":[{"embeddable":true,"href":"https:\/\/www.letsportsrock.com\/index.php?rest_route=\/wp\/v2\/users\/11"}],"replies":[{"embeddable":true,"href":"https:\/\/www.letsportsrock.com\/index.php?rest_route=%2Fwp%2Fv2%2Fcomments&post=61377"}],"version-history":[{"count":1,"href":"https:\/\/www.letsportsrock.com\/index.php?rest_route=\/wp\/v2\/posts\/61377\/revisions"}],"predecessor-version":[{"id":61379,"href":"https:\/\/www.letsportsrock.com\/index.php?rest_route=\/wp\/v2\/posts\/61377\/revisions\/61379"}],"wp:featuredmedia":[{"embeddable":true,"href":"https:\/\/www.letsportsrock.com\/index.php?rest_route=\/wp\/v2\/media\/61378"}],"wp:attachment":[{"href":"https:\/\/www.letsportsrock.com\/index.php?rest_route=%2Fwp%2Fv2%2Fmedia&parent=61377"}],"wp:term":[{"taxonomy":"category","embeddable":true,"href":"https:\/\/www.letsportsrock.com\/index.php?rest_route=%2Fwp%2Fv2%2Fcategories&post=61377"},{"taxonomy":"post_tag","embeddable":true,"href":"https:\/\/www.letsportsrock.com\/index.php?rest_route=%2Fwp%2Fv2%2Ftags&post=61377"}],"curies":[{"name":"wp","href":"https:\/\/api.w.org\/{rel}","templated":true}]}}