{"id":61386,"date":"2025-08-19T09:02:58","date_gmt":"2025-08-19T09:02:58","guid":{"rendered":"https:\/\/www.letsportsrock.com\/?p=61386"},"modified":"2025-08-19T09:02:58","modified_gmt":"2025-08-19T09:02:58","slug":"laura-vicol-prima-reactie-dupa-ce-a-fost-acuzata-ca-a-incalcat-legea-pe-arena-nationala-aceasta-a-participat-la-meciul-dintre-rapid-si-fcsb-bobita-sa-stiti-ca-sursa","status":"publish","type":"post","link":"https:\/\/www.letsportsrock.com\/?p=61386","title":{"rendered":"Laura Vicol, prima reac\u021bie dup\u0103 ce a fost acuzat\u0103 c\u0103 a \u00eenc\u0103lcat legea pe Arena Na\u021bional\u0103. Aceasta a participat la meciul dintre Rapid \u0219i FCSB: \u201eBobi\u021b\u0103, s\u0103 \u0219ti\u021bi c\u0103&#8230;\u201d  Surs\u0103:&#8230;&#8230;..\u00a0"},"content":{"rendered":"<div class=\"d79db4796efc26332eabfc3f5dafbc76\" data-index=\"1\" style=\"float: none; margin:10px 0 10px 0; text-align:center;\">\n<div class=\"hb-ad-inarticle\">\r\n    <div class=\"hb-ad-inner\"> \r\n    <div class=\"hbagency_cls\"  id=\"hbagency_space_111930\"><\/div><\/div> <\/div>\n<\/div>\n<p>Deputata PSD, Laura Vicol, a oferit primele declara\u021bii dup\u0103 ce a fost acuzat\u0103 c\u0103 ar fi \u00eenc\u0103lcat legea \u00een timpul meciului dintre Rapid \u0219i FCSB, desf\u0103\u0219urat pe Arena Na\u021bional\u0103.<\/p>\n<p>&nbsp;<\/p>\n<p>Prezent\u0103 la evenimentul sportiv, Vicol a fost surprins\u0103 de camerele de luat vederi \u00eentr-un sector rezervat oficialilor, iar imaginile au st\u00e2rnit numeroase reac\u021bii \u00een spa\u021biul public. Unii critici au acuzat-o c\u0103 nu ar fi respectat regulile privind accesul \u0219i c\u0103 ar fi beneficiat de un tratament preferen\u021bial.<\/p>\n<p><img loading=\"lazy\" decoding=\"async\" class=\"alignnone size-medium wp-image-61383\" src=\"https:\/\/www.letsportsrock.com\/wp-content\/uploads\/2025\/08\/50387176-4a03-4d63-92fd-2d6dedf2a929-300x169.jpeg\" alt=\"\" width=\"300\" height=\"169\" srcset=\"https:\/\/www.letsportsrock.com\/wp-content\/uploads\/2025\/08\/50387176-4a03-4d63-92fd-2d6dedf2a929-300x169.jpeg 300w, https:\/\/www.letsportsrock.com\/wp-content\/uploads\/2025\/08\/50387176-4a03-4d63-92fd-2d6dedf2a929-768x432.jpeg 768w, https:\/\/www.letsportsrock.com\/wp-content\/uploads\/2025\/08\/50387176-4a03-4d63-92fd-2d6dedf2a929.jpeg 991w\" sizes=\"auto, (max-width: 300px) 100vw, 300px\" \/><\/p>\n<p>\u00centr-o reac\u021bie plin\u0103 de ironie, Laura Vicol a transmis: \u201eBobi\u021b\u0103, s\u0103 \u0219ti\u021bi c\u0103 nu am \u00eenc\u0103lcat nicio lege \u0219i nu am f\u0103cut nimic \u00een afara regulilor. Am mers la meci ca orice alt suporter \u0219i am respectat toate indica\u021biile organizatorilor. Restul sunt pove\u0219ti \u0219i interpret\u0103ri r\u0103ut\u0103cioase.\u201d Aceasta a mai ad\u0103ugat c\u0103 prezen\u021ba ei pe stadion nu ar trebui transformat\u0103 \u00eentr-un scandal politic \u0219i c\u0103 discu\u021biile exagerate nu fac dec\u00e2t s\u0103 abat\u0103 aten\u021bia de la problemele reale ale sportului rom\u00e2nesc.<\/p>\n<p>&nbsp;<\/p>\n<p>Reac\u021bia deputatei vine \u00een contextul \u00een care derby-ul Rapid \u2013 FCSB a atras peste 45.000 de spectatori, atmosfera fiind una de mare intensitate, cu ecouri \u0219i \u00een zona politic\u0103.<\/p>\n<p>&nbsp;<\/p>\n\n<div style=\"font-size: 0px; height: 0px; line-height: 0px; margin: 0; padding: 0; clear: both;\"><\/div>","protected":false},"excerpt":{"rendered":"<p>Deputata PSD, Laura Vicol, a oferit primele declara\u021bii dup\u0103 ce a fost acuzat\u0103 c\u0103 ar fi \u00eenc\u0103lcat legea \u00een timpul meciului dintre Rapid \u0219i FCSB, desf\u0103\u0219urat pe Arena Na\u021bional\u0103. &nbsp; Prezent\u0103 la evenimentul sportiv, Vicol a fost surprins\u0103 de camerele de luat vederi \u00eentr-un sector rezervat oficialilor, iar imaginile au st\u00e2rnit numeroase reac\u021bii \u00een spa\u021biul [&hellip;]<\/p>\n","protected":false},"author":21,"featured_media":61382,"comment_status":"open","ping_status":"open","sticky":false,"template":"","format":"standard","meta":{"_jetpack_memberships_contains_paid_content":false,"footnotes":""},"categories":[1],"tags":[264],"class_list":["post-61386","post","type-post","status-publish","format-standard","has-post-thumbnail","hentry","category-uncategorized","tag-fcsb"],"yoast_head":"<!-- This site is optimized with the Yoast SEO plugin v27.4 - https:\/\/yoast.com\/product\/yoast-seo-wordpress\/ -->\n<title>Laura Vicol, prima reac\u021bie dup\u0103 ce a fost acuzat\u0103 c\u0103 a \u00eenc\u0103lcat legea pe Arena Na\u021bional\u0103. Aceasta a participat la meciul dintre Rapid \u0219i FCSB: \u201eBobi\u021b\u0103, s\u0103 \u0219ti\u021bi c\u0103...\u201dSurs\u0103:........\u00a0<\/title>\n<meta name=\"description\" content=\"Laura Vicol, prima reac\u021bie dup\u0103 ce a fost acuzat\u0103 c\u0103 a \u00eenc\u0103lcat legea pe Arena Na\u021bional\u0103. Aceasta a participat la meciul dintre Rapid \u0219i FCSB: \u201eBobi\u021b\u0103, s\u0103 \u0219ti\u021bi c\u0103...\u201dSurs\u0103:........\u00a0\" \/>\n<meta name=\"robots\" content=\"index, follow, max-snippet:-1, max-image-preview:large, max-video-preview:-1\" \/>\n<link rel=\"canonical\" href=\"https:\/\/www.letsportsrock.com\/?p=61386\" \/>\n<meta property=\"og:locale\" content=\"en_US\" \/>\n<meta property=\"og:type\" content=\"article\" \/>\n<meta property=\"og:title\" content=\"Laura Vicol, prima reac\u021bie dup\u0103 ce a fost acuzat\u0103 c\u0103 a \u00eenc\u0103lcat legea pe Arena Na\u021bional\u0103. Aceasta a participat la meciul dintre Rapid \u0219i FCSB: \u201eBobi\u021b\u0103, s\u0103 \u0219ti\u021bi c\u0103...\u201dSurs\u0103:........\u00a0\" \/>\n<meta property=\"og:description\" content=\"Laura Vicol, prima reac\u021bie dup\u0103 ce a fost acuzat\u0103 c\u0103 a \u00eenc\u0103lcat legea pe Arena Na\u021bional\u0103. Aceasta a participat la meciul dintre Rapid \u0219i FCSB: \u201eBobi\u021b\u0103, s\u0103 \u0219ti\u021bi c\u0103...\u201dSurs\u0103:........\u00a0\" \/>\n<meta property=\"og:url\" content=\"https:\/\/www.letsportsrock.com\/?p=61386\" \/>\n<meta property=\"og:site_name\" content=\"letsportsrock\" \/>\n<meta property=\"article:published_time\" content=\"2025-08-19T09:02:58+00:00\" \/>\n<meta property=\"og:image\" content=\"https:\/\/www.letsportsrock.com\/wp-content\/uploads\/2025\/08\/1f06b480-8221-4a2a-bcc5-b2ccbd30d6a9.jpg\" \/>\n\t<meta property=\"og:image:width\" content=\"1052\" \/>\n\t<meta property=\"og:image:height\" content=\"1315\" \/>\n\t<meta property=\"og:image:type\" content=\"image\/jpeg\" \/>\n<meta name=\"author\" content=\"Dooyum@\" \/>\n<meta name=\"twitter:card\" content=\"summary_large_image\" \/>\n<meta name=\"twitter:label1\" content=\"Written by\" \/>\n\t<meta name=\"twitter:data1\" content=\"Dooyum@\" \/>\n\t<meta name=\"twitter:label2\" content=\"Est. reading time\" \/>\n\t<meta name=\"twitter:data2\" content=\"2 minutes\" \/>\n<script type=\"application\/ld+json\" class=\"yoast-schema-graph\">{\"@context\":\"https:\\\/\\\/schema.org\",\"@graph\":[{\"@type\":\"Article\",\"@id\":\"https:\\\/\\\/www.letsportsrock.com\\\/?p=61386#article\",\"isPartOf\":{\"@id\":\"https:\\\/\\\/www.letsportsrock.com\\\/?p=61386\"},\"author\":{\"name\":\"Dooyum@\",\"@id\":\"https:\\\/\\\/www.letsportsrock.com\\\/#\\\/schema\\\/person\\\/5a13d00f7830282189607c4b5a9237bf\"},\"headline\":\"Laura Vicol, prima reac\u021bie dup\u0103 ce a fost acuzat\u0103 c\u0103 a \u00eenc\u0103lcat legea pe Arena Na\u021bional\u0103. Aceasta a participat la meciul dintre Rapid \u0219i FCSB: \u201eBobi\u021b\u0103, s\u0103 \u0219ti\u021bi c\u0103&#8230;\u201d Surs\u0103:&#8230;&#8230;..\u00a0\",\"datePublished\":\"2025-08-19T09:02:58+00:00\",\"mainEntityOfPage\":{\"@id\":\"https:\\\/\\\/www.letsportsrock.com\\\/?p=61386\"},\"wordCount\":243,\"commentCount\":0,\"image\":{\"@id\":\"https:\\\/\\\/www.letsportsrock.com\\\/?p=61386#primaryimage\"},\"thumbnailUrl\":\"https:\\\/\\\/www.letsportsrock.com\\\/wp-content\\\/uploads\\\/2025\\\/08\\\/1f06b480-8221-4a2a-bcc5-b2ccbd30d6a9.jpg\",\"keywords\":[\"FCSB\"],\"inLanguage\":\"en-US\",\"potentialAction\":[{\"@type\":\"CommentAction\",\"name\":\"Comment\",\"target\":[\"https:\\\/\\\/www.letsportsrock.com\\\/?p=61386#respond\"]}]},{\"@type\":\"WebPage\",\"@id\":\"https:\\\/\\\/www.letsportsrock.com\\\/?p=61386\",\"url\":\"https:\\\/\\\/www.letsportsrock.com\\\/?p=61386\",\"name\":\"Laura Vicol, prima reac\u021bie dup\u0103 ce a fost acuzat\u0103 c\u0103 a \u00eenc\u0103lcat legea pe Arena Na\u021bional\u0103. Aceasta a participat la meciul dintre Rapid \u0219i FCSB: \u201eBobi\u021b\u0103, s\u0103 \u0219ti\u021bi c\u0103...\u201dSurs\u0103:........\u00a0\",\"isPartOf\":{\"@id\":\"https:\\\/\\\/www.letsportsrock.com\\\/#website\"},\"primaryImageOfPage\":{\"@id\":\"https:\\\/\\\/www.letsportsrock.com\\\/?p=61386#primaryimage\"},\"image\":{\"@id\":\"https:\\\/\\\/www.letsportsrock.com\\\/?p=61386#primaryimage\"},\"thumbnailUrl\":\"https:\\\/\\\/www.letsportsrock.com\\\/wp-content\\\/uploads\\\/2025\\\/08\\\/1f06b480-8221-4a2a-bcc5-b2ccbd30d6a9.jpg\",\"datePublished\":\"2025-08-19T09:02:58+00:00\",\"author\":{\"@id\":\"https:\\\/\\\/www.letsportsrock.com\\\/#\\\/schema\\\/person\\\/5a13d00f7830282189607c4b5a9237bf\"},\"description\":\"Laura Vicol, prima reac\u021bie dup\u0103 ce a fost acuzat\u0103 c\u0103 a \u00eenc\u0103lcat legea pe Arena Na\u021bional\u0103. Aceasta a participat la meciul dintre Rapid \u0219i FCSB: \u201eBobi\u021b\u0103, s\u0103 \u0219ti\u021bi c\u0103...\u201dSurs\u0103:........\u00a0\",\"breadcrumb\":{\"@id\":\"https:\\\/\\\/www.letsportsrock.com\\\/?p=61386#breadcrumb\"},\"inLanguage\":\"en-US\",\"potentialAction\":[{\"@type\":\"ReadAction\",\"target\":[\"https:\\\/\\\/www.letsportsrock.com\\\/?p=61386\"]}]},{\"@type\":\"ImageObject\",\"inLanguage\":\"en-US\",\"@id\":\"https:\\\/\\\/www.letsportsrock.com\\\/?p=61386#primaryimage\",\"url\":\"https:\\\/\\\/www.letsportsrock.com\\\/wp-content\\\/uploads\\\/2025\\\/08\\\/1f06b480-8221-4a2a-bcc5-b2ccbd30d6a9.jpg\",\"contentUrl\":\"https:\\\/\\\/www.letsportsrock.com\\\/wp-content\\\/uploads\\\/2025\\\/08\\\/1f06b480-8221-4a2a-bcc5-b2ccbd30d6a9.jpg\",\"width\":1052,\"height\":1315},{\"@type\":\"BreadcrumbList\",\"@id\":\"https:\\\/\\\/www.letsportsrock.com\\\/?p=61386#breadcrumb\",\"itemListElement\":[{\"@type\":\"ListItem\",\"position\":1,\"name\":\"Home\",\"item\":\"https:\\\/\\\/www.letsportsrock.com\\\/\"},{\"@type\":\"ListItem\",\"position\":2,\"name\":\"Laura Vicol, prima reac\u021bie dup\u0103 ce a fost acuzat\u0103 c\u0103 a \u00eenc\u0103lcat legea pe Arena Na\u021bional\u0103. Aceasta a participat la meciul dintre Rapid \u0219i FCSB: \u201eBobi\u021b\u0103, s\u0103 \u0219ti\u021bi c\u0103&#8230;\u201d Surs\u0103:&#8230;&#8230;..\u00a0\"}]},{\"@type\":\"WebSite\",\"@id\":\"https:\\\/\\\/www.letsportsrock.com\\\/#website\",\"url\":\"https:\\\/\\\/www.letsportsrock.com\\\/\",\"name\":\"letsportsrock\",\"description\":\"Sport News and Updates\",\"potentialAction\":[{\"@type\":\"SearchAction\",\"target\":{\"@type\":\"EntryPoint\",\"urlTemplate\":\"https:\\\/\\\/www.letsportsrock.com\\\/?s={search_term_string}\"},\"query-input\":{\"@type\":\"PropertyValueSpecification\",\"valueRequired\":true,\"valueName\":\"search_term_string\"}}],\"inLanguage\":\"en-US\"},{\"@type\":\"Person\",\"@id\":\"https:\\\/\\\/www.letsportsrock.com\\\/#\\\/schema\\\/person\\\/5a13d00f7830282189607c4b5a9237bf\",\"name\":\"Dooyum@\",\"image\":{\"@type\":\"ImageObject\",\"inLanguage\":\"en-US\",\"@id\":\"https:\\\/\\\/secure.gravatar.com\\\/avatar\\\/7498f391a1eb24da401a4b43cd9242622cf3682e1c9b1437a7ac00795149a3b2?s=96&d=mm&r=g\",\"url\":\"https:\\\/\\\/secure.gravatar.com\\\/avatar\\\/7498f391a1eb24da401a4b43cd9242622cf3682e1c9b1437a7ac00795149a3b2?s=96&d=mm&r=g\",\"contentUrl\":\"https:\\\/\\\/secure.gravatar.com\\\/avatar\\\/7498f391a1eb24da401a4b43cd9242622cf3682e1c9b1437a7ac00795149a3b2?s=96&d=mm&r=g\",\"caption\":\"Dooyum@\"},\"sameAs\":[\"https:\\\/\\\/www.letsportsrock.com\\\/wp-admin\\\/\"],\"url\":\"https:\\\/\\\/www.letsportsrock.com\\\/?author=21\"}]}<\/script>\n<!-- \/ Yoast SEO plugin. -->","yoast_head_json":{"title":"Laura Vicol, prima reac\u021bie dup\u0103 ce a fost acuzat\u0103 c\u0103 a \u00eenc\u0103lcat legea pe Arena Na\u021bional\u0103. Aceasta a participat la meciul dintre Rapid \u0219i FCSB: \u201eBobi\u021b\u0103, s\u0103 \u0219ti\u021bi c\u0103...\u201dSurs\u0103:........\u00a0","description":"Laura Vicol, prima reac\u021bie dup\u0103 ce a fost acuzat\u0103 c\u0103 a \u00eenc\u0103lcat legea pe Arena Na\u021bional\u0103. Aceasta a participat la meciul dintre Rapid \u0219i FCSB: \u201eBobi\u021b\u0103, s\u0103 \u0219ti\u021bi c\u0103...\u201dSurs\u0103:........\u00a0","robots":{"index":"index","follow":"follow","max-snippet":"max-snippet:-1","max-image-preview":"max-image-preview:large","max-video-preview":"max-video-preview:-1"},"canonical":"https:\/\/www.letsportsrock.com\/?p=61386","og_locale":"en_US","og_type":"article","og_title":"Laura Vicol, prima reac\u021bie dup\u0103 ce a fost acuzat\u0103 c\u0103 a \u00eenc\u0103lcat legea pe Arena Na\u021bional\u0103. Aceasta a participat la meciul dintre Rapid \u0219i FCSB: \u201eBobi\u021b\u0103, s\u0103 \u0219ti\u021bi c\u0103...\u201dSurs\u0103:........\u00a0","og_description":"Laura Vicol, prima reac\u021bie dup\u0103 ce a fost acuzat\u0103 c\u0103 a \u00eenc\u0103lcat legea pe Arena Na\u021bional\u0103. Aceasta a participat la meciul dintre Rapid \u0219i FCSB: \u201eBobi\u021b\u0103, s\u0103 \u0219ti\u021bi c\u0103...\u201dSurs\u0103:........\u00a0","og_url":"https:\/\/www.letsportsrock.com\/?p=61386","og_site_name":"letsportsrock","article_published_time":"2025-08-19T09:02:58+00:00","og_image":[{"width":1052,"height":1315,"url":"https:\/\/www.letsportsrock.com\/wp-content\/uploads\/2025\/08\/1f06b480-8221-4a2a-bcc5-b2ccbd30d6a9.jpg","type":"image\/jpeg"}],"author":"Dooyum@","twitter_card":"summary_large_image","twitter_misc":{"Written by":"Dooyum@","Est. reading time":"2 minutes"},"schema":{"@context":"https:\/\/schema.org","@graph":[{"@type":"Article","@id":"https:\/\/www.letsportsrock.com\/?p=61386#article","isPartOf":{"@id":"https:\/\/www.letsportsrock.com\/?p=61386"},"author":{"name":"Dooyum@","@id":"https:\/\/www.letsportsrock.com\/#\/schema\/person\/5a13d00f7830282189607c4b5a9237bf"},"headline":"Laura Vicol, prima reac\u021bie dup\u0103 ce a fost acuzat\u0103 c\u0103 a \u00eenc\u0103lcat legea pe Arena Na\u021bional\u0103. Aceasta a participat la meciul dintre Rapid \u0219i FCSB: \u201eBobi\u021b\u0103, s\u0103 \u0219ti\u021bi c\u0103&#8230;\u201d Surs\u0103:&#8230;&#8230;..\u00a0","datePublished":"2025-08-19T09:02:58+00:00","mainEntityOfPage":{"@id":"https:\/\/www.letsportsrock.com\/?p=61386"},"wordCount":243,"commentCount":0,"image":{"@id":"https:\/\/www.letsportsrock.com\/?p=61386#primaryimage"},"thumbnailUrl":"https:\/\/www.letsportsrock.com\/wp-content\/uploads\/2025\/08\/1f06b480-8221-4a2a-bcc5-b2ccbd30d6a9.jpg","keywords":["FCSB"],"inLanguage":"en-US","potentialAction":[{"@type":"CommentAction","name":"Comment","target":["https:\/\/www.letsportsrock.com\/?p=61386#respond"]}]},{"@type":"WebPage","@id":"https:\/\/www.letsportsrock.com\/?p=61386","url":"https:\/\/www.letsportsrock.com\/?p=61386","name":"Laura Vicol, prima reac\u021bie dup\u0103 ce a fost acuzat\u0103 c\u0103 a \u00eenc\u0103lcat legea pe Arena Na\u021bional\u0103. Aceasta a participat la meciul dintre Rapid \u0219i FCSB: \u201eBobi\u021b\u0103, s\u0103 \u0219ti\u021bi c\u0103...\u201dSurs\u0103:........\u00a0","isPartOf":{"@id":"https:\/\/www.letsportsrock.com\/#website"},"primaryImageOfPage":{"@id":"https:\/\/www.letsportsrock.com\/?p=61386#primaryimage"},"image":{"@id":"https:\/\/www.letsportsrock.com\/?p=61386#primaryimage"},"thumbnailUrl":"https:\/\/www.letsportsrock.com\/wp-content\/uploads\/2025\/08\/1f06b480-8221-4a2a-bcc5-b2ccbd30d6a9.jpg","datePublished":"2025-08-19T09:02:58+00:00","author":{"@id":"https:\/\/www.letsportsrock.com\/#\/schema\/person\/5a13d00f7830282189607c4b5a9237bf"},"description":"Laura Vicol, prima reac\u021bie dup\u0103 ce a fost acuzat\u0103 c\u0103 a \u00eenc\u0103lcat legea pe Arena Na\u021bional\u0103. Aceasta a participat la meciul dintre Rapid \u0219i FCSB: \u201eBobi\u021b\u0103, s\u0103 \u0219ti\u021bi c\u0103...\u201dSurs\u0103:........\u00a0","breadcrumb":{"@id":"https:\/\/www.letsportsrock.com\/?p=61386#breadcrumb"},"inLanguage":"en-US","potentialAction":[{"@type":"ReadAction","target":["https:\/\/www.letsportsrock.com\/?p=61386"]}]},{"@type":"ImageObject","inLanguage":"en-US","@id":"https:\/\/www.letsportsrock.com\/?p=61386#primaryimage","url":"https:\/\/www.letsportsrock.com\/wp-content\/uploads\/2025\/08\/1f06b480-8221-4a2a-bcc5-b2ccbd30d6a9.jpg","contentUrl":"https:\/\/www.letsportsrock.com\/wp-content\/uploads\/2025\/08\/1f06b480-8221-4a2a-bcc5-b2ccbd30d6a9.jpg","width":1052,"height":1315},{"@type":"BreadcrumbList","@id":"https:\/\/www.letsportsrock.com\/?p=61386#breadcrumb","itemListElement":[{"@type":"ListItem","position":1,"name":"Home","item":"https:\/\/www.letsportsrock.com\/"},{"@type":"ListItem","position":2,"name":"Laura Vicol, prima reac\u021bie dup\u0103 ce a fost acuzat\u0103 c\u0103 a \u00eenc\u0103lcat legea pe Arena Na\u021bional\u0103. Aceasta a participat la meciul dintre Rapid \u0219i FCSB: \u201eBobi\u021b\u0103, s\u0103 \u0219ti\u021bi c\u0103&#8230;\u201d Surs\u0103:&#8230;&#8230;..\u00a0"}]},{"@type":"WebSite","@id":"https:\/\/www.letsportsrock.com\/#website","url":"https:\/\/www.letsportsrock.com\/","name":"letsportsrock","description":"Sport News and Updates","potentialAction":[{"@type":"SearchAction","target":{"@type":"EntryPoint","urlTemplate":"https:\/\/www.letsportsrock.com\/?s={search_term_string}"},"query-input":{"@type":"PropertyValueSpecification","valueRequired":true,"valueName":"search_term_string"}}],"inLanguage":"en-US"},{"@type":"Person","@id":"https:\/\/www.letsportsrock.com\/#\/schema\/person\/5a13d00f7830282189607c4b5a9237bf","name":"Dooyum@","image":{"@type":"ImageObject","inLanguage":"en-US","@id":"https:\/\/secure.gravatar.com\/avatar\/7498f391a1eb24da401a4b43cd9242622cf3682e1c9b1437a7ac00795149a3b2?s=96&d=mm&r=g","url":"https:\/\/secure.gravatar.com\/avatar\/7498f391a1eb24da401a4b43cd9242622cf3682e1c9b1437a7ac00795149a3b2?s=96&d=mm&r=g","contentUrl":"https:\/\/secure.gravatar.com\/avatar\/7498f391a1eb24da401a4b43cd9242622cf3682e1c9b1437a7ac00795149a3b2?s=96&d=mm&r=g","caption":"Dooyum@"},"sameAs":["https:\/\/www.letsportsrock.com\/wp-admin\/"],"url":"https:\/\/www.letsportsrock.com\/?author=21"}]}},"jetpack_featured_media_url":"https:\/\/www.letsportsrock.com\/wp-content\/uploads\/2025\/08\/1f06b480-8221-4a2a-bcc5-b2ccbd30d6a9.jpg","jetpack_sharing_enabled":true,"_links":{"self":[{"href":"https:\/\/www.letsportsrock.com\/index.php?rest_route=\/wp\/v2\/posts\/61386","targetHints":{"allow":["GET"]}}],"collection":[{"href":"https:\/\/www.letsportsrock.com\/index.php?rest_route=\/wp\/v2\/posts"}],"about":[{"href":"https:\/\/www.letsportsrock.com\/index.php?rest_route=\/wp\/v2\/types\/post"}],"author":[{"embeddable":true,"href":"https:\/\/www.letsportsrock.com\/index.php?rest_route=\/wp\/v2\/users\/21"}],"replies":[{"embeddable":true,"href":"https:\/\/www.letsportsrock.com\/index.php?rest_route=%2Fwp%2Fv2%2Fcomments&post=61386"}],"version-history":[{"count":1,"href":"https:\/\/www.letsportsrock.com\/index.php?rest_route=\/wp\/v2\/posts\/61386\/revisions"}],"predecessor-version":[{"id":61388,"href":"https:\/\/www.letsportsrock.com\/index.php?rest_route=\/wp\/v2\/posts\/61386\/revisions\/61388"}],"wp:featuredmedia":[{"embeddable":true,"href":"https:\/\/www.letsportsrock.com\/index.php?rest_route=\/wp\/v2\/media\/61382"}],"wp:attachment":[{"href":"https:\/\/www.letsportsrock.com\/index.php?rest_route=%2Fwp%2Fv2%2Fmedia&parent=61386"}],"wp:term":[{"taxonomy":"category","embeddable":true,"href":"https:\/\/www.letsportsrock.com\/index.php?rest_route=%2Fwp%2Fv2%2Fcategories&post=61386"},{"taxonomy":"post_tag","embeddable":true,"href":"https:\/\/www.letsportsrock.com\/index.php?rest_route=%2Fwp%2Fv2%2Ftags&post=61386"}],"curies":[{"name":"wp","href":"https:\/\/api.w.org\/{rel}","templated":true}]}}