{"id":61538,"date":"2025-08-20T06:01:31","date_gmt":"2025-08-20T06:01:31","guid":{"rendered":"https:\/\/www.letsportsrock.com\/?p=61538"},"modified":"2025-08-20T06:01:31","modified_gmt":"2025-08-20T06:01:31","slug":"eilmeldung-ich-werde-nicht-mehr-fur-borussia-dortmund-spielen-emre-can-hat-seinen-abschied-vom-bvb-bekannt-gegeben-der-grund-dafur-weiterlesen","status":"publish","type":"post","link":"https:\/\/www.letsportsrock.com\/?p=61538","title":{"rendered":"Eilmeldung: Ich werde nicht mehr f\u00fcr Borussia Dortmund spielen, Emre Can hat seinen Abschied vom BVB bekannt gegeben, der Grund daf\u00fcr\u2026 Weiterlesen&#8230;&#8230;."},"content":{"rendered":"<div class=\"d79db4796efc26332eabfc3f5dafbc76\" data-index=\"1\" style=\"float: none; margin:10px 0 10px 0; text-align:center;\">\n<div class=\"hb-ad-inarticle\">\r\n    <div class=\"hb-ad-inner\"> \r\n    <div class=\"hbagency_cls\"  id=\"hbagency_space_111930\"><\/div><\/div> <\/div>\n<\/div>\n<p>**Eilmeldung: Emre Can verk\u00fcndet Abschied vom BVB**<\/p>\n<p>&nbsp;<\/p>\n<p>In einer \u00fcberraschenden Wendung hat Emre Can offiziell bekannt gegeben, dass er nicht l\u00e4nger f\u00fcr Borussia Dortmund spielen wird. Der 31-j\u00e4hrige Mittelfeldspieler erkl\u00e4rte am Mittwochmorgen \u00fcber seine sozialen Medien: *\u201eNach reiflicher \u00dcberlegung habe ich beschlossen, den BVB zu verlassen. Es war keine leichte Entscheidung, aber ich bin \u00fcberzeugt, dass es der richtige Schritt f\u00fcr mich ist.\u201c*<\/p>\n<p>&nbsp;<\/p>\n<p>Als Grund f\u00fcr seinen Abschied nannte Can vor allem pers\u00f6nliche und sportliche Gr\u00fcnde. *\u201eIch habe das Gef\u00fchl, dass es Zeit f\u00fcr eine neue Herausforderung ist \u2013 sowohl f\u00fcr meine Karriere als auch f\u00fcr meine pers\u00f6nliche Entwicklung,\u201c* so der Nationalspieler weiter.<\/p>\n<p>&nbsp;<\/p>\n<p>Can wechselte im Januar 2020 von Juventus Turin zum BVB und entwickelte sich rasch zu einem wichtigen F\u00fchrungsspieler. In der vergangenen Saison trug er sogar die Kapit\u00e4nsbinde und war ein zentraler Bestandteil des Teams, das das Finale der Champions League erreichte.<\/p>\n<p>&nbsp;<\/p>\n<p>Die Reaktionen innerhalb des Vereins und bei den Fans fallen gemischt aus \u2013 w\u00e4hrend einige seinen Wunsch nach Ver\u00e4nderung respektieren, zeigen sich viele \u00fcberrascht und entt\u00e4uscht.<\/p>\n<p>&nbsp;<\/p>\n<p>Wohin es Emre Can als N\u00e4chstes zieht, ist bislang unklar. Ger\u00fcchten zufolge soll es bereits Gespr\u00e4che mit mehreren europ\u00e4ischen Topklubs geben. Eine offizielle Best\u00e4tigung steht jedoch<\/p>\n<p>noch aus.<\/p>\n\n<div style=\"font-size: 0px; height: 0px; line-height: 0px; margin: 0; padding: 0; clear: both;\"><\/div>","protected":false},"excerpt":{"rendered":"<p>**Eilmeldung: Emre Can verk\u00fcndet Abschied vom BVB** &nbsp; In einer \u00fcberraschenden Wendung hat Emre Can offiziell bekannt gegeben, dass er nicht l\u00e4nger f\u00fcr Borussia Dortmund spielen wird. Der 31-j\u00e4hrige Mittelfeldspieler erkl\u00e4rte am Mittwochmorgen \u00fcber seine sozialen Medien: *\u201eNach reiflicher \u00dcberlegung habe ich beschlossen, den BVB zu verlassen. Es war keine leichte Entscheidung, aber ich bin [&hellip;]<\/p>\n","protected":false},"author":1,"featured_media":61539,"comment_status":"open","ping_status":"open","sticky":false,"template":"","format":"standard","meta":{"_jetpack_memberships_contains_paid_content":false,"footnotes":""},"categories":[1],"tags":[],"class_list":["post-61538","post","type-post","status-publish","format-standard","has-post-thumbnail","hentry","category-uncategorized"],"yoast_head":"<!-- This site is optimized with the Yoast SEO plugin v27.4 - https:\/\/yoast.com\/product\/yoast-seo-wordpress\/ -->\n<title>Eilmeldung: Ich werde nicht mehr f\u00fcr Borussia Dortmund spielen, Emre Can hat seinen Abschied vom BVB bekannt gegeben, der Grund daf\u00fcr\u2026 Weiterlesen.......<\/title>\n<meta name=\"description\" content=\"Eilmeldung: Ich werde nicht mehr f\u00fcr Borussia Dortmund spielen, Emre Can hat seinen Abschied vom BVB bekannt gegeben, der Grund daf\u00fcr\u2026 Weiterlesen.......\" \/>\n<meta name=\"robots\" content=\"index, follow, max-snippet:-1, max-image-preview:large, max-video-preview:-1\" \/>\n<link rel=\"canonical\" href=\"https:\/\/www.letsportsrock.com\/?p=61538\" \/>\n<meta property=\"og:locale\" content=\"en_US\" \/>\n<meta property=\"og:type\" content=\"article\" \/>\n<meta property=\"og:title\" content=\"Eilmeldung: Ich werde nicht mehr f\u00fcr Borussia Dortmund spielen, Emre Can hat seinen Abschied vom BVB bekannt gegeben, der Grund daf\u00fcr\u2026 Weiterlesen.......\" \/>\n<meta property=\"og:description\" content=\"Eilmeldung: Ich werde nicht mehr f\u00fcr Borussia Dortmund spielen, Emre Can hat seinen Abschied vom BVB bekannt gegeben, der Grund daf\u00fcr\u2026 Weiterlesen.......\" \/>\n<meta property=\"og:url\" content=\"https:\/\/www.letsportsrock.com\/?p=61538\" \/>\n<meta property=\"og:site_name\" content=\"letsportsrock\" \/>\n<meta property=\"article:published_time\" content=\"2025-08-20T06:01:31+00:00\" \/>\n<meta property=\"og:image\" content=\"https:\/\/www.letsportsrock.com\/wp-content\/uploads\/2025\/08\/images-14-4.jpeg\" \/>\n\t<meta property=\"og:image:width\" content=\"678\" \/>\n\t<meta property=\"og:image:height\" content=\"452\" \/>\n\t<meta property=\"og:image:type\" content=\"image\/jpeg\" \/>\n<meta name=\"author\" content=\"letsportsrock\" \/>\n<meta name=\"twitter:card\" content=\"summary_large_image\" \/>\n<meta name=\"twitter:label1\" content=\"Written by\" \/>\n\t<meta name=\"twitter:data1\" content=\"letsportsrock\" \/>\n\t<meta name=\"twitter:label2\" content=\"Est. reading time\" \/>\n\t<meta name=\"twitter:data2\" content=\"1 minute\" \/>\n<script type=\"application\/ld+json\" class=\"yoast-schema-graph\">{\"@context\":\"https:\\\/\\\/schema.org\",\"@graph\":[{\"@type\":\"Article\",\"@id\":\"https:\\\/\\\/www.letsportsrock.com\\\/?p=61538#article\",\"isPartOf\":{\"@id\":\"https:\\\/\\\/www.letsportsrock.com\\\/?p=61538\"},\"author\":{\"name\":\"letsportsrock\",\"@id\":\"https:\\\/\\\/www.letsportsrock.com\\\/#\\\/schema\\\/person\\\/a454ac24e58b214ddd97e4b5afb0bf01\"},\"headline\":\"Eilmeldung: Ich werde nicht mehr f\u00fcr Borussia Dortmund spielen, Emre Can hat seinen Abschied vom BVB bekannt gegeben, der Grund daf\u00fcr\u2026 Weiterlesen&#8230;&#8230;.\",\"datePublished\":\"2025-08-20T06:01:31+00:00\",\"mainEntityOfPage\":{\"@id\":\"https:\\\/\\\/www.letsportsrock.com\\\/?p=61538\"},\"wordCount\":248,\"commentCount\":0,\"image\":{\"@id\":\"https:\\\/\\\/www.letsportsrock.com\\\/?p=61538#primaryimage\"},\"thumbnailUrl\":\"https:\\\/\\\/www.letsportsrock.com\\\/wp-content\\\/uploads\\\/2025\\\/08\\\/images-14-4.jpeg\",\"inLanguage\":\"en-US\",\"potentialAction\":[{\"@type\":\"CommentAction\",\"name\":\"Comment\",\"target\":[\"https:\\\/\\\/www.letsportsrock.com\\\/?p=61538#respond\"]}]},{\"@type\":\"WebPage\",\"@id\":\"https:\\\/\\\/www.letsportsrock.com\\\/?p=61538\",\"url\":\"https:\\\/\\\/www.letsportsrock.com\\\/?p=61538\",\"name\":\"Eilmeldung: Ich werde nicht mehr f\u00fcr Borussia Dortmund spielen, Emre Can hat seinen Abschied vom BVB bekannt gegeben, der Grund daf\u00fcr\u2026 Weiterlesen.......\",\"isPartOf\":{\"@id\":\"https:\\\/\\\/www.letsportsrock.com\\\/#website\"},\"primaryImageOfPage\":{\"@id\":\"https:\\\/\\\/www.letsportsrock.com\\\/?p=61538#primaryimage\"},\"image\":{\"@id\":\"https:\\\/\\\/www.letsportsrock.com\\\/?p=61538#primaryimage\"},\"thumbnailUrl\":\"https:\\\/\\\/www.letsportsrock.com\\\/wp-content\\\/uploads\\\/2025\\\/08\\\/images-14-4.jpeg\",\"datePublished\":\"2025-08-20T06:01:31+00:00\",\"author\":{\"@id\":\"https:\\\/\\\/www.letsportsrock.com\\\/#\\\/schema\\\/person\\\/a454ac24e58b214ddd97e4b5afb0bf01\"},\"description\":\"Eilmeldung: Ich werde nicht mehr f\u00fcr Borussia Dortmund spielen, Emre Can hat seinen Abschied vom BVB bekannt gegeben, der Grund daf\u00fcr\u2026 Weiterlesen.......\",\"breadcrumb\":{\"@id\":\"https:\\\/\\\/www.letsportsrock.com\\\/?p=61538#breadcrumb\"},\"inLanguage\":\"en-US\",\"potentialAction\":[{\"@type\":\"ReadAction\",\"target\":[\"https:\\\/\\\/www.letsportsrock.com\\\/?p=61538\"]}]},{\"@type\":\"ImageObject\",\"inLanguage\":\"en-US\",\"@id\":\"https:\\\/\\\/www.letsportsrock.com\\\/?p=61538#primaryimage\",\"url\":\"https:\\\/\\\/www.letsportsrock.com\\\/wp-content\\\/uploads\\\/2025\\\/08\\\/images-14-4.jpeg\",\"contentUrl\":\"https:\\\/\\\/www.letsportsrock.com\\\/wp-content\\\/uploads\\\/2025\\\/08\\\/images-14-4.jpeg\",\"width\":678,\"height\":452},{\"@type\":\"BreadcrumbList\",\"@id\":\"https:\\\/\\\/www.letsportsrock.com\\\/?p=61538#breadcrumb\",\"itemListElement\":[{\"@type\":\"ListItem\",\"position\":1,\"name\":\"Home\",\"item\":\"https:\\\/\\\/www.letsportsrock.com\\\/\"},{\"@type\":\"ListItem\",\"position\":2,\"name\":\"Eilmeldung: Ich werde nicht mehr f\u00fcr Borussia Dortmund spielen, Emre Can hat seinen Abschied vom BVB bekannt gegeben, der Grund daf\u00fcr\u2026 Weiterlesen&#8230;&#8230;.\"}]},{\"@type\":\"WebSite\",\"@id\":\"https:\\\/\\\/www.letsportsrock.com\\\/#website\",\"url\":\"https:\\\/\\\/www.letsportsrock.com\\\/\",\"name\":\"letsportsrock\",\"description\":\"Sport News and Updates\",\"potentialAction\":[{\"@type\":\"SearchAction\",\"target\":{\"@type\":\"EntryPoint\",\"urlTemplate\":\"https:\\\/\\\/www.letsportsrock.com\\\/?s={search_term_string}\"},\"query-input\":{\"@type\":\"PropertyValueSpecification\",\"valueRequired\":true,\"valueName\":\"search_term_string\"}}],\"inLanguage\":\"en-US\"},{\"@type\":\"Person\",\"@id\":\"https:\\\/\\\/www.letsportsrock.com\\\/#\\\/schema\\\/person\\\/a454ac24e58b214ddd97e4b5afb0bf01\",\"name\":\"letsportsrock\",\"image\":{\"@type\":\"ImageObject\",\"inLanguage\":\"en-US\",\"@id\":\"https:\\\/\\\/secure.gravatar.com\\\/avatar\\\/f8ef950cbb7574c0bc874094b8d307659bfe2d7aa4a9d26fa6917eff010748f9?s=96&d=mm&r=g\",\"url\":\"https:\\\/\\\/secure.gravatar.com\\\/avatar\\\/f8ef950cbb7574c0bc874094b8d307659bfe2d7aa4a9d26fa6917eff010748f9?s=96&d=mm&r=g\",\"contentUrl\":\"https:\\\/\\\/secure.gravatar.com\\\/avatar\\\/f8ef950cbb7574c0bc874094b8d307659bfe2d7aa4a9d26fa6917eff010748f9?s=96&d=mm&r=g\",\"caption\":\"letsportsrock\"},\"sameAs\":[\"https:\\\/\\\/www.letsportsrock.com\"],\"url\":\"https:\\\/\\\/www.letsportsrock.com\\\/?author=1\"}]}<\/script>\n<!-- \/ Yoast SEO plugin. -->","yoast_head_json":{"title":"Eilmeldung: Ich werde nicht mehr f\u00fcr Borussia Dortmund spielen, Emre Can hat seinen Abschied vom BVB bekannt gegeben, der Grund daf\u00fcr\u2026 Weiterlesen.......","description":"Eilmeldung: Ich werde nicht mehr f\u00fcr Borussia Dortmund spielen, Emre Can hat seinen Abschied vom BVB bekannt gegeben, der Grund daf\u00fcr\u2026 Weiterlesen.......","robots":{"index":"index","follow":"follow","max-snippet":"max-snippet:-1","max-image-preview":"max-image-preview:large","max-video-preview":"max-video-preview:-1"},"canonical":"https:\/\/www.letsportsrock.com\/?p=61538","og_locale":"en_US","og_type":"article","og_title":"Eilmeldung: Ich werde nicht mehr f\u00fcr Borussia Dortmund spielen, Emre Can hat seinen Abschied vom BVB bekannt gegeben, der Grund daf\u00fcr\u2026 Weiterlesen.......","og_description":"Eilmeldung: Ich werde nicht mehr f\u00fcr Borussia Dortmund spielen, Emre Can hat seinen Abschied vom BVB bekannt gegeben, der Grund daf\u00fcr\u2026 Weiterlesen.......","og_url":"https:\/\/www.letsportsrock.com\/?p=61538","og_site_name":"letsportsrock","article_published_time":"2025-08-20T06:01:31+00:00","og_image":[{"width":678,"height":452,"url":"https:\/\/www.letsportsrock.com\/wp-content\/uploads\/2025\/08\/images-14-4.jpeg","type":"image\/jpeg"}],"author":"letsportsrock","twitter_card":"summary_large_image","twitter_misc":{"Written by":"letsportsrock","Est. reading time":"1 minute"},"schema":{"@context":"https:\/\/schema.org","@graph":[{"@type":"Article","@id":"https:\/\/www.letsportsrock.com\/?p=61538#article","isPartOf":{"@id":"https:\/\/www.letsportsrock.com\/?p=61538"},"author":{"name":"letsportsrock","@id":"https:\/\/www.letsportsrock.com\/#\/schema\/person\/a454ac24e58b214ddd97e4b5afb0bf01"},"headline":"Eilmeldung: Ich werde nicht mehr f\u00fcr Borussia Dortmund spielen, Emre Can hat seinen Abschied vom BVB bekannt gegeben, der Grund daf\u00fcr\u2026 Weiterlesen&#8230;&#8230;.","datePublished":"2025-08-20T06:01:31+00:00","mainEntityOfPage":{"@id":"https:\/\/www.letsportsrock.com\/?p=61538"},"wordCount":248,"commentCount":0,"image":{"@id":"https:\/\/www.letsportsrock.com\/?p=61538#primaryimage"},"thumbnailUrl":"https:\/\/www.letsportsrock.com\/wp-content\/uploads\/2025\/08\/images-14-4.jpeg","inLanguage":"en-US","potentialAction":[{"@type":"CommentAction","name":"Comment","target":["https:\/\/www.letsportsrock.com\/?p=61538#respond"]}]},{"@type":"WebPage","@id":"https:\/\/www.letsportsrock.com\/?p=61538","url":"https:\/\/www.letsportsrock.com\/?p=61538","name":"Eilmeldung: Ich werde nicht mehr f\u00fcr Borussia Dortmund spielen, Emre Can hat seinen Abschied vom BVB bekannt gegeben, der Grund daf\u00fcr\u2026 Weiterlesen.......","isPartOf":{"@id":"https:\/\/www.letsportsrock.com\/#website"},"primaryImageOfPage":{"@id":"https:\/\/www.letsportsrock.com\/?p=61538#primaryimage"},"image":{"@id":"https:\/\/www.letsportsrock.com\/?p=61538#primaryimage"},"thumbnailUrl":"https:\/\/www.letsportsrock.com\/wp-content\/uploads\/2025\/08\/images-14-4.jpeg","datePublished":"2025-08-20T06:01:31+00:00","author":{"@id":"https:\/\/www.letsportsrock.com\/#\/schema\/person\/a454ac24e58b214ddd97e4b5afb0bf01"},"description":"Eilmeldung: Ich werde nicht mehr f\u00fcr Borussia Dortmund spielen, Emre Can hat seinen Abschied vom BVB bekannt gegeben, der Grund daf\u00fcr\u2026 Weiterlesen.......","breadcrumb":{"@id":"https:\/\/www.letsportsrock.com\/?p=61538#breadcrumb"},"inLanguage":"en-US","potentialAction":[{"@type":"ReadAction","target":["https:\/\/www.letsportsrock.com\/?p=61538"]}]},{"@type":"ImageObject","inLanguage":"en-US","@id":"https:\/\/www.letsportsrock.com\/?p=61538#primaryimage","url":"https:\/\/www.letsportsrock.com\/wp-content\/uploads\/2025\/08\/images-14-4.jpeg","contentUrl":"https:\/\/www.letsportsrock.com\/wp-content\/uploads\/2025\/08\/images-14-4.jpeg","width":678,"height":452},{"@type":"BreadcrumbList","@id":"https:\/\/www.letsportsrock.com\/?p=61538#breadcrumb","itemListElement":[{"@type":"ListItem","position":1,"name":"Home","item":"https:\/\/www.letsportsrock.com\/"},{"@type":"ListItem","position":2,"name":"Eilmeldung: Ich werde nicht mehr f\u00fcr Borussia Dortmund spielen, Emre Can hat seinen Abschied vom BVB bekannt gegeben, der Grund daf\u00fcr\u2026 Weiterlesen&#8230;&#8230;."}]},{"@type":"WebSite","@id":"https:\/\/www.letsportsrock.com\/#website","url":"https:\/\/www.letsportsrock.com\/","name":"letsportsrock","description":"Sport News and Updates","potentialAction":[{"@type":"SearchAction","target":{"@type":"EntryPoint","urlTemplate":"https:\/\/www.letsportsrock.com\/?s={search_term_string}"},"query-input":{"@type":"PropertyValueSpecification","valueRequired":true,"valueName":"search_term_string"}}],"inLanguage":"en-US"},{"@type":"Person","@id":"https:\/\/www.letsportsrock.com\/#\/schema\/person\/a454ac24e58b214ddd97e4b5afb0bf01","name":"letsportsrock","image":{"@type":"ImageObject","inLanguage":"en-US","@id":"https:\/\/secure.gravatar.com\/avatar\/f8ef950cbb7574c0bc874094b8d307659bfe2d7aa4a9d26fa6917eff010748f9?s=96&d=mm&r=g","url":"https:\/\/secure.gravatar.com\/avatar\/f8ef950cbb7574c0bc874094b8d307659bfe2d7aa4a9d26fa6917eff010748f9?s=96&d=mm&r=g","contentUrl":"https:\/\/secure.gravatar.com\/avatar\/f8ef950cbb7574c0bc874094b8d307659bfe2d7aa4a9d26fa6917eff010748f9?s=96&d=mm&r=g","caption":"letsportsrock"},"sameAs":["https:\/\/www.letsportsrock.com"],"url":"https:\/\/www.letsportsrock.com\/?author=1"}]}},"jetpack_featured_media_url":"https:\/\/www.letsportsrock.com\/wp-content\/uploads\/2025\/08\/images-14-4.jpeg","jetpack_sharing_enabled":true,"_links":{"self":[{"href":"https:\/\/www.letsportsrock.com\/index.php?rest_route=\/wp\/v2\/posts\/61538","targetHints":{"allow":["GET"]}}],"collection":[{"href":"https:\/\/www.letsportsrock.com\/index.php?rest_route=\/wp\/v2\/posts"}],"about":[{"href":"https:\/\/www.letsportsrock.com\/index.php?rest_route=\/wp\/v2\/types\/post"}],"author":[{"embeddable":true,"href":"https:\/\/www.letsportsrock.com\/index.php?rest_route=\/wp\/v2\/users\/1"}],"replies":[{"embeddable":true,"href":"https:\/\/www.letsportsrock.com\/index.php?rest_route=%2Fwp%2Fv2%2Fcomments&post=61538"}],"version-history":[{"count":1,"href":"https:\/\/www.letsportsrock.com\/index.php?rest_route=\/wp\/v2\/posts\/61538\/revisions"}],"predecessor-version":[{"id":61540,"href":"https:\/\/www.letsportsrock.com\/index.php?rest_route=\/wp\/v2\/posts\/61538\/revisions\/61540"}],"wp:featuredmedia":[{"embeddable":true,"href":"https:\/\/www.letsportsrock.com\/index.php?rest_route=\/wp\/v2\/media\/61539"}],"wp:attachment":[{"href":"https:\/\/www.letsportsrock.com\/index.php?rest_route=%2Fwp%2Fv2%2Fmedia&parent=61538"}],"wp:term":[{"taxonomy":"category","embeddable":true,"href":"https:\/\/www.letsportsrock.com\/index.php?rest_route=%2Fwp%2Fv2%2Fcategories&post=61538"},{"taxonomy":"post_tag","embeddable":true,"href":"https:\/\/www.letsportsrock.com\/index.php?rest_route=%2Fwp%2Fv2%2Ftags&post=61538"}],"curies":[{"name":"wp","href":"https:\/\/api.w.org\/{rel}","templated":true}]}}