{"id":61639,"date":"2025-08-20T15:40:35","date_gmt":"2025-08-20T15:40:35","guid":{"rendered":"https:\/\/www.letsportsrock.com\/?p=61639"},"modified":"2025-08-20T15:42:18","modified_gmt":"2025-08-20T15:42:18","slug":"sebastien-haller-verlasst-den-bvb-und-wechselt-zum-niederlandischen-erstligisten-fc-utrecht-wir-wunschen-dir-alles-gute-fur-deine-zukunft-seb","status":"publish","type":"post","link":"https:\/\/www.letsportsrock.com\/?p=61639","title":{"rendered":"Sebastien Haller verl\u00e4sst den BVB und wechselt zum niederl\u00e4ndischen Erstligisten FC Utrecht. Wir w\u00fcnschen Dir alles Gute f\u00fcr Deine Zukunft, Seb!&#8230;.."},"content":{"rendered":"<div class=\"d79db4796efc26332eabfc3f5dafbc76\" data-index=\"1\" style=\"float: none; margin:10px 0 10px 0; text-align:center;\">\n<div class=\"hb-ad-inarticle\">\r\n    <div class=\"hb-ad-inner\"> \r\n    <div class=\"hbagency_cls\"  id=\"hbagency_space_111930\"><\/div><\/div> <\/div>\n<\/div>\n<p>Sebastien Haller verl\u00e4sst Borussia Dortmund und kehrt zum niederl\u00e4ndischen Erstligisten FC Utrecht zur\u00fcck. Der ivorische St\u00fcrmer, der im Sommer 2022 zum BVB wechselte, erlebte in Dortmund eine bewegende Zeit. Kurz nach seinem Wechsel wurde bei ihm ein Hodentumor diagnostiziert, doch Haller k\u00e4mpfte sich mit beeindruckender St\u00e4rke zur\u00fcck und feierte im Januar 2023 sein Comeback auf dem Platz. Besonders emotional war sein erstes Tor nach der Erkrankung, das er vor heimischem Publikum im Signal Iduna Park erzielte.<\/p>\n<p>&nbsp;<\/p>\n<p>Insgesamt absolvierte Haller 29 Pflichtspiele f\u00fcr die Schwarzgelben und erzielte dabei 9 Tore. Sein gr\u00f6\u00dfter sportlicher Moment im BVB-Trikot war sicherlich der Schlussspurt in der Bundesliga-Saison 2022\/23, als Dortmund nur knapp die Meisterschaft verpasste. Neben seinen sportlichen Leistungen wird Haller vor allem f\u00fcr seinen unerm\u00fcdlichen Einsatz, seinen Teamgeist und seine positive Ausstrahlung in Erinnerung bleiben.<\/p>\n<p>&nbsp;<\/p>\n<p>Mit dem Wechsel zur\u00fcck zu seinem Ex-Klub FC Utrecht schlie\u00dft sich f\u00fcr den 30-J\u00e4hrigen ein Kreis: Dort hatte er einst seinen Durchbruch im Profifu\u00dfball gefeiert. Der BVB bedankt sich herzlich bei Sebastien Haller f\u00fcr seine Zeit in Dortmund und w\u00fcnscht ihm f\u00fcr seine sportliche und private Zukunft alles erdenklich Gute. Mach\u2019s gut,<\/p>\n<p>Seb!<\/p>\n\n<div style=\"font-size: 0px; height: 0px; line-height: 0px; margin: 0; padding: 0; clear: both;\"><\/div>","protected":false},"excerpt":{"rendered":"<p>Sebastien Haller verl\u00e4sst Borussia Dortmund und kehrt zum niederl\u00e4ndischen Erstligisten FC Utrecht zur\u00fcck. Der ivorische St\u00fcrmer, der im Sommer 2022 zum BVB wechselte, erlebte in Dortmund eine bewegende Zeit. Kurz nach seinem Wechsel wurde bei ihm ein Hodentumor diagnostiziert, doch Haller k\u00e4mpfte sich mit beeindruckender St\u00e4rke zur\u00fcck und feierte im Januar 2023 sein Comeback auf [&hellip;]<\/p>\n","protected":false},"author":1,"featured_media":61640,"comment_status":"open","ping_status":"open","sticky":false,"template":"","format":"standard","meta":{"_jetpack_memberships_contains_paid_content":false,"footnotes":""},"categories":[1],"tags":[],"class_list":["post-61639","post","type-post","status-publish","format-standard","has-post-thumbnail","hentry","category-uncategorized"],"yoast_head":"<!-- This site is optimized with the Yoast SEO plugin v27.4 - https:\/\/yoast.com\/product\/yoast-seo-wordpress\/ -->\n<title>Sebastien Haller verl\u00e4sst den BVB und wechselt zum<\/title>\n<meta name=\"description\" content=\"Sebastien Haller verl\u00e4sst den BVB und wechselt zum niederl\u00e4ndischen Erstligisten FC Utrecht. Wir w\u00fcnschen Dir alles Gute f\u00fcr Dein\" \/>\n<meta name=\"robots\" content=\"index, follow, max-snippet:-1, max-image-preview:large, max-video-preview:-1\" \/>\n<link rel=\"canonical\" href=\"https:\/\/www.letsportsrock.com\/?p=61639\" \/>\n<meta property=\"og:locale\" content=\"en_US\" \/>\n<meta property=\"og:type\" content=\"article\" \/>\n<meta property=\"og:title\" content=\"Sebastien Haller verl\u00e4sst den BVB und wechselt zum\" \/>\n<meta property=\"og:description\" content=\"Sebastien Haller verl\u00e4sst den BVB und wechselt zum niederl\u00e4ndischen Erstligisten FC Utrecht. Wir w\u00fcnschen Dir alles Gute f\u00fcr Dein\" \/>\n<meta property=\"og:url\" content=\"https:\/\/www.letsportsrock.com\/?p=61639\" \/>\n<meta property=\"og:site_name\" content=\"letsportsrock\" \/>\n<meta property=\"article:published_time\" content=\"2025-08-20T15:40:35+00:00\" \/>\n<meta property=\"article:modified_time\" content=\"2025-08-20T15:42:18+00:00\" \/>\n<meta property=\"og:image\" content=\"https:\/\/www.letsportsrock.com\/wp-content\/uploads\/2025\/08\/1755703803612.jpg\" \/>\n\t<meta property=\"og:image:width\" content=\"720\" \/>\n\t<meta property=\"og:image:height\" content=\"900\" \/>\n\t<meta property=\"og:image:type\" content=\"image\/jpeg\" \/>\n<meta name=\"author\" content=\"letsportsrock\" \/>\n<meta name=\"twitter:card\" content=\"summary_large_image\" \/>\n<meta name=\"twitter:label1\" content=\"Written by\" \/>\n\t<meta name=\"twitter:data1\" content=\"letsportsrock\" \/>\n\t<meta name=\"twitter:label2\" content=\"Est. reading time\" \/>\n\t<meta name=\"twitter:data2\" content=\"2 minutes\" \/>\n<script type=\"application\/ld+json\" class=\"yoast-schema-graph\">{\"@context\":\"https:\\\/\\\/schema.org\",\"@graph\":[{\"@type\":\"Article\",\"@id\":\"https:\\\/\\\/www.letsportsrock.com\\\/?p=61639#article\",\"isPartOf\":{\"@id\":\"https:\\\/\\\/www.letsportsrock.com\\\/?p=61639\"},\"author\":{\"name\":\"letsportsrock\",\"@id\":\"https:\\\/\\\/www.letsportsrock.com\\\/#\\\/schema\\\/person\\\/a454ac24e58b214ddd97e4b5afb0bf01\"},\"headline\":\"Sebastien Haller verl\u00e4sst den BVB und wechselt zum niederl\u00e4ndischen Erstligisten FC Utrecht. Wir w\u00fcnschen Dir alles Gute f\u00fcr Deine Zukunft, Seb!&#8230;..\",\"datePublished\":\"2025-08-20T15:40:35+00:00\",\"dateModified\":\"2025-08-20T15:42:18+00:00\",\"mainEntityOfPage\":{\"@id\":\"https:\\\/\\\/www.letsportsrock.com\\\/?p=61639\"},\"wordCount\":226,\"commentCount\":0,\"image\":{\"@id\":\"https:\\\/\\\/www.letsportsrock.com\\\/?p=61639#primaryimage\"},\"thumbnailUrl\":\"https:\\\/\\\/www.letsportsrock.com\\\/wp-content\\\/uploads\\\/2025\\\/08\\\/1755703803612.jpg\",\"inLanguage\":\"en-US\",\"potentialAction\":[{\"@type\":\"CommentAction\",\"name\":\"Comment\",\"target\":[\"https:\\\/\\\/www.letsportsrock.com\\\/?p=61639#respond\"]}]},{\"@type\":\"WebPage\",\"@id\":\"https:\\\/\\\/www.letsportsrock.com\\\/?p=61639\",\"url\":\"https:\\\/\\\/www.letsportsrock.com\\\/?p=61639\",\"name\":\"Sebastien Haller verl\u00e4sst den BVB und wechselt zum\",\"isPartOf\":{\"@id\":\"https:\\\/\\\/www.letsportsrock.com\\\/#website\"},\"primaryImageOfPage\":{\"@id\":\"https:\\\/\\\/www.letsportsrock.com\\\/?p=61639#primaryimage\"},\"image\":{\"@id\":\"https:\\\/\\\/www.letsportsrock.com\\\/?p=61639#primaryimage\"},\"thumbnailUrl\":\"https:\\\/\\\/www.letsportsrock.com\\\/wp-content\\\/uploads\\\/2025\\\/08\\\/1755703803612.jpg\",\"datePublished\":\"2025-08-20T15:40:35+00:00\",\"dateModified\":\"2025-08-20T15:42:18+00:00\",\"author\":{\"@id\":\"https:\\\/\\\/www.letsportsrock.com\\\/#\\\/schema\\\/person\\\/a454ac24e58b214ddd97e4b5afb0bf01\"},\"description\":\"Sebastien Haller verl\u00e4sst den BVB und wechselt zum niederl\u00e4ndischen Erstligisten FC Utrecht. Wir w\u00fcnschen Dir alles Gute f\u00fcr Dein\",\"breadcrumb\":{\"@id\":\"https:\\\/\\\/www.letsportsrock.com\\\/?p=61639#breadcrumb\"},\"inLanguage\":\"en-US\",\"potentialAction\":[{\"@type\":\"ReadAction\",\"target\":[\"https:\\\/\\\/www.letsportsrock.com\\\/?p=61639\"]}]},{\"@type\":\"ImageObject\",\"inLanguage\":\"en-US\",\"@id\":\"https:\\\/\\\/www.letsportsrock.com\\\/?p=61639#primaryimage\",\"url\":\"https:\\\/\\\/www.letsportsrock.com\\\/wp-content\\\/uploads\\\/2025\\\/08\\\/1755703803612.jpg\",\"contentUrl\":\"https:\\\/\\\/www.letsportsrock.com\\\/wp-content\\\/uploads\\\/2025\\\/08\\\/1755703803612.jpg\",\"width\":720,\"height\":900},{\"@type\":\"BreadcrumbList\",\"@id\":\"https:\\\/\\\/www.letsportsrock.com\\\/?p=61639#breadcrumb\",\"itemListElement\":[{\"@type\":\"ListItem\",\"position\":1,\"name\":\"Home\",\"item\":\"https:\\\/\\\/www.letsportsrock.com\\\/\"},{\"@type\":\"ListItem\",\"position\":2,\"name\":\"Sebastien Haller verl\u00e4sst den BVB und wechselt zum niederl\u00e4ndischen Erstligisten FC Utrecht. Wir w\u00fcnschen Dir alles Gute f\u00fcr Deine Zukunft, Seb!&#8230;..\"}]},{\"@type\":\"WebSite\",\"@id\":\"https:\\\/\\\/www.letsportsrock.com\\\/#website\",\"url\":\"https:\\\/\\\/www.letsportsrock.com\\\/\",\"name\":\"letsportsrock\",\"description\":\"Sport News and Updates\",\"potentialAction\":[{\"@type\":\"SearchAction\",\"target\":{\"@type\":\"EntryPoint\",\"urlTemplate\":\"https:\\\/\\\/www.letsportsrock.com\\\/?s={search_term_string}\"},\"query-input\":{\"@type\":\"PropertyValueSpecification\",\"valueRequired\":true,\"valueName\":\"search_term_string\"}}],\"inLanguage\":\"en-US\"},{\"@type\":\"Person\",\"@id\":\"https:\\\/\\\/www.letsportsrock.com\\\/#\\\/schema\\\/person\\\/a454ac24e58b214ddd97e4b5afb0bf01\",\"name\":\"letsportsrock\",\"image\":{\"@type\":\"ImageObject\",\"inLanguage\":\"en-US\",\"@id\":\"https:\\\/\\\/secure.gravatar.com\\\/avatar\\\/f8ef950cbb7574c0bc874094b8d307659bfe2d7aa4a9d26fa6917eff010748f9?s=96&d=mm&r=g\",\"url\":\"https:\\\/\\\/secure.gravatar.com\\\/avatar\\\/f8ef950cbb7574c0bc874094b8d307659bfe2d7aa4a9d26fa6917eff010748f9?s=96&d=mm&r=g\",\"contentUrl\":\"https:\\\/\\\/secure.gravatar.com\\\/avatar\\\/f8ef950cbb7574c0bc874094b8d307659bfe2d7aa4a9d26fa6917eff010748f9?s=96&d=mm&r=g\",\"caption\":\"letsportsrock\"},\"sameAs\":[\"https:\\\/\\\/www.letsportsrock.com\"],\"url\":\"https:\\\/\\\/www.letsportsrock.com\\\/?author=1\"}]}<\/script>\n<!-- \/ Yoast SEO plugin. -->","yoast_head_json":{"title":"Sebastien Haller verl\u00e4sst den BVB und wechselt zum","description":"Sebastien Haller verl\u00e4sst den BVB und wechselt zum niederl\u00e4ndischen Erstligisten FC Utrecht. Wir w\u00fcnschen Dir alles Gute f\u00fcr Dein","robots":{"index":"index","follow":"follow","max-snippet":"max-snippet:-1","max-image-preview":"max-image-preview:large","max-video-preview":"max-video-preview:-1"},"canonical":"https:\/\/www.letsportsrock.com\/?p=61639","og_locale":"en_US","og_type":"article","og_title":"Sebastien Haller verl\u00e4sst den BVB und wechselt zum","og_description":"Sebastien Haller verl\u00e4sst den BVB und wechselt zum niederl\u00e4ndischen Erstligisten FC Utrecht. Wir w\u00fcnschen Dir alles Gute f\u00fcr Dein","og_url":"https:\/\/www.letsportsrock.com\/?p=61639","og_site_name":"letsportsrock","article_published_time":"2025-08-20T15:40:35+00:00","article_modified_time":"2025-08-20T15:42:18+00:00","og_image":[{"width":720,"height":900,"url":"https:\/\/www.letsportsrock.com\/wp-content\/uploads\/2025\/08\/1755703803612.jpg","type":"image\/jpeg"}],"author":"letsportsrock","twitter_card":"summary_large_image","twitter_misc":{"Written by":"letsportsrock","Est. reading time":"2 minutes"},"schema":{"@context":"https:\/\/schema.org","@graph":[{"@type":"Article","@id":"https:\/\/www.letsportsrock.com\/?p=61639#article","isPartOf":{"@id":"https:\/\/www.letsportsrock.com\/?p=61639"},"author":{"name":"letsportsrock","@id":"https:\/\/www.letsportsrock.com\/#\/schema\/person\/a454ac24e58b214ddd97e4b5afb0bf01"},"headline":"Sebastien Haller verl\u00e4sst den BVB und wechselt zum niederl\u00e4ndischen Erstligisten FC Utrecht. Wir w\u00fcnschen Dir alles Gute f\u00fcr Deine Zukunft, Seb!&#8230;..","datePublished":"2025-08-20T15:40:35+00:00","dateModified":"2025-08-20T15:42:18+00:00","mainEntityOfPage":{"@id":"https:\/\/www.letsportsrock.com\/?p=61639"},"wordCount":226,"commentCount":0,"image":{"@id":"https:\/\/www.letsportsrock.com\/?p=61639#primaryimage"},"thumbnailUrl":"https:\/\/www.letsportsrock.com\/wp-content\/uploads\/2025\/08\/1755703803612.jpg","inLanguage":"en-US","potentialAction":[{"@type":"CommentAction","name":"Comment","target":["https:\/\/www.letsportsrock.com\/?p=61639#respond"]}]},{"@type":"WebPage","@id":"https:\/\/www.letsportsrock.com\/?p=61639","url":"https:\/\/www.letsportsrock.com\/?p=61639","name":"Sebastien Haller verl\u00e4sst den BVB und wechselt zum","isPartOf":{"@id":"https:\/\/www.letsportsrock.com\/#website"},"primaryImageOfPage":{"@id":"https:\/\/www.letsportsrock.com\/?p=61639#primaryimage"},"image":{"@id":"https:\/\/www.letsportsrock.com\/?p=61639#primaryimage"},"thumbnailUrl":"https:\/\/www.letsportsrock.com\/wp-content\/uploads\/2025\/08\/1755703803612.jpg","datePublished":"2025-08-20T15:40:35+00:00","dateModified":"2025-08-20T15:42:18+00:00","author":{"@id":"https:\/\/www.letsportsrock.com\/#\/schema\/person\/a454ac24e58b214ddd97e4b5afb0bf01"},"description":"Sebastien Haller verl\u00e4sst den BVB und wechselt zum niederl\u00e4ndischen Erstligisten FC Utrecht. Wir w\u00fcnschen Dir alles Gute f\u00fcr Dein","breadcrumb":{"@id":"https:\/\/www.letsportsrock.com\/?p=61639#breadcrumb"},"inLanguage":"en-US","potentialAction":[{"@type":"ReadAction","target":["https:\/\/www.letsportsrock.com\/?p=61639"]}]},{"@type":"ImageObject","inLanguage":"en-US","@id":"https:\/\/www.letsportsrock.com\/?p=61639#primaryimage","url":"https:\/\/www.letsportsrock.com\/wp-content\/uploads\/2025\/08\/1755703803612.jpg","contentUrl":"https:\/\/www.letsportsrock.com\/wp-content\/uploads\/2025\/08\/1755703803612.jpg","width":720,"height":900},{"@type":"BreadcrumbList","@id":"https:\/\/www.letsportsrock.com\/?p=61639#breadcrumb","itemListElement":[{"@type":"ListItem","position":1,"name":"Home","item":"https:\/\/www.letsportsrock.com\/"},{"@type":"ListItem","position":2,"name":"Sebastien Haller verl\u00e4sst den BVB und wechselt zum niederl\u00e4ndischen Erstligisten FC Utrecht. Wir w\u00fcnschen Dir alles Gute f\u00fcr Deine Zukunft, Seb!&#8230;.."}]},{"@type":"WebSite","@id":"https:\/\/www.letsportsrock.com\/#website","url":"https:\/\/www.letsportsrock.com\/","name":"letsportsrock","description":"Sport News and Updates","potentialAction":[{"@type":"SearchAction","target":{"@type":"EntryPoint","urlTemplate":"https:\/\/www.letsportsrock.com\/?s={search_term_string}"},"query-input":{"@type":"PropertyValueSpecification","valueRequired":true,"valueName":"search_term_string"}}],"inLanguage":"en-US"},{"@type":"Person","@id":"https:\/\/www.letsportsrock.com\/#\/schema\/person\/a454ac24e58b214ddd97e4b5afb0bf01","name":"letsportsrock","image":{"@type":"ImageObject","inLanguage":"en-US","@id":"https:\/\/secure.gravatar.com\/avatar\/f8ef950cbb7574c0bc874094b8d307659bfe2d7aa4a9d26fa6917eff010748f9?s=96&d=mm&r=g","url":"https:\/\/secure.gravatar.com\/avatar\/f8ef950cbb7574c0bc874094b8d307659bfe2d7aa4a9d26fa6917eff010748f9?s=96&d=mm&r=g","contentUrl":"https:\/\/secure.gravatar.com\/avatar\/f8ef950cbb7574c0bc874094b8d307659bfe2d7aa4a9d26fa6917eff010748f9?s=96&d=mm&r=g","caption":"letsportsrock"},"sameAs":["https:\/\/www.letsportsrock.com"],"url":"https:\/\/www.letsportsrock.com\/?author=1"}]}},"jetpack_featured_media_url":"https:\/\/www.letsportsrock.com\/wp-content\/uploads\/2025\/08\/1755703803612.jpg","jetpack_sharing_enabled":true,"_links":{"self":[{"href":"https:\/\/www.letsportsrock.com\/index.php?rest_route=\/wp\/v2\/posts\/61639","targetHints":{"allow":["GET"]}}],"collection":[{"href":"https:\/\/www.letsportsrock.com\/index.php?rest_route=\/wp\/v2\/posts"}],"about":[{"href":"https:\/\/www.letsportsrock.com\/index.php?rest_route=\/wp\/v2\/types\/post"}],"author":[{"embeddable":true,"href":"https:\/\/www.letsportsrock.com\/index.php?rest_route=\/wp\/v2\/users\/1"}],"replies":[{"embeddable":true,"href":"https:\/\/www.letsportsrock.com\/index.php?rest_route=%2Fwp%2Fv2%2Fcomments&post=61639"}],"version-history":[{"count":1,"href":"https:\/\/www.letsportsrock.com\/index.php?rest_route=\/wp\/v2\/posts\/61639\/revisions"}],"predecessor-version":[{"id":61641,"href":"https:\/\/www.letsportsrock.com\/index.php?rest_route=\/wp\/v2\/posts\/61639\/revisions\/61641"}],"wp:featuredmedia":[{"embeddable":true,"href":"https:\/\/www.letsportsrock.com\/index.php?rest_route=\/wp\/v2\/media\/61640"}],"wp:attachment":[{"href":"https:\/\/www.letsportsrock.com\/index.php?rest_route=%2Fwp%2Fv2%2Fmedia&parent=61639"}],"wp:term":[{"taxonomy":"category","embeddable":true,"href":"https:\/\/www.letsportsrock.com\/index.php?rest_route=%2Fwp%2Fv2%2Fcategories&post=61639"},{"taxonomy":"post_tag","embeddable":true,"href":"https:\/\/www.letsportsrock.com\/index.php?rest_route=%2Fwp%2Fv2%2Ftags&post=61639"}],"curies":[{"name":"wp","href":"https:\/\/api.w.org\/{rel}","templated":true}]}}