{"id":61655,"date":"2025-08-20T16:08:14","date_gmt":"2025-08-20T16:08:14","guid":{"rendered":"https:\/\/www.letsportsrock.com\/?p=61655"},"modified":"2025-08-20T16:08:14","modified_gmt":"2025-08-20T16:08:14","slug":"soeben-borussias-top-ringer-der-von-barcelona-verpflichtet-wurde-mochte-in-seiner-rede-nach-dortmund-zuruckkehren-ich-habe-einen-fehler-gemacht-mehr-lesen","status":"publish","type":"post","link":"https:\/\/www.letsportsrock.com\/?p=61655","title":{"rendered":"Soeben: Borussias Top-Ringer, der von Barcelona verpflichtet wurde, m\u00f6chte in seiner Rede nach Dortmund zur\u00fcckkehren\u2026 ICH HABE EINEN FEHLER GEMACHT, mehr lesen&#8230;&#8230;."},"content":{"rendered":"<div class=\"d79db4796efc26332eabfc3f5dafbc76\" data-index=\"1\" style=\"float: none; margin:10px 0 10px 0; text-align:center;\">\n<div class=\"hb-ad-inarticle\">\r\n    <div class=\"hb-ad-inner\"> \r\n    <div class=\"hbagency_cls\"  id=\"hbagency_space_111930\"><\/div><\/div> <\/div>\n<\/div>\n<p>**Soeben: Borussias Top-Ringer will nach Dortmund zur\u00fcck \u2013 \u201eIch habe einen Fehler gemacht\u201c**<\/p>\n<p>&nbsp;<\/p>\n<p>In einer emotionalen Rede hat Borussias ehemaliger Star-Ringer, der vor wenigen Monaten mit gro\u00dfem Aufsehen vom BVB zum FC Barcelona wechselte, \u00fcberraschend seinen Wunsch ge\u00e4u\u00dfert, nach Dortmund zur\u00fcckzukehren.<\/p>\n<p>&nbsp;<\/p>\n<p>\u201eIch habe einen Fehler gemacht\u201c, sagte der 27-J\u00e4hrige vor versammelter Presse. \u201eDortmund war mein Zuhause \u2013 sportlich und menschlich. Die Entscheidung f\u00fcr Barcelona war aus Karrieregr\u00fcnden, aber ich habe untersch\u00e4tzt, was ich in Dortmund wirklich hatte.\u201c<\/p>\n<p>&nbsp;<\/p>\n<p>Der Wechsel sorgte damals f\u00fcr heftige Diskussionen, da er als absoluter Leistungstr\u00e4ger galt und ma\u00dfgeblich zum Erfolg des Teams beigetragen hatte. In Barcelona blieb der gro\u00dfe Durchbruch bislang aus, und auch sportlich l\u00e4uft es f\u00fcr ihn nicht wie erhofft.<\/p>\n<p>&nbsp;<\/p>\n<p>Insider berichten, dass bereits erste Gespr\u00e4che mit dem BVB stattgefunden haben sollen. Ein m\u00f6glicher R\u00fcckwechsel im Winter steht im Raum \u2013 ob als Leihe oder fester Transfer, ist offen.<\/p>\n<p>&nbsp;<\/p>\n<p>Die Fans in Dortmund reagieren gespalten: W\u00e4hrend viele seine R\u00fcckkehr begr\u00fc\u00dfen w\u00fcrden, erinnern sich andere an seinen pl\u00f6tzlichen Abgang und fordern klare Worte und Einsatzbereitschaft.<\/p>\n<p>&nbsp;<\/p>\n<p>Klar ist: Die Geschichte zwischen dem Top-Ringer und Borussia Dortmund ist noch nicht zu E<\/p>\n<p>nde erz\u00e4hlt.<\/p>\n\n<div style=\"font-size: 0px; height: 0px; line-height: 0px; margin: 0; padding: 0; clear: both;\"><\/div>","protected":false},"excerpt":{"rendered":"<p>**Soeben: Borussias Top-Ringer will nach Dortmund zur\u00fcck \u2013 \u201eIch habe einen Fehler gemacht\u201c** &nbsp; In einer emotionalen Rede hat Borussias ehemaliger Star-Ringer, der vor wenigen Monaten mit gro\u00dfem Aufsehen vom BVB zum FC Barcelona wechselte, \u00fcberraschend seinen Wunsch ge\u00e4u\u00dfert, nach Dortmund zur\u00fcckzukehren. &nbsp; \u201eIch habe einen Fehler gemacht\u201c, sagte der 27-J\u00e4hrige vor versammelter Presse. \u201eDortmund [&hellip;]<\/p>\n","protected":false},"author":1,"featured_media":61656,"comment_status":"open","ping_status":"open","sticky":false,"template":"","format":"standard","meta":{"_jetpack_memberships_contains_paid_content":false,"footnotes":""},"categories":[1],"tags":[],"class_list":["post-61655","post","type-post","status-publish","format-standard","has-post-thumbnail","hentry","category-uncategorized"],"yoast_head":"<!-- This site is optimized with the Yoast SEO plugin v27.4 - https:\/\/yoast.com\/product\/yoast-seo-wordpress\/ -->\n<title>Soeben: Borussias Top-Ringer, der von Barcelona verpflichtet<\/title>\n<meta name=\"description\" content=\"Soeben: Borussias Top-Ringer, der von Barcelona verpflichtet wurde, m\u00f6chte in seiner Rede nach Dortmund zur\u00fcckkehren\u2026 ICH HABE EI\" \/>\n<meta name=\"robots\" content=\"index, follow, max-snippet:-1, max-image-preview:large, max-video-preview:-1\" \/>\n<link rel=\"canonical\" href=\"https:\/\/www.letsportsrock.com\/?p=61655\" \/>\n<meta property=\"og:locale\" content=\"en_US\" \/>\n<meta property=\"og:type\" content=\"article\" \/>\n<meta property=\"og:title\" content=\"Soeben: Borussias Top-Ringer, der von Barcelona verpflichtet\" \/>\n<meta property=\"og:description\" content=\"Soeben: Borussias Top-Ringer, der von Barcelona verpflichtet wurde, m\u00f6chte in seiner Rede nach Dortmund zur\u00fcckkehren\u2026 ICH HABE EI\" \/>\n<meta property=\"og:url\" content=\"https:\/\/www.letsportsrock.com\/?p=61655\" \/>\n<meta property=\"og:site_name\" content=\"letsportsrock\" \/>\n<meta property=\"article:published_time\" content=\"2025-08-20T16:08:14+00:00\" \/>\n<meta property=\"og:image\" content=\"https:\/\/www.letsportsrock.com\/wp-content\/uploads\/2025\/08\/images-22-7.jpeg\" \/>\n\t<meta property=\"og:image:width\" content=\"450\" \/>\n\t<meta property=\"og:image:height\" content=\"297\" \/>\n\t<meta property=\"og:image:type\" content=\"image\/jpeg\" \/>\n<meta name=\"author\" content=\"letsportsrock\" \/>\n<meta name=\"twitter:card\" content=\"summary_large_image\" \/>\n<meta name=\"twitter:label1\" content=\"Written by\" \/>\n\t<meta name=\"twitter:data1\" content=\"letsportsrock\" \/>\n\t<meta name=\"twitter:label2\" content=\"Est. reading time\" \/>\n\t<meta name=\"twitter:data2\" content=\"2 minutes\" \/>\n<script type=\"application\/ld+json\" class=\"yoast-schema-graph\">{\"@context\":\"https:\\\/\\\/schema.org\",\"@graph\":[{\"@type\":\"Article\",\"@id\":\"https:\\\/\\\/www.letsportsrock.com\\\/?p=61655#article\",\"isPartOf\":{\"@id\":\"https:\\\/\\\/www.letsportsrock.com\\\/?p=61655\"},\"author\":{\"name\":\"letsportsrock\",\"@id\":\"https:\\\/\\\/www.letsportsrock.com\\\/#\\\/schema\\\/person\\\/a454ac24e58b214ddd97e4b5afb0bf01\"},\"headline\":\"Soeben: Borussias Top-Ringer, der von Barcelona verpflichtet wurde, m\u00f6chte in seiner Rede nach Dortmund zur\u00fcckkehren\u2026 ICH HABE EINEN FEHLER GEMACHT, mehr lesen&#8230;&#8230;.\",\"datePublished\":\"2025-08-20T16:08:14+00:00\",\"mainEntityOfPage\":{\"@id\":\"https:\\\/\\\/www.letsportsrock.com\\\/?p=61655\"},\"wordCount\":238,\"commentCount\":0,\"image\":{\"@id\":\"https:\\\/\\\/www.letsportsrock.com\\\/?p=61655#primaryimage\"},\"thumbnailUrl\":\"https:\\\/\\\/www.letsportsrock.com\\\/wp-content\\\/uploads\\\/2025\\\/08\\\/images-22-7.jpeg\",\"inLanguage\":\"en-US\",\"potentialAction\":[{\"@type\":\"CommentAction\",\"name\":\"Comment\",\"target\":[\"https:\\\/\\\/www.letsportsrock.com\\\/?p=61655#respond\"]}]},{\"@type\":\"WebPage\",\"@id\":\"https:\\\/\\\/www.letsportsrock.com\\\/?p=61655\",\"url\":\"https:\\\/\\\/www.letsportsrock.com\\\/?p=61655\",\"name\":\"Soeben: Borussias Top-Ringer, der von Barcelona verpflichtet\",\"isPartOf\":{\"@id\":\"https:\\\/\\\/www.letsportsrock.com\\\/#website\"},\"primaryImageOfPage\":{\"@id\":\"https:\\\/\\\/www.letsportsrock.com\\\/?p=61655#primaryimage\"},\"image\":{\"@id\":\"https:\\\/\\\/www.letsportsrock.com\\\/?p=61655#primaryimage\"},\"thumbnailUrl\":\"https:\\\/\\\/www.letsportsrock.com\\\/wp-content\\\/uploads\\\/2025\\\/08\\\/images-22-7.jpeg\",\"datePublished\":\"2025-08-20T16:08:14+00:00\",\"author\":{\"@id\":\"https:\\\/\\\/www.letsportsrock.com\\\/#\\\/schema\\\/person\\\/a454ac24e58b214ddd97e4b5afb0bf01\"},\"description\":\"Soeben: Borussias Top-Ringer, der von Barcelona verpflichtet wurde, m\u00f6chte in seiner Rede nach Dortmund zur\u00fcckkehren\u2026 ICH HABE EI\",\"breadcrumb\":{\"@id\":\"https:\\\/\\\/www.letsportsrock.com\\\/?p=61655#breadcrumb\"},\"inLanguage\":\"en-US\",\"potentialAction\":[{\"@type\":\"ReadAction\",\"target\":[\"https:\\\/\\\/www.letsportsrock.com\\\/?p=61655\"]}]},{\"@type\":\"ImageObject\",\"inLanguage\":\"en-US\",\"@id\":\"https:\\\/\\\/www.letsportsrock.com\\\/?p=61655#primaryimage\",\"url\":\"https:\\\/\\\/www.letsportsrock.com\\\/wp-content\\\/uploads\\\/2025\\\/08\\\/images-22-7.jpeg\",\"contentUrl\":\"https:\\\/\\\/www.letsportsrock.com\\\/wp-content\\\/uploads\\\/2025\\\/08\\\/images-22-7.jpeg\",\"width\":450,\"height\":297},{\"@type\":\"BreadcrumbList\",\"@id\":\"https:\\\/\\\/www.letsportsrock.com\\\/?p=61655#breadcrumb\",\"itemListElement\":[{\"@type\":\"ListItem\",\"position\":1,\"name\":\"Home\",\"item\":\"https:\\\/\\\/www.letsportsrock.com\\\/\"},{\"@type\":\"ListItem\",\"position\":2,\"name\":\"Soeben: Borussias Top-Ringer, der von Barcelona verpflichtet wurde, m\u00f6chte in seiner Rede nach Dortmund zur\u00fcckkehren\u2026 ICH HABE EINEN FEHLER GEMACHT, mehr lesen&#8230;&#8230;.\"}]},{\"@type\":\"WebSite\",\"@id\":\"https:\\\/\\\/www.letsportsrock.com\\\/#website\",\"url\":\"https:\\\/\\\/www.letsportsrock.com\\\/\",\"name\":\"letsportsrock\",\"description\":\"Sport News and Updates\",\"potentialAction\":[{\"@type\":\"SearchAction\",\"target\":{\"@type\":\"EntryPoint\",\"urlTemplate\":\"https:\\\/\\\/www.letsportsrock.com\\\/?s={search_term_string}\"},\"query-input\":{\"@type\":\"PropertyValueSpecification\",\"valueRequired\":true,\"valueName\":\"search_term_string\"}}],\"inLanguage\":\"en-US\"},{\"@type\":\"Person\",\"@id\":\"https:\\\/\\\/www.letsportsrock.com\\\/#\\\/schema\\\/person\\\/a454ac24e58b214ddd97e4b5afb0bf01\",\"name\":\"letsportsrock\",\"image\":{\"@type\":\"ImageObject\",\"inLanguage\":\"en-US\",\"@id\":\"https:\\\/\\\/secure.gravatar.com\\\/avatar\\\/f8ef950cbb7574c0bc874094b8d307659bfe2d7aa4a9d26fa6917eff010748f9?s=96&d=mm&r=g\",\"url\":\"https:\\\/\\\/secure.gravatar.com\\\/avatar\\\/f8ef950cbb7574c0bc874094b8d307659bfe2d7aa4a9d26fa6917eff010748f9?s=96&d=mm&r=g\",\"contentUrl\":\"https:\\\/\\\/secure.gravatar.com\\\/avatar\\\/f8ef950cbb7574c0bc874094b8d307659bfe2d7aa4a9d26fa6917eff010748f9?s=96&d=mm&r=g\",\"caption\":\"letsportsrock\"},\"sameAs\":[\"https:\\\/\\\/www.letsportsrock.com\"],\"url\":\"https:\\\/\\\/www.letsportsrock.com\\\/?author=1\"}]}<\/script>\n<!-- \/ Yoast SEO plugin. -->","yoast_head_json":{"title":"Soeben: Borussias Top-Ringer, der von Barcelona verpflichtet","description":"Soeben: Borussias Top-Ringer, der von Barcelona verpflichtet wurde, m\u00f6chte in seiner Rede nach Dortmund zur\u00fcckkehren\u2026 ICH HABE EI","robots":{"index":"index","follow":"follow","max-snippet":"max-snippet:-1","max-image-preview":"max-image-preview:large","max-video-preview":"max-video-preview:-1"},"canonical":"https:\/\/www.letsportsrock.com\/?p=61655","og_locale":"en_US","og_type":"article","og_title":"Soeben: Borussias Top-Ringer, der von Barcelona verpflichtet","og_description":"Soeben: Borussias Top-Ringer, der von Barcelona verpflichtet wurde, m\u00f6chte in seiner Rede nach Dortmund zur\u00fcckkehren\u2026 ICH HABE EI","og_url":"https:\/\/www.letsportsrock.com\/?p=61655","og_site_name":"letsportsrock","article_published_time":"2025-08-20T16:08:14+00:00","og_image":[{"width":450,"height":297,"url":"https:\/\/www.letsportsrock.com\/wp-content\/uploads\/2025\/08\/images-22-7.jpeg","type":"image\/jpeg"}],"author":"letsportsrock","twitter_card":"summary_large_image","twitter_misc":{"Written by":"letsportsrock","Est. reading time":"2 minutes"},"schema":{"@context":"https:\/\/schema.org","@graph":[{"@type":"Article","@id":"https:\/\/www.letsportsrock.com\/?p=61655#article","isPartOf":{"@id":"https:\/\/www.letsportsrock.com\/?p=61655"},"author":{"name":"letsportsrock","@id":"https:\/\/www.letsportsrock.com\/#\/schema\/person\/a454ac24e58b214ddd97e4b5afb0bf01"},"headline":"Soeben: Borussias Top-Ringer, der von Barcelona verpflichtet wurde, m\u00f6chte in seiner Rede nach Dortmund zur\u00fcckkehren\u2026 ICH HABE EINEN FEHLER GEMACHT, mehr lesen&#8230;&#8230;.","datePublished":"2025-08-20T16:08:14+00:00","mainEntityOfPage":{"@id":"https:\/\/www.letsportsrock.com\/?p=61655"},"wordCount":238,"commentCount":0,"image":{"@id":"https:\/\/www.letsportsrock.com\/?p=61655#primaryimage"},"thumbnailUrl":"https:\/\/www.letsportsrock.com\/wp-content\/uploads\/2025\/08\/images-22-7.jpeg","inLanguage":"en-US","potentialAction":[{"@type":"CommentAction","name":"Comment","target":["https:\/\/www.letsportsrock.com\/?p=61655#respond"]}]},{"@type":"WebPage","@id":"https:\/\/www.letsportsrock.com\/?p=61655","url":"https:\/\/www.letsportsrock.com\/?p=61655","name":"Soeben: Borussias Top-Ringer, der von Barcelona verpflichtet","isPartOf":{"@id":"https:\/\/www.letsportsrock.com\/#website"},"primaryImageOfPage":{"@id":"https:\/\/www.letsportsrock.com\/?p=61655#primaryimage"},"image":{"@id":"https:\/\/www.letsportsrock.com\/?p=61655#primaryimage"},"thumbnailUrl":"https:\/\/www.letsportsrock.com\/wp-content\/uploads\/2025\/08\/images-22-7.jpeg","datePublished":"2025-08-20T16:08:14+00:00","author":{"@id":"https:\/\/www.letsportsrock.com\/#\/schema\/person\/a454ac24e58b214ddd97e4b5afb0bf01"},"description":"Soeben: Borussias Top-Ringer, der von Barcelona verpflichtet wurde, m\u00f6chte in seiner Rede nach Dortmund zur\u00fcckkehren\u2026 ICH HABE EI","breadcrumb":{"@id":"https:\/\/www.letsportsrock.com\/?p=61655#breadcrumb"},"inLanguage":"en-US","potentialAction":[{"@type":"ReadAction","target":["https:\/\/www.letsportsrock.com\/?p=61655"]}]},{"@type":"ImageObject","inLanguage":"en-US","@id":"https:\/\/www.letsportsrock.com\/?p=61655#primaryimage","url":"https:\/\/www.letsportsrock.com\/wp-content\/uploads\/2025\/08\/images-22-7.jpeg","contentUrl":"https:\/\/www.letsportsrock.com\/wp-content\/uploads\/2025\/08\/images-22-7.jpeg","width":450,"height":297},{"@type":"BreadcrumbList","@id":"https:\/\/www.letsportsrock.com\/?p=61655#breadcrumb","itemListElement":[{"@type":"ListItem","position":1,"name":"Home","item":"https:\/\/www.letsportsrock.com\/"},{"@type":"ListItem","position":2,"name":"Soeben: Borussias Top-Ringer, der von Barcelona verpflichtet wurde, m\u00f6chte in seiner Rede nach Dortmund zur\u00fcckkehren\u2026 ICH HABE EINEN FEHLER GEMACHT, mehr lesen&#8230;&#8230;."}]},{"@type":"WebSite","@id":"https:\/\/www.letsportsrock.com\/#website","url":"https:\/\/www.letsportsrock.com\/","name":"letsportsrock","description":"Sport News and Updates","potentialAction":[{"@type":"SearchAction","target":{"@type":"EntryPoint","urlTemplate":"https:\/\/www.letsportsrock.com\/?s={search_term_string}"},"query-input":{"@type":"PropertyValueSpecification","valueRequired":true,"valueName":"search_term_string"}}],"inLanguage":"en-US"},{"@type":"Person","@id":"https:\/\/www.letsportsrock.com\/#\/schema\/person\/a454ac24e58b214ddd97e4b5afb0bf01","name":"letsportsrock","image":{"@type":"ImageObject","inLanguage":"en-US","@id":"https:\/\/secure.gravatar.com\/avatar\/f8ef950cbb7574c0bc874094b8d307659bfe2d7aa4a9d26fa6917eff010748f9?s=96&d=mm&r=g","url":"https:\/\/secure.gravatar.com\/avatar\/f8ef950cbb7574c0bc874094b8d307659bfe2d7aa4a9d26fa6917eff010748f9?s=96&d=mm&r=g","contentUrl":"https:\/\/secure.gravatar.com\/avatar\/f8ef950cbb7574c0bc874094b8d307659bfe2d7aa4a9d26fa6917eff010748f9?s=96&d=mm&r=g","caption":"letsportsrock"},"sameAs":["https:\/\/www.letsportsrock.com"],"url":"https:\/\/www.letsportsrock.com\/?author=1"}]}},"jetpack_featured_media_url":"https:\/\/www.letsportsrock.com\/wp-content\/uploads\/2025\/08\/images-22-7.jpeg","jetpack_sharing_enabled":true,"_links":{"self":[{"href":"https:\/\/www.letsportsrock.com\/index.php?rest_route=\/wp\/v2\/posts\/61655","targetHints":{"allow":["GET"]}}],"collection":[{"href":"https:\/\/www.letsportsrock.com\/index.php?rest_route=\/wp\/v2\/posts"}],"about":[{"href":"https:\/\/www.letsportsrock.com\/index.php?rest_route=\/wp\/v2\/types\/post"}],"author":[{"embeddable":true,"href":"https:\/\/www.letsportsrock.com\/index.php?rest_route=\/wp\/v2\/users\/1"}],"replies":[{"embeddable":true,"href":"https:\/\/www.letsportsrock.com\/index.php?rest_route=%2Fwp%2Fv2%2Fcomments&post=61655"}],"version-history":[{"count":1,"href":"https:\/\/www.letsportsrock.com\/index.php?rest_route=\/wp\/v2\/posts\/61655\/revisions"}],"predecessor-version":[{"id":61657,"href":"https:\/\/www.letsportsrock.com\/index.php?rest_route=\/wp\/v2\/posts\/61655\/revisions\/61657"}],"wp:featuredmedia":[{"embeddable":true,"href":"https:\/\/www.letsportsrock.com\/index.php?rest_route=\/wp\/v2\/media\/61656"}],"wp:attachment":[{"href":"https:\/\/www.letsportsrock.com\/index.php?rest_route=%2Fwp%2Fv2%2Fmedia&parent=61655"}],"wp:term":[{"taxonomy":"category","embeddable":true,"href":"https:\/\/www.letsportsrock.com\/index.php?rest_route=%2Fwp%2Fv2%2Fcategories&post=61655"},{"taxonomy":"post_tag","embeddable":true,"href":"https:\/\/www.letsportsrock.com\/index.php?rest_route=%2Fwp%2Fv2%2Ftags&post=61655"}],"curies":[{"name":"wp","href":"https:\/\/api.w.org\/{rel}","templated":true}]}}