{"id":61990,"date":"2025-08-24T07:09:38","date_gmt":"2025-08-24T07:09:38","guid":{"rendered":"https:\/\/www.letsportsrock.com\/?p=61990"},"modified":"2025-08-24T07:09:38","modified_gmt":"2025-08-24T07:09:38","slug":"oficial-florinel-coman-a-finalizat-un-transfer-uluitor-la-universitatea-craiova-o-miscare-de-referinta-in-fotbalul-romanesc-5","status":"publish","type":"post","link":"https:\/\/www.letsportsrock.com\/?p=61990","title":{"rendered":"Oficial: Florinel Coman a Finalizat un Transfer Uluitor la Universitatea Craiova \u2013 O Mi\u0219care de Referin\u021b\u0103 \u00een Fotbalul Rom\u00e2nesc\u2026&#8230;"},"content":{"rendered":"<div class=\"d79db4796efc26332eabfc3f5dafbc76\" data-index=\"1\" style=\"float: none; margin:10px 0 10px 0; text-align:center;\">\n<div class=\"hb-ad-inarticle\">\r\n    <div class=\"hb-ad-inner\"> \r\n    <div class=\"hbagency_cls\"  id=\"hbagency_space_111930\"><\/div><\/div> <\/div>\n<\/div>\n<p>Fostul interna\u021bional rom\u00e2n, cu trecut la Steaua, a analizat dur starea actual\u0103 a fotbalului rom\u00e2nesc, declar\u00e2nd c\u0103 a asistat la \u201eun adev\u0103rat dezastru\u201d \u00een ultimii ani.<\/p>\n<p>&nbsp;<\/p>\n<p>Acesta a subliniat lipsa de investi\u021bii serioase \u00een academii, infrastructur\u0103 \u0219i mentalitatea juc\u0103torilor, factori care au dus la sc\u0103derea nivelului competi\u021bional.<\/p>\n<p><img loading=\"lazy\" decoding=\"async\" class=\"alignnone size-medium wp-image-61993\" src=\"https:\/\/www.letsportsrock.com\/wp-content\/uploads\/2025\/08\/de856954-fd31-4a3e-a7c1-bc0478a8d17c-1-300x200.jpeg\" alt=\"\" width=\"300\" height=\"200\" srcset=\"https:\/\/www.letsportsrock.com\/wp-content\/uploads\/2025\/08\/de856954-fd31-4a3e-a7c1-bc0478a8d17c-1-300x200.jpeg 300w, https:\/\/www.letsportsrock.com\/wp-content\/uploads\/2025\/08\/de856954-fd31-4a3e-a7c1-bc0478a8d17c-1.jpeg 767w\" sizes=\"auto, (max-width: 300px) 100vw, 300px\" \/><\/p>\n<p>\u00cen ceea ce prive\u0219te confruntarea dintre FCSB \u0219i Aberdeen, fostul tricolor a recunoscut c\u0103 ro\u0219-alba\u0219trii au un lot valoros \u0219i c\u00e2\u021biva juc\u0103tori capabili s\u0103 fac\u0103 diferen\u021ba, dar a avertizat c\u0103 sco\u021bienii vin cu un stil de joc extrem de fizic \u0219i bine organizat.<\/p>\n<p>&nbsp;<\/p>\n<p>Totu\u0219i, el a men\u021bionat c\u0103, dac\u0103 echipa lui Elias Charalambous va aborda partida cu agresivitate, concentrare \u0219i disciplin\u0103 tactic\u0103, are \u0219anse reale s\u0103 treac\u0103 mai departe.<\/p>\n<p>&nbsp;<\/p>\n<p>\u00cen caz contrar, meciul poate deveni extrem de complicat, iar FCSB risc\u0103 s\u0103 repete e\u0219ecurile recente ale echipelor rom\u00e2ne\u0219ti din Europa.<\/p>\n\n<div style=\"font-size: 0px; height: 0px; line-height: 0px; margin: 0; padding: 0; clear: both;\"><\/div>","protected":false},"excerpt":{"rendered":"<p>Fostul interna\u021bional rom\u00e2n, cu trecut la Steaua, a analizat dur starea actual\u0103 a fotbalului rom\u00e2nesc, declar\u00e2nd c\u0103 a asistat la \u201eun adev\u0103rat dezastru\u201d \u00een ultimii ani. &nbsp; Acesta a subliniat lipsa de investi\u021bii serioase \u00een academii, infrastructur\u0103 \u0219i mentalitatea juc\u0103torilor, factori care au dus la sc\u0103derea nivelului competi\u021bional. \u00cen ceea ce prive\u0219te confruntarea dintre FCSB [&hellip;]<\/p>\n","protected":false},"author":17,"featured_media":61994,"comment_status":"open","ping_status":"open","sticky":false,"template":"","format":"standard","meta":{"_jetpack_memberships_contains_paid_content":false,"footnotes":""},"categories":[1],"tags":[264],"class_list":["post-61990","post","type-post","status-publish","format-standard","has-post-thumbnail","hentry","category-uncategorized","tag-fcsb"],"yoast_head":"<!-- This site is optimized with the Yoast SEO plugin v27.4 - https:\/\/yoast.com\/product\/yoast-seo-wordpress\/ -->\n<title>Oficial: Florinel Coman a Finalizat un Transfer Uluitor la......<\/title>\n<meta name=\"description\" content=\"Oficial: Florinel Coman a Finalizat un Transfer Uluitor la Universitatea Craiova \u2013 O Mi\u0219care de Referin\u021b\u0103 \u00een Fotbalul Rom\u00e2nesc\u2026...\" \/>\n<meta name=\"robots\" content=\"index, follow, max-snippet:-1, max-image-preview:large, max-video-preview:-1\" \/>\n<link rel=\"canonical\" href=\"https:\/\/www.letsportsrock.com\/?p=61990\" \/>\n<meta property=\"og:locale\" content=\"en_US\" \/>\n<meta property=\"og:type\" content=\"article\" \/>\n<meta property=\"og:title\" content=\"Oficial: Florinel Coman a Finalizat un Transfer Uluitor la......\" \/>\n<meta property=\"og:description\" content=\"Oficial: Florinel Coman a Finalizat un Transfer Uluitor la Universitatea Craiova \u2013 O Mi\u0219care de Referin\u021b\u0103 \u00een Fotbalul Rom\u00e2nesc\u2026...\" \/>\n<meta property=\"og:url\" content=\"https:\/\/www.letsportsrock.com\/?p=61990\" \/>\n<meta property=\"og:site_name\" content=\"letsportsrock\" \/>\n<meta property=\"article:published_time\" content=\"2025-08-24T07:09:38+00:00\" \/>\n<meta property=\"og:image\" content=\"https:\/\/www.letsportsrock.com\/wp-content\/uploads\/2025\/08\/https___www.prosport.ro__wp-content_uploads_2024_01_Florinel-Coman-discurs-imperial-dupa-Universitatea-Craiova-FCSB-0-3-1400x1050-1.webp\" \/>\n\t<meta property=\"og:image:width\" content=\"1280\" \/>\n\t<meta property=\"og:image:height\" content=\"720\" \/>\n\t<meta property=\"og:image:type\" content=\"image\/webp\" \/>\n<meta name=\"author\" content=\"Orbem Saviour\" \/>\n<meta name=\"twitter:card\" content=\"summary_large_image\" \/>\n<meta name=\"twitter:label1\" content=\"Written by\" \/>\n\t<meta name=\"twitter:data1\" content=\"Orbem Saviour\" \/>\n\t<meta name=\"twitter:label2\" content=\"Est. reading time\" \/>\n\t<meta name=\"twitter:data2\" content=\"2 minutes\" \/>\n<script type=\"application\/ld+json\" class=\"yoast-schema-graph\">{\"@context\":\"https:\\\/\\\/schema.org\",\"@graph\":[{\"@type\":\"Article\",\"@id\":\"https:\\\/\\\/www.letsportsrock.com\\\/?p=61990#article\",\"isPartOf\":{\"@id\":\"https:\\\/\\\/www.letsportsrock.com\\\/?p=61990\"},\"author\":{\"name\":\"Orbem Saviour\",\"@id\":\"https:\\\/\\\/www.letsportsrock.com\\\/#\\\/schema\\\/person\\\/f4a534dcb6a60eaed40b31bfcef0f6b8\"},\"headline\":\"Oficial: Florinel Coman a Finalizat un Transfer Uluitor la Universitatea Craiova \u2013 O Mi\u0219care de Referin\u021b\u0103 \u00een Fotbalul Rom\u00e2nesc\u2026&#8230;\",\"datePublished\":\"2025-08-24T07:09:38+00:00\",\"mainEntityOfPage\":{\"@id\":\"https:\\\/\\\/www.letsportsrock.com\\\/?p=61990\"},\"wordCount\":181,\"commentCount\":0,\"image\":{\"@id\":\"https:\\\/\\\/www.letsportsrock.com\\\/?p=61990#primaryimage\"},\"thumbnailUrl\":\"https:\\\/\\\/www.letsportsrock.com\\\/wp-content\\\/uploads\\\/2025\\\/08\\\/https___www.prosport.ro__wp-content_uploads_2024_01_Florinel-Coman-discurs-imperial-dupa-Universitatea-Craiova-FCSB-0-3-1400x1050-1.webp\",\"keywords\":[\"FCSB\"],\"inLanguage\":\"en-US\",\"potentialAction\":[{\"@type\":\"CommentAction\",\"name\":\"Comment\",\"target\":[\"https:\\\/\\\/www.letsportsrock.com\\\/?p=61990#respond\"]}]},{\"@type\":\"WebPage\",\"@id\":\"https:\\\/\\\/www.letsportsrock.com\\\/?p=61990\",\"url\":\"https:\\\/\\\/www.letsportsrock.com\\\/?p=61990\",\"name\":\"Oficial: Florinel Coman a Finalizat un Transfer Uluitor la......\",\"isPartOf\":{\"@id\":\"https:\\\/\\\/www.letsportsrock.com\\\/#website\"},\"primaryImageOfPage\":{\"@id\":\"https:\\\/\\\/www.letsportsrock.com\\\/?p=61990#primaryimage\"},\"image\":{\"@id\":\"https:\\\/\\\/www.letsportsrock.com\\\/?p=61990#primaryimage\"},\"thumbnailUrl\":\"https:\\\/\\\/www.letsportsrock.com\\\/wp-content\\\/uploads\\\/2025\\\/08\\\/https___www.prosport.ro__wp-content_uploads_2024_01_Florinel-Coman-discurs-imperial-dupa-Universitatea-Craiova-FCSB-0-3-1400x1050-1.webp\",\"datePublished\":\"2025-08-24T07:09:38+00:00\",\"author\":{\"@id\":\"https:\\\/\\\/www.letsportsrock.com\\\/#\\\/schema\\\/person\\\/f4a534dcb6a60eaed40b31bfcef0f6b8\"},\"description\":\"Oficial: Florinel Coman a Finalizat un Transfer Uluitor la Universitatea Craiova \u2013 O Mi\u0219care de Referin\u021b\u0103 \u00een Fotbalul Rom\u00e2nesc\u2026...\",\"breadcrumb\":{\"@id\":\"https:\\\/\\\/www.letsportsrock.com\\\/?p=61990#breadcrumb\"},\"inLanguage\":\"en-US\",\"potentialAction\":[{\"@type\":\"ReadAction\",\"target\":[\"https:\\\/\\\/www.letsportsrock.com\\\/?p=61990\"]}]},{\"@type\":\"ImageObject\",\"inLanguage\":\"en-US\",\"@id\":\"https:\\\/\\\/www.letsportsrock.com\\\/?p=61990#primaryimage\",\"url\":\"https:\\\/\\\/www.letsportsrock.com\\\/wp-content\\\/uploads\\\/2025\\\/08\\\/https___www.prosport.ro__wp-content_uploads_2024_01_Florinel-Coman-discurs-imperial-dupa-Universitatea-Craiova-FCSB-0-3-1400x1050-1.webp\",\"contentUrl\":\"https:\\\/\\\/www.letsportsrock.com\\\/wp-content\\\/uploads\\\/2025\\\/08\\\/https___www.prosport.ro__wp-content_uploads_2024_01_Florinel-Coman-discurs-imperial-dupa-Universitatea-Craiova-FCSB-0-3-1400x1050-1.webp\",\"width\":1280,\"height\":720},{\"@type\":\"BreadcrumbList\",\"@id\":\"https:\\\/\\\/www.letsportsrock.com\\\/?p=61990#breadcrumb\",\"itemListElement\":[{\"@type\":\"ListItem\",\"position\":1,\"name\":\"Home\",\"item\":\"https:\\\/\\\/www.letsportsrock.com\\\/\"},{\"@type\":\"ListItem\",\"position\":2,\"name\":\"Oficial: Florinel Coman a Finalizat un Transfer Uluitor la Universitatea Craiova \u2013 O Mi\u0219care de Referin\u021b\u0103 \u00een Fotbalul Rom\u00e2nesc\u2026&#8230;\"}]},{\"@type\":\"WebSite\",\"@id\":\"https:\\\/\\\/www.letsportsrock.com\\\/#website\",\"url\":\"https:\\\/\\\/www.letsportsrock.com\\\/\",\"name\":\"letsportsrock\",\"description\":\"Sport News and Updates\",\"potentialAction\":[{\"@type\":\"SearchAction\",\"target\":{\"@type\":\"EntryPoint\",\"urlTemplate\":\"https:\\\/\\\/www.letsportsrock.com\\\/?s={search_term_string}\"},\"query-input\":{\"@type\":\"PropertyValueSpecification\",\"valueRequired\":true,\"valueName\":\"search_term_string\"}}],\"inLanguage\":\"en-US\"},{\"@type\":\"Person\",\"@id\":\"https:\\\/\\\/www.letsportsrock.com\\\/#\\\/schema\\\/person\\\/f4a534dcb6a60eaed40b31bfcef0f6b8\",\"name\":\"Orbem Saviour\",\"image\":{\"@type\":\"ImageObject\",\"inLanguage\":\"en-US\",\"@id\":\"https:\\\/\\\/secure.gravatar.com\\\/avatar\\\/c2e9c1135ee0d9ea60350ee25415caf4ca365a56af0382637882e8392bdcaedd?s=96&d=mm&r=g\",\"url\":\"https:\\\/\\\/secure.gravatar.com\\\/avatar\\\/c2e9c1135ee0d9ea60350ee25415caf4ca365a56af0382637882e8392bdcaedd?s=96&d=mm&r=g\",\"contentUrl\":\"https:\\\/\\\/secure.gravatar.com\\\/avatar\\\/c2e9c1135ee0d9ea60350ee25415caf4ca365a56af0382637882e8392bdcaedd?s=96&d=mm&r=g\",\"caption\":\"Orbem Saviour\"},\"sameAs\":[\"https:\\\/\\\/www.letsportsrock.com\\\/wp-admin\\\/\"],\"url\":\"https:\\\/\\\/www.letsportsrock.com\\\/?author=17\"}]}<\/script>\n<!-- \/ Yoast SEO plugin. -->","yoast_head_json":{"title":"Oficial: Florinel Coman a Finalizat un Transfer Uluitor la......","description":"Oficial: Florinel Coman a Finalizat un Transfer Uluitor la Universitatea Craiova \u2013 O Mi\u0219care de Referin\u021b\u0103 \u00een Fotbalul Rom\u00e2nesc\u2026...","robots":{"index":"index","follow":"follow","max-snippet":"max-snippet:-1","max-image-preview":"max-image-preview:large","max-video-preview":"max-video-preview:-1"},"canonical":"https:\/\/www.letsportsrock.com\/?p=61990","og_locale":"en_US","og_type":"article","og_title":"Oficial: Florinel Coman a Finalizat un Transfer Uluitor la......","og_description":"Oficial: Florinel Coman a Finalizat un Transfer Uluitor la Universitatea Craiova \u2013 O Mi\u0219care de Referin\u021b\u0103 \u00een Fotbalul Rom\u00e2nesc\u2026...","og_url":"https:\/\/www.letsportsrock.com\/?p=61990","og_site_name":"letsportsrock","article_published_time":"2025-08-24T07:09:38+00:00","og_image":[{"width":1280,"height":720,"url":"https:\/\/www.letsportsrock.com\/wp-content\/uploads\/2025\/08\/https___www.prosport.ro__wp-content_uploads_2024_01_Florinel-Coman-discurs-imperial-dupa-Universitatea-Craiova-FCSB-0-3-1400x1050-1.webp","type":"image\/webp"}],"author":"Orbem Saviour","twitter_card":"summary_large_image","twitter_misc":{"Written by":"Orbem Saviour","Est. reading time":"2 minutes"},"schema":{"@context":"https:\/\/schema.org","@graph":[{"@type":"Article","@id":"https:\/\/www.letsportsrock.com\/?p=61990#article","isPartOf":{"@id":"https:\/\/www.letsportsrock.com\/?p=61990"},"author":{"name":"Orbem Saviour","@id":"https:\/\/www.letsportsrock.com\/#\/schema\/person\/f4a534dcb6a60eaed40b31bfcef0f6b8"},"headline":"Oficial: Florinel Coman a Finalizat un Transfer Uluitor la Universitatea Craiova \u2013 O Mi\u0219care de Referin\u021b\u0103 \u00een Fotbalul Rom\u00e2nesc\u2026&#8230;","datePublished":"2025-08-24T07:09:38+00:00","mainEntityOfPage":{"@id":"https:\/\/www.letsportsrock.com\/?p=61990"},"wordCount":181,"commentCount":0,"image":{"@id":"https:\/\/www.letsportsrock.com\/?p=61990#primaryimage"},"thumbnailUrl":"https:\/\/www.letsportsrock.com\/wp-content\/uploads\/2025\/08\/https___www.prosport.ro__wp-content_uploads_2024_01_Florinel-Coman-discurs-imperial-dupa-Universitatea-Craiova-FCSB-0-3-1400x1050-1.webp","keywords":["FCSB"],"inLanguage":"en-US","potentialAction":[{"@type":"CommentAction","name":"Comment","target":["https:\/\/www.letsportsrock.com\/?p=61990#respond"]}]},{"@type":"WebPage","@id":"https:\/\/www.letsportsrock.com\/?p=61990","url":"https:\/\/www.letsportsrock.com\/?p=61990","name":"Oficial: Florinel Coman a Finalizat un Transfer Uluitor la......","isPartOf":{"@id":"https:\/\/www.letsportsrock.com\/#website"},"primaryImageOfPage":{"@id":"https:\/\/www.letsportsrock.com\/?p=61990#primaryimage"},"image":{"@id":"https:\/\/www.letsportsrock.com\/?p=61990#primaryimage"},"thumbnailUrl":"https:\/\/www.letsportsrock.com\/wp-content\/uploads\/2025\/08\/https___www.prosport.ro__wp-content_uploads_2024_01_Florinel-Coman-discurs-imperial-dupa-Universitatea-Craiova-FCSB-0-3-1400x1050-1.webp","datePublished":"2025-08-24T07:09:38+00:00","author":{"@id":"https:\/\/www.letsportsrock.com\/#\/schema\/person\/f4a534dcb6a60eaed40b31bfcef0f6b8"},"description":"Oficial: Florinel Coman a Finalizat un Transfer Uluitor la Universitatea Craiova \u2013 O Mi\u0219care de Referin\u021b\u0103 \u00een Fotbalul Rom\u00e2nesc\u2026...","breadcrumb":{"@id":"https:\/\/www.letsportsrock.com\/?p=61990#breadcrumb"},"inLanguage":"en-US","potentialAction":[{"@type":"ReadAction","target":["https:\/\/www.letsportsrock.com\/?p=61990"]}]},{"@type":"ImageObject","inLanguage":"en-US","@id":"https:\/\/www.letsportsrock.com\/?p=61990#primaryimage","url":"https:\/\/www.letsportsrock.com\/wp-content\/uploads\/2025\/08\/https___www.prosport.ro__wp-content_uploads_2024_01_Florinel-Coman-discurs-imperial-dupa-Universitatea-Craiova-FCSB-0-3-1400x1050-1.webp","contentUrl":"https:\/\/www.letsportsrock.com\/wp-content\/uploads\/2025\/08\/https___www.prosport.ro__wp-content_uploads_2024_01_Florinel-Coman-discurs-imperial-dupa-Universitatea-Craiova-FCSB-0-3-1400x1050-1.webp","width":1280,"height":720},{"@type":"BreadcrumbList","@id":"https:\/\/www.letsportsrock.com\/?p=61990#breadcrumb","itemListElement":[{"@type":"ListItem","position":1,"name":"Home","item":"https:\/\/www.letsportsrock.com\/"},{"@type":"ListItem","position":2,"name":"Oficial: Florinel Coman a Finalizat un Transfer Uluitor la Universitatea Craiova \u2013 O Mi\u0219care de Referin\u021b\u0103 \u00een Fotbalul Rom\u00e2nesc\u2026&#8230;"}]},{"@type":"WebSite","@id":"https:\/\/www.letsportsrock.com\/#website","url":"https:\/\/www.letsportsrock.com\/","name":"letsportsrock","description":"Sport News and Updates","potentialAction":[{"@type":"SearchAction","target":{"@type":"EntryPoint","urlTemplate":"https:\/\/www.letsportsrock.com\/?s={search_term_string}"},"query-input":{"@type":"PropertyValueSpecification","valueRequired":true,"valueName":"search_term_string"}}],"inLanguage":"en-US"},{"@type":"Person","@id":"https:\/\/www.letsportsrock.com\/#\/schema\/person\/f4a534dcb6a60eaed40b31bfcef0f6b8","name":"Orbem Saviour","image":{"@type":"ImageObject","inLanguage":"en-US","@id":"https:\/\/secure.gravatar.com\/avatar\/c2e9c1135ee0d9ea60350ee25415caf4ca365a56af0382637882e8392bdcaedd?s=96&d=mm&r=g","url":"https:\/\/secure.gravatar.com\/avatar\/c2e9c1135ee0d9ea60350ee25415caf4ca365a56af0382637882e8392bdcaedd?s=96&d=mm&r=g","contentUrl":"https:\/\/secure.gravatar.com\/avatar\/c2e9c1135ee0d9ea60350ee25415caf4ca365a56af0382637882e8392bdcaedd?s=96&d=mm&r=g","caption":"Orbem Saviour"},"sameAs":["https:\/\/www.letsportsrock.com\/wp-admin\/"],"url":"https:\/\/www.letsportsrock.com\/?author=17"}]}},"jetpack_featured_media_url":"https:\/\/www.letsportsrock.com\/wp-content\/uploads\/2025\/08\/https___www.prosport.ro__wp-content_uploads_2024_01_Florinel-Coman-discurs-imperial-dupa-Universitatea-Craiova-FCSB-0-3-1400x1050-1.webp","jetpack_sharing_enabled":true,"_links":{"self":[{"href":"https:\/\/www.letsportsrock.com\/index.php?rest_route=\/wp\/v2\/posts\/61990","targetHints":{"allow":["GET"]}}],"collection":[{"href":"https:\/\/www.letsportsrock.com\/index.php?rest_route=\/wp\/v2\/posts"}],"about":[{"href":"https:\/\/www.letsportsrock.com\/index.php?rest_route=\/wp\/v2\/types\/post"}],"author":[{"embeddable":true,"href":"https:\/\/www.letsportsrock.com\/index.php?rest_route=\/wp\/v2\/users\/17"}],"replies":[{"embeddable":true,"href":"https:\/\/www.letsportsrock.com\/index.php?rest_route=%2Fwp%2Fv2%2Fcomments&post=61990"}],"version-history":[{"count":1,"href":"https:\/\/www.letsportsrock.com\/index.php?rest_route=\/wp\/v2\/posts\/61990\/revisions"}],"predecessor-version":[{"id":61995,"href":"https:\/\/www.letsportsrock.com\/index.php?rest_route=\/wp\/v2\/posts\/61990\/revisions\/61995"}],"wp:featuredmedia":[{"embeddable":true,"href":"https:\/\/www.letsportsrock.com\/index.php?rest_route=\/wp\/v2\/media\/61994"}],"wp:attachment":[{"href":"https:\/\/www.letsportsrock.com\/index.php?rest_route=%2Fwp%2Fv2%2Fmedia&parent=61990"}],"wp:term":[{"taxonomy":"category","embeddable":true,"href":"https:\/\/www.letsportsrock.com\/index.php?rest_route=%2Fwp%2Fv2%2Fcategories&post=61990"},{"taxonomy":"post_tag","embeddable":true,"href":"https:\/\/www.letsportsrock.com\/index.php?rest_route=%2Fwp%2Fv2%2Ftags&post=61990"}],"curies":[{"name":"wp","href":"https:\/\/api.w.org\/{rel}","templated":true}]}}