{"id":62163,"date":"2025-08-27T04:32:56","date_gmt":"2025-08-27T04:32:56","guid":{"rendered":"https:\/\/www.letsportsrock.com\/?p=62163"},"modified":"2025-08-27T04:32:56","modified_gmt":"2025-08-27T04:32:56","slug":"ma-intorc-fostul-star-atacant-de-la-fcsb-si-a-reziliat-contractul-cu-al-gharafa-sc-declarand-ca-va-15","status":"publish","type":"post","link":"https:\/\/www.letsportsrock.com\/?p=62163","title":{"rendered":"M\u0103 \u00eentorc\u201d. Fostul star atacant de la FCSB \u0219i-a reziliat contractul cu Al-Gharafa SC, declar\u00e2nd c\u0103 va\u2026"},"content":{"rendered":"<div class=\"d79db4796efc26332eabfc3f5dafbc76\" data-index=\"1\" style=\"float: none; margin:10px 0 10px 0; text-align:center;\">\n<div class=\"hb-ad-inarticle\">\r\n    <div class=\"hb-ad-inner\"> \r\n    <div class=\"hbagency_cls\"  id=\"hbagency_space_111930\"><\/div><\/div> <\/div>\n<\/div>\n<p>M\u0103 \u00eentorc\u201d. Fostul star atacant de la FCSB \u0219i-a reziliat contractul cu Al-Gharafa SC, declar\u00e2nd c\u0103 va\u2026<\/p>\n<p>&nbsp;<\/p>\n<p>Un fost star al FCSB\u2011ului a f\u0103cut o mi\u0219care surprinz\u0103toare: \u0219i\u2011a reziliat contractul cu clubul Al\u2011Gharafa SC din Qatar, anun\u021b\u00e2nd cu \u00eencredere: \u201eM\u0103 \u00eentorc\u201d. De\u0219i nu a fost dezv\u0103luit\u0103 \u00eenc\u0103 destina\u021bia exact\u0103, declara\u021bia responsabil\u0103 sugereaz\u0103 o revenire promi\u021b\u0103toare \u00een Rom\u00e2nia.<\/p>\n<p><img loading=\"lazy\" decoding=\"async\" class=\"alignnone size-medium wp-image-62164\" src=\"https:\/\/www.letsportsrock.com\/wp-content\/uploads\/2025\/08\/images-2025-08-27T053042.588-300x182.jpeg\" alt=\"\" width=\"300\" height=\"182\" srcset=\"https:\/\/www.letsportsrock.com\/wp-content\/uploads\/2025\/08\/images-2025-08-27T053042.588-300x182.jpeg 300w, https:\/\/www.letsportsrock.com\/wp-content\/uploads\/2025\/08\/images-2025-08-27T053042.588.jpeg 712w\" sizes=\"auto, (max-width: 300px) 100vw, 300px\" \/><\/p>\n<p>Juc\u0103torul, care s\u2011a remarcat \u00een tricoul grup\u0103rii ro\u0219-albastre prin performan\u021be notabile, este acum liber de contract, deschiz\u00e2nd calea c\u0103tre o eventual\u0103 re\u00eentoarcere pe scena intern\u0103. Fanii \u0219i oficialii speculeaz\u0103 deja: este preg\u0103tit s\u0103 se \u00eentoarc\u0103 la FCSB, clubul unde a str\u0103lucit \u0219i \u0219i-a c\u00e2\u0219tigat statutul de simbol. Decizia vine \u00eentr-un moment \u00een care un astfel de transfer ar revitaliza moralul suporterilor \u0219i ar aduce un impuls ofensiv echipei. R\u0103m\u00e2ne de urm\u0103rit dac\u0103 juc\u0103torul va opta pentru FCSB sau va continua \u00een alt\u0103 parte \u00een Liga 1, dar este clar c\u0103 \u201eM\u0103 \u00eentorc\u201d marcheaz\u0103 \u00eenceputul unui nou capitol emo\u021bionant \u00een cariera sa.<\/p>\n<p>&nbsp;<\/p>\n<p>Sursele disponibile men\u021bioneaz\u0103 rezilierea contractului \u0219i declara\u021bia \u201eM\u0103 \u00eentorc\u201d . Dac\u0103 ai \u00een minte un juc\u0103tor anume sau dore\u0219ti detalii suplimentare\u2014precum clubul dorit sau ofertele concrete\u2014anun\u021b\u0103-m\u0103, \u0219i pot investiga mai departe!<\/p>\n\n<div style=\"font-size: 0px; height: 0px; line-height: 0px; margin: 0; padding: 0; clear: both;\"><\/div>","protected":false},"excerpt":{"rendered":"<p>M\u0103 \u00eentorc\u201d. Fostul star atacant de la FCSB \u0219i-a reziliat contractul cu Al-Gharafa SC, declar\u00e2nd c\u0103 va\u2026 &nbsp; Un fost star al FCSB\u2011ului a f\u0103cut o mi\u0219care surprinz\u0103toare: \u0219i\u2011a reziliat contractul cu clubul Al\u2011Gharafa SC din Qatar, anun\u021b\u00e2nd cu \u00eencredere: \u201eM\u0103 \u00eentorc\u201d. De\u0219i nu a fost dezv\u0103luit\u0103 \u00eenc\u0103 destina\u021bia exact\u0103, declara\u021bia responsabil\u0103 sugereaz\u0103 o revenire [&hellip;]<\/p>\n","protected":false},"author":19,"featured_media":62165,"comment_status":"open","ping_status":"open","sticky":false,"template":"","format":"standard","meta":{"_jetpack_memberships_contains_paid_content":false,"footnotes":""},"categories":[276],"tags":[264],"class_list":["post-62163","post","type-post","status-publish","format-standard","has-post-thumbnail","hentry","category-fcsb","tag-fcsb"],"yoast_head":"<!-- This site is optimized with the Yoast SEO plugin v27.4 - https:\/\/yoast.com\/product\/yoast-seo-wordpress\/ -->\n<title>M\u0103 \u00eentorc\u201d. Fostul star atacant de la FCSB \u0219i-a reziliat contractul cu Al-Gharafa SC, declar\u00e2nd c\u0103 va\u2026<\/title>\n<meta name=\"description\" content=\"M\u0103 \u00eentorc\u201d. Fostul star atacant de la FCSB \u0219i-a reziliat contractul cu Al-Gharafa SC, declar\u00e2nd c\u0103 va\u2026\" \/>\n<meta name=\"robots\" content=\"index, follow, max-snippet:-1, max-image-preview:large, max-video-preview:-1\" \/>\n<link rel=\"canonical\" href=\"https:\/\/www.letsportsrock.com\/?p=62163\" \/>\n<meta property=\"og:locale\" content=\"en_US\" \/>\n<meta property=\"og:type\" content=\"article\" \/>\n<meta property=\"og:title\" content=\"M\u0103 \u00eentorc\u201d. Fostul star atacant de la FCSB \u0219i-a reziliat contractul cu Al-Gharafa SC, declar\u00e2nd c\u0103 va\u2026\" \/>\n<meta property=\"og:description\" content=\"M\u0103 \u00eentorc\u201d. Fostul star atacant de la FCSB \u0219i-a reziliat contractul cu Al-Gharafa SC, declar\u00e2nd c\u0103 va\u2026\" \/>\n<meta property=\"og:url\" content=\"https:\/\/www.letsportsrock.com\/?p=62163\" \/>\n<meta property=\"og:site_name\" content=\"letsportsrock\" \/>\n<meta property=\"article:published_time\" content=\"2025-08-27T04:32:56+00:00\" \/>\n<meta property=\"og:image\" content=\"https:\/\/www.letsportsrock.com\/wp-content\/uploads\/2025\/08\/images-2025-08-27T053028.803.jpeg\" \/>\n\t<meta property=\"og:image:width\" content=\"720\" \/>\n\t<meta property=\"og:image:height\" content=\"405\" \/>\n\t<meta property=\"og:image:type\" content=\"image\/jpeg\" \/>\n<meta name=\"author\" content=\"Benedict\" \/>\n<meta name=\"twitter:card\" content=\"summary_large_image\" \/>\n<meta name=\"twitter:label1\" content=\"Written by\" \/>\n\t<meta name=\"twitter:data1\" content=\"Benedict\" \/>\n\t<meta name=\"twitter:label2\" content=\"Est. reading time\" \/>\n\t<meta name=\"twitter:data2\" content=\"2 minutes\" \/>\n<script type=\"application\/ld+json\" class=\"yoast-schema-graph\">{\"@context\":\"https:\\\/\\\/schema.org\",\"@graph\":[{\"@type\":\"Article\",\"@id\":\"https:\\\/\\\/www.letsportsrock.com\\\/?p=62163#article\",\"isPartOf\":{\"@id\":\"https:\\\/\\\/www.letsportsrock.com\\\/?p=62163\"},\"author\":{\"name\":\"Benedict\",\"@id\":\"https:\\\/\\\/www.letsportsrock.com\\\/#\\\/schema\\\/person\\\/46ffa192b44abb5f73a64ac060b863c0\"},\"headline\":\"M\u0103 \u00eentorc\u201d. Fostul star atacant de la FCSB \u0219i-a reziliat contractul cu Al-Gharafa SC, declar\u00e2nd c\u0103 va\u2026\",\"datePublished\":\"2025-08-27T04:32:56+00:00\",\"mainEntityOfPage\":{\"@id\":\"https:\\\/\\\/www.letsportsrock.com\\\/?p=62163\"},\"wordCount\":244,\"commentCount\":0,\"image\":{\"@id\":\"https:\\\/\\\/www.letsportsrock.com\\\/?p=62163#primaryimage\"},\"thumbnailUrl\":\"https:\\\/\\\/www.letsportsrock.com\\\/wp-content\\\/uploads\\\/2025\\\/08\\\/images-2025-08-27T053028.803.jpeg\",\"keywords\":[\"FCSB\"],\"articleSection\":[\"FCSB\"],\"inLanguage\":\"en-US\",\"potentialAction\":[{\"@type\":\"CommentAction\",\"name\":\"Comment\",\"target\":[\"https:\\\/\\\/www.letsportsrock.com\\\/?p=62163#respond\"]}]},{\"@type\":\"WebPage\",\"@id\":\"https:\\\/\\\/www.letsportsrock.com\\\/?p=62163\",\"url\":\"https:\\\/\\\/www.letsportsrock.com\\\/?p=62163\",\"name\":\"M\u0103 \u00eentorc\u201d. Fostul star atacant de la FCSB \u0219i-a reziliat contractul cu Al-Gharafa SC, declar\u00e2nd c\u0103 va\u2026\",\"isPartOf\":{\"@id\":\"https:\\\/\\\/www.letsportsrock.com\\\/#website\"},\"primaryImageOfPage\":{\"@id\":\"https:\\\/\\\/www.letsportsrock.com\\\/?p=62163#primaryimage\"},\"image\":{\"@id\":\"https:\\\/\\\/www.letsportsrock.com\\\/?p=62163#primaryimage\"},\"thumbnailUrl\":\"https:\\\/\\\/www.letsportsrock.com\\\/wp-content\\\/uploads\\\/2025\\\/08\\\/images-2025-08-27T053028.803.jpeg\",\"datePublished\":\"2025-08-27T04:32:56+00:00\",\"author\":{\"@id\":\"https:\\\/\\\/www.letsportsrock.com\\\/#\\\/schema\\\/person\\\/46ffa192b44abb5f73a64ac060b863c0\"},\"description\":\"M\u0103 \u00eentorc\u201d. Fostul star atacant de la FCSB \u0219i-a reziliat contractul cu Al-Gharafa SC, declar\u00e2nd c\u0103 va\u2026\",\"breadcrumb\":{\"@id\":\"https:\\\/\\\/www.letsportsrock.com\\\/?p=62163#breadcrumb\"},\"inLanguage\":\"en-US\",\"potentialAction\":[{\"@type\":\"ReadAction\",\"target\":[\"https:\\\/\\\/www.letsportsrock.com\\\/?p=62163\"]}]},{\"@type\":\"ImageObject\",\"inLanguage\":\"en-US\",\"@id\":\"https:\\\/\\\/www.letsportsrock.com\\\/?p=62163#primaryimage\",\"url\":\"https:\\\/\\\/www.letsportsrock.com\\\/wp-content\\\/uploads\\\/2025\\\/08\\\/images-2025-08-27T053028.803.jpeg\",\"contentUrl\":\"https:\\\/\\\/www.letsportsrock.com\\\/wp-content\\\/uploads\\\/2025\\\/08\\\/images-2025-08-27T053028.803.jpeg\",\"width\":720,\"height\":405},{\"@type\":\"BreadcrumbList\",\"@id\":\"https:\\\/\\\/www.letsportsrock.com\\\/?p=62163#breadcrumb\",\"itemListElement\":[{\"@type\":\"ListItem\",\"position\":1,\"name\":\"Home\",\"item\":\"https:\\\/\\\/www.letsportsrock.com\\\/\"},{\"@type\":\"ListItem\",\"position\":2,\"name\":\"M\u0103 \u00eentorc\u201d. Fostul star atacant de la FCSB \u0219i-a reziliat contractul cu Al-Gharafa SC, declar\u00e2nd c\u0103 va\u2026\"}]},{\"@type\":\"WebSite\",\"@id\":\"https:\\\/\\\/www.letsportsrock.com\\\/#website\",\"url\":\"https:\\\/\\\/www.letsportsrock.com\\\/\",\"name\":\"letsportsrock\",\"description\":\"Sport News and Updates\",\"potentialAction\":[{\"@type\":\"SearchAction\",\"target\":{\"@type\":\"EntryPoint\",\"urlTemplate\":\"https:\\\/\\\/www.letsportsrock.com\\\/?s={search_term_string}\"},\"query-input\":{\"@type\":\"PropertyValueSpecification\",\"valueRequired\":true,\"valueName\":\"search_term_string\"}}],\"inLanguage\":\"en-US\"},{\"@type\":\"Person\",\"@id\":\"https:\\\/\\\/www.letsportsrock.com\\\/#\\\/schema\\\/person\\\/46ffa192b44abb5f73a64ac060b863c0\",\"name\":\"Benedict\",\"image\":{\"@type\":\"ImageObject\",\"inLanguage\":\"en-US\",\"@id\":\"https:\\\/\\\/secure.gravatar.com\\\/avatar\\\/91345136d4e2206293ebdc22304c65968887191f0b832cb181dd8965f4de256b?s=96&d=mm&r=g\",\"url\":\"https:\\\/\\\/secure.gravatar.com\\\/avatar\\\/91345136d4e2206293ebdc22304c65968887191f0b832cb181dd8965f4de256b?s=96&d=mm&r=g\",\"contentUrl\":\"https:\\\/\\\/secure.gravatar.com\\\/avatar\\\/91345136d4e2206293ebdc22304c65968887191f0b832cb181dd8965f4de256b?s=96&d=mm&r=g\",\"caption\":\"Benedict\"},\"sameAs\":[\"https:\\\/\\\/www.letsportsrock.com\\\/wp-admin\\\/\"],\"url\":\"https:\\\/\\\/www.letsportsrock.com\\\/?author=19\"}]}<\/script>\n<!-- \/ Yoast SEO plugin. -->","yoast_head_json":{"title":"M\u0103 \u00eentorc\u201d. Fostul star atacant de la FCSB \u0219i-a reziliat contractul cu Al-Gharafa SC, declar\u00e2nd c\u0103 va\u2026","description":"M\u0103 \u00eentorc\u201d. Fostul star atacant de la FCSB \u0219i-a reziliat contractul cu Al-Gharafa SC, declar\u00e2nd c\u0103 va\u2026","robots":{"index":"index","follow":"follow","max-snippet":"max-snippet:-1","max-image-preview":"max-image-preview:large","max-video-preview":"max-video-preview:-1"},"canonical":"https:\/\/www.letsportsrock.com\/?p=62163","og_locale":"en_US","og_type":"article","og_title":"M\u0103 \u00eentorc\u201d. Fostul star atacant de la FCSB \u0219i-a reziliat contractul cu Al-Gharafa SC, declar\u00e2nd c\u0103 va\u2026","og_description":"M\u0103 \u00eentorc\u201d. Fostul star atacant de la FCSB \u0219i-a reziliat contractul cu Al-Gharafa SC, declar\u00e2nd c\u0103 va\u2026","og_url":"https:\/\/www.letsportsrock.com\/?p=62163","og_site_name":"letsportsrock","article_published_time":"2025-08-27T04:32:56+00:00","og_image":[{"width":720,"height":405,"url":"https:\/\/www.letsportsrock.com\/wp-content\/uploads\/2025\/08\/images-2025-08-27T053028.803.jpeg","type":"image\/jpeg"}],"author":"Benedict","twitter_card":"summary_large_image","twitter_misc":{"Written by":"Benedict","Est. reading time":"2 minutes"},"schema":{"@context":"https:\/\/schema.org","@graph":[{"@type":"Article","@id":"https:\/\/www.letsportsrock.com\/?p=62163#article","isPartOf":{"@id":"https:\/\/www.letsportsrock.com\/?p=62163"},"author":{"name":"Benedict","@id":"https:\/\/www.letsportsrock.com\/#\/schema\/person\/46ffa192b44abb5f73a64ac060b863c0"},"headline":"M\u0103 \u00eentorc\u201d. Fostul star atacant de la FCSB \u0219i-a reziliat contractul cu Al-Gharafa SC, declar\u00e2nd c\u0103 va\u2026","datePublished":"2025-08-27T04:32:56+00:00","mainEntityOfPage":{"@id":"https:\/\/www.letsportsrock.com\/?p=62163"},"wordCount":244,"commentCount":0,"image":{"@id":"https:\/\/www.letsportsrock.com\/?p=62163#primaryimage"},"thumbnailUrl":"https:\/\/www.letsportsrock.com\/wp-content\/uploads\/2025\/08\/images-2025-08-27T053028.803.jpeg","keywords":["FCSB"],"articleSection":["FCSB"],"inLanguage":"en-US","potentialAction":[{"@type":"CommentAction","name":"Comment","target":["https:\/\/www.letsportsrock.com\/?p=62163#respond"]}]},{"@type":"WebPage","@id":"https:\/\/www.letsportsrock.com\/?p=62163","url":"https:\/\/www.letsportsrock.com\/?p=62163","name":"M\u0103 \u00eentorc\u201d. Fostul star atacant de la FCSB \u0219i-a reziliat contractul cu Al-Gharafa SC, declar\u00e2nd c\u0103 va\u2026","isPartOf":{"@id":"https:\/\/www.letsportsrock.com\/#website"},"primaryImageOfPage":{"@id":"https:\/\/www.letsportsrock.com\/?p=62163#primaryimage"},"image":{"@id":"https:\/\/www.letsportsrock.com\/?p=62163#primaryimage"},"thumbnailUrl":"https:\/\/www.letsportsrock.com\/wp-content\/uploads\/2025\/08\/images-2025-08-27T053028.803.jpeg","datePublished":"2025-08-27T04:32:56+00:00","author":{"@id":"https:\/\/www.letsportsrock.com\/#\/schema\/person\/46ffa192b44abb5f73a64ac060b863c0"},"description":"M\u0103 \u00eentorc\u201d. Fostul star atacant de la FCSB \u0219i-a reziliat contractul cu Al-Gharafa SC, declar\u00e2nd c\u0103 va\u2026","breadcrumb":{"@id":"https:\/\/www.letsportsrock.com\/?p=62163#breadcrumb"},"inLanguage":"en-US","potentialAction":[{"@type":"ReadAction","target":["https:\/\/www.letsportsrock.com\/?p=62163"]}]},{"@type":"ImageObject","inLanguage":"en-US","@id":"https:\/\/www.letsportsrock.com\/?p=62163#primaryimage","url":"https:\/\/www.letsportsrock.com\/wp-content\/uploads\/2025\/08\/images-2025-08-27T053028.803.jpeg","contentUrl":"https:\/\/www.letsportsrock.com\/wp-content\/uploads\/2025\/08\/images-2025-08-27T053028.803.jpeg","width":720,"height":405},{"@type":"BreadcrumbList","@id":"https:\/\/www.letsportsrock.com\/?p=62163#breadcrumb","itemListElement":[{"@type":"ListItem","position":1,"name":"Home","item":"https:\/\/www.letsportsrock.com\/"},{"@type":"ListItem","position":2,"name":"M\u0103 \u00eentorc\u201d. Fostul star atacant de la FCSB \u0219i-a reziliat contractul cu Al-Gharafa SC, declar\u00e2nd c\u0103 va\u2026"}]},{"@type":"WebSite","@id":"https:\/\/www.letsportsrock.com\/#website","url":"https:\/\/www.letsportsrock.com\/","name":"letsportsrock","description":"Sport News and Updates","potentialAction":[{"@type":"SearchAction","target":{"@type":"EntryPoint","urlTemplate":"https:\/\/www.letsportsrock.com\/?s={search_term_string}"},"query-input":{"@type":"PropertyValueSpecification","valueRequired":true,"valueName":"search_term_string"}}],"inLanguage":"en-US"},{"@type":"Person","@id":"https:\/\/www.letsportsrock.com\/#\/schema\/person\/46ffa192b44abb5f73a64ac060b863c0","name":"Benedict","image":{"@type":"ImageObject","inLanguage":"en-US","@id":"https:\/\/secure.gravatar.com\/avatar\/91345136d4e2206293ebdc22304c65968887191f0b832cb181dd8965f4de256b?s=96&d=mm&r=g","url":"https:\/\/secure.gravatar.com\/avatar\/91345136d4e2206293ebdc22304c65968887191f0b832cb181dd8965f4de256b?s=96&d=mm&r=g","contentUrl":"https:\/\/secure.gravatar.com\/avatar\/91345136d4e2206293ebdc22304c65968887191f0b832cb181dd8965f4de256b?s=96&d=mm&r=g","caption":"Benedict"},"sameAs":["https:\/\/www.letsportsrock.com\/wp-admin\/"],"url":"https:\/\/www.letsportsrock.com\/?author=19"}]}},"jetpack_featured_media_url":"https:\/\/www.letsportsrock.com\/wp-content\/uploads\/2025\/08\/images-2025-08-27T053028.803.jpeg","jetpack_sharing_enabled":true,"_links":{"self":[{"href":"https:\/\/www.letsportsrock.com\/index.php?rest_route=\/wp\/v2\/posts\/62163","targetHints":{"allow":["GET"]}}],"collection":[{"href":"https:\/\/www.letsportsrock.com\/index.php?rest_route=\/wp\/v2\/posts"}],"about":[{"href":"https:\/\/www.letsportsrock.com\/index.php?rest_route=\/wp\/v2\/types\/post"}],"author":[{"embeddable":true,"href":"https:\/\/www.letsportsrock.com\/index.php?rest_route=\/wp\/v2\/users\/19"}],"replies":[{"embeddable":true,"href":"https:\/\/www.letsportsrock.com\/index.php?rest_route=%2Fwp%2Fv2%2Fcomments&post=62163"}],"version-history":[{"count":1,"href":"https:\/\/www.letsportsrock.com\/index.php?rest_route=\/wp\/v2\/posts\/62163\/revisions"}],"predecessor-version":[{"id":62166,"href":"https:\/\/www.letsportsrock.com\/index.php?rest_route=\/wp\/v2\/posts\/62163\/revisions\/62166"}],"wp:featuredmedia":[{"embeddable":true,"href":"https:\/\/www.letsportsrock.com\/index.php?rest_route=\/wp\/v2\/media\/62165"}],"wp:attachment":[{"href":"https:\/\/www.letsportsrock.com\/index.php?rest_route=%2Fwp%2Fv2%2Fmedia&parent=62163"}],"wp:term":[{"taxonomy":"category","embeddable":true,"href":"https:\/\/www.letsportsrock.com\/index.php?rest_route=%2Fwp%2Fv2%2Fcategories&post=62163"},{"taxonomy":"post_tag","embeddable":true,"href":"https:\/\/www.letsportsrock.com\/index.php?rest_route=%2Fwp%2Fv2%2Ftags&post=62163"}],"curies":[{"name":"wp","href":"https:\/\/api.w.org\/{rel}","templated":true}]}}