{"id":62217,"date":"2025-08-29T04:38:04","date_gmt":"2025-08-29T04:38:04","guid":{"rendered":"https:\/\/www.letsportsrock.com\/?p=62217"},"modified":"2025-08-29T04:38:04","modified_gmt":"2025-08-29T04:38:04","slug":"cas-si-a-dat-decizia-o-lovitura-in-procesul-dintre-gigi-becali-si-arabi-pentru-cei-6-250-000-de-euro-din-transferul-lui-florinel-coman","status":"publish","type":"post","link":"https:\/\/www.letsportsrock.com\/?p=62217","title":{"rendered":"CAS \u0219i-a dat decizia! O lovitur\u0103 \u00een procesul dintre Gigi Becali \u0219i Arabi pentru cei 6.250.000 de euro din transferul lui Florinel Coman&#8230;"},"content":{"rendered":"<div class=\"d79db4796efc26332eabfc3f5dafbc76\" data-index=\"1\" style=\"float: none; margin:10px 0 10px 0; text-align:center;\">\n<div class=\"hb-ad-inarticle\">\r\n    <div class=\"hb-ad-inner\"> \r\n    <div class=\"hbagency_cls\"  id=\"hbagency_space_111930\"><\/div><\/div> <\/div>\n<\/div>\n<p>CAS \u0219i-a dat decizia! O lovitur\u0103 \u00een procesul dintre Gigi Becali \u0219i Arabi pentru cei 6.250.000 de euro din transferul lui Florinel Coman&#8230;<\/p>\n<p>&nbsp;<\/p>\n<p>CAS a dat o decizie! O lovitur\u0103 \u00een procesul dintre Gigi Becali \u0219i arabi privind transferul lui Florinel Coman \u00een valoare de 6.250.000 de euro<\/p>\n<p>\u00centr-o \u00eentors\u0103tur\u0103 dramatic\u0103 a evenimentelor, Tribunalul de Arbitraj Sportiv (CAS) a emis un verdict final \u00een disputa dintre FCSB \u0219i clubul qatarez Al-Gharafa privind taxa de transfer de 6,25 milioane de euro a lui Florinel Coman. Clubul rom\u00e2nesc, de\u021binut de Gigi Becali, a ie\u0219it victorios \u00eentr-un caz care se prelunge\u0219te de luni, dac\u0103 nu chiar ani, implic\u00e2nd dezacorduri financiare \u0219i contractuale complexe.<\/p>\n<p><img loading=\"lazy\" decoding=\"async\" class=\"alignnone size-medium wp-image-62219\" src=\"https:\/\/www.letsportsrock.com\/wp-content\/uploads\/2025\/08\/https___www.prosport.ro__wp-content_uploads_2025_08_TAS-a-dat-decizia-Lovitura-in-procesul-dintre-Gigi-Becali-si-arabi-pentru-cele-6.250.000-de-euro-din-transferul-lui-Florinel-Coman-300x169.webp\" alt=\"\" width=\"300\" height=\"169\" srcset=\"https:\/\/www.letsportsrock.com\/wp-content\/uploads\/2025\/08\/https___www.prosport.ro__wp-content_uploads_2025_08_TAS-a-dat-decizia-Lovitura-in-procesul-dintre-Gigi-Becali-si-arabi-pentru-cele-6.250.000-de-euro-din-transferul-lui-Florinel-Coman-300x169.webp 300w, https:\/\/www.letsportsrock.com\/wp-content\/uploads\/2025\/08\/https___www.prosport.ro__wp-content_uploads_2025_08_TAS-a-dat-decizia-Lovitura-in-procesul-dintre-Gigi-Becali-si-arabi-pentru-cele-6.250.000-de-euro-din-transferul-lui-Florinel-Coman.webp 420w\" sizes=\"auto, (max-width: 300px) 100vw, 300px\" \/><\/p>\n<p>Al-Gharafa refuzase ini\u021bial s\u0103 pl\u0103teasc\u0103 suma integral\u0103 convenit\u0103 \u00een transferul lui Coman, invoc\u00e2nd ambiguit\u0103\u021bi contractuale. Cu toate acestea, CAS a decis \u00een favoarea FCSB, ordon\u00e2nd echipei qatareze s\u0103 pl\u0103teasc\u0103 integral taxa de 5,25 milioane de euro, plus \u00eenc\u0103 1 milion de euro reprezent\u00e2nd penalit\u0103\u021bi \u0219i dob\u00e2nzi &#8211; totalul ajung\u00e2nd la 6,25 milioane de euro.<\/p>\n<p>&nbsp;<\/p>\n<p>Aceast\u0103 decizie vine \u00eentr-un moment crucial pentru FCSB, proasp\u0103t calificat\u0103 \u00een faza grupelor Europa League. Impulsul financiar ob\u021binut prin decizia CAS va consolida semnificativ pozi\u021bia clubului pe pia\u021ba transferurilor \u0219i va ajuta la asigurarea de \u00eent\u0103riri \u00eenainte de \u00eenceperea campaniei europene.<\/p>\n<p>&nbsp;<\/p>\n<p>Gigi Becali a sugerat deja c\u0103 o parte din fonduri va fi folosit\u0103 pentru o achizi\u021bie important\u0103. Drama s-ar putea s\u0103 se fi \u00eencheiat \u00een instan\u021b\u0103, dar impactul abia \u00eencepe pe teren.<\/p>\n\n<div style=\"font-size: 0px; height: 0px; line-height: 0px; margin: 0; padding: 0; clear: both;\"><\/div>","protected":false},"excerpt":{"rendered":"<p>CAS \u0219i-a dat decizia! O lovitur\u0103 \u00een procesul dintre Gigi Becali \u0219i Arabi pentru cei 6.250.000 de euro din transferul lui Florinel Coman&#8230; &nbsp; CAS a dat o decizie! O lovitur\u0103 \u00een procesul dintre Gigi Becali \u0219i arabi privind transferul lui Florinel Coman \u00een valoare de 6.250.000 de euro \u00centr-o \u00eentors\u0103tur\u0103 dramatic\u0103 a evenimentelor, Tribunalul [&hellip;]<\/p>\n","protected":false},"author":19,"featured_media":62219,"comment_status":"open","ping_status":"open","sticky":false,"template":"","format":"standard","meta":{"_jetpack_memberships_contains_paid_content":false,"footnotes":""},"categories":[276],"tags":[746],"class_list":["post-62217","post","type-post","status-publish","format-standard","has-post-thumbnail","hentry","category-fcsb","tag-fcsb-dinamo"],"yoast_head":"<!-- This site is optimized with the Yoast SEO plugin v27.4 - https:\/\/yoast.com\/product\/yoast-seo-wordpress\/ -->\n<title>CAS \u0219i-a dat decizia! O lovitur\u0103 \u00een procesul dintre Gigi Becali \u0219i Arabi pentru cei 6.250.000 de euro din transferul lui Florinel Coman...<\/title>\n<meta name=\"description\" content=\"CAS \u0219i-a dat decizia! O lovitur\u0103 \u00een procesul dintre Gigi Becali \u0219i Arabi pentru cei 6.250.000 de euro din transferul lui Florinel Coman...\" \/>\n<meta name=\"robots\" content=\"index, follow, max-snippet:-1, max-image-preview:large, max-video-preview:-1\" \/>\n<link rel=\"canonical\" href=\"https:\/\/www.letsportsrock.com\/?p=62217\" \/>\n<meta property=\"og:locale\" content=\"en_US\" \/>\n<meta property=\"og:type\" content=\"article\" \/>\n<meta property=\"og:title\" content=\"CAS \u0219i-a dat decizia! O lovitur\u0103 \u00een procesul dintre Gigi Becali \u0219i Arabi pentru cei 6.250.000 de euro din transferul lui Florinel Coman...\" \/>\n<meta property=\"og:description\" content=\"CAS \u0219i-a dat decizia! O lovitur\u0103 \u00een procesul dintre Gigi Becali \u0219i Arabi pentru cei 6.250.000 de euro din transferul lui Florinel Coman...\" \/>\n<meta property=\"og:url\" content=\"https:\/\/www.letsportsrock.com\/?p=62217\" \/>\n<meta property=\"og:site_name\" content=\"letsportsrock\" \/>\n<meta property=\"article:published_time\" content=\"2025-08-29T04:38:04+00:00\" \/>\n<meta property=\"og:image\" content=\"https:\/\/www.letsportsrock.com\/wp-content\/uploads\/2025\/08\/https___www.prosport.ro__wp-content_uploads_2025_08_TAS-a-dat-decizia-Lovitura-in-procesul-dintre-Gigi-Becali-si-arabi-pentru-cele-6.250.000-de-euro-din-transferul-lui-Florinel-Coman.webp\" \/>\n\t<meta property=\"og:image:width\" content=\"420\" \/>\n\t<meta property=\"og:image:height\" content=\"236\" \/>\n\t<meta property=\"og:image:type\" content=\"image\/webp\" \/>\n<meta name=\"author\" content=\"Benedict\" \/>\n<meta name=\"twitter:card\" content=\"summary_large_image\" \/>\n<meta name=\"twitter:label1\" content=\"Written by\" \/>\n\t<meta name=\"twitter:data1\" content=\"Benedict\" \/>\n\t<meta name=\"twitter:label2\" content=\"Est. reading time\" \/>\n\t<meta name=\"twitter:data2\" content=\"2 minutes\" \/>\n<script type=\"application\/ld+json\" class=\"yoast-schema-graph\">{\"@context\":\"https:\\\/\\\/schema.org\",\"@graph\":[{\"@type\":\"Article\",\"@id\":\"https:\\\/\\\/www.letsportsrock.com\\\/?p=62217#article\",\"isPartOf\":{\"@id\":\"https:\\\/\\\/www.letsportsrock.com\\\/?p=62217\"},\"author\":{\"name\":\"Benedict\",\"@id\":\"https:\\\/\\\/www.letsportsrock.com\\\/#\\\/schema\\\/person\\\/46ffa192b44abb5f73a64ac060b863c0\"},\"headline\":\"CAS \u0219i-a dat decizia! O lovitur\u0103 \u00een procesul dintre Gigi Becali \u0219i Arabi pentru cei 6.250.000 de euro din transferul lui Florinel Coman&#8230;\",\"datePublished\":\"2025-08-29T04:38:04+00:00\",\"mainEntityOfPage\":{\"@id\":\"https:\\\/\\\/www.letsportsrock.com\\\/?p=62217\"},\"wordCount\":278,\"commentCount\":0,\"image\":{\"@id\":\"https:\\\/\\\/www.letsportsrock.com\\\/?p=62217#primaryimage\"},\"thumbnailUrl\":\"https:\\\/\\\/www.letsportsrock.com\\\/wp-content\\\/uploads\\\/2025\\\/08\\\/https___www.prosport.ro__wp-content_uploads_2025_08_TAS-a-dat-decizia-Lovitura-in-procesul-dintre-Gigi-Becali-si-arabi-pentru-cele-6.250.000-de-euro-din-transferul-lui-Florinel-Coman.webp\",\"keywords\":[\"Fcsb Dinamo\"],\"articleSection\":[\"FCSB\"],\"inLanguage\":\"en-US\",\"potentialAction\":[{\"@type\":\"CommentAction\",\"name\":\"Comment\",\"target\":[\"https:\\\/\\\/www.letsportsrock.com\\\/?p=62217#respond\"]}]},{\"@type\":\"WebPage\",\"@id\":\"https:\\\/\\\/www.letsportsrock.com\\\/?p=62217\",\"url\":\"https:\\\/\\\/www.letsportsrock.com\\\/?p=62217\",\"name\":\"CAS \u0219i-a dat decizia! O lovitur\u0103 \u00een procesul dintre Gigi Becali \u0219i Arabi pentru cei 6.250.000 de euro din transferul lui Florinel Coman...\",\"isPartOf\":{\"@id\":\"https:\\\/\\\/www.letsportsrock.com\\\/#website\"},\"primaryImageOfPage\":{\"@id\":\"https:\\\/\\\/www.letsportsrock.com\\\/?p=62217#primaryimage\"},\"image\":{\"@id\":\"https:\\\/\\\/www.letsportsrock.com\\\/?p=62217#primaryimage\"},\"thumbnailUrl\":\"https:\\\/\\\/www.letsportsrock.com\\\/wp-content\\\/uploads\\\/2025\\\/08\\\/https___www.prosport.ro__wp-content_uploads_2025_08_TAS-a-dat-decizia-Lovitura-in-procesul-dintre-Gigi-Becali-si-arabi-pentru-cele-6.250.000-de-euro-din-transferul-lui-Florinel-Coman.webp\",\"datePublished\":\"2025-08-29T04:38:04+00:00\",\"author\":{\"@id\":\"https:\\\/\\\/www.letsportsrock.com\\\/#\\\/schema\\\/person\\\/46ffa192b44abb5f73a64ac060b863c0\"},\"description\":\"CAS \u0219i-a dat decizia! O lovitur\u0103 \u00een procesul dintre Gigi Becali \u0219i Arabi pentru cei 6.250.000 de euro din transferul lui Florinel Coman...\",\"breadcrumb\":{\"@id\":\"https:\\\/\\\/www.letsportsrock.com\\\/?p=62217#breadcrumb\"},\"inLanguage\":\"en-US\",\"potentialAction\":[{\"@type\":\"ReadAction\",\"target\":[\"https:\\\/\\\/www.letsportsrock.com\\\/?p=62217\"]}]},{\"@type\":\"ImageObject\",\"inLanguage\":\"en-US\",\"@id\":\"https:\\\/\\\/www.letsportsrock.com\\\/?p=62217#primaryimage\",\"url\":\"https:\\\/\\\/www.letsportsrock.com\\\/wp-content\\\/uploads\\\/2025\\\/08\\\/https___www.prosport.ro__wp-content_uploads_2025_08_TAS-a-dat-decizia-Lovitura-in-procesul-dintre-Gigi-Becali-si-arabi-pentru-cele-6.250.000-de-euro-din-transferul-lui-Florinel-Coman.webp\",\"contentUrl\":\"https:\\\/\\\/www.letsportsrock.com\\\/wp-content\\\/uploads\\\/2025\\\/08\\\/https___www.prosport.ro__wp-content_uploads_2025_08_TAS-a-dat-decizia-Lovitura-in-procesul-dintre-Gigi-Becali-si-arabi-pentru-cele-6.250.000-de-euro-din-transferul-lui-Florinel-Coman.webp\",\"width\":420,\"height\":236},{\"@type\":\"BreadcrumbList\",\"@id\":\"https:\\\/\\\/www.letsportsrock.com\\\/?p=62217#breadcrumb\",\"itemListElement\":[{\"@type\":\"ListItem\",\"position\":1,\"name\":\"Home\",\"item\":\"https:\\\/\\\/www.letsportsrock.com\\\/\"},{\"@type\":\"ListItem\",\"position\":2,\"name\":\"CAS \u0219i-a dat decizia! O lovitur\u0103 \u00een procesul dintre Gigi Becali \u0219i Arabi pentru cei 6.250.000 de euro din transferul lui Florinel Coman&#8230;\"}]},{\"@type\":\"WebSite\",\"@id\":\"https:\\\/\\\/www.letsportsrock.com\\\/#website\",\"url\":\"https:\\\/\\\/www.letsportsrock.com\\\/\",\"name\":\"letsportsrock\",\"description\":\"Sport News and Updates\",\"potentialAction\":[{\"@type\":\"SearchAction\",\"target\":{\"@type\":\"EntryPoint\",\"urlTemplate\":\"https:\\\/\\\/www.letsportsrock.com\\\/?s={search_term_string}\"},\"query-input\":{\"@type\":\"PropertyValueSpecification\",\"valueRequired\":true,\"valueName\":\"search_term_string\"}}],\"inLanguage\":\"en-US\"},{\"@type\":\"Person\",\"@id\":\"https:\\\/\\\/www.letsportsrock.com\\\/#\\\/schema\\\/person\\\/46ffa192b44abb5f73a64ac060b863c0\",\"name\":\"Benedict\",\"image\":{\"@type\":\"ImageObject\",\"inLanguage\":\"en-US\",\"@id\":\"https:\\\/\\\/secure.gravatar.com\\\/avatar\\\/91345136d4e2206293ebdc22304c65968887191f0b832cb181dd8965f4de256b?s=96&d=mm&r=g\",\"url\":\"https:\\\/\\\/secure.gravatar.com\\\/avatar\\\/91345136d4e2206293ebdc22304c65968887191f0b832cb181dd8965f4de256b?s=96&d=mm&r=g\",\"contentUrl\":\"https:\\\/\\\/secure.gravatar.com\\\/avatar\\\/91345136d4e2206293ebdc22304c65968887191f0b832cb181dd8965f4de256b?s=96&d=mm&r=g\",\"caption\":\"Benedict\"},\"sameAs\":[\"https:\\\/\\\/www.letsportsrock.com\\\/wp-admin\\\/\"],\"url\":\"https:\\\/\\\/www.letsportsrock.com\\\/?author=19\"}]}<\/script>\n<!-- \/ Yoast SEO plugin. -->","yoast_head_json":{"title":"CAS \u0219i-a dat decizia! O lovitur\u0103 \u00een procesul dintre Gigi Becali \u0219i Arabi pentru cei 6.250.000 de euro din transferul lui Florinel Coman...","description":"CAS \u0219i-a dat decizia! O lovitur\u0103 \u00een procesul dintre Gigi Becali \u0219i Arabi pentru cei 6.250.000 de euro din transferul lui Florinel Coman...","robots":{"index":"index","follow":"follow","max-snippet":"max-snippet:-1","max-image-preview":"max-image-preview:large","max-video-preview":"max-video-preview:-1"},"canonical":"https:\/\/www.letsportsrock.com\/?p=62217","og_locale":"en_US","og_type":"article","og_title":"CAS \u0219i-a dat decizia! O lovitur\u0103 \u00een procesul dintre Gigi Becali \u0219i Arabi pentru cei 6.250.000 de euro din transferul lui Florinel Coman...","og_description":"CAS \u0219i-a dat decizia! O lovitur\u0103 \u00een procesul dintre Gigi Becali \u0219i Arabi pentru cei 6.250.000 de euro din transferul lui Florinel Coman...","og_url":"https:\/\/www.letsportsrock.com\/?p=62217","og_site_name":"letsportsrock","article_published_time":"2025-08-29T04:38:04+00:00","og_image":[{"width":420,"height":236,"url":"https:\/\/www.letsportsrock.com\/wp-content\/uploads\/2025\/08\/https___www.prosport.ro__wp-content_uploads_2025_08_TAS-a-dat-decizia-Lovitura-in-procesul-dintre-Gigi-Becali-si-arabi-pentru-cele-6.250.000-de-euro-din-transferul-lui-Florinel-Coman.webp","type":"image\/webp"}],"author":"Benedict","twitter_card":"summary_large_image","twitter_misc":{"Written by":"Benedict","Est. reading time":"2 minutes"},"schema":{"@context":"https:\/\/schema.org","@graph":[{"@type":"Article","@id":"https:\/\/www.letsportsrock.com\/?p=62217#article","isPartOf":{"@id":"https:\/\/www.letsportsrock.com\/?p=62217"},"author":{"name":"Benedict","@id":"https:\/\/www.letsportsrock.com\/#\/schema\/person\/46ffa192b44abb5f73a64ac060b863c0"},"headline":"CAS \u0219i-a dat decizia! O lovitur\u0103 \u00een procesul dintre Gigi Becali \u0219i Arabi pentru cei 6.250.000 de euro din transferul lui Florinel Coman&#8230;","datePublished":"2025-08-29T04:38:04+00:00","mainEntityOfPage":{"@id":"https:\/\/www.letsportsrock.com\/?p=62217"},"wordCount":278,"commentCount":0,"image":{"@id":"https:\/\/www.letsportsrock.com\/?p=62217#primaryimage"},"thumbnailUrl":"https:\/\/www.letsportsrock.com\/wp-content\/uploads\/2025\/08\/https___www.prosport.ro__wp-content_uploads_2025_08_TAS-a-dat-decizia-Lovitura-in-procesul-dintre-Gigi-Becali-si-arabi-pentru-cele-6.250.000-de-euro-din-transferul-lui-Florinel-Coman.webp","keywords":["Fcsb Dinamo"],"articleSection":["FCSB"],"inLanguage":"en-US","potentialAction":[{"@type":"CommentAction","name":"Comment","target":["https:\/\/www.letsportsrock.com\/?p=62217#respond"]}]},{"@type":"WebPage","@id":"https:\/\/www.letsportsrock.com\/?p=62217","url":"https:\/\/www.letsportsrock.com\/?p=62217","name":"CAS \u0219i-a dat decizia! O lovitur\u0103 \u00een procesul dintre Gigi Becali \u0219i Arabi pentru cei 6.250.000 de euro din transferul lui Florinel Coman...","isPartOf":{"@id":"https:\/\/www.letsportsrock.com\/#website"},"primaryImageOfPage":{"@id":"https:\/\/www.letsportsrock.com\/?p=62217#primaryimage"},"image":{"@id":"https:\/\/www.letsportsrock.com\/?p=62217#primaryimage"},"thumbnailUrl":"https:\/\/www.letsportsrock.com\/wp-content\/uploads\/2025\/08\/https___www.prosport.ro__wp-content_uploads_2025_08_TAS-a-dat-decizia-Lovitura-in-procesul-dintre-Gigi-Becali-si-arabi-pentru-cele-6.250.000-de-euro-din-transferul-lui-Florinel-Coman.webp","datePublished":"2025-08-29T04:38:04+00:00","author":{"@id":"https:\/\/www.letsportsrock.com\/#\/schema\/person\/46ffa192b44abb5f73a64ac060b863c0"},"description":"CAS \u0219i-a dat decizia! O lovitur\u0103 \u00een procesul dintre Gigi Becali \u0219i Arabi pentru cei 6.250.000 de euro din transferul lui Florinel Coman...","breadcrumb":{"@id":"https:\/\/www.letsportsrock.com\/?p=62217#breadcrumb"},"inLanguage":"en-US","potentialAction":[{"@type":"ReadAction","target":["https:\/\/www.letsportsrock.com\/?p=62217"]}]},{"@type":"ImageObject","inLanguage":"en-US","@id":"https:\/\/www.letsportsrock.com\/?p=62217#primaryimage","url":"https:\/\/www.letsportsrock.com\/wp-content\/uploads\/2025\/08\/https___www.prosport.ro__wp-content_uploads_2025_08_TAS-a-dat-decizia-Lovitura-in-procesul-dintre-Gigi-Becali-si-arabi-pentru-cele-6.250.000-de-euro-din-transferul-lui-Florinel-Coman.webp","contentUrl":"https:\/\/www.letsportsrock.com\/wp-content\/uploads\/2025\/08\/https___www.prosport.ro__wp-content_uploads_2025_08_TAS-a-dat-decizia-Lovitura-in-procesul-dintre-Gigi-Becali-si-arabi-pentru-cele-6.250.000-de-euro-din-transferul-lui-Florinel-Coman.webp","width":420,"height":236},{"@type":"BreadcrumbList","@id":"https:\/\/www.letsportsrock.com\/?p=62217#breadcrumb","itemListElement":[{"@type":"ListItem","position":1,"name":"Home","item":"https:\/\/www.letsportsrock.com\/"},{"@type":"ListItem","position":2,"name":"CAS \u0219i-a dat decizia! O lovitur\u0103 \u00een procesul dintre Gigi Becali \u0219i Arabi pentru cei 6.250.000 de euro din transferul lui Florinel Coman&#8230;"}]},{"@type":"WebSite","@id":"https:\/\/www.letsportsrock.com\/#website","url":"https:\/\/www.letsportsrock.com\/","name":"letsportsrock","description":"Sport News and Updates","potentialAction":[{"@type":"SearchAction","target":{"@type":"EntryPoint","urlTemplate":"https:\/\/www.letsportsrock.com\/?s={search_term_string}"},"query-input":{"@type":"PropertyValueSpecification","valueRequired":true,"valueName":"search_term_string"}}],"inLanguage":"en-US"},{"@type":"Person","@id":"https:\/\/www.letsportsrock.com\/#\/schema\/person\/46ffa192b44abb5f73a64ac060b863c0","name":"Benedict","image":{"@type":"ImageObject","inLanguage":"en-US","@id":"https:\/\/secure.gravatar.com\/avatar\/91345136d4e2206293ebdc22304c65968887191f0b832cb181dd8965f4de256b?s=96&d=mm&r=g","url":"https:\/\/secure.gravatar.com\/avatar\/91345136d4e2206293ebdc22304c65968887191f0b832cb181dd8965f4de256b?s=96&d=mm&r=g","contentUrl":"https:\/\/secure.gravatar.com\/avatar\/91345136d4e2206293ebdc22304c65968887191f0b832cb181dd8965f4de256b?s=96&d=mm&r=g","caption":"Benedict"},"sameAs":["https:\/\/www.letsportsrock.com\/wp-admin\/"],"url":"https:\/\/www.letsportsrock.com\/?author=19"}]}},"jetpack_featured_media_url":"https:\/\/www.letsportsrock.com\/wp-content\/uploads\/2025\/08\/https___www.prosport.ro__wp-content_uploads_2025_08_TAS-a-dat-decizia-Lovitura-in-procesul-dintre-Gigi-Becali-si-arabi-pentru-cele-6.250.000-de-euro-din-transferul-lui-Florinel-Coman.webp","jetpack_sharing_enabled":true,"_links":{"self":[{"href":"https:\/\/www.letsportsrock.com\/index.php?rest_route=\/wp\/v2\/posts\/62217","targetHints":{"allow":["GET"]}}],"collection":[{"href":"https:\/\/www.letsportsrock.com\/index.php?rest_route=\/wp\/v2\/posts"}],"about":[{"href":"https:\/\/www.letsportsrock.com\/index.php?rest_route=\/wp\/v2\/types\/post"}],"author":[{"embeddable":true,"href":"https:\/\/www.letsportsrock.com\/index.php?rest_route=\/wp\/v2\/users\/19"}],"replies":[{"embeddable":true,"href":"https:\/\/www.letsportsrock.com\/index.php?rest_route=%2Fwp%2Fv2%2Fcomments&post=62217"}],"version-history":[{"count":1,"href":"https:\/\/www.letsportsrock.com\/index.php?rest_route=\/wp\/v2\/posts\/62217\/revisions"}],"predecessor-version":[{"id":62220,"href":"https:\/\/www.letsportsrock.com\/index.php?rest_route=\/wp\/v2\/posts\/62217\/revisions\/62220"}],"wp:featuredmedia":[{"embeddable":true,"href":"https:\/\/www.letsportsrock.com\/index.php?rest_route=\/wp\/v2\/media\/62219"}],"wp:attachment":[{"href":"https:\/\/www.letsportsrock.com\/index.php?rest_route=%2Fwp%2Fv2%2Fmedia&parent=62217"}],"wp:term":[{"taxonomy":"category","embeddable":true,"href":"https:\/\/www.letsportsrock.com\/index.php?rest_route=%2Fwp%2Fv2%2Fcategories&post=62217"},{"taxonomy":"post_tag","embeddable":true,"href":"https:\/\/www.letsportsrock.com\/index.php?rest_route=%2Fwp%2Fv2%2Ftags&post=62217"}],"curies":[{"name":"wp","href":"https:\/\/api.w.org\/{rel}","templated":true}]}}