{"id":62228,"date":"2025-08-29T05:06:10","date_gmt":"2025-08-29T05:06:10","guid":{"rendered":"https:\/\/www.letsportsrock.com\/?p=62228"},"modified":"2025-08-29T05:12:45","modified_gmt":"2025-08-29T05:12:45","slug":"razvan-lucescu-reactia-serii-dupa-calificarea-la-paok-doar-un-prost-nu-ar-fi-multumit-iar-eu-nu-sunt-prost","status":"publish","type":"post","link":"https:\/\/www.letsportsrock.com\/?p=62228","title":{"rendered":"R\u0103zvan Lucescu, reac\u021bia serii dup\u0103 calificarea la PAOK: \u201eDoar un prost nu ar fi mul\u021bumit, iar eu nu sunt prost!\u201d&#8230;"},"content":{"rendered":"<div class=\"d79db4796efc26332eabfc3f5dafbc76\" data-index=\"1\" style=\"float: none; margin:10px 0 10px 0; text-align:center;\">\n<div class=\"hb-ad-inarticle\">\r\n    <div class=\"hb-ad-inner\"> \r\n    <div class=\"hbagency_cls\"  id=\"hbagency_space_111930\"><\/div><\/div> <\/div>\n<\/div>\n<p>R\u0103zvan Lucescu, reac\u021bia serii dup\u0103 calificarea la PAOK: \u201eDoar un prost nu ar fi mul\u021bumit, iar eu nu sunt prost!\u201d..<\/p>\n<p>&nbsp;<\/p>\n<p>\u201eRecital R\u0103zvan: PAOK a \u00eentors rezultatul din tur \u0219i s\u2011a calificat \u00een faza Ligii Europa. \u00abDoar un prost nu ar fi mul\u021bumit\u00bb.\u201d<\/p>\n<p>Dup\u0103 ce PAOK a surmontat \u00eenfr\u00e2ngerea suferit\u0103 \u00een tur (0\u20111) \u0219i a \u00eenvins Rijeka categoric cu 5\u20110 \u00een retur, R\u0103zvan Lucescu a oferit o declara\u021bie sincer\u0103 \u0219i savuroas\u0103:<\/p>\n<p><img loading=\"lazy\" decoding=\"async\" class=\"alignnone size-medium wp-image-62231\" src=\"https:\/\/www.letsportsrock.com\/wp-content\/uploads\/2025\/08\/https___www.prosport.ro__wp-content_uploads_2025_08_Razvan-Lucescu-reactia-serii-dupa-calificarea-lui-PAOK-\u201eDoar-cineva-prost-nu-ar-fi-multumit-iar-eu-nu-sunt-prost-1-300x169.webp\" alt=\"\" width=\"300\" height=\"169\" srcset=\"https:\/\/www.letsportsrock.com\/wp-content\/uploads\/2025\/08\/https___www.prosport.ro__wp-content_uploads_2025_08_Razvan-Lucescu-reactia-serii-dupa-calificarea-lui-PAOK-\u201eDoar-cineva-prost-nu-ar-fi-multumit-iar-eu-nu-sunt-prost-1-300x169.webp 300w, https:\/\/www.letsportsrock.com\/wp-content\/uploads\/2025\/08\/https___www.prosport.ro__wp-content_uploads_2025_08_Razvan-Lucescu-reactia-serii-dupa-calificarea-lui-PAOK-\u201eDoar-cineva-prost-nu-ar-fi-multumit-iar-eu-nu-sunt-prost-1.webp 420w\" sizes=\"auto, (max-width: 300px) 100vw, 300px\" \/><\/p>\n<p>&gt; \u201eEste o victorie foarte important\u0103, am ob\u021binut biletul pentru faza Ligii Europa, care este important\u0103 pentru anul nostru \u0219i ne va ajuta \u00een procesul evolutiv pe care \u00eel urm\u0103m. Doar un prost nu ar fi mul\u021bumit. Totu\u0219i, m\u00e2ine este o alt\u0103 zi, avem un meci diferit \u0219i dificil \u00eempotriva lui Atromitos duminic\u0103. \u00cen ceea ce prive\u0219te meciurile, cea mai bun\u0103 echip\u0103 se calific\u0103 \u00een final. Nu am meritat s\u0103 pierdem \u00een Croa\u021bia. Sunt foarte mul\u021bumit de atitudinea de care au dat dovad\u0103 juc\u0103torii. Pentru mine, r\u0103m\u00e2ne doar urm\u0103torul meci!\u201d<\/p>\n<p>Concluzie (\u2248\u202f200 cuvinte)<\/p>\n<p>&nbsp;<\/p>\n<p>Seara a fost electrizant\u0103 pentru suporterii lui PAOK: o revenire complet\u0103 \u00eentr\u2011o confruntare european\u0103, \u00eencheiat\u0103 cu un scor zdrobitor \u0219i calificarea \u00een grupe. R\u0103zvan Lucescu, observ\u00e2nd efortul remarcabil al echipei, a folosit un ton provocator dar plin de auto\u2011\u00eencredere: \u201eDoar un prost nu ar fi mul\u021bumit&#8230;\u201d \u2013 o fraz\u0103 care a captat perfect starea de spirit.<\/p>\n<p>&nbsp;<\/p>\n<p>\u00cens\u0103, \u00een ciuda entuziasmului, Lucescu a fost prudent: \u201cM\u00e2ine este o alt\u0103 zi\u2026\u201d a subliniat el, reafirm\u00e2nd concentrarea pe meciurile urm\u0103toare \u0219i modul \u00een care trebuie tratat\u0103 aceast\u0103 performan\u021b\u0103 \u2014 ca pe un pas \u00eenainte \u00eentr\u2011un proiect mai amplu.<\/p>\n<p>&nbsp;<\/p>\n<p>Dac\u0103 vrei, pot continua s\u0103 urm\u0103resc evolu\u021bia echipei pe parcursul sezonului european \u0219i s\u0103 mai scoatem la lumin\u0103 alte declara\u021bii memorabile ale antrenorului.<\/p>\n\n<div style=\"font-size: 0px; height: 0px; line-height: 0px; margin: 0; padding: 0; clear: both;\"><\/div>","protected":false},"excerpt":{"rendered":"<p>R\u0103zvan Lucescu, reac\u021bia serii dup\u0103 calificarea la PAOK: \u201eDoar un prost nu ar fi mul\u021bumit, iar eu nu sunt prost!\u201d.. &nbsp; \u201eRecital R\u0103zvan: PAOK a \u00eentors rezultatul din tur \u0219i s\u2011a calificat \u00een faza Ligii Europa. \u00abDoar un prost nu ar fi mul\u021bumit\u00bb.\u201d Dup\u0103 ce PAOK a surmontat \u00eenfr\u00e2ngerea suferit\u0103 \u00een tur (0\u20111) \u0219i a [&hellip;]<\/p>\n","protected":false},"author":19,"featured_media":62230,"comment_status":"open","ping_status":"open","sticky":false,"template":"","format":"standard","meta":{"_jetpack_memberships_contains_paid_content":false,"footnotes":""},"categories":[276],"tags":[746],"class_list":["post-62228","post","type-post","status-publish","format-standard","has-post-thumbnail","hentry","category-fcsb","tag-fcsb-dinamo"],"yoast_head":"<!-- This site is optimized with the Yoast SEO plugin v27.5 - https:\/\/yoast.com\/product\/yoast-seo-wordpress\/ -->\n<title>R\u0103zvan Lucescu, reac\u021bia serii dup\u0103 calificarea la PAOK: \u201eDoar un prost nu ar fi mul\u021bumit, iar eu nu sunt prost!\u201d<\/title>\n<meta name=\"description\" content=\"R\u0103zvan Lucescu, reac\u021bia serii dup\u0103 calificarea la PAOK: \u201eDoar un prost nu ar fi mul\u021bumit, iar eu nu sunt prost!\u201d\" \/>\n<meta name=\"robots\" content=\"index, follow, max-snippet:-1, max-image-preview:large, max-video-preview:-1\" \/>\n<link rel=\"canonical\" href=\"https:\/\/www.letsportsrock.com\/?p=62228\" \/>\n<meta property=\"og:locale\" content=\"en_US\" \/>\n<meta property=\"og:type\" content=\"article\" \/>\n<meta property=\"og:title\" content=\"R\u0103zvan Lucescu, reac\u021bia serii dup\u0103 calificarea la PAOK: \u201eDoar un prost nu ar fi mul\u021bumit, iar eu nu sunt prost!\u201d\" \/>\n<meta property=\"og:description\" content=\"R\u0103zvan Lucescu, reac\u021bia serii dup\u0103 calificarea la PAOK: \u201eDoar un prost nu ar fi mul\u021bumit, iar eu nu sunt prost!\u201d\" \/>\n<meta property=\"og:url\" content=\"https:\/\/www.letsportsrock.com\/?p=62228\" \/>\n<meta property=\"og:site_name\" content=\"letsportsrock\" \/>\n<meta property=\"article:published_time\" content=\"2025-08-29T05:06:10+00:00\" \/>\n<meta property=\"article:modified_time\" content=\"2025-08-29T05:12:45+00:00\" \/>\n<meta property=\"og:image\" content=\"https:\/\/www.letsportsrock.com\/wp-content\/uploads\/2025\/08\/https___www.prosport.ro__wp-content_uploads_2025_08_Razvan-Lucescu-reactia-serii-dupa-calificarea-lui-PAOK-\u201eDoar-cineva-prost-nu-ar-fi-multumit-iar-eu-nu-sunt-prost.webp\" \/>\n\t<meta property=\"og:image:width\" content=\"420\" \/>\n\t<meta property=\"og:image:height\" content=\"236\" \/>\n\t<meta property=\"og:image:type\" content=\"image\/webp\" \/>\n<meta name=\"author\" content=\"Benedict\" \/>\n<meta name=\"twitter:card\" content=\"summary_large_image\" \/>\n<meta name=\"twitter:label1\" content=\"Written by\" \/>\n\t<meta name=\"twitter:data1\" content=\"Benedict\" \/>\n\t<meta name=\"twitter:label2\" content=\"Est. reading time\" \/>\n\t<meta name=\"twitter:data2\" content=\"2 minutes\" \/>\n<script type=\"application\/ld+json\" class=\"yoast-schema-graph\">{\"@context\":\"https:\\\/\\\/schema.org\",\"@graph\":[{\"@type\":\"Article\",\"@id\":\"https:\\\/\\\/www.letsportsrock.com\\\/?p=62228#article\",\"isPartOf\":{\"@id\":\"https:\\\/\\\/www.letsportsrock.com\\\/?p=62228\"},\"author\":{\"name\":\"Benedict\",\"@id\":\"https:\\\/\\\/www.letsportsrock.com\\\/#\\\/schema\\\/person\\\/46ffa192b44abb5f73a64ac060b863c0\"},\"headline\":\"R\u0103zvan Lucescu, reac\u021bia serii dup\u0103 calificarea la PAOK: \u201eDoar un prost nu ar fi mul\u021bumit, iar eu nu sunt prost!\u201d&#8230;\",\"datePublished\":\"2025-08-29T05:06:10+00:00\",\"dateModified\":\"2025-08-29T05:12:45+00:00\",\"mainEntityOfPage\":{\"@id\":\"https:\\\/\\\/www.letsportsrock.com\\\/?p=62228\"},\"wordCount\":336,\"commentCount\":0,\"image\":{\"@id\":\"https:\\\/\\\/www.letsportsrock.com\\\/?p=62228#primaryimage\"},\"thumbnailUrl\":\"https:\\\/\\\/www.letsportsrock.com\\\/wp-content\\\/uploads\\\/2025\\\/08\\\/https___www.prosport.ro__wp-content_uploads_2025_08_Razvan-Lucescu-reactia-serii-dupa-calificarea-lui-PAOK-\u201eDoar-cineva-prost-nu-ar-fi-multumit-iar-eu-nu-sunt-prost.webp\",\"keywords\":[\"Fcsb Dinamo\"],\"articleSection\":[\"FCSB\"],\"inLanguage\":\"en-US\",\"potentialAction\":[{\"@type\":\"CommentAction\",\"name\":\"Comment\",\"target\":[\"https:\\\/\\\/www.letsportsrock.com\\\/?p=62228#respond\"]}]},{\"@type\":\"WebPage\",\"@id\":\"https:\\\/\\\/www.letsportsrock.com\\\/?p=62228\",\"url\":\"https:\\\/\\\/www.letsportsrock.com\\\/?p=62228\",\"name\":\"R\u0103zvan Lucescu, reac\u021bia serii dup\u0103 calificarea la PAOK: \u201eDoar un prost nu ar fi mul\u021bumit, iar eu nu sunt prost!\u201d\",\"isPartOf\":{\"@id\":\"https:\\\/\\\/www.letsportsrock.com\\\/#website\"},\"primaryImageOfPage\":{\"@id\":\"https:\\\/\\\/www.letsportsrock.com\\\/?p=62228#primaryimage\"},\"image\":{\"@id\":\"https:\\\/\\\/www.letsportsrock.com\\\/?p=62228#primaryimage\"},\"thumbnailUrl\":\"https:\\\/\\\/www.letsportsrock.com\\\/wp-content\\\/uploads\\\/2025\\\/08\\\/https___www.prosport.ro__wp-content_uploads_2025_08_Razvan-Lucescu-reactia-serii-dupa-calificarea-lui-PAOK-\u201eDoar-cineva-prost-nu-ar-fi-multumit-iar-eu-nu-sunt-prost.webp\",\"datePublished\":\"2025-08-29T05:06:10+00:00\",\"dateModified\":\"2025-08-29T05:12:45+00:00\",\"author\":{\"@id\":\"https:\\\/\\\/www.letsportsrock.com\\\/#\\\/schema\\\/person\\\/46ffa192b44abb5f73a64ac060b863c0\"},\"description\":\"R\u0103zvan Lucescu, reac\u021bia serii dup\u0103 calificarea la PAOK: \u201eDoar un prost nu ar fi mul\u021bumit, iar eu nu sunt prost!\u201d\",\"breadcrumb\":{\"@id\":\"https:\\\/\\\/www.letsportsrock.com\\\/?p=62228#breadcrumb\"},\"inLanguage\":\"en-US\",\"potentialAction\":[{\"@type\":\"ReadAction\",\"target\":[\"https:\\\/\\\/www.letsportsrock.com\\\/?p=62228\"]}]},{\"@type\":\"ImageObject\",\"inLanguage\":\"en-US\",\"@id\":\"https:\\\/\\\/www.letsportsrock.com\\\/?p=62228#primaryimage\",\"url\":\"https:\\\/\\\/www.letsportsrock.com\\\/wp-content\\\/uploads\\\/2025\\\/08\\\/https___www.prosport.ro__wp-content_uploads_2025_08_Razvan-Lucescu-reactia-serii-dupa-calificarea-lui-PAOK-\u201eDoar-cineva-prost-nu-ar-fi-multumit-iar-eu-nu-sunt-prost.webp\",\"contentUrl\":\"https:\\\/\\\/www.letsportsrock.com\\\/wp-content\\\/uploads\\\/2025\\\/08\\\/https___www.prosport.ro__wp-content_uploads_2025_08_Razvan-Lucescu-reactia-serii-dupa-calificarea-lui-PAOK-\u201eDoar-cineva-prost-nu-ar-fi-multumit-iar-eu-nu-sunt-prost.webp\",\"width\":420,\"height\":236},{\"@type\":\"BreadcrumbList\",\"@id\":\"https:\\\/\\\/www.letsportsrock.com\\\/?p=62228#breadcrumb\",\"itemListElement\":[{\"@type\":\"ListItem\",\"position\":1,\"name\":\"Home\",\"item\":\"https:\\\/\\\/www.letsportsrock.com\\\/\"},{\"@type\":\"ListItem\",\"position\":2,\"name\":\"R\u0103zvan Lucescu, reac\u021bia serii dup\u0103 calificarea la PAOK: \u201eDoar un prost nu ar fi mul\u021bumit, iar eu nu sunt prost!\u201d&#8230;\"}]},{\"@type\":\"WebSite\",\"@id\":\"https:\\\/\\\/www.letsportsrock.com\\\/#website\",\"url\":\"https:\\\/\\\/www.letsportsrock.com\\\/\",\"name\":\"letsportsrock\",\"description\":\"Sport News and Updates\",\"potentialAction\":[{\"@type\":\"SearchAction\",\"target\":{\"@type\":\"EntryPoint\",\"urlTemplate\":\"https:\\\/\\\/www.letsportsrock.com\\\/?s={search_term_string}\"},\"query-input\":{\"@type\":\"PropertyValueSpecification\",\"valueRequired\":true,\"valueName\":\"search_term_string\"}}],\"inLanguage\":\"en-US\"},{\"@type\":\"Person\",\"@id\":\"https:\\\/\\\/www.letsportsrock.com\\\/#\\\/schema\\\/person\\\/46ffa192b44abb5f73a64ac060b863c0\",\"name\":\"Benedict\",\"image\":{\"@type\":\"ImageObject\",\"inLanguage\":\"en-US\",\"@id\":\"https:\\\/\\\/secure.gravatar.com\\\/avatar\\\/91345136d4e2206293ebdc22304c65968887191f0b832cb181dd8965f4de256b?s=96&d=mm&r=g\",\"url\":\"https:\\\/\\\/secure.gravatar.com\\\/avatar\\\/91345136d4e2206293ebdc22304c65968887191f0b832cb181dd8965f4de256b?s=96&d=mm&r=g\",\"contentUrl\":\"https:\\\/\\\/secure.gravatar.com\\\/avatar\\\/91345136d4e2206293ebdc22304c65968887191f0b832cb181dd8965f4de256b?s=96&d=mm&r=g\",\"caption\":\"Benedict\"},\"sameAs\":[\"https:\\\/\\\/www.letsportsrock.com\\\/wp-admin\\\/\"],\"url\":\"https:\\\/\\\/www.letsportsrock.com\\\/?author=19\"}]}<\/script>\n<!-- \/ Yoast SEO plugin. -->","yoast_head_json":{"title":"R\u0103zvan Lucescu, reac\u021bia serii dup\u0103 calificarea la PAOK: \u201eDoar un prost nu ar fi mul\u021bumit, iar eu nu sunt prost!\u201d","description":"R\u0103zvan Lucescu, reac\u021bia serii dup\u0103 calificarea la PAOK: \u201eDoar un prost nu ar fi mul\u021bumit, iar eu nu sunt prost!\u201d","robots":{"index":"index","follow":"follow","max-snippet":"max-snippet:-1","max-image-preview":"max-image-preview:large","max-video-preview":"max-video-preview:-1"},"canonical":"https:\/\/www.letsportsrock.com\/?p=62228","og_locale":"en_US","og_type":"article","og_title":"R\u0103zvan Lucescu, reac\u021bia serii dup\u0103 calificarea la PAOK: \u201eDoar un prost nu ar fi mul\u021bumit, iar eu nu sunt prost!\u201d","og_description":"R\u0103zvan Lucescu, reac\u021bia serii dup\u0103 calificarea la PAOK: \u201eDoar un prost nu ar fi mul\u021bumit, iar eu nu sunt prost!\u201d","og_url":"https:\/\/www.letsportsrock.com\/?p=62228","og_site_name":"letsportsrock","article_published_time":"2025-08-29T05:06:10+00:00","article_modified_time":"2025-08-29T05:12:45+00:00","og_image":[{"width":420,"height":236,"url":"https:\/\/www.letsportsrock.com\/wp-content\/uploads\/2025\/08\/https___www.prosport.ro__wp-content_uploads_2025_08_Razvan-Lucescu-reactia-serii-dupa-calificarea-lui-PAOK-\u201eDoar-cineva-prost-nu-ar-fi-multumit-iar-eu-nu-sunt-prost.webp","type":"image\/webp"}],"author":"Benedict","twitter_card":"summary_large_image","twitter_misc":{"Written by":"Benedict","Est. reading time":"2 minutes"},"schema":{"@context":"https:\/\/schema.org","@graph":[{"@type":"Article","@id":"https:\/\/www.letsportsrock.com\/?p=62228#article","isPartOf":{"@id":"https:\/\/www.letsportsrock.com\/?p=62228"},"author":{"name":"Benedict","@id":"https:\/\/www.letsportsrock.com\/#\/schema\/person\/46ffa192b44abb5f73a64ac060b863c0"},"headline":"R\u0103zvan Lucescu, reac\u021bia serii dup\u0103 calificarea la PAOK: \u201eDoar un prost nu ar fi mul\u021bumit, iar eu nu sunt prost!\u201d&#8230;","datePublished":"2025-08-29T05:06:10+00:00","dateModified":"2025-08-29T05:12:45+00:00","mainEntityOfPage":{"@id":"https:\/\/www.letsportsrock.com\/?p=62228"},"wordCount":336,"commentCount":0,"image":{"@id":"https:\/\/www.letsportsrock.com\/?p=62228#primaryimage"},"thumbnailUrl":"https:\/\/www.letsportsrock.com\/wp-content\/uploads\/2025\/08\/https___www.prosport.ro__wp-content_uploads_2025_08_Razvan-Lucescu-reactia-serii-dupa-calificarea-lui-PAOK-\u201eDoar-cineva-prost-nu-ar-fi-multumit-iar-eu-nu-sunt-prost.webp","keywords":["Fcsb Dinamo"],"articleSection":["FCSB"],"inLanguage":"en-US","potentialAction":[{"@type":"CommentAction","name":"Comment","target":["https:\/\/www.letsportsrock.com\/?p=62228#respond"]}]},{"@type":"WebPage","@id":"https:\/\/www.letsportsrock.com\/?p=62228","url":"https:\/\/www.letsportsrock.com\/?p=62228","name":"R\u0103zvan Lucescu, reac\u021bia serii dup\u0103 calificarea la PAOK: \u201eDoar un prost nu ar fi mul\u021bumit, iar eu nu sunt prost!\u201d","isPartOf":{"@id":"https:\/\/www.letsportsrock.com\/#website"},"primaryImageOfPage":{"@id":"https:\/\/www.letsportsrock.com\/?p=62228#primaryimage"},"image":{"@id":"https:\/\/www.letsportsrock.com\/?p=62228#primaryimage"},"thumbnailUrl":"https:\/\/www.letsportsrock.com\/wp-content\/uploads\/2025\/08\/https___www.prosport.ro__wp-content_uploads_2025_08_Razvan-Lucescu-reactia-serii-dupa-calificarea-lui-PAOK-\u201eDoar-cineva-prost-nu-ar-fi-multumit-iar-eu-nu-sunt-prost.webp","datePublished":"2025-08-29T05:06:10+00:00","dateModified":"2025-08-29T05:12:45+00:00","author":{"@id":"https:\/\/www.letsportsrock.com\/#\/schema\/person\/46ffa192b44abb5f73a64ac060b863c0"},"description":"R\u0103zvan Lucescu, reac\u021bia serii dup\u0103 calificarea la PAOK: \u201eDoar un prost nu ar fi mul\u021bumit, iar eu nu sunt prost!\u201d","breadcrumb":{"@id":"https:\/\/www.letsportsrock.com\/?p=62228#breadcrumb"},"inLanguage":"en-US","potentialAction":[{"@type":"ReadAction","target":["https:\/\/www.letsportsrock.com\/?p=62228"]}]},{"@type":"ImageObject","inLanguage":"en-US","@id":"https:\/\/www.letsportsrock.com\/?p=62228#primaryimage","url":"https:\/\/www.letsportsrock.com\/wp-content\/uploads\/2025\/08\/https___www.prosport.ro__wp-content_uploads_2025_08_Razvan-Lucescu-reactia-serii-dupa-calificarea-lui-PAOK-\u201eDoar-cineva-prost-nu-ar-fi-multumit-iar-eu-nu-sunt-prost.webp","contentUrl":"https:\/\/www.letsportsrock.com\/wp-content\/uploads\/2025\/08\/https___www.prosport.ro__wp-content_uploads_2025_08_Razvan-Lucescu-reactia-serii-dupa-calificarea-lui-PAOK-\u201eDoar-cineva-prost-nu-ar-fi-multumit-iar-eu-nu-sunt-prost.webp","width":420,"height":236},{"@type":"BreadcrumbList","@id":"https:\/\/www.letsportsrock.com\/?p=62228#breadcrumb","itemListElement":[{"@type":"ListItem","position":1,"name":"Home","item":"https:\/\/www.letsportsrock.com\/"},{"@type":"ListItem","position":2,"name":"R\u0103zvan Lucescu, reac\u021bia serii dup\u0103 calificarea la PAOK: \u201eDoar un prost nu ar fi mul\u021bumit, iar eu nu sunt prost!\u201d&#8230;"}]},{"@type":"WebSite","@id":"https:\/\/www.letsportsrock.com\/#website","url":"https:\/\/www.letsportsrock.com\/","name":"letsportsrock","description":"Sport News and Updates","potentialAction":[{"@type":"SearchAction","target":{"@type":"EntryPoint","urlTemplate":"https:\/\/www.letsportsrock.com\/?s={search_term_string}"},"query-input":{"@type":"PropertyValueSpecification","valueRequired":true,"valueName":"search_term_string"}}],"inLanguage":"en-US"},{"@type":"Person","@id":"https:\/\/www.letsportsrock.com\/#\/schema\/person\/46ffa192b44abb5f73a64ac060b863c0","name":"Benedict","image":{"@type":"ImageObject","inLanguage":"en-US","@id":"https:\/\/secure.gravatar.com\/avatar\/91345136d4e2206293ebdc22304c65968887191f0b832cb181dd8965f4de256b?s=96&d=mm&r=g","url":"https:\/\/secure.gravatar.com\/avatar\/91345136d4e2206293ebdc22304c65968887191f0b832cb181dd8965f4de256b?s=96&d=mm&r=g","contentUrl":"https:\/\/secure.gravatar.com\/avatar\/91345136d4e2206293ebdc22304c65968887191f0b832cb181dd8965f4de256b?s=96&d=mm&r=g","caption":"Benedict"},"sameAs":["https:\/\/www.letsportsrock.com\/wp-admin\/"],"url":"https:\/\/www.letsportsrock.com\/?author=19"}]}},"jetpack_featured_media_url":"https:\/\/www.letsportsrock.com\/wp-content\/uploads\/2025\/08\/https___www.prosport.ro__wp-content_uploads_2025_08_Razvan-Lucescu-reactia-serii-dupa-calificarea-lui-PAOK-\u201eDoar-cineva-prost-nu-ar-fi-multumit-iar-eu-nu-sunt-prost.webp","jetpack_sharing_enabled":true,"_links":{"self":[{"href":"https:\/\/www.letsportsrock.com\/index.php?rest_route=\/wp\/v2\/posts\/62228","targetHints":{"allow":["GET"]}}],"collection":[{"href":"https:\/\/www.letsportsrock.com\/index.php?rest_route=\/wp\/v2\/posts"}],"about":[{"href":"https:\/\/www.letsportsrock.com\/index.php?rest_route=\/wp\/v2\/types\/post"}],"author":[{"embeddable":true,"href":"https:\/\/www.letsportsrock.com\/index.php?rest_route=\/wp\/v2\/users\/19"}],"replies":[{"embeddable":true,"href":"https:\/\/www.letsportsrock.com\/index.php?rest_route=%2Fwp%2Fv2%2Fcomments&post=62228"}],"version-history":[{"count":3,"href":"https:\/\/www.letsportsrock.com\/index.php?rest_route=\/wp\/v2\/posts\/62228\/revisions"}],"predecessor-version":[{"id":62233,"href":"https:\/\/www.letsportsrock.com\/index.php?rest_route=\/wp\/v2\/posts\/62228\/revisions\/62233"}],"wp:featuredmedia":[{"embeddable":true,"href":"https:\/\/www.letsportsrock.com\/index.php?rest_route=\/wp\/v2\/media\/62230"}],"wp:attachment":[{"href":"https:\/\/www.letsportsrock.com\/index.php?rest_route=%2Fwp%2Fv2%2Fmedia&parent=62228"}],"wp:term":[{"taxonomy":"category","embeddable":true,"href":"https:\/\/www.letsportsrock.com\/index.php?rest_route=%2Fwp%2Fv2%2Fcategories&post=62228"},{"taxonomy":"post_tag","embeddable":true,"href":"https:\/\/www.letsportsrock.com\/index.php?rest_route=%2Fwp%2Fv2%2Ftags&post=62228"}],"curies":[{"name":"wp","href":"https:\/\/api.w.org\/{rel}","templated":true}]}}