{"id":62284,"date":"2025-08-30T23:44:34","date_gmt":"2025-08-30T23:44:34","guid":{"rendered":"https:\/\/www.letsportsrock.com\/?p=62284"},"modified":"2025-08-30T23:44:34","modified_gmt":"2025-08-30T23:44:34","slug":"a-dezvaluit-ce-se-afla-pe-imaginile-horror-ascunse-de-pro-tv-cu-gigi-becali-un-calugar-bolnav-de-80-de-ani-si-patronul-fcsb-in-prim-plan","status":"publish","type":"post","link":"https:\/\/www.letsportsrock.com\/?p=62284","title":{"rendered":"A dezv\u0103luit ce se afl\u0103 pe \u201dimaginile horror ascunse de Pro TV\u201d cu Gigi Becali! Un \u201dc\u0103lug\u0103r bolnav de 80 de ani\u201d \u0219i patronul FCSB, \u00een prim-plan&#8230;&#8230;."},"content":{"rendered":"<div class=\"d79db4796efc26332eabfc3f5dafbc76\" data-index=\"1\" style=\"float: none; margin:10px 0 10px 0; text-align:center;\">\n<div class=\"hb-ad-inarticle\">\r\n    <div class=\"hb-ad-inner\"> \r\n    <div class=\"hbagency_cls\"  id=\"hbagency_space_111930\"><\/div><\/div> <\/div>\n<\/div>\n<p>Breaking News: O informa\u021bie nea\u0219teptat\u0103 a st\u00e2rnit rumoare \u00een spa\u021biul public! Presa a dezv\u0103luit ce se ascunde, de fapt, pe a\u0219a-numitele \u201eimaginile horror ascunse de Pro TV\u201d, \u00een care Gigi Becali apare \u00eentr-un context complet nea\u0219teptat.<\/p>\n<p>&nbsp;<\/p>\n<p>Potrivit surselor, patronul FCSB ar fi surprins al\u0103turi de un \u201ec\u0103lug\u0103r bolnav, \u00een v\u00e2rst\u0103 de 80 de ani\u201d, iar secven\u021bele arat\u0103 momente tensionate, pline de simbolism \u0219i emo\u021bie.<\/p>\n<p><img loading=\"lazy\" decoding=\"async\" class=\"alignnone size-medium wp-image-62285\" src=\"https:\/\/www.letsportsrock.com\/wp-content\/uploads\/2025\/08\/images-3-14-300x180.jpeg\" alt=\"\" width=\"300\" height=\"180\" srcset=\"https:\/\/www.letsportsrock.com\/wp-content\/uploads\/2025\/08\/images-3-14-300x180.jpeg 300w, https:\/\/www.letsportsrock.com\/wp-content\/uploads\/2025\/08\/images-3-14.jpeg 700w\" sizes=\"auto, (max-width: 300px) 100vw, 300px\" \/><\/p>\n<p>Nu este clar dac\u0103 \u00eenregistr\u0103rile fac parte dintr-un material documentar sau dac\u0103 au fost surprinse \u00een intimitatea unei vizite discrete la o m\u0103n\u0103stire.<\/p>\n<p>&nbsp;<\/p>\n<p>Cert este c\u0103 imaginile au provocat reac\u021bii puternice \u00een mediul online, unde fanii s-au \u00eemp\u0103r\u021bit \u00eentre \u0219oc, ne\u00eencredere \u0219i curiozitate maxim\u0103.<\/p>\n<p>&nbsp;<\/p>\n<p>\u00cen jurul acestui episod planeaz\u0103 deja specula\u021bii privind posibile semnifica\u021bii ascunse, dar \u0219i posibile conflicte legate de difuzarea lor.<\/p>\n<p>&nbsp;<\/p>\n<p>Ceea ce pare evident este faptul c\u0103 apari\u021bia lui Gigi Becali \u00een prim-plan, al\u0103turi de un b\u0103tr\u00e2n c\u0103lug\u0103r bolnav, ridic\u0103 numeroase \u00eentreb\u0103ri despre via\u021ba sa personal\u0103, rela\u021bia cu Biserica \u0219i inten\u021biile sale viitoare.<\/p>\n<p>&nbsp;<\/p>\n<p>R\u0103m\u00e2ne de v\u0103zut dac\u0103 imaginile vor fi f\u0103cute publice integral \u0219i ce impact vor avea asupra patronului ro\u0219-alba\u0219trilor.<\/p>\n\n<div style=\"font-size: 0px; height: 0px; line-height: 0px; margin: 0; padding: 0; clear: both;\"><\/div>","protected":false},"excerpt":{"rendered":"<p>Breaking News: O informa\u021bie nea\u0219teptat\u0103 a st\u00e2rnit rumoare \u00een spa\u021biul public! Presa a dezv\u0103luit ce se ascunde, de fapt, pe a\u0219a-numitele \u201eimaginile horror ascunse de Pro TV\u201d, \u00een care Gigi Becali apare \u00eentr-un context complet nea\u0219teptat. &nbsp; Potrivit surselor, patronul FCSB ar fi surprins al\u0103turi de un \u201ec\u0103lug\u0103r bolnav, \u00een v\u00e2rst\u0103 de 80 de ani\u201d, [&hellip;]<\/p>\n","protected":false},"author":17,"featured_media":62286,"comment_status":"open","ping_status":"open","sticky":false,"template":"","format":"standard","meta":{"_jetpack_memberships_contains_paid_content":false,"footnotes":""},"categories":[276],"tags":[264],"class_list":["post-62284","post","type-post","status-publish","format-standard","has-post-thumbnail","hentry","category-fcsb","tag-fcsb"],"yoast_head":"<!-- This site is optimized with the Yoast SEO plugin v27.4 - https:\/\/yoast.com\/product\/yoast-seo-wordpress\/ -->\n<title>A dezv\u0103luit ce se afl\u0103 pe \u201dimaginile horror ascunse de Pro TV\u201d......<\/title>\n<meta name=\"description\" content=\"A dezv\u0103luit ce se afl\u0103 pe \u201dimaginile horror ascunse de Pro TV\u201d cu Gigi Becali! Un \u201dc\u0103lug\u0103r bolnav de 80 de ani\u201d \u0219i......\" \/>\n<meta name=\"robots\" content=\"index, follow, max-snippet:-1, max-image-preview:large, max-video-preview:-1\" \/>\n<link rel=\"canonical\" href=\"https:\/\/www.letsportsrock.com\/?p=62284\" \/>\n<meta property=\"og:locale\" content=\"en_US\" \/>\n<meta property=\"og:type\" content=\"article\" \/>\n<meta property=\"og:title\" content=\"A dezv\u0103luit ce se afl\u0103 pe \u201dimaginile horror ascunse de Pro TV\u201d......\" \/>\n<meta property=\"og:description\" content=\"A dezv\u0103luit ce se afl\u0103 pe \u201dimaginile horror ascunse de Pro TV\u201d cu Gigi Becali! Un \u201dc\u0103lug\u0103r bolnav de 80 de ani\u201d \u0219i......\" \/>\n<meta property=\"og:url\" content=\"https:\/\/www.letsportsrock.com\/?p=62284\" \/>\n<meta property=\"og:site_name\" content=\"letsportsrock\" \/>\n<meta property=\"article:published_time\" content=\"2025-08-30T23:44:34+00:00\" \/>\n<meta property=\"og:image\" content=\"https:\/\/www.letsportsrock.com\/wp-content\/uploads\/2025\/08\/images-2-10.jpeg\" \/>\n\t<meta property=\"og:image:width\" content=\"678\" \/>\n\t<meta property=\"og:image:height\" content=\"452\" \/>\n\t<meta property=\"og:image:type\" content=\"image\/jpeg\" \/>\n<meta name=\"author\" content=\"Orbem Saviour\" \/>\n<meta name=\"twitter:card\" content=\"summary_large_image\" \/>\n<meta name=\"twitter:label1\" content=\"Written by\" \/>\n\t<meta name=\"twitter:data1\" content=\"Orbem Saviour\" \/>\n\t<meta name=\"twitter:label2\" content=\"Est. reading time\" \/>\n\t<meta name=\"twitter:data2\" content=\"2 minutes\" \/>\n<script type=\"application\/ld+json\" class=\"yoast-schema-graph\">{\"@context\":\"https:\\\/\\\/schema.org\",\"@graph\":[{\"@type\":\"Article\",\"@id\":\"https:\\\/\\\/www.letsportsrock.com\\\/?p=62284#article\",\"isPartOf\":{\"@id\":\"https:\\\/\\\/www.letsportsrock.com\\\/?p=62284\"},\"author\":{\"name\":\"Orbem Saviour\",\"@id\":\"https:\\\/\\\/www.letsportsrock.com\\\/#\\\/schema\\\/person\\\/f4a534dcb6a60eaed40b31bfcef0f6b8\"},\"headline\":\"A dezv\u0103luit ce se afl\u0103 pe \u201dimaginile horror ascunse de Pro TV\u201d cu Gigi Becali! Un \u201dc\u0103lug\u0103r bolnav de 80 de ani\u201d \u0219i patronul FCSB, \u00een prim-plan&#8230;&#8230;.\",\"datePublished\":\"2025-08-30T23:44:34+00:00\",\"mainEntityOfPage\":{\"@id\":\"https:\\\/\\\/www.letsportsrock.com\\\/?p=62284\"},\"wordCount\":249,\"commentCount\":0,\"image\":{\"@id\":\"https:\\\/\\\/www.letsportsrock.com\\\/?p=62284#primaryimage\"},\"thumbnailUrl\":\"https:\\\/\\\/www.letsportsrock.com\\\/wp-content\\\/uploads\\\/2025\\\/08\\\/images-2-10.jpeg\",\"keywords\":[\"FCSB\"],\"articleSection\":[\"FCSB\"],\"inLanguage\":\"en-US\",\"potentialAction\":[{\"@type\":\"CommentAction\",\"name\":\"Comment\",\"target\":[\"https:\\\/\\\/www.letsportsrock.com\\\/?p=62284#respond\"]}]},{\"@type\":\"WebPage\",\"@id\":\"https:\\\/\\\/www.letsportsrock.com\\\/?p=62284\",\"url\":\"https:\\\/\\\/www.letsportsrock.com\\\/?p=62284\",\"name\":\"A dezv\u0103luit ce se afl\u0103 pe \u201dimaginile horror ascunse de Pro TV\u201d......\",\"isPartOf\":{\"@id\":\"https:\\\/\\\/www.letsportsrock.com\\\/#website\"},\"primaryImageOfPage\":{\"@id\":\"https:\\\/\\\/www.letsportsrock.com\\\/?p=62284#primaryimage\"},\"image\":{\"@id\":\"https:\\\/\\\/www.letsportsrock.com\\\/?p=62284#primaryimage\"},\"thumbnailUrl\":\"https:\\\/\\\/www.letsportsrock.com\\\/wp-content\\\/uploads\\\/2025\\\/08\\\/images-2-10.jpeg\",\"datePublished\":\"2025-08-30T23:44:34+00:00\",\"author\":{\"@id\":\"https:\\\/\\\/www.letsportsrock.com\\\/#\\\/schema\\\/person\\\/f4a534dcb6a60eaed40b31bfcef0f6b8\"},\"description\":\"A dezv\u0103luit ce se afl\u0103 pe \u201dimaginile horror ascunse de Pro TV\u201d cu Gigi Becali! Un \u201dc\u0103lug\u0103r bolnav de 80 de ani\u201d \u0219i......\",\"breadcrumb\":{\"@id\":\"https:\\\/\\\/www.letsportsrock.com\\\/?p=62284#breadcrumb\"},\"inLanguage\":\"en-US\",\"potentialAction\":[{\"@type\":\"ReadAction\",\"target\":[\"https:\\\/\\\/www.letsportsrock.com\\\/?p=62284\"]}]},{\"@type\":\"ImageObject\",\"inLanguage\":\"en-US\",\"@id\":\"https:\\\/\\\/www.letsportsrock.com\\\/?p=62284#primaryimage\",\"url\":\"https:\\\/\\\/www.letsportsrock.com\\\/wp-content\\\/uploads\\\/2025\\\/08\\\/images-2-10.jpeg\",\"contentUrl\":\"https:\\\/\\\/www.letsportsrock.com\\\/wp-content\\\/uploads\\\/2025\\\/08\\\/images-2-10.jpeg\",\"width\":678,\"height\":452},{\"@type\":\"BreadcrumbList\",\"@id\":\"https:\\\/\\\/www.letsportsrock.com\\\/?p=62284#breadcrumb\",\"itemListElement\":[{\"@type\":\"ListItem\",\"position\":1,\"name\":\"Home\",\"item\":\"https:\\\/\\\/www.letsportsrock.com\\\/\"},{\"@type\":\"ListItem\",\"position\":2,\"name\":\"A dezv\u0103luit ce se afl\u0103 pe \u201dimaginile horror ascunse de Pro TV\u201d cu Gigi Becali! Un \u201dc\u0103lug\u0103r bolnav de 80 de ani\u201d \u0219i patronul FCSB, \u00een prim-plan&#8230;&#8230;.\"}]},{\"@type\":\"WebSite\",\"@id\":\"https:\\\/\\\/www.letsportsrock.com\\\/#website\",\"url\":\"https:\\\/\\\/www.letsportsrock.com\\\/\",\"name\":\"letsportsrock\",\"description\":\"Sport News and Updates\",\"potentialAction\":[{\"@type\":\"SearchAction\",\"target\":{\"@type\":\"EntryPoint\",\"urlTemplate\":\"https:\\\/\\\/www.letsportsrock.com\\\/?s={search_term_string}\"},\"query-input\":{\"@type\":\"PropertyValueSpecification\",\"valueRequired\":true,\"valueName\":\"search_term_string\"}}],\"inLanguage\":\"en-US\"},{\"@type\":\"Person\",\"@id\":\"https:\\\/\\\/www.letsportsrock.com\\\/#\\\/schema\\\/person\\\/f4a534dcb6a60eaed40b31bfcef0f6b8\",\"name\":\"Orbem Saviour\",\"image\":{\"@type\":\"ImageObject\",\"inLanguage\":\"en-US\",\"@id\":\"https:\\\/\\\/secure.gravatar.com\\\/avatar\\\/c2e9c1135ee0d9ea60350ee25415caf4ca365a56af0382637882e8392bdcaedd?s=96&d=mm&r=g\",\"url\":\"https:\\\/\\\/secure.gravatar.com\\\/avatar\\\/c2e9c1135ee0d9ea60350ee25415caf4ca365a56af0382637882e8392bdcaedd?s=96&d=mm&r=g\",\"contentUrl\":\"https:\\\/\\\/secure.gravatar.com\\\/avatar\\\/c2e9c1135ee0d9ea60350ee25415caf4ca365a56af0382637882e8392bdcaedd?s=96&d=mm&r=g\",\"caption\":\"Orbem Saviour\"},\"sameAs\":[\"https:\\\/\\\/www.letsportsrock.com\\\/wp-admin\\\/\"],\"url\":\"https:\\\/\\\/www.letsportsrock.com\\\/?author=17\"}]}<\/script>\n<!-- \/ Yoast SEO plugin. -->","yoast_head_json":{"title":"A dezv\u0103luit ce se afl\u0103 pe \u201dimaginile horror ascunse de Pro TV\u201d......","description":"A dezv\u0103luit ce se afl\u0103 pe \u201dimaginile horror ascunse de Pro TV\u201d cu Gigi Becali! Un \u201dc\u0103lug\u0103r bolnav de 80 de ani\u201d \u0219i......","robots":{"index":"index","follow":"follow","max-snippet":"max-snippet:-1","max-image-preview":"max-image-preview:large","max-video-preview":"max-video-preview:-1"},"canonical":"https:\/\/www.letsportsrock.com\/?p=62284","og_locale":"en_US","og_type":"article","og_title":"A dezv\u0103luit ce se afl\u0103 pe \u201dimaginile horror ascunse de Pro TV\u201d......","og_description":"A dezv\u0103luit ce se afl\u0103 pe \u201dimaginile horror ascunse de Pro TV\u201d cu Gigi Becali! Un \u201dc\u0103lug\u0103r bolnav de 80 de ani\u201d \u0219i......","og_url":"https:\/\/www.letsportsrock.com\/?p=62284","og_site_name":"letsportsrock","article_published_time":"2025-08-30T23:44:34+00:00","og_image":[{"width":678,"height":452,"url":"https:\/\/www.letsportsrock.com\/wp-content\/uploads\/2025\/08\/images-2-10.jpeg","type":"image\/jpeg"}],"author":"Orbem Saviour","twitter_card":"summary_large_image","twitter_misc":{"Written by":"Orbem Saviour","Est. reading time":"2 minutes"},"schema":{"@context":"https:\/\/schema.org","@graph":[{"@type":"Article","@id":"https:\/\/www.letsportsrock.com\/?p=62284#article","isPartOf":{"@id":"https:\/\/www.letsportsrock.com\/?p=62284"},"author":{"name":"Orbem Saviour","@id":"https:\/\/www.letsportsrock.com\/#\/schema\/person\/f4a534dcb6a60eaed40b31bfcef0f6b8"},"headline":"A dezv\u0103luit ce se afl\u0103 pe \u201dimaginile horror ascunse de Pro TV\u201d cu Gigi Becali! Un \u201dc\u0103lug\u0103r bolnav de 80 de ani\u201d \u0219i patronul FCSB, \u00een prim-plan&#8230;&#8230;.","datePublished":"2025-08-30T23:44:34+00:00","mainEntityOfPage":{"@id":"https:\/\/www.letsportsrock.com\/?p=62284"},"wordCount":249,"commentCount":0,"image":{"@id":"https:\/\/www.letsportsrock.com\/?p=62284#primaryimage"},"thumbnailUrl":"https:\/\/www.letsportsrock.com\/wp-content\/uploads\/2025\/08\/images-2-10.jpeg","keywords":["FCSB"],"articleSection":["FCSB"],"inLanguage":"en-US","potentialAction":[{"@type":"CommentAction","name":"Comment","target":["https:\/\/www.letsportsrock.com\/?p=62284#respond"]}]},{"@type":"WebPage","@id":"https:\/\/www.letsportsrock.com\/?p=62284","url":"https:\/\/www.letsportsrock.com\/?p=62284","name":"A dezv\u0103luit ce se afl\u0103 pe \u201dimaginile horror ascunse de Pro TV\u201d......","isPartOf":{"@id":"https:\/\/www.letsportsrock.com\/#website"},"primaryImageOfPage":{"@id":"https:\/\/www.letsportsrock.com\/?p=62284#primaryimage"},"image":{"@id":"https:\/\/www.letsportsrock.com\/?p=62284#primaryimage"},"thumbnailUrl":"https:\/\/www.letsportsrock.com\/wp-content\/uploads\/2025\/08\/images-2-10.jpeg","datePublished":"2025-08-30T23:44:34+00:00","author":{"@id":"https:\/\/www.letsportsrock.com\/#\/schema\/person\/f4a534dcb6a60eaed40b31bfcef0f6b8"},"description":"A dezv\u0103luit ce se afl\u0103 pe \u201dimaginile horror ascunse de Pro TV\u201d cu Gigi Becali! Un \u201dc\u0103lug\u0103r bolnav de 80 de ani\u201d \u0219i......","breadcrumb":{"@id":"https:\/\/www.letsportsrock.com\/?p=62284#breadcrumb"},"inLanguage":"en-US","potentialAction":[{"@type":"ReadAction","target":["https:\/\/www.letsportsrock.com\/?p=62284"]}]},{"@type":"ImageObject","inLanguage":"en-US","@id":"https:\/\/www.letsportsrock.com\/?p=62284#primaryimage","url":"https:\/\/www.letsportsrock.com\/wp-content\/uploads\/2025\/08\/images-2-10.jpeg","contentUrl":"https:\/\/www.letsportsrock.com\/wp-content\/uploads\/2025\/08\/images-2-10.jpeg","width":678,"height":452},{"@type":"BreadcrumbList","@id":"https:\/\/www.letsportsrock.com\/?p=62284#breadcrumb","itemListElement":[{"@type":"ListItem","position":1,"name":"Home","item":"https:\/\/www.letsportsrock.com\/"},{"@type":"ListItem","position":2,"name":"A dezv\u0103luit ce se afl\u0103 pe \u201dimaginile horror ascunse de Pro TV\u201d cu Gigi Becali! Un \u201dc\u0103lug\u0103r bolnav de 80 de ani\u201d \u0219i patronul FCSB, \u00een prim-plan&#8230;&#8230;."}]},{"@type":"WebSite","@id":"https:\/\/www.letsportsrock.com\/#website","url":"https:\/\/www.letsportsrock.com\/","name":"letsportsrock","description":"Sport News and Updates","potentialAction":[{"@type":"SearchAction","target":{"@type":"EntryPoint","urlTemplate":"https:\/\/www.letsportsrock.com\/?s={search_term_string}"},"query-input":{"@type":"PropertyValueSpecification","valueRequired":true,"valueName":"search_term_string"}}],"inLanguage":"en-US"},{"@type":"Person","@id":"https:\/\/www.letsportsrock.com\/#\/schema\/person\/f4a534dcb6a60eaed40b31bfcef0f6b8","name":"Orbem Saviour","image":{"@type":"ImageObject","inLanguage":"en-US","@id":"https:\/\/secure.gravatar.com\/avatar\/c2e9c1135ee0d9ea60350ee25415caf4ca365a56af0382637882e8392bdcaedd?s=96&d=mm&r=g","url":"https:\/\/secure.gravatar.com\/avatar\/c2e9c1135ee0d9ea60350ee25415caf4ca365a56af0382637882e8392bdcaedd?s=96&d=mm&r=g","contentUrl":"https:\/\/secure.gravatar.com\/avatar\/c2e9c1135ee0d9ea60350ee25415caf4ca365a56af0382637882e8392bdcaedd?s=96&d=mm&r=g","caption":"Orbem Saviour"},"sameAs":["https:\/\/www.letsportsrock.com\/wp-admin\/"],"url":"https:\/\/www.letsportsrock.com\/?author=17"}]}},"jetpack_featured_media_url":"https:\/\/www.letsportsrock.com\/wp-content\/uploads\/2025\/08\/images-2-10.jpeg","jetpack_sharing_enabled":true,"_links":{"self":[{"href":"https:\/\/www.letsportsrock.com\/index.php?rest_route=\/wp\/v2\/posts\/62284","targetHints":{"allow":["GET"]}}],"collection":[{"href":"https:\/\/www.letsportsrock.com\/index.php?rest_route=\/wp\/v2\/posts"}],"about":[{"href":"https:\/\/www.letsportsrock.com\/index.php?rest_route=\/wp\/v2\/types\/post"}],"author":[{"embeddable":true,"href":"https:\/\/www.letsportsrock.com\/index.php?rest_route=\/wp\/v2\/users\/17"}],"replies":[{"embeddable":true,"href":"https:\/\/www.letsportsrock.com\/index.php?rest_route=%2Fwp%2Fv2%2Fcomments&post=62284"}],"version-history":[{"count":1,"href":"https:\/\/www.letsportsrock.com\/index.php?rest_route=\/wp\/v2\/posts\/62284\/revisions"}],"predecessor-version":[{"id":62287,"href":"https:\/\/www.letsportsrock.com\/index.php?rest_route=\/wp\/v2\/posts\/62284\/revisions\/62287"}],"wp:featuredmedia":[{"embeddable":true,"href":"https:\/\/www.letsportsrock.com\/index.php?rest_route=\/wp\/v2\/media\/62286"}],"wp:attachment":[{"href":"https:\/\/www.letsportsrock.com\/index.php?rest_route=%2Fwp%2Fv2%2Fmedia&parent=62284"}],"wp:term":[{"taxonomy":"category","embeddable":true,"href":"https:\/\/www.letsportsrock.com\/index.php?rest_route=%2Fwp%2Fv2%2Fcategories&post=62284"},{"taxonomy":"post_tag","embeddable":true,"href":"https:\/\/www.letsportsrock.com\/index.php?rest_route=%2Fwp%2Fv2%2Ftags&post=62284"}],"curies":[{"name":"wp","href":"https:\/\/api.w.org\/{rel}","templated":true}]}}