{"id":62288,"date":"2025-08-30T23:50:32","date_gmt":"2025-08-30T23:50:32","guid":{"rendered":"https:\/\/www.letsportsrock.com\/?p=62288"},"modified":"2025-08-30T23:50:32","modified_gmt":"2025-08-30T23:50:32","slug":"andrea-mandorlini-l-a-luat-tare-pe-gigi-becali-inainte-de-cfr-cluj-fcsb-as-vrea-sa-il-intreb-de-unde-isi-achizitioneaza-tinutele","status":"publish","type":"post","link":"https:\/\/www.letsportsrock.com\/?p=62288","title":{"rendered":"Andrea Mandorlini l-a luat tare pe Gigi Becali \u00eenainte de CFR Cluj \u2013 FCSB: \u201eA\u0219 vrea s\u0103 \u00eel \u00eentreb de unde \u00ee\u0219i achizi\u021bioneaz\u0103 \u021binutele\u201d&#8230;&#8230;"},"content":{"rendered":"<div class=\"d79db4796efc26332eabfc3f5dafbc76\" data-index=\"1\" style=\"float: none; margin:10px 0 10px 0; text-align:center;\">\n<div class=\"hb-ad-inarticle\">\r\n    <div class=\"hb-ad-inner\"> \r\n    <div class=\"hbagency_cls\"  id=\"hbagency_space_111930\"><\/div><\/div> <\/div>\n<\/div>\n<p>Antrenorul celor de la CFR Cluj, Andrea Mandorlini, a ie\u0219it la ramp\u0103 cu o declara\u021bie nea\u0219teptat\u0103 \u00eenaintea derby-ului cu FCSB, arunc\u00e2nd o \u201es\u0103geat\u0103\u201d direct c\u0103tre Gigi Becali.<\/p>\n<p>&nbsp;<\/p>\n<p>Tehnicianul italian, cunoscut pentru stilul s\u0103u direct \u0219i uneori ironic, a f\u0103cut o remarc\u0103 surprinz\u0103toare legat\u0103 de patronul ro\u0219-alba\u0219trilor:<\/p>\n<p><img loading=\"lazy\" decoding=\"async\" class=\"alignnone size-medium wp-image-62289\" src=\"https:\/\/www.letsportsrock.com\/wp-content\/uploads\/2025\/08\/images-5-9-300x168.jpeg\" alt=\"\" width=\"300\" height=\"168\" srcset=\"https:\/\/www.letsportsrock.com\/wp-content\/uploads\/2025\/08\/images-5-9-300x168.jpeg 300w, https:\/\/www.letsportsrock.com\/wp-content\/uploads\/2025\/08\/images-5-9.jpeg 739w\" sizes=\"auto, (max-width: 300px) 100vw, 300px\" \/><\/p>\n<p>\u201eA\u0219 vrea s\u0103 \u00eel \u00eentreb de unde \u00ee\u0219i achizi\u021bioneaz\u0103 \u021binutele\u201d, a spus Mandorlini, st\u00e2rnind reac\u021bii \u00een r\u00e2ndul jurnali\u0219tilor.<\/p>\n<p>&nbsp;<\/p>\n<p>Declara\u021bia sa a fost interpretat\u0103 ca o ironie fin\u0103 la adresa lui Becali, recunoscut pentru apari\u021biile sale excentrice \u0219i costumele mereu ie\u0219ite din tipare.<\/p>\n<p>&nbsp;<\/p>\n<p>Duelul dintre CFR Cluj \u0219i FCSB nu se anun\u021b\u0103 tensionat doar pe teren, ci \u0219i \u00een afara lui, acolo unde orgoliile conduc\u0103torilor \u0219i ale antrenorilor joac\u0103 un rol important.<\/p>\n<p>&nbsp;<\/p>\n<p>\u00cen timp ce Becali obi\u0219nuie\u0219te s\u0103 pun\u0103 presiune pe adversari prin declara\u021bii, Mandorlini a ales o cale mai subtil\u0103, dar plin\u0103 de umor.<\/p>\n<p>&nbsp;<\/p>\n<p>Confruntarea promite spectacol at\u00e2t prin fotbalul practicat, c\u00e2t \u0219i prin atmosfera creat\u0103 de duelul declara\u021biilor dintre cei doi.<\/p>\n\n<div style=\"font-size: 0px; height: 0px; line-height: 0px; margin: 0; padding: 0; clear: both;\"><\/div>","protected":false},"excerpt":{"rendered":"<p>Antrenorul celor de la CFR Cluj, Andrea Mandorlini, a ie\u0219it la ramp\u0103 cu o declara\u021bie nea\u0219teptat\u0103 \u00eenaintea derby-ului cu FCSB, arunc\u00e2nd o \u201es\u0103geat\u0103\u201d direct c\u0103tre Gigi Becali. &nbsp; Tehnicianul italian, cunoscut pentru stilul s\u0103u direct \u0219i uneori ironic, a f\u0103cut o remarc\u0103 surprinz\u0103toare legat\u0103 de patronul ro\u0219-alba\u0219trilor: \u201eA\u0219 vrea s\u0103 \u00eel \u00eentreb de unde \u00ee\u0219i [&hellip;]<\/p>\n","protected":false},"author":17,"featured_media":62290,"comment_status":"open","ping_status":"open","sticky":false,"template":"","format":"standard","meta":{"_jetpack_memberships_contains_paid_content":false,"footnotes":""},"categories":[276],"tags":[264],"class_list":["post-62288","post","type-post","status-publish","format-standard","has-post-thumbnail","hentry","category-fcsb","tag-fcsb"],"yoast_head":"<!-- This site is optimized with the Yoast SEO plugin v27.4 - https:\/\/yoast.com\/product\/yoast-seo-wordpress\/ -->\n<title>Andrea Mandorlini l-a luat tare pe Gigi Becali \u00eenainte de CFR Cluj......<\/title>\n<meta name=\"description\" content=\"Andrea Mandorlini l-a luat tare pe Gigi Becali \u00eenainte de CFR Cluj \u2013 FCSB: \u201eA\u0219 vrea s\u0103 \u00eel \u00eentreb de unde \u00ee\u0219i achizi\u021bioneaz\u0103 \u021binutele\u201d......\" \/>\n<meta name=\"robots\" content=\"index, follow, max-snippet:-1, max-image-preview:large, max-video-preview:-1\" \/>\n<link rel=\"canonical\" href=\"https:\/\/www.letsportsrock.com\/?p=62288\" \/>\n<meta property=\"og:locale\" content=\"en_US\" \/>\n<meta property=\"og:type\" content=\"article\" \/>\n<meta property=\"og:title\" content=\"Andrea Mandorlini l-a luat tare pe Gigi Becali \u00eenainte de CFR Cluj......\" \/>\n<meta property=\"og:description\" content=\"Andrea Mandorlini l-a luat tare pe Gigi Becali \u00eenainte de CFR Cluj \u2013 FCSB: \u201eA\u0219 vrea s\u0103 \u00eel \u00eentreb de unde \u00ee\u0219i achizi\u021bioneaz\u0103 \u021binutele\u201d......\" \/>\n<meta property=\"og:url\" content=\"https:\/\/www.letsportsrock.com\/?p=62288\" \/>\n<meta property=\"og:site_name\" content=\"letsportsrock\" \/>\n<meta property=\"article:published_time\" content=\"2025-08-30T23:50:32+00:00\" \/>\n<meta property=\"og:image\" content=\"https:\/\/www.letsportsrock.com\/wp-content\/uploads\/2025\/08\/images-4-9.jpeg\" \/>\n\t<meta property=\"og:image:width\" content=\"738\" \/>\n\t<meta property=\"og:image:height\" content=\"415\" \/>\n\t<meta property=\"og:image:type\" content=\"image\/jpeg\" \/>\n<meta name=\"author\" content=\"Orbem Saviour\" \/>\n<meta name=\"twitter:card\" content=\"summary_large_image\" \/>\n<meta name=\"twitter:label1\" content=\"Written by\" \/>\n\t<meta name=\"twitter:data1\" content=\"Orbem Saviour\" \/>\n\t<meta name=\"twitter:label2\" content=\"Est. reading time\" \/>\n\t<meta name=\"twitter:data2\" content=\"2 minutes\" \/>\n<script type=\"application\/ld+json\" class=\"yoast-schema-graph\">{\"@context\":\"https:\\\/\\\/schema.org\",\"@graph\":[{\"@type\":\"Article\",\"@id\":\"https:\\\/\\\/www.letsportsrock.com\\\/?p=62288#article\",\"isPartOf\":{\"@id\":\"https:\\\/\\\/www.letsportsrock.com\\\/?p=62288\"},\"author\":{\"name\":\"Orbem Saviour\",\"@id\":\"https:\\\/\\\/www.letsportsrock.com\\\/#\\\/schema\\\/person\\\/f4a534dcb6a60eaed40b31bfcef0f6b8\"},\"headline\":\"Andrea Mandorlini l-a luat tare pe Gigi Becali \u00eenainte de CFR Cluj \u2013 FCSB: \u201eA\u0219 vrea s\u0103 \u00eel \u00eentreb de unde \u00ee\u0219i achizi\u021bioneaz\u0103 \u021binutele\u201d&#8230;&#8230;\",\"datePublished\":\"2025-08-30T23:50:32+00:00\",\"mainEntityOfPage\":{\"@id\":\"https:\\\/\\\/www.letsportsrock.com\\\/?p=62288\"},\"wordCount\":213,\"commentCount\":0,\"image\":{\"@id\":\"https:\\\/\\\/www.letsportsrock.com\\\/?p=62288#primaryimage\"},\"thumbnailUrl\":\"https:\\\/\\\/www.letsportsrock.com\\\/wp-content\\\/uploads\\\/2025\\\/08\\\/images-4-9.jpeg\",\"keywords\":[\"FCSB\"],\"articleSection\":[\"FCSB\"],\"inLanguage\":\"en-US\",\"potentialAction\":[{\"@type\":\"CommentAction\",\"name\":\"Comment\",\"target\":[\"https:\\\/\\\/www.letsportsrock.com\\\/?p=62288#respond\"]}]},{\"@type\":\"WebPage\",\"@id\":\"https:\\\/\\\/www.letsportsrock.com\\\/?p=62288\",\"url\":\"https:\\\/\\\/www.letsportsrock.com\\\/?p=62288\",\"name\":\"Andrea Mandorlini l-a luat tare pe Gigi Becali \u00eenainte de CFR Cluj......\",\"isPartOf\":{\"@id\":\"https:\\\/\\\/www.letsportsrock.com\\\/#website\"},\"primaryImageOfPage\":{\"@id\":\"https:\\\/\\\/www.letsportsrock.com\\\/?p=62288#primaryimage\"},\"image\":{\"@id\":\"https:\\\/\\\/www.letsportsrock.com\\\/?p=62288#primaryimage\"},\"thumbnailUrl\":\"https:\\\/\\\/www.letsportsrock.com\\\/wp-content\\\/uploads\\\/2025\\\/08\\\/images-4-9.jpeg\",\"datePublished\":\"2025-08-30T23:50:32+00:00\",\"author\":{\"@id\":\"https:\\\/\\\/www.letsportsrock.com\\\/#\\\/schema\\\/person\\\/f4a534dcb6a60eaed40b31bfcef0f6b8\"},\"description\":\"Andrea Mandorlini l-a luat tare pe Gigi Becali \u00eenainte de CFR Cluj \u2013 FCSB: \u201eA\u0219 vrea s\u0103 \u00eel \u00eentreb de unde \u00ee\u0219i achizi\u021bioneaz\u0103 \u021binutele\u201d......\",\"breadcrumb\":{\"@id\":\"https:\\\/\\\/www.letsportsrock.com\\\/?p=62288#breadcrumb\"},\"inLanguage\":\"en-US\",\"potentialAction\":[{\"@type\":\"ReadAction\",\"target\":[\"https:\\\/\\\/www.letsportsrock.com\\\/?p=62288\"]}]},{\"@type\":\"ImageObject\",\"inLanguage\":\"en-US\",\"@id\":\"https:\\\/\\\/www.letsportsrock.com\\\/?p=62288#primaryimage\",\"url\":\"https:\\\/\\\/www.letsportsrock.com\\\/wp-content\\\/uploads\\\/2025\\\/08\\\/images-4-9.jpeg\",\"contentUrl\":\"https:\\\/\\\/www.letsportsrock.com\\\/wp-content\\\/uploads\\\/2025\\\/08\\\/images-4-9.jpeg\",\"width\":738,\"height\":415},{\"@type\":\"BreadcrumbList\",\"@id\":\"https:\\\/\\\/www.letsportsrock.com\\\/?p=62288#breadcrumb\",\"itemListElement\":[{\"@type\":\"ListItem\",\"position\":1,\"name\":\"Home\",\"item\":\"https:\\\/\\\/www.letsportsrock.com\\\/\"},{\"@type\":\"ListItem\",\"position\":2,\"name\":\"Andrea Mandorlini l-a luat tare pe Gigi Becali \u00eenainte de CFR Cluj \u2013 FCSB: \u201eA\u0219 vrea s\u0103 \u00eel \u00eentreb de unde \u00ee\u0219i achizi\u021bioneaz\u0103 \u021binutele\u201d&#8230;&#8230;\"}]},{\"@type\":\"WebSite\",\"@id\":\"https:\\\/\\\/www.letsportsrock.com\\\/#website\",\"url\":\"https:\\\/\\\/www.letsportsrock.com\\\/\",\"name\":\"letsportsrock\",\"description\":\"Sport News and Updates\",\"potentialAction\":[{\"@type\":\"SearchAction\",\"target\":{\"@type\":\"EntryPoint\",\"urlTemplate\":\"https:\\\/\\\/www.letsportsrock.com\\\/?s={search_term_string}\"},\"query-input\":{\"@type\":\"PropertyValueSpecification\",\"valueRequired\":true,\"valueName\":\"search_term_string\"}}],\"inLanguage\":\"en-US\"},{\"@type\":\"Person\",\"@id\":\"https:\\\/\\\/www.letsportsrock.com\\\/#\\\/schema\\\/person\\\/f4a534dcb6a60eaed40b31bfcef0f6b8\",\"name\":\"Orbem Saviour\",\"image\":{\"@type\":\"ImageObject\",\"inLanguage\":\"en-US\",\"@id\":\"https:\\\/\\\/secure.gravatar.com\\\/avatar\\\/c2e9c1135ee0d9ea60350ee25415caf4ca365a56af0382637882e8392bdcaedd?s=96&d=mm&r=g\",\"url\":\"https:\\\/\\\/secure.gravatar.com\\\/avatar\\\/c2e9c1135ee0d9ea60350ee25415caf4ca365a56af0382637882e8392bdcaedd?s=96&d=mm&r=g\",\"contentUrl\":\"https:\\\/\\\/secure.gravatar.com\\\/avatar\\\/c2e9c1135ee0d9ea60350ee25415caf4ca365a56af0382637882e8392bdcaedd?s=96&d=mm&r=g\",\"caption\":\"Orbem Saviour\"},\"sameAs\":[\"https:\\\/\\\/www.letsportsrock.com\\\/wp-admin\\\/\"],\"url\":\"https:\\\/\\\/www.letsportsrock.com\\\/?author=17\"}]}<\/script>\n<!-- \/ Yoast SEO plugin. -->","yoast_head_json":{"title":"Andrea Mandorlini l-a luat tare pe Gigi Becali \u00eenainte de CFR Cluj......","description":"Andrea Mandorlini l-a luat tare pe Gigi Becali \u00eenainte de CFR Cluj \u2013 FCSB: \u201eA\u0219 vrea s\u0103 \u00eel \u00eentreb de unde \u00ee\u0219i achizi\u021bioneaz\u0103 \u021binutele\u201d......","robots":{"index":"index","follow":"follow","max-snippet":"max-snippet:-1","max-image-preview":"max-image-preview:large","max-video-preview":"max-video-preview:-1"},"canonical":"https:\/\/www.letsportsrock.com\/?p=62288","og_locale":"en_US","og_type":"article","og_title":"Andrea Mandorlini l-a luat tare pe Gigi Becali \u00eenainte de CFR Cluj......","og_description":"Andrea Mandorlini l-a luat tare pe Gigi Becali \u00eenainte de CFR Cluj \u2013 FCSB: \u201eA\u0219 vrea s\u0103 \u00eel \u00eentreb de unde \u00ee\u0219i achizi\u021bioneaz\u0103 \u021binutele\u201d......","og_url":"https:\/\/www.letsportsrock.com\/?p=62288","og_site_name":"letsportsrock","article_published_time":"2025-08-30T23:50:32+00:00","og_image":[{"width":738,"height":415,"url":"https:\/\/www.letsportsrock.com\/wp-content\/uploads\/2025\/08\/images-4-9.jpeg","type":"image\/jpeg"}],"author":"Orbem Saviour","twitter_card":"summary_large_image","twitter_misc":{"Written by":"Orbem Saviour","Est. reading time":"2 minutes"},"schema":{"@context":"https:\/\/schema.org","@graph":[{"@type":"Article","@id":"https:\/\/www.letsportsrock.com\/?p=62288#article","isPartOf":{"@id":"https:\/\/www.letsportsrock.com\/?p=62288"},"author":{"name":"Orbem Saviour","@id":"https:\/\/www.letsportsrock.com\/#\/schema\/person\/f4a534dcb6a60eaed40b31bfcef0f6b8"},"headline":"Andrea Mandorlini l-a luat tare pe Gigi Becali \u00eenainte de CFR Cluj \u2013 FCSB: \u201eA\u0219 vrea s\u0103 \u00eel \u00eentreb de unde \u00ee\u0219i achizi\u021bioneaz\u0103 \u021binutele\u201d&#8230;&#8230;","datePublished":"2025-08-30T23:50:32+00:00","mainEntityOfPage":{"@id":"https:\/\/www.letsportsrock.com\/?p=62288"},"wordCount":213,"commentCount":0,"image":{"@id":"https:\/\/www.letsportsrock.com\/?p=62288#primaryimage"},"thumbnailUrl":"https:\/\/www.letsportsrock.com\/wp-content\/uploads\/2025\/08\/images-4-9.jpeg","keywords":["FCSB"],"articleSection":["FCSB"],"inLanguage":"en-US","potentialAction":[{"@type":"CommentAction","name":"Comment","target":["https:\/\/www.letsportsrock.com\/?p=62288#respond"]}]},{"@type":"WebPage","@id":"https:\/\/www.letsportsrock.com\/?p=62288","url":"https:\/\/www.letsportsrock.com\/?p=62288","name":"Andrea Mandorlini l-a luat tare pe Gigi Becali \u00eenainte de CFR Cluj......","isPartOf":{"@id":"https:\/\/www.letsportsrock.com\/#website"},"primaryImageOfPage":{"@id":"https:\/\/www.letsportsrock.com\/?p=62288#primaryimage"},"image":{"@id":"https:\/\/www.letsportsrock.com\/?p=62288#primaryimage"},"thumbnailUrl":"https:\/\/www.letsportsrock.com\/wp-content\/uploads\/2025\/08\/images-4-9.jpeg","datePublished":"2025-08-30T23:50:32+00:00","author":{"@id":"https:\/\/www.letsportsrock.com\/#\/schema\/person\/f4a534dcb6a60eaed40b31bfcef0f6b8"},"description":"Andrea Mandorlini l-a luat tare pe Gigi Becali \u00eenainte de CFR Cluj \u2013 FCSB: \u201eA\u0219 vrea s\u0103 \u00eel \u00eentreb de unde \u00ee\u0219i achizi\u021bioneaz\u0103 \u021binutele\u201d......","breadcrumb":{"@id":"https:\/\/www.letsportsrock.com\/?p=62288#breadcrumb"},"inLanguage":"en-US","potentialAction":[{"@type":"ReadAction","target":["https:\/\/www.letsportsrock.com\/?p=62288"]}]},{"@type":"ImageObject","inLanguage":"en-US","@id":"https:\/\/www.letsportsrock.com\/?p=62288#primaryimage","url":"https:\/\/www.letsportsrock.com\/wp-content\/uploads\/2025\/08\/images-4-9.jpeg","contentUrl":"https:\/\/www.letsportsrock.com\/wp-content\/uploads\/2025\/08\/images-4-9.jpeg","width":738,"height":415},{"@type":"BreadcrumbList","@id":"https:\/\/www.letsportsrock.com\/?p=62288#breadcrumb","itemListElement":[{"@type":"ListItem","position":1,"name":"Home","item":"https:\/\/www.letsportsrock.com\/"},{"@type":"ListItem","position":2,"name":"Andrea Mandorlini l-a luat tare pe Gigi Becali \u00eenainte de CFR Cluj \u2013 FCSB: \u201eA\u0219 vrea s\u0103 \u00eel \u00eentreb de unde \u00ee\u0219i achizi\u021bioneaz\u0103 \u021binutele\u201d&#8230;&#8230;"}]},{"@type":"WebSite","@id":"https:\/\/www.letsportsrock.com\/#website","url":"https:\/\/www.letsportsrock.com\/","name":"letsportsrock","description":"Sport News and Updates","potentialAction":[{"@type":"SearchAction","target":{"@type":"EntryPoint","urlTemplate":"https:\/\/www.letsportsrock.com\/?s={search_term_string}"},"query-input":{"@type":"PropertyValueSpecification","valueRequired":true,"valueName":"search_term_string"}}],"inLanguage":"en-US"},{"@type":"Person","@id":"https:\/\/www.letsportsrock.com\/#\/schema\/person\/f4a534dcb6a60eaed40b31bfcef0f6b8","name":"Orbem Saviour","image":{"@type":"ImageObject","inLanguage":"en-US","@id":"https:\/\/secure.gravatar.com\/avatar\/c2e9c1135ee0d9ea60350ee25415caf4ca365a56af0382637882e8392bdcaedd?s=96&d=mm&r=g","url":"https:\/\/secure.gravatar.com\/avatar\/c2e9c1135ee0d9ea60350ee25415caf4ca365a56af0382637882e8392bdcaedd?s=96&d=mm&r=g","contentUrl":"https:\/\/secure.gravatar.com\/avatar\/c2e9c1135ee0d9ea60350ee25415caf4ca365a56af0382637882e8392bdcaedd?s=96&d=mm&r=g","caption":"Orbem Saviour"},"sameAs":["https:\/\/www.letsportsrock.com\/wp-admin\/"],"url":"https:\/\/www.letsportsrock.com\/?author=17"}]}},"jetpack_featured_media_url":"https:\/\/www.letsportsrock.com\/wp-content\/uploads\/2025\/08\/images-4-9.jpeg","jetpack_sharing_enabled":true,"_links":{"self":[{"href":"https:\/\/www.letsportsrock.com\/index.php?rest_route=\/wp\/v2\/posts\/62288","targetHints":{"allow":["GET"]}}],"collection":[{"href":"https:\/\/www.letsportsrock.com\/index.php?rest_route=\/wp\/v2\/posts"}],"about":[{"href":"https:\/\/www.letsportsrock.com\/index.php?rest_route=\/wp\/v2\/types\/post"}],"author":[{"embeddable":true,"href":"https:\/\/www.letsportsrock.com\/index.php?rest_route=\/wp\/v2\/users\/17"}],"replies":[{"embeddable":true,"href":"https:\/\/www.letsportsrock.com\/index.php?rest_route=%2Fwp%2Fv2%2Fcomments&post=62288"}],"version-history":[{"count":1,"href":"https:\/\/www.letsportsrock.com\/index.php?rest_route=\/wp\/v2\/posts\/62288\/revisions"}],"predecessor-version":[{"id":62291,"href":"https:\/\/www.letsportsrock.com\/index.php?rest_route=\/wp\/v2\/posts\/62288\/revisions\/62291"}],"wp:featuredmedia":[{"embeddable":true,"href":"https:\/\/www.letsportsrock.com\/index.php?rest_route=\/wp\/v2\/media\/62290"}],"wp:attachment":[{"href":"https:\/\/www.letsportsrock.com\/index.php?rest_route=%2Fwp%2Fv2%2Fmedia&parent=62288"}],"wp:term":[{"taxonomy":"category","embeddable":true,"href":"https:\/\/www.letsportsrock.com\/index.php?rest_route=%2Fwp%2Fv2%2Fcategories&post=62288"},{"taxonomy":"post_tag","embeddable":true,"href":"https:\/\/www.letsportsrock.com\/index.php?rest_route=%2Fwp%2Fv2%2Ftags&post=62288"}],"curies":[{"name":"wp","href":"https:\/\/api.w.org\/{rel}","templated":true}]}}