{"id":62608,"date":"2025-09-07T08:42:15","date_gmt":"2025-09-07T08:42:15","guid":{"rendered":"https:\/\/www.letsportsrock.com\/?p=62608"},"modified":"2025-09-07T08:42:15","modified_gmt":"2025-09-07T08:42:15","slug":"surpriza-la-dinamo-fundasul-comparat-de-ogararu-cu-matthijs-de-ligt-a-semnat-cu-cainii","status":"publish","type":"post","link":"https:\/\/www.letsportsrock.com\/?p=62608","title":{"rendered":"surpriz\u0103 la Dinamo Funda\u0219ul comparat de Og\u0103raru cu Matthijs de Ligt a semnat cu \u201ec\u00e2inii\u201d&#8230;."},"content":{"rendered":"<div class=\"d79db4796efc26332eabfc3f5dafbc76\" data-index=\"1\" style=\"float: none; margin:10px 0 10px 0; text-align:center;\">\n<div class=\"hb-ad-inarticle\">\r\n    <div class=\"hb-ad-inner\"> \r\n    <div class=\"hbagency_cls\"  id=\"hbagency_space_111930\"><\/div><\/div> <\/div>\n<\/div>\n<p>surpriz\u0103 la Dinamo Funda\u0219ul comparat de Og\u0103raru cu Matthijs de Ligt a semnat cu \u201ec\u00e2inii\u201d&#8230;.<\/p>\n<p>&nbsp;<\/p>\n<p>Semn\u0103tur\u0103 surpriz\u0103 la Dinamo:<\/p>\n<p>Dinamo a asigurat serviciile lui Matei Marin &#8211; un funda\u0219 central \u00een v\u00e2rst\u0103 de 18 ani, comparat cu Matthijs deLigt de George Og\u0103raru, care l-a l\u0103udat ca fiind \u201eun tanc, cu o constitu\u021bie similar\u0103 cu DeLigt\u201d \u0219i posed\u00e2nd un profil fizic extraordinar chiar \u0219i la doar 16 ani.<\/p>\n<p>&nbsp;<\/p>\n<p>Og\u0103raru, fost juc\u0103tor la CSASteaua, \u00eel descria anterior pe Marin ca fiind \u201eo perl\u0103\u201d cu for\u021b\u0103 exploziv\u0103, vitez\u0103 \u0219i tehnic\u0103 &#8211; calit\u0103\u021bi pe care le-a comparat cu cele pe care le-a observat \u00een Olanda \u00een timpul mandatului s\u0103u acolo.<\/p>\n<p><img loading=\"lazy\" decoding=\"async\" class=\"alignnone size-medium wp-image-62609\" src=\"https:\/\/www.letsportsrock.com\/wp-content\/uploads\/2025\/09\/matei-marin-266x300.webp\" alt=\"\" width=\"266\" height=\"300\" srcset=\"https:\/\/www.letsportsrock.com\/wp-content\/uploads\/2025\/09\/matei-marin-266x300.webp 266w, https:\/\/www.letsportsrock.com\/wp-content\/uploads\/2025\/09\/matei-marin.webp 500w\" sizes=\"auto, (max-width: 266px) 100vw, 266px\" \/><\/p>\n<p>C\u0103l\u0103toria lui Marin nu a fost u\u0219oar\u0103: s-a \u00eentors \u00een joc abia la \u00eenceputul acestui an, dup\u0103 aproape un an de pauz\u0103 din cauza unei accident\u0103ri grave la ligamentele genunchiului. \u00cen ciuda acestui fapt, a impresionat suficient de mult \u00eenc\u00e2t a fost convocat \u00een lotul Rom\u00e2niei U19 pentru Campionatul European.<\/p>\n<p>&nbsp;<\/p>\n<p>Acest transfer marcheaz\u0103 o mi\u0219care interesant\u0103 din partea lui Dinamo, introduc\u00e2nd un t\u00e2n\u0103r talent extrem de promi\u021b\u0103tor, cu tr\u0103s\u0103turi fizice \u0219i poten\u021bial de elit\u0103 &#8211; unul pe care scouterii \u0219i antrenorii l-au comparat cu \u00eendr\u0103zneal\u0103 cu un funda\u0219 de talie mondial\u0103, DeLigt. Toate privirile vor fi acum a\u021bintite asupra c\u00e2t de repede se poate adapta Marin \u0219i \u00eendeplini aceste a\u0219tept\u0103ri \u00eenalte.<\/p>\n\n<div style=\"font-size: 0px; height: 0px; line-height: 0px; margin: 0; padding: 0; clear: both;\"><\/div>","protected":false},"excerpt":{"rendered":"<p>surpriz\u0103 la Dinamo Funda\u0219ul comparat de Og\u0103raru cu Matthijs de Ligt a semnat cu \u201ec\u00e2inii\u201d&#8230;. &nbsp; Semn\u0103tur\u0103 surpriz\u0103 la Dinamo: Dinamo a asigurat serviciile lui Matei Marin &#8211; un funda\u0219 central \u00een v\u00e2rst\u0103 de 18 ani, comparat cu Matthijs deLigt de George Og\u0103raru, care l-a l\u0103udat ca fiind \u201eun tanc, cu o constitu\u021bie similar\u0103 cu [&hellip;]<\/p>\n","protected":false},"author":19,"featured_media":62609,"comment_status":"open","ping_status":"open","sticky":false,"template":"","format":"standard","meta":{"_jetpack_memberships_contains_paid_content":false,"footnotes":""},"categories":[276],"tags":[746],"class_list":["post-62608","post","type-post","status-publish","format-standard","has-post-thumbnail","hentry","category-fcsb","tag-fcsb-dinamo"],"yoast_head":"<!-- This site is optimized with the Yoast SEO plugin v27.4 - https:\/\/yoast.com\/product\/yoast-seo-wordpress\/ -->\n<title>surpriz\u0103 la Dinamo Funda\u0219ul comparat de Og\u0103raru cu Matthijs de Ligt a semnat cu \u201ec\u00e2inii\u201d....<\/title>\n<meta name=\"description\" content=\"surpriz\u0103 la Dinamo Funda\u0219ul comparat de Og\u0103raru cu Matthijs de Ligt a semnat cu \u201ec\u00e2inii\u201d....\" \/>\n<meta name=\"robots\" content=\"index, follow, max-snippet:-1, max-image-preview:large, max-video-preview:-1\" \/>\n<link rel=\"canonical\" href=\"https:\/\/www.letsportsrock.com\/?p=62608\" \/>\n<meta property=\"og:locale\" content=\"en_US\" \/>\n<meta property=\"og:type\" content=\"article\" \/>\n<meta property=\"og:title\" content=\"surpriz\u0103 la Dinamo Funda\u0219ul comparat de Og\u0103raru cu Matthijs de Ligt a semnat cu \u201ec\u00e2inii\u201d....\" \/>\n<meta property=\"og:description\" content=\"surpriz\u0103 la Dinamo Funda\u0219ul comparat de Og\u0103raru cu Matthijs de Ligt a semnat cu \u201ec\u00e2inii\u201d....\" \/>\n<meta property=\"og:url\" content=\"https:\/\/www.letsportsrock.com\/?p=62608\" \/>\n<meta property=\"og:site_name\" content=\"letsportsrock\" \/>\n<meta property=\"article:published_time\" content=\"2025-09-07T08:42:15+00:00\" \/>\n<meta property=\"og:image\" content=\"https:\/\/www.letsportsrock.com\/wp-content\/uploads\/2025\/09\/matei-marin.webp\" \/>\n\t<meta property=\"og:image:width\" content=\"500\" \/>\n\t<meta property=\"og:image:height\" content=\"564\" \/>\n\t<meta property=\"og:image:type\" content=\"image\/webp\" \/>\n<meta name=\"author\" content=\"Benedict\" \/>\n<meta name=\"twitter:card\" content=\"summary_large_image\" \/>\n<meta name=\"twitter:label1\" content=\"Written by\" \/>\n\t<meta name=\"twitter:data1\" content=\"Benedict\" \/>\n\t<meta name=\"twitter:label2\" content=\"Est. reading time\" \/>\n\t<meta name=\"twitter:data2\" content=\"2 minutes\" \/>\n<script type=\"application\/ld+json\" class=\"yoast-schema-graph\">{\"@context\":\"https:\\\/\\\/schema.org\",\"@graph\":[{\"@type\":\"Article\",\"@id\":\"https:\\\/\\\/www.letsportsrock.com\\\/?p=62608#article\",\"isPartOf\":{\"@id\":\"https:\\\/\\\/www.letsportsrock.com\\\/?p=62608\"},\"author\":{\"name\":\"Benedict\",\"@id\":\"https:\\\/\\\/www.letsportsrock.com\\\/#\\\/schema\\\/person\\\/46ffa192b44abb5f73a64ac060b863c0\"},\"headline\":\"surpriz\u0103 la Dinamo Funda\u0219ul comparat de Og\u0103raru cu Matthijs de Ligt a semnat cu \u201ec\u00e2inii\u201d&#8230;.\",\"datePublished\":\"2025-09-07T08:42:15+00:00\",\"mainEntityOfPage\":{\"@id\":\"https:\\\/\\\/www.letsportsrock.com\\\/?p=62608\"},\"wordCount\":268,\"commentCount\":0,\"image\":{\"@id\":\"https:\\\/\\\/www.letsportsrock.com\\\/?p=62608#primaryimage\"},\"thumbnailUrl\":\"https:\\\/\\\/www.letsportsrock.com\\\/wp-content\\\/uploads\\\/2025\\\/09\\\/matei-marin.webp\",\"keywords\":[\"Fcsb Dinamo\"],\"articleSection\":[\"FCSB\"],\"inLanguage\":\"en-US\",\"potentialAction\":[{\"@type\":\"CommentAction\",\"name\":\"Comment\",\"target\":[\"https:\\\/\\\/www.letsportsrock.com\\\/?p=62608#respond\"]}]},{\"@type\":\"WebPage\",\"@id\":\"https:\\\/\\\/www.letsportsrock.com\\\/?p=62608\",\"url\":\"https:\\\/\\\/www.letsportsrock.com\\\/?p=62608\",\"name\":\"surpriz\u0103 la Dinamo Funda\u0219ul comparat de Og\u0103raru cu Matthijs de Ligt a semnat cu \u201ec\u00e2inii\u201d....\",\"isPartOf\":{\"@id\":\"https:\\\/\\\/www.letsportsrock.com\\\/#website\"},\"primaryImageOfPage\":{\"@id\":\"https:\\\/\\\/www.letsportsrock.com\\\/?p=62608#primaryimage\"},\"image\":{\"@id\":\"https:\\\/\\\/www.letsportsrock.com\\\/?p=62608#primaryimage\"},\"thumbnailUrl\":\"https:\\\/\\\/www.letsportsrock.com\\\/wp-content\\\/uploads\\\/2025\\\/09\\\/matei-marin.webp\",\"datePublished\":\"2025-09-07T08:42:15+00:00\",\"author\":{\"@id\":\"https:\\\/\\\/www.letsportsrock.com\\\/#\\\/schema\\\/person\\\/46ffa192b44abb5f73a64ac060b863c0\"},\"description\":\"surpriz\u0103 la Dinamo Funda\u0219ul comparat de Og\u0103raru cu Matthijs de Ligt a semnat cu \u201ec\u00e2inii\u201d....\",\"breadcrumb\":{\"@id\":\"https:\\\/\\\/www.letsportsrock.com\\\/?p=62608#breadcrumb\"},\"inLanguage\":\"en-US\",\"potentialAction\":[{\"@type\":\"ReadAction\",\"target\":[\"https:\\\/\\\/www.letsportsrock.com\\\/?p=62608\"]}]},{\"@type\":\"ImageObject\",\"inLanguage\":\"en-US\",\"@id\":\"https:\\\/\\\/www.letsportsrock.com\\\/?p=62608#primaryimage\",\"url\":\"https:\\\/\\\/www.letsportsrock.com\\\/wp-content\\\/uploads\\\/2025\\\/09\\\/matei-marin.webp\",\"contentUrl\":\"https:\\\/\\\/www.letsportsrock.com\\\/wp-content\\\/uploads\\\/2025\\\/09\\\/matei-marin.webp\",\"width\":500,\"height\":564},{\"@type\":\"BreadcrumbList\",\"@id\":\"https:\\\/\\\/www.letsportsrock.com\\\/?p=62608#breadcrumb\",\"itemListElement\":[{\"@type\":\"ListItem\",\"position\":1,\"name\":\"Home\",\"item\":\"https:\\\/\\\/www.letsportsrock.com\\\/\"},{\"@type\":\"ListItem\",\"position\":2,\"name\":\"surpriz\u0103 la Dinamo Funda\u0219ul comparat de Og\u0103raru cu Matthijs de Ligt a semnat cu \u201ec\u00e2inii\u201d&#8230;.\"}]},{\"@type\":\"WebSite\",\"@id\":\"https:\\\/\\\/www.letsportsrock.com\\\/#website\",\"url\":\"https:\\\/\\\/www.letsportsrock.com\\\/\",\"name\":\"letsportsrock\",\"description\":\"Sport News and Updates\",\"potentialAction\":[{\"@type\":\"SearchAction\",\"target\":{\"@type\":\"EntryPoint\",\"urlTemplate\":\"https:\\\/\\\/www.letsportsrock.com\\\/?s={search_term_string}\"},\"query-input\":{\"@type\":\"PropertyValueSpecification\",\"valueRequired\":true,\"valueName\":\"search_term_string\"}}],\"inLanguage\":\"en-US\"},{\"@type\":\"Person\",\"@id\":\"https:\\\/\\\/www.letsportsrock.com\\\/#\\\/schema\\\/person\\\/46ffa192b44abb5f73a64ac060b863c0\",\"name\":\"Benedict\",\"image\":{\"@type\":\"ImageObject\",\"inLanguage\":\"en-US\",\"@id\":\"https:\\\/\\\/secure.gravatar.com\\\/avatar\\\/91345136d4e2206293ebdc22304c65968887191f0b832cb181dd8965f4de256b?s=96&d=mm&r=g\",\"url\":\"https:\\\/\\\/secure.gravatar.com\\\/avatar\\\/91345136d4e2206293ebdc22304c65968887191f0b832cb181dd8965f4de256b?s=96&d=mm&r=g\",\"contentUrl\":\"https:\\\/\\\/secure.gravatar.com\\\/avatar\\\/91345136d4e2206293ebdc22304c65968887191f0b832cb181dd8965f4de256b?s=96&d=mm&r=g\",\"caption\":\"Benedict\"},\"sameAs\":[\"https:\\\/\\\/www.letsportsrock.com\\\/wp-admin\\\/\"],\"url\":\"https:\\\/\\\/www.letsportsrock.com\\\/?author=19\"}]}<\/script>\n<!-- \/ Yoast SEO plugin. -->","yoast_head_json":{"title":"surpriz\u0103 la Dinamo Funda\u0219ul comparat de Og\u0103raru cu Matthijs de Ligt a semnat cu \u201ec\u00e2inii\u201d....","description":"surpriz\u0103 la Dinamo Funda\u0219ul comparat de Og\u0103raru cu Matthijs de Ligt a semnat cu \u201ec\u00e2inii\u201d....","robots":{"index":"index","follow":"follow","max-snippet":"max-snippet:-1","max-image-preview":"max-image-preview:large","max-video-preview":"max-video-preview:-1"},"canonical":"https:\/\/www.letsportsrock.com\/?p=62608","og_locale":"en_US","og_type":"article","og_title":"surpriz\u0103 la Dinamo Funda\u0219ul comparat de Og\u0103raru cu Matthijs de Ligt a semnat cu \u201ec\u00e2inii\u201d....","og_description":"surpriz\u0103 la Dinamo Funda\u0219ul comparat de Og\u0103raru cu Matthijs de Ligt a semnat cu \u201ec\u00e2inii\u201d....","og_url":"https:\/\/www.letsportsrock.com\/?p=62608","og_site_name":"letsportsrock","article_published_time":"2025-09-07T08:42:15+00:00","og_image":[{"width":500,"height":564,"url":"https:\/\/www.letsportsrock.com\/wp-content\/uploads\/2025\/09\/matei-marin.webp","type":"image\/webp"}],"author":"Benedict","twitter_card":"summary_large_image","twitter_misc":{"Written by":"Benedict","Est. reading time":"2 minutes"},"schema":{"@context":"https:\/\/schema.org","@graph":[{"@type":"Article","@id":"https:\/\/www.letsportsrock.com\/?p=62608#article","isPartOf":{"@id":"https:\/\/www.letsportsrock.com\/?p=62608"},"author":{"name":"Benedict","@id":"https:\/\/www.letsportsrock.com\/#\/schema\/person\/46ffa192b44abb5f73a64ac060b863c0"},"headline":"surpriz\u0103 la Dinamo Funda\u0219ul comparat de Og\u0103raru cu Matthijs de Ligt a semnat cu \u201ec\u00e2inii\u201d&#8230;.","datePublished":"2025-09-07T08:42:15+00:00","mainEntityOfPage":{"@id":"https:\/\/www.letsportsrock.com\/?p=62608"},"wordCount":268,"commentCount":0,"image":{"@id":"https:\/\/www.letsportsrock.com\/?p=62608#primaryimage"},"thumbnailUrl":"https:\/\/www.letsportsrock.com\/wp-content\/uploads\/2025\/09\/matei-marin.webp","keywords":["Fcsb Dinamo"],"articleSection":["FCSB"],"inLanguage":"en-US","potentialAction":[{"@type":"CommentAction","name":"Comment","target":["https:\/\/www.letsportsrock.com\/?p=62608#respond"]}]},{"@type":"WebPage","@id":"https:\/\/www.letsportsrock.com\/?p=62608","url":"https:\/\/www.letsportsrock.com\/?p=62608","name":"surpriz\u0103 la Dinamo Funda\u0219ul comparat de Og\u0103raru cu Matthijs de Ligt a semnat cu \u201ec\u00e2inii\u201d....","isPartOf":{"@id":"https:\/\/www.letsportsrock.com\/#website"},"primaryImageOfPage":{"@id":"https:\/\/www.letsportsrock.com\/?p=62608#primaryimage"},"image":{"@id":"https:\/\/www.letsportsrock.com\/?p=62608#primaryimage"},"thumbnailUrl":"https:\/\/www.letsportsrock.com\/wp-content\/uploads\/2025\/09\/matei-marin.webp","datePublished":"2025-09-07T08:42:15+00:00","author":{"@id":"https:\/\/www.letsportsrock.com\/#\/schema\/person\/46ffa192b44abb5f73a64ac060b863c0"},"description":"surpriz\u0103 la Dinamo Funda\u0219ul comparat de Og\u0103raru cu Matthijs de Ligt a semnat cu \u201ec\u00e2inii\u201d....","breadcrumb":{"@id":"https:\/\/www.letsportsrock.com\/?p=62608#breadcrumb"},"inLanguage":"en-US","potentialAction":[{"@type":"ReadAction","target":["https:\/\/www.letsportsrock.com\/?p=62608"]}]},{"@type":"ImageObject","inLanguage":"en-US","@id":"https:\/\/www.letsportsrock.com\/?p=62608#primaryimage","url":"https:\/\/www.letsportsrock.com\/wp-content\/uploads\/2025\/09\/matei-marin.webp","contentUrl":"https:\/\/www.letsportsrock.com\/wp-content\/uploads\/2025\/09\/matei-marin.webp","width":500,"height":564},{"@type":"BreadcrumbList","@id":"https:\/\/www.letsportsrock.com\/?p=62608#breadcrumb","itemListElement":[{"@type":"ListItem","position":1,"name":"Home","item":"https:\/\/www.letsportsrock.com\/"},{"@type":"ListItem","position":2,"name":"surpriz\u0103 la Dinamo Funda\u0219ul comparat de Og\u0103raru cu Matthijs de Ligt a semnat cu \u201ec\u00e2inii\u201d&#8230;."}]},{"@type":"WebSite","@id":"https:\/\/www.letsportsrock.com\/#website","url":"https:\/\/www.letsportsrock.com\/","name":"letsportsrock","description":"Sport News and Updates","potentialAction":[{"@type":"SearchAction","target":{"@type":"EntryPoint","urlTemplate":"https:\/\/www.letsportsrock.com\/?s={search_term_string}"},"query-input":{"@type":"PropertyValueSpecification","valueRequired":true,"valueName":"search_term_string"}}],"inLanguage":"en-US"},{"@type":"Person","@id":"https:\/\/www.letsportsrock.com\/#\/schema\/person\/46ffa192b44abb5f73a64ac060b863c0","name":"Benedict","image":{"@type":"ImageObject","inLanguage":"en-US","@id":"https:\/\/secure.gravatar.com\/avatar\/91345136d4e2206293ebdc22304c65968887191f0b832cb181dd8965f4de256b?s=96&d=mm&r=g","url":"https:\/\/secure.gravatar.com\/avatar\/91345136d4e2206293ebdc22304c65968887191f0b832cb181dd8965f4de256b?s=96&d=mm&r=g","contentUrl":"https:\/\/secure.gravatar.com\/avatar\/91345136d4e2206293ebdc22304c65968887191f0b832cb181dd8965f4de256b?s=96&d=mm&r=g","caption":"Benedict"},"sameAs":["https:\/\/www.letsportsrock.com\/wp-admin\/"],"url":"https:\/\/www.letsportsrock.com\/?author=19"}]}},"jetpack_featured_media_url":"https:\/\/www.letsportsrock.com\/wp-content\/uploads\/2025\/09\/matei-marin.webp","jetpack_sharing_enabled":true,"_links":{"self":[{"href":"https:\/\/www.letsportsrock.com\/index.php?rest_route=\/wp\/v2\/posts\/62608","targetHints":{"allow":["GET"]}}],"collection":[{"href":"https:\/\/www.letsportsrock.com\/index.php?rest_route=\/wp\/v2\/posts"}],"about":[{"href":"https:\/\/www.letsportsrock.com\/index.php?rest_route=\/wp\/v2\/types\/post"}],"author":[{"embeddable":true,"href":"https:\/\/www.letsportsrock.com\/index.php?rest_route=\/wp\/v2\/users\/19"}],"replies":[{"embeddable":true,"href":"https:\/\/www.letsportsrock.com\/index.php?rest_route=%2Fwp%2Fv2%2Fcomments&post=62608"}],"version-history":[{"count":1,"href":"https:\/\/www.letsportsrock.com\/index.php?rest_route=\/wp\/v2\/posts\/62608\/revisions"}],"predecessor-version":[{"id":62610,"href":"https:\/\/www.letsportsrock.com\/index.php?rest_route=\/wp\/v2\/posts\/62608\/revisions\/62610"}],"wp:featuredmedia":[{"embeddable":true,"href":"https:\/\/www.letsportsrock.com\/index.php?rest_route=\/wp\/v2\/media\/62609"}],"wp:attachment":[{"href":"https:\/\/www.letsportsrock.com\/index.php?rest_route=%2Fwp%2Fv2%2Fmedia&parent=62608"}],"wp:term":[{"taxonomy":"category","embeddable":true,"href":"https:\/\/www.letsportsrock.com\/index.php?rest_route=%2Fwp%2Fv2%2Fcategories&post=62608"},{"taxonomy":"post_tag","embeddable":true,"href":"https:\/\/www.letsportsrock.com\/index.php?rest_route=%2Fwp%2Fv2%2Ftags&post=62608"}],"curies":[{"name":"wp","href":"https:\/\/api.w.org\/{rel}","templated":true}]}}