{"id":62791,"date":"2025-09-10T21:14:51","date_gmt":"2025-09-10T21:14:51","guid":{"rendered":"https:\/\/www.letsportsrock.com\/?p=62791"},"modified":"2025-09-10T21:14:51","modified_gmt":"2025-09-10T21:14:51","slug":"veste-trista-jucatorul-cheie-al-lui-dinamo-bucuresti-astrit-selmani-va-rata-urmatorul-meci-din-cauza-unei-accidentari-suferite-impotriva","status":"publish","type":"post","link":"https:\/\/www.letsportsrock.com\/?p=62791","title":{"rendered":"Veste trist\u0103: Juc\u0103torul cheie al lui Dinamo Bucure\u0219ti, Astrit Selmani, va rata urm\u0103torul meci din cauza unei accident\u0103ri suferite \u00eempotriva&#8230;"},"content":{"rendered":"<div class=\"d79db4796efc26332eabfc3f5dafbc76\" data-index=\"1\" style=\"float: none; margin:10px 0 10px 0; text-align:center;\">\n<div class=\"hb-ad-inarticle\">\r\n    <div class=\"hb-ad-inner\"> \r\n    <div class=\"hbagency_cls\"  id=\"hbagency_space_111930\"><\/div><\/div> <\/div>\n<\/div>\n<p><strong><em>Veste trist\u0103: Juc\u0103torul cheie al lui Dinamo Bucure\u0219ti, Astrit Selmani, va rata urm\u0103torul meci din cauza unei accident\u0103ri suferite \u00eempotriva&#8230;<\/em><\/strong><\/p>\n<p>&nbsp;<\/p>\n<p>Veste trist\u0103: Juc\u0103torul cheie al lui Dinamo Bucure\u0219ti, Astrit Selmani, va rata urm\u0103torul meci din cauza unei accident\u0103ri<\/p>\n<p>&nbsp;<\/p>\n<p>Golgheterul lui Dinamo, Astrit Selmani, nu va juca meciul care urmeaz\u0103 dup\u0103 ce a suferit o como\u021bie cerebral\u0103 \u00een timpul derby-ului aprins \u00eempotriva FCSB. Atacantul puternic a fost lovit \u00een cap de crampoanele lui Valentin Cre\u021bu \u00een urma unei alunec\u0103ri. De\u0219i a r\u0103mas curajos pe teren pentru a termina meciul, Selmani a sim\u021bit cur\u00e2nd ame\u021beli \u0219i confuzie, ceea ce a necesitat asisten\u021b\u0103 medical\u0103 imediat\u0103 \u0219i transportul \u00een grab\u0103 la Spitalul Floreasc\u0103.<\/p>\n<p><img loading=\"lazy\" decoding=\"async\" class=\"alignnone size-medium wp-image-62792\" src=\"https:\/\/www.letsportsrock.com\/wp-content\/uploads\/2025\/09\/images-2025-09-10T215725.509-300x192.jpeg\" alt=\"\" width=\"300\" height=\"192\" srcset=\"https:\/\/www.letsportsrock.com\/wp-content\/uploads\/2025\/09\/images-2025-09-10T215725.509-300x192.jpeg 300w, https:\/\/www.letsportsrock.com\/wp-content\/uploads\/2025\/09\/images-2025-09-10T215725.509.jpeg 693w\" sizes=\"auto, (max-width: 300px) 100vw, 300px\" \/><\/p>\n<p>Declara\u021bia oficial\u0103 a clubului a confirmat c\u0103 Selmani este \u00een prezent \u00een stare stabil\u0103 \u0219i \u00een afara oric\u0103rui pericol. Pentru siguran\u021ba sa, un control neurologic a fost programat pentru ziua urm\u0103toare.<\/p>\n<p>&nbsp;<\/p>\n<p>\u00cen ciuda asigur\u0103rilor medicale, staff-ul tehnic al lui Dinamo a decis s\u0103-l exclud\u0103 din lot pentru meciul care urmeaz\u0103 \u00eempotriva lui Rapid, pe 6 aprilie. Fotografiile l-au ar\u0103tat pe Selmani \u00een tribune, fa\u021ba sa prezent\u00e2nd \u00eenc\u0103 semne vizibile ale loviturii &#8211; cum ar fi un ochi \u00eenvine\u021bit \u0219i urme faciale &#8211; subliniind gravitatea incidentului.<\/p>\n<p>&nbsp;<\/p>\n<p>Atacantul vedet\u0103 al lui Dinamo, Astrit Selmani, va rata urm\u0103torul meci din SuperLiga dup\u0103 ce a suferit o como\u021bie cerebral\u0103 \u00een timpul derby-ului \u00eempotriva FCSB. \u00cen a doua repriz\u0103, o alunecare s-a \u00eencheiat cu Selmani lovit \u00een cap de gheata cu crampoane a adversarului. De\u0219i a terminat meciul, a dezvoltat cur\u00e2nd simptome precum ame\u021beli \u0219i confuzie, necesit\u00e2nd tratament urgent la spital. Evalu\u0103rile medicale au confirmat c\u0103 starea sa este stabil\u0103 \u0219i nu \u00eei pune via\u021ba \u00een pericol, un examen neurologic ulterior fiind efectuat a doua zi pentru precau\u021bie. Cu toate acestea, Selmani a fost exclus din lotul pentru urm\u0103torul meci \u00eempotriva lui Rapid din 6 aprilie. Prezen\u021ba sa din tribune, cu v\u00e2n\u0103t\u0103i vizibile \u0219i leziuni faciale, a reflectat at\u00e2t rezisten\u021ba, c\u00e2t \u0219i gravitatea impactului.<\/p>\n\n<div style=\"font-size: 0px; height: 0px; line-height: 0px; margin: 0; padding: 0; clear: both;\"><\/div>","protected":false},"excerpt":{"rendered":"<p>Veste trist\u0103: Juc\u0103torul cheie al lui Dinamo Bucure\u0219ti, Astrit Selmani, va rata urm\u0103torul meci din cauza unei accident\u0103ri suferite \u00eempotriva&#8230; &nbsp; Veste trist\u0103: Juc\u0103torul cheie al lui Dinamo Bucure\u0219ti, Astrit Selmani, va rata urm\u0103torul meci din cauza unei accident\u0103ri &nbsp; Golgheterul lui Dinamo, Astrit Selmani, nu va juca meciul care urmeaz\u0103 dup\u0103 ce a suferit [&hellip;]<\/p>\n","protected":false},"author":19,"featured_media":62792,"comment_status":"open","ping_status":"open","sticky":false,"template":"","format":"standard","meta":{"_jetpack_memberships_contains_paid_content":false,"footnotes":""},"categories":[276],"tags":[419],"class_list":["post-62791","post","type-post","status-publish","format-standard","has-post-thumbnail","hentry","category-fcsb","tag-fc-dinamo-bucuresti"],"yoast_head":"<!-- This site is optimized with the Yoast SEO plugin v27.5 - https:\/\/yoast.com\/product\/yoast-seo-wordpress\/ -->\n<title>Veste trist\u0103: Juc\u0103torul cheie al lui Dinamo Bucure\u0219ti, Astrit Selmani, va rata urm\u0103torul meci din cauza unei accident\u0103ri suferite \u00eempotriva...<\/title>\n<meta name=\"description\" content=\"Veste trist\u0103: Juc\u0103torul cheie al lui Dinamo Bucure\u0219ti, Astrit Selmani, va rata urm\u0103torul meci din cauza unei accident\u0103ri suferite \u00eempotriva...\" \/>\n<meta name=\"robots\" content=\"index, follow, max-snippet:-1, max-image-preview:large, max-video-preview:-1\" \/>\n<link rel=\"canonical\" href=\"https:\/\/www.letsportsrock.com\/?p=62791\" \/>\n<meta property=\"og:locale\" content=\"en_US\" \/>\n<meta property=\"og:type\" content=\"article\" \/>\n<meta property=\"og:title\" content=\"Veste trist\u0103: Juc\u0103torul cheie al lui Dinamo Bucure\u0219ti, Astrit Selmani, va rata urm\u0103torul meci din cauza unei accident\u0103ri suferite \u00eempotriva...\" \/>\n<meta property=\"og:description\" content=\"Veste trist\u0103: Juc\u0103torul cheie al lui Dinamo Bucure\u0219ti, Astrit Selmani, va rata urm\u0103torul meci din cauza unei accident\u0103ri suferite \u00eempotriva...\" \/>\n<meta property=\"og:url\" content=\"https:\/\/www.letsportsrock.com\/?p=62791\" \/>\n<meta property=\"og:site_name\" content=\"letsportsrock\" \/>\n<meta property=\"article:published_time\" content=\"2025-09-10T21:14:51+00:00\" \/>\n<meta property=\"og:image\" content=\"https:\/\/www.letsportsrock.com\/wp-content\/uploads\/2025\/09\/images-2025-09-10T215725.509.jpeg\" \/>\n\t<meta property=\"og:image:width\" content=\"693\" \/>\n\t<meta property=\"og:image:height\" content=\"443\" \/>\n\t<meta property=\"og:image:type\" content=\"image\/jpeg\" \/>\n<meta name=\"author\" content=\"Benedict\" \/>\n<meta name=\"twitter:card\" content=\"summary_large_image\" \/>\n<meta name=\"twitter:label1\" content=\"Written by\" \/>\n\t<meta name=\"twitter:data1\" content=\"Benedict\" \/>\n\t<meta name=\"twitter:label2\" content=\"Est. reading time\" \/>\n\t<meta name=\"twitter:data2\" content=\"2 minutes\" \/>\n<script type=\"application\/ld+json\" class=\"yoast-schema-graph\">{\"@context\":\"https:\\\/\\\/schema.org\",\"@graph\":[{\"@type\":\"Article\",\"@id\":\"https:\\\/\\\/www.letsportsrock.com\\\/?p=62791#article\",\"isPartOf\":{\"@id\":\"https:\\\/\\\/www.letsportsrock.com\\\/?p=62791\"},\"author\":{\"name\":\"Benedict\",\"@id\":\"https:\\\/\\\/www.letsportsrock.com\\\/#\\\/schema\\\/person\\\/46ffa192b44abb5f73a64ac060b863c0\"},\"headline\":\"Veste trist\u0103: Juc\u0103torul cheie al lui Dinamo Bucure\u0219ti, Astrit Selmani, va rata urm\u0103torul meci din cauza unei accident\u0103ri suferite \u00eempotriva&#8230;\",\"datePublished\":\"2025-09-10T21:14:51+00:00\",\"mainEntityOfPage\":{\"@id\":\"https:\\\/\\\/www.letsportsrock.com\\\/?p=62791\"},\"wordCount\":387,\"commentCount\":0,\"image\":{\"@id\":\"https:\\\/\\\/www.letsportsrock.com\\\/?p=62791#primaryimage\"},\"thumbnailUrl\":\"https:\\\/\\\/www.letsportsrock.com\\\/wp-content\\\/uploads\\\/2025\\\/09\\\/images-2025-09-10T215725.509.jpeg\",\"keywords\":[\"Fc Dinamo bucuresti\"],\"articleSection\":[\"FCSB\"],\"inLanguage\":\"en-US\",\"potentialAction\":[{\"@type\":\"CommentAction\",\"name\":\"Comment\",\"target\":[\"https:\\\/\\\/www.letsportsrock.com\\\/?p=62791#respond\"]}]},{\"@type\":\"WebPage\",\"@id\":\"https:\\\/\\\/www.letsportsrock.com\\\/?p=62791\",\"url\":\"https:\\\/\\\/www.letsportsrock.com\\\/?p=62791\",\"name\":\"Veste trist\u0103: Juc\u0103torul cheie al lui Dinamo Bucure\u0219ti, Astrit Selmani, va rata urm\u0103torul meci din cauza unei accident\u0103ri suferite \u00eempotriva...\",\"isPartOf\":{\"@id\":\"https:\\\/\\\/www.letsportsrock.com\\\/#website\"},\"primaryImageOfPage\":{\"@id\":\"https:\\\/\\\/www.letsportsrock.com\\\/?p=62791#primaryimage\"},\"image\":{\"@id\":\"https:\\\/\\\/www.letsportsrock.com\\\/?p=62791#primaryimage\"},\"thumbnailUrl\":\"https:\\\/\\\/www.letsportsrock.com\\\/wp-content\\\/uploads\\\/2025\\\/09\\\/images-2025-09-10T215725.509.jpeg\",\"datePublished\":\"2025-09-10T21:14:51+00:00\",\"author\":{\"@id\":\"https:\\\/\\\/www.letsportsrock.com\\\/#\\\/schema\\\/person\\\/46ffa192b44abb5f73a64ac060b863c0\"},\"description\":\"Veste trist\u0103: Juc\u0103torul cheie al lui Dinamo Bucure\u0219ti, Astrit Selmani, va rata urm\u0103torul meci din cauza unei accident\u0103ri suferite \u00eempotriva...\",\"breadcrumb\":{\"@id\":\"https:\\\/\\\/www.letsportsrock.com\\\/?p=62791#breadcrumb\"},\"inLanguage\":\"en-US\",\"potentialAction\":[{\"@type\":\"ReadAction\",\"target\":[\"https:\\\/\\\/www.letsportsrock.com\\\/?p=62791\"]}]},{\"@type\":\"ImageObject\",\"inLanguage\":\"en-US\",\"@id\":\"https:\\\/\\\/www.letsportsrock.com\\\/?p=62791#primaryimage\",\"url\":\"https:\\\/\\\/www.letsportsrock.com\\\/wp-content\\\/uploads\\\/2025\\\/09\\\/images-2025-09-10T215725.509.jpeg\",\"contentUrl\":\"https:\\\/\\\/www.letsportsrock.com\\\/wp-content\\\/uploads\\\/2025\\\/09\\\/images-2025-09-10T215725.509.jpeg\",\"width\":693,\"height\":443},{\"@type\":\"BreadcrumbList\",\"@id\":\"https:\\\/\\\/www.letsportsrock.com\\\/?p=62791#breadcrumb\",\"itemListElement\":[{\"@type\":\"ListItem\",\"position\":1,\"name\":\"Home\",\"item\":\"https:\\\/\\\/www.letsportsrock.com\\\/\"},{\"@type\":\"ListItem\",\"position\":2,\"name\":\"Veste trist\u0103: Juc\u0103torul cheie al lui Dinamo Bucure\u0219ti, Astrit Selmani, va rata urm\u0103torul meci din cauza unei accident\u0103ri suferite \u00eempotriva&#8230;\"}]},{\"@type\":\"WebSite\",\"@id\":\"https:\\\/\\\/www.letsportsrock.com\\\/#website\",\"url\":\"https:\\\/\\\/www.letsportsrock.com\\\/\",\"name\":\"letsportsrock\",\"description\":\"Sport News and Updates\",\"potentialAction\":[{\"@type\":\"SearchAction\",\"target\":{\"@type\":\"EntryPoint\",\"urlTemplate\":\"https:\\\/\\\/www.letsportsrock.com\\\/?s={search_term_string}\"},\"query-input\":{\"@type\":\"PropertyValueSpecification\",\"valueRequired\":true,\"valueName\":\"search_term_string\"}}],\"inLanguage\":\"en-US\"},{\"@type\":\"Person\",\"@id\":\"https:\\\/\\\/www.letsportsrock.com\\\/#\\\/schema\\\/person\\\/46ffa192b44abb5f73a64ac060b863c0\",\"name\":\"Benedict\",\"image\":{\"@type\":\"ImageObject\",\"inLanguage\":\"en-US\",\"@id\":\"https:\\\/\\\/secure.gravatar.com\\\/avatar\\\/91345136d4e2206293ebdc22304c65968887191f0b832cb181dd8965f4de256b?s=96&d=mm&r=g\",\"url\":\"https:\\\/\\\/secure.gravatar.com\\\/avatar\\\/91345136d4e2206293ebdc22304c65968887191f0b832cb181dd8965f4de256b?s=96&d=mm&r=g\",\"contentUrl\":\"https:\\\/\\\/secure.gravatar.com\\\/avatar\\\/91345136d4e2206293ebdc22304c65968887191f0b832cb181dd8965f4de256b?s=96&d=mm&r=g\",\"caption\":\"Benedict\"},\"sameAs\":[\"https:\\\/\\\/www.letsportsrock.com\\\/wp-admin\\\/\"],\"url\":\"https:\\\/\\\/www.letsportsrock.com\\\/?author=19\"}]}<\/script>\n<!-- \/ Yoast SEO plugin. -->","yoast_head_json":{"title":"Veste trist\u0103: Juc\u0103torul cheie al lui Dinamo Bucure\u0219ti, Astrit Selmani, va rata urm\u0103torul meci din cauza unei accident\u0103ri suferite \u00eempotriva...","description":"Veste trist\u0103: Juc\u0103torul cheie al lui Dinamo Bucure\u0219ti, Astrit Selmani, va rata urm\u0103torul meci din cauza unei accident\u0103ri suferite \u00eempotriva...","robots":{"index":"index","follow":"follow","max-snippet":"max-snippet:-1","max-image-preview":"max-image-preview:large","max-video-preview":"max-video-preview:-1"},"canonical":"https:\/\/www.letsportsrock.com\/?p=62791","og_locale":"en_US","og_type":"article","og_title":"Veste trist\u0103: Juc\u0103torul cheie al lui Dinamo Bucure\u0219ti, Astrit Selmani, va rata urm\u0103torul meci din cauza unei accident\u0103ri suferite \u00eempotriva...","og_description":"Veste trist\u0103: Juc\u0103torul cheie al lui Dinamo Bucure\u0219ti, Astrit Selmani, va rata urm\u0103torul meci din cauza unei accident\u0103ri suferite \u00eempotriva...","og_url":"https:\/\/www.letsportsrock.com\/?p=62791","og_site_name":"letsportsrock","article_published_time":"2025-09-10T21:14:51+00:00","og_image":[{"width":693,"height":443,"url":"https:\/\/www.letsportsrock.com\/wp-content\/uploads\/2025\/09\/images-2025-09-10T215725.509.jpeg","type":"image\/jpeg"}],"author":"Benedict","twitter_card":"summary_large_image","twitter_misc":{"Written by":"Benedict","Est. reading time":"2 minutes"},"schema":{"@context":"https:\/\/schema.org","@graph":[{"@type":"Article","@id":"https:\/\/www.letsportsrock.com\/?p=62791#article","isPartOf":{"@id":"https:\/\/www.letsportsrock.com\/?p=62791"},"author":{"name":"Benedict","@id":"https:\/\/www.letsportsrock.com\/#\/schema\/person\/46ffa192b44abb5f73a64ac060b863c0"},"headline":"Veste trist\u0103: Juc\u0103torul cheie al lui Dinamo Bucure\u0219ti, Astrit Selmani, va rata urm\u0103torul meci din cauza unei accident\u0103ri suferite \u00eempotriva&#8230;","datePublished":"2025-09-10T21:14:51+00:00","mainEntityOfPage":{"@id":"https:\/\/www.letsportsrock.com\/?p=62791"},"wordCount":387,"commentCount":0,"image":{"@id":"https:\/\/www.letsportsrock.com\/?p=62791#primaryimage"},"thumbnailUrl":"https:\/\/www.letsportsrock.com\/wp-content\/uploads\/2025\/09\/images-2025-09-10T215725.509.jpeg","keywords":["Fc Dinamo bucuresti"],"articleSection":["FCSB"],"inLanguage":"en-US","potentialAction":[{"@type":"CommentAction","name":"Comment","target":["https:\/\/www.letsportsrock.com\/?p=62791#respond"]}]},{"@type":"WebPage","@id":"https:\/\/www.letsportsrock.com\/?p=62791","url":"https:\/\/www.letsportsrock.com\/?p=62791","name":"Veste trist\u0103: Juc\u0103torul cheie al lui Dinamo Bucure\u0219ti, Astrit Selmani, va rata urm\u0103torul meci din cauza unei accident\u0103ri suferite \u00eempotriva...","isPartOf":{"@id":"https:\/\/www.letsportsrock.com\/#website"},"primaryImageOfPage":{"@id":"https:\/\/www.letsportsrock.com\/?p=62791#primaryimage"},"image":{"@id":"https:\/\/www.letsportsrock.com\/?p=62791#primaryimage"},"thumbnailUrl":"https:\/\/www.letsportsrock.com\/wp-content\/uploads\/2025\/09\/images-2025-09-10T215725.509.jpeg","datePublished":"2025-09-10T21:14:51+00:00","author":{"@id":"https:\/\/www.letsportsrock.com\/#\/schema\/person\/46ffa192b44abb5f73a64ac060b863c0"},"description":"Veste trist\u0103: Juc\u0103torul cheie al lui Dinamo Bucure\u0219ti, Astrit Selmani, va rata urm\u0103torul meci din cauza unei accident\u0103ri suferite \u00eempotriva...","breadcrumb":{"@id":"https:\/\/www.letsportsrock.com\/?p=62791#breadcrumb"},"inLanguage":"en-US","potentialAction":[{"@type":"ReadAction","target":["https:\/\/www.letsportsrock.com\/?p=62791"]}]},{"@type":"ImageObject","inLanguage":"en-US","@id":"https:\/\/www.letsportsrock.com\/?p=62791#primaryimage","url":"https:\/\/www.letsportsrock.com\/wp-content\/uploads\/2025\/09\/images-2025-09-10T215725.509.jpeg","contentUrl":"https:\/\/www.letsportsrock.com\/wp-content\/uploads\/2025\/09\/images-2025-09-10T215725.509.jpeg","width":693,"height":443},{"@type":"BreadcrumbList","@id":"https:\/\/www.letsportsrock.com\/?p=62791#breadcrumb","itemListElement":[{"@type":"ListItem","position":1,"name":"Home","item":"https:\/\/www.letsportsrock.com\/"},{"@type":"ListItem","position":2,"name":"Veste trist\u0103: Juc\u0103torul cheie al lui Dinamo Bucure\u0219ti, Astrit Selmani, va rata urm\u0103torul meci din cauza unei accident\u0103ri suferite \u00eempotriva&#8230;"}]},{"@type":"WebSite","@id":"https:\/\/www.letsportsrock.com\/#website","url":"https:\/\/www.letsportsrock.com\/","name":"letsportsrock","description":"Sport News and Updates","potentialAction":[{"@type":"SearchAction","target":{"@type":"EntryPoint","urlTemplate":"https:\/\/www.letsportsrock.com\/?s={search_term_string}"},"query-input":{"@type":"PropertyValueSpecification","valueRequired":true,"valueName":"search_term_string"}}],"inLanguage":"en-US"},{"@type":"Person","@id":"https:\/\/www.letsportsrock.com\/#\/schema\/person\/46ffa192b44abb5f73a64ac060b863c0","name":"Benedict","image":{"@type":"ImageObject","inLanguage":"en-US","@id":"https:\/\/secure.gravatar.com\/avatar\/91345136d4e2206293ebdc22304c65968887191f0b832cb181dd8965f4de256b?s=96&d=mm&r=g","url":"https:\/\/secure.gravatar.com\/avatar\/91345136d4e2206293ebdc22304c65968887191f0b832cb181dd8965f4de256b?s=96&d=mm&r=g","contentUrl":"https:\/\/secure.gravatar.com\/avatar\/91345136d4e2206293ebdc22304c65968887191f0b832cb181dd8965f4de256b?s=96&d=mm&r=g","caption":"Benedict"},"sameAs":["https:\/\/www.letsportsrock.com\/wp-admin\/"],"url":"https:\/\/www.letsportsrock.com\/?author=19"}]}},"jetpack_featured_media_url":"https:\/\/www.letsportsrock.com\/wp-content\/uploads\/2025\/09\/images-2025-09-10T215725.509.jpeg","jetpack_sharing_enabled":true,"_links":{"self":[{"href":"https:\/\/www.letsportsrock.com\/index.php?rest_route=\/wp\/v2\/posts\/62791","targetHints":{"allow":["GET"]}}],"collection":[{"href":"https:\/\/www.letsportsrock.com\/index.php?rest_route=\/wp\/v2\/posts"}],"about":[{"href":"https:\/\/www.letsportsrock.com\/index.php?rest_route=\/wp\/v2\/types\/post"}],"author":[{"embeddable":true,"href":"https:\/\/www.letsportsrock.com\/index.php?rest_route=\/wp\/v2\/users\/19"}],"replies":[{"embeddable":true,"href":"https:\/\/www.letsportsrock.com\/index.php?rest_route=%2Fwp%2Fv2%2Fcomments&post=62791"}],"version-history":[{"count":1,"href":"https:\/\/www.letsportsrock.com\/index.php?rest_route=\/wp\/v2\/posts\/62791\/revisions"}],"predecessor-version":[{"id":62794,"href":"https:\/\/www.letsportsrock.com\/index.php?rest_route=\/wp\/v2\/posts\/62791\/revisions\/62794"}],"wp:featuredmedia":[{"embeddable":true,"href":"https:\/\/www.letsportsrock.com\/index.php?rest_route=\/wp\/v2\/media\/62792"}],"wp:attachment":[{"href":"https:\/\/www.letsportsrock.com\/index.php?rest_route=%2Fwp%2Fv2%2Fmedia&parent=62791"}],"wp:term":[{"taxonomy":"category","embeddable":true,"href":"https:\/\/www.letsportsrock.com\/index.php?rest_route=%2Fwp%2Fv2%2Fcategories&post=62791"},{"taxonomy":"post_tag","embeddable":true,"href":"https:\/\/www.letsportsrock.com\/index.php?rest_route=%2Fwp%2Fv2%2Ftags&post=62791"}],"curies":[{"name":"wp","href":"https:\/\/api.w.org\/{rel}","templated":true}]}}