{"id":62887,"date":"2025-09-13T06:15:31","date_gmt":"2025-09-13T06:15:31","guid":{"rendered":"https:\/\/www.letsportsrock.com\/?p=62887"},"modified":"2025-09-13T06:15:31","modified_gmt":"2025-09-13T06:15:31","slug":"jucatorul-de-top-al-fc-dinamo-semneaza-un-nou-contract-pe-5-ani-cu-fc-dinamo-bucuresti-3","status":"publish","type":"post","link":"https:\/\/www.letsportsrock.com\/?p=62887","title":{"rendered":"\u201cJuc\u0103torul de top al FC Dinamo semneaz\u0103 un nou contract pe 5 ani cu FC Dinamo Bucure\u0219ti\u2026.."},"content":{"rendered":"<div class=\"d79db4796efc26332eabfc3f5dafbc76\" data-index=\"1\" style=\"float: none; margin:10px 0 10px 0; text-align:center;\">\n<div class=\"hb-ad-inarticle\">\r\n    <div class=\"hb-ad-inner\"> \r\n    <div class=\"hbagency_cls\"  id=\"hbagency_space_111930\"><\/div><\/div> <\/div>\n<\/div>\n<p>\u201cJuc\u0103torul de top al FC Dinamo semneaz\u0103 un nou contract pe 5 ani cu FC Dinamo Bucure\u0219ti\u2026..<\/p>\n<p>&nbsp;<\/p>\n<p>Cel mai bun juc\u0103tor al lui FC Dinamo semneaz\u0103 un nou contract pe 5 ani cu FC Dinamo Bucure\u0219ti<\/p>\n<p>FC Dinamo Bucure\u0219ti \u0219i-a asigurat viitorul vedetei sale prin semnarea unui nou contract pe cinci ani, o mi\u0219care care semnaleaz\u0103 ambi\u021biile puternice ale clubului pentru sezoanele urm\u0103toare. Clubul a anun\u021bat ast\u0103zi acordul, confirm\u00e2nd c\u0103 juc\u0103torul s\u0103u de top, ale c\u0103rui presta\u021bii constante i-au adus at\u00e2t admira\u021bia fanilor, c\u00e2t \u0219i recunoa\u0219tere na\u021bional\u0103, va r\u0103m\u00e2ne la club p\u00e2n\u0103 \u00een 2030.<\/p>\n<p><img loading=\"lazy\" decoding=\"async\" class=\"alignnone size-medium wp-image-62890\" src=\"https:\/\/www.letsportsrock.com\/wp-content\/uploads\/2025\/09\/andrei-nicolescu-transfer-dinamo-1-300x169.jpg\" alt=\"\" width=\"300\" height=\"169\" srcset=\"https:\/\/www.letsportsrock.com\/wp-content\/uploads\/2025\/09\/andrei-nicolescu-transfer-dinamo-1-300x169.jpg 300w, https:\/\/www.letsportsrock.com\/wp-content\/uploads\/2025\/09\/andrei-nicolescu-transfer-dinamo-1-1024x576.jpg 1024w, https:\/\/www.letsportsrock.com\/wp-content\/uploads\/2025\/09\/andrei-nicolescu-transfer-dinamo-1-768x432.jpg 768w, https:\/\/www.letsportsrock.com\/wp-content\/uploads\/2025\/09\/andrei-nicolescu-transfer-dinamo-1-1536x864.jpg 1536w, https:\/\/www.letsportsrock.com\/wp-content\/uploads\/2025\/09\/andrei-nicolescu-transfer-dinamo-1.jpg 1920w\" sizes=\"auto, (max-width: 300px) 100vw, 300px\" \/><\/p>\n<p>Juc\u0103torul, care a jucat un rol esen\u021bial \u00een recenta rena\u0219tere a lui Dinamo, \u0219i-a exprimat entuziasmul cu privire la prelungirea \u0219ederii sale. \u201eAcest club este casa mea. Cred \u00een proiect, \u00een fani \u0219i \u00een direc\u021bia \u00een care ne \u00eendrept\u0103m\u201d, a spus el \u00eentr-un comunicat.<\/p>\n<p>&nbsp;<\/p>\n<p>Oficialii clubului au salutat prelungirea contractului ca pe o victorie major\u0103 pentru planurile lor pe termen lung. \u201eP\u0103strarea unui juc\u0103tor de calibrul s\u0103u este o declara\u021bie. Arat\u0103 angajamentul nostru de a construi o echip\u0103 competitiv\u0103 \u00een jurul unor talente cheie\u201d, a declarat directorul sportiv al clubului.<\/p>\n<p>&nbsp;<\/p>\n<p>Cu acest nou contract, Dinamo nu numai c\u0103 \u00ee\u0219i asigur\u0103 calitatea pe teren, dar \u00ee\u0219i consolideaz\u0103 \u0219i pozi\u021bia de lider \u0219i identitatea. Se a\u0219teapt\u0103 ca juc\u0103torul s\u0103 fie un element central \u00een tactica echipei \u0219i s\u0103 serveasc\u0103 drept model pentru membrii mai tineri ai lotului. Fanii au primit cu c\u0103ldur\u0103 vestea, consider\u00e2nd-o un pas crucial c\u0103tre restabilirea gloriei de odinioar\u0103 a lui Dinamo.<\/p>\n\n<div style=\"font-size: 0px; height: 0px; line-height: 0px; margin: 0; padding: 0; clear: both;\"><\/div>","protected":false},"excerpt":{"rendered":"<p>\u201cJuc\u0103torul de top al FC Dinamo semneaz\u0103 un nou contract pe 5 ani cu FC Dinamo Bucure\u0219ti\u2026.. &nbsp; Cel mai bun juc\u0103tor al lui FC Dinamo semneaz\u0103 un nou contract pe 5 ani cu FC Dinamo Bucure\u0219ti FC Dinamo Bucure\u0219ti \u0219i-a asigurat viitorul vedetei sale prin semnarea unui nou contract pe cinci ani, o mi\u0219care [&hellip;]<\/p>\n","protected":false},"author":19,"featured_media":62889,"comment_status":"open","ping_status":"open","sticky":false,"template":"","format":"standard","meta":{"_jetpack_memberships_contains_paid_content":false,"footnotes":""},"categories":[276],"tags":[419],"class_list":["post-62887","post","type-post","status-publish","format-standard","has-post-thumbnail","hentry","category-fcsb","tag-fc-dinamo-bucuresti"],"yoast_head":"<!-- This site is optimized with the Yoast SEO plugin v27.4 - https:\/\/yoast.com\/product\/yoast-seo-wordpress\/ -->\n<title>\u201cJuc\u0103torul de top al FC Dinamo semneaz\u0103 un nou contract pe 5 ani cu FC Dinamo Bucure\u0219ti\u2026..<\/title>\n<meta name=\"description\" content=\"\u201cJuc\u0103torul de top al FC Dinamo semneaz\u0103 un nou contract pe 5 ani cu FC Dinamo Bucure\u0219ti\u2026..\" \/>\n<meta name=\"robots\" content=\"index, follow, max-snippet:-1, max-image-preview:large, max-video-preview:-1\" \/>\n<link rel=\"canonical\" href=\"https:\/\/www.letsportsrock.com\/?p=62887\" \/>\n<meta property=\"og:locale\" content=\"en_US\" \/>\n<meta property=\"og:type\" content=\"article\" \/>\n<meta property=\"og:title\" content=\"\u201cJuc\u0103torul de top al FC Dinamo semneaz\u0103 un nou contract pe 5 ani cu FC Dinamo Bucure\u0219ti\u2026..\" \/>\n<meta property=\"og:description\" content=\"\u201cJuc\u0103torul de top al FC Dinamo semneaz\u0103 un nou contract pe 5 ani cu FC Dinamo Bucure\u0219ti\u2026..\" \/>\n<meta property=\"og:url\" content=\"https:\/\/www.letsportsrock.com\/?p=62887\" \/>\n<meta property=\"og:site_name\" content=\"letsportsrock\" \/>\n<meta property=\"article:published_time\" content=\"2025-09-13T06:15:31+00:00\" \/>\n<meta property=\"og:image\" content=\"https:\/\/www.letsportsrock.com\/wp-content\/uploads\/2025\/09\/andrei-nicolescu-transfer-dinamo.jpg\" \/>\n\t<meta property=\"og:image:width\" content=\"1920\" \/>\n\t<meta property=\"og:image:height\" content=\"1080\" \/>\n\t<meta property=\"og:image:type\" content=\"image\/jpeg\" \/>\n<meta name=\"author\" content=\"Benedict\" \/>\n<meta name=\"twitter:card\" content=\"summary_large_image\" \/>\n<meta name=\"twitter:label1\" content=\"Written by\" \/>\n\t<meta name=\"twitter:data1\" content=\"Benedict\" \/>\n\t<meta name=\"twitter:label2\" content=\"Est. reading time\" \/>\n\t<meta name=\"twitter:data2\" content=\"2 minutes\" \/>\n<script type=\"application\/ld+json\" class=\"yoast-schema-graph\">{\"@context\":\"https:\\\/\\\/schema.org\",\"@graph\":[{\"@type\":\"Article\",\"@id\":\"https:\\\/\\\/www.letsportsrock.com\\\/?p=62887#article\",\"isPartOf\":{\"@id\":\"https:\\\/\\\/www.letsportsrock.com\\\/?p=62887\"},\"author\":{\"name\":\"Benedict\",\"@id\":\"https:\\\/\\\/www.letsportsrock.com\\\/#\\\/schema\\\/person\\\/46ffa192b44abb5f73a64ac060b863c0\"},\"headline\":\"\u201cJuc\u0103torul de top al FC Dinamo semneaz\u0103 un nou contract pe 5 ani cu FC Dinamo Bucure\u0219ti\u2026..\",\"datePublished\":\"2025-09-13T06:15:31+00:00\",\"mainEntityOfPage\":{\"@id\":\"https:\\\/\\\/www.letsportsrock.com\\\/?p=62887\"},\"wordCount\":303,\"commentCount\":0,\"image\":{\"@id\":\"https:\\\/\\\/www.letsportsrock.com\\\/?p=62887#primaryimage\"},\"thumbnailUrl\":\"https:\\\/\\\/www.letsportsrock.com\\\/wp-content\\\/uploads\\\/2025\\\/09\\\/andrei-nicolescu-transfer-dinamo.jpg\",\"keywords\":[\"Fc Dinamo bucuresti\"],\"articleSection\":[\"FCSB\"],\"inLanguage\":\"en-US\",\"potentialAction\":[{\"@type\":\"CommentAction\",\"name\":\"Comment\",\"target\":[\"https:\\\/\\\/www.letsportsrock.com\\\/?p=62887#respond\"]}]},{\"@type\":\"WebPage\",\"@id\":\"https:\\\/\\\/www.letsportsrock.com\\\/?p=62887\",\"url\":\"https:\\\/\\\/www.letsportsrock.com\\\/?p=62887\",\"name\":\"\u201cJuc\u0103torul de top al FC Dinamo semneaz\u0103 un nou contract pe 5 ani cu FC Dinamo Bucure\u0219ti\u2026..\",\"isPartOf\":{\"@id\":\"https:\\\/\\\/www.letsportsrock.com\\\/#website\"},\"primaryImageOfPage\":{\"@id\":\"https:\\\/\\\/www.letsportsrock.com\\\/?p=62887#primaryimage\"},\"image\":{\"@id\":\"https:\\\/\\\/www.letsportsrock.com\\\/?p=62887#primaryimage\"},\"thumbnailUrl\":\"https:\\\/\\\/www.letsportsrock.com\\\/wp-content\\\/uploads\\\/2025\\\/09\\\/andrei-nicolescu-transfer-dinamo.jpg\",\"datePublished\":\"2025-09-13T06:15:31+00:00\",\"author\":{\"@id\":\"https:\\\/\\\/www.letsportsrock.com\\\/#\\\/schema\\\/person\\\/46ffa192b44abb5f73a64ac060b863c0\"},\"description\":\"\u201cJuc\u0103torul de top al FC Dinamo semneaz\u0103 un nou contract pe 5 ani cu FC Dinamo Bucure\u0219ti\u2026..\",\"breadcrumb\":{\"@id\":\"https:\\\/\\\/www.letsportsrock.com\\\/?p=62887#breadcrumb\"},\"inLanguage\":\"en-US\",\"potentialAction\":[{\"@type\":\"ReadAction\",\"target\":[\"https:\\\/\\\/www.letsportsrock.com\\\/?p=62887\"]}]},{\"@type\":\"ImageObject\",\"inLanguage\":\"en-US\",\"@id\":\"https:\\\/\\\/www.letsportsrock.com\\\/?p=62887#primaryimage\",\"url\":\"https:\\\/\\\/www.letsportsrock.com\\\/wp-content\\\/uploads\\\/2025\\\/09\\\/andrei-nicolescu-transfer-dinamo.jpg\",\"contentUrl\":\"https:\\\/\\\/www.letsportsrock.com\\\/wp-content\\\/uploads\\\/2025\\\/09\\\/andrei-nicolescu-transfer-dinamo.jpg\",\"width\":1920,\"height\":1080},{\"@type\":\"BreadcrumbList\",\"@id\":\"https:\\\/\\\/www.letsportsrock.com\\\/?p=62887#breadcrumb\",\"itemListElement\":[{\"@type\":\"ListItem\",\"position\":1,\"name\":\"Home\",\"item\":\"https:\\\/\\\/www.letsportsrock.com\\\/\"},{\"@type\":\"ListItem\",\"position\":2,\"name\":\"\u201cJuc\u0103torul de top al FC Dinamo semneaz\u0103 un nou contract pe 5 ani cu FC Dinamo Bucure\u0219ti\u2026..\"}]},{\"@type\":\"WebSite\",\"@id\":\"https:\\\/\\\/www.letsportsrock.com\\\/#website\",\"url\":\"https:\\\/\\\/www.letsportsrock.com\\\/\",\"name\":\"letsportsrock\",\"description\":\"Sport News and Updates\",\"potentialAction\":[{\"@type\":\"SearchAction\",\"target\":{\"@type\":\"EntryPoint\",\"urlTemplate\":\"https:\\\/\\\/www.letsportsrock.com\\\/?s={search_term_string}\"},\"query-input\":{\"@type\":\"PropertyValueSpecification\",\"valueRequired\":true,\"valueName\":\"search_term_string\"}}],\"inLanguage\":\"en-US\"},{\"@type\":\"Person\",\"@id\":\"https:\\\/\\\/www.letsportsrock.com\\\/#\\\/schema\\\/person\\\/46ffa192b44abb5f73a64ac060b863c0\",\"name\":\"Benedict\",\"image\":{\"@type\":\"ImageObject\",\"inLanguage\":\"en-US\",\"@id\":\"https:\\\/\\\/secure.gravatar.com\\\/avatar\\\/91345136d4e2206293ebdc22304c65968887191f0b832cb181dd8965f4de256b?s=96&d=mm&r=g\",\"url\":\"https:\\\/\\\/secure.gravatar.com\\\/avatar\\\/91345136d4e2206293ebdc22304c65968887191f0b832cb181dd8965f4de256b?s=96&d=mm&r=g\",\"contentUrl\":\"https:\\\/\\\/secure.gravatar.com\\\/avatar\\\/91345136d4e2206293ebdc22304c65968887191f0b832cb181dd8965f4de256b?s=96&d=mm&r=g\",\"caption\":\"Benedict\"},\"sameAs\":[\"https:\\\/\\\/www.letsportsrock.com\\\/wp-admin\\\/\"],\"url\":\"https:\\\/\\\/www.letsportsrock.com\\\/?author=19\"}]}<\/script>\n<!-- \/ Yoast SEO plugin. -->","yoast_head_json":{"title":"\u201cJuc\u0103torul de top al FC Dinamo semneaz\u0103 un nou contract pe 5 ani cu FC Dinamo Bucure\u0219ti\u2026..","description":"\u201cJuc\u0103torul de top al FC Dinamo semneaz\u0103 un nou contract pe 5 ani cu FC Dinamo Bucure\u0219ti\u2026..","robots":{"index":"index","follow":"follow","max-snippet":"max-snippet:-1","max-image-preview":"max-image-preview:large","max-video-preview":"max-video-preview:-1"},"canonical":"https:\/\/www.letsportsrock.com\/?p=62887","og_locale":"en_US","og_type":"article","og_title":"\u201cJuc\u0103torul de top al FC Dinamo semneaz\u0103 un nou contract pe 5 ani cu FC Dinamo Bucure\u0219ti\u2026..","og_description":"\u201cJuc\u0103torul de top al FC Dinamo semneaz\u0103 un nou contract pe 5 ani cu FC Dinamo Bucure\u0219ti\u2026..","og_url":"https:\/\/www.letsportsrock.com\/?p=62887","og_site_name":"letsportsrock","article_published_time":"2025-09-13T06:15:31+00:00","og_image":[{"width":1920,"height":1080,"url":"https:\/\/www.letsportsrock.com\/wp-content\/uploads\/2025\/09\/andrei-nicolescu-transfer-dinamo.jpg","type":"image\/jpeg"}],"author":"Benedict","twitter_card":"summary_large_image","twitter_misc":{"Written by":"Benedict","Est. reading time":"2 minutes"},"schema":{"@context":"https:\/\/schema.org","@graph":[{"@type":"Article","@id":"https:\/\/www.letsportsrock.com\/?p=62887#article","isPartOf":{"@id":"https:\/\/www.letsportsrock.com\/?p=62887"},"author":{"name":"Benedict","@id":"https:\/\/www.letsportsrock.com\/#\/schema\/person\/46ffa192b44abb5f73a64ac060b863c0"},"headline":"\u201cJuc\u0103torul de top al FC Dinamo semneaz\u0103 un nou contract pe 5 ani cu FC Dinamo Bucure\u0219ti\u2026..","datePublished":"2025-09-13T06:15:31+00:00","mainEntityOfPage":{"@id":"https:\/\/www.letsportsrock.com\/?p=62887"},"wordCount":303,"commentCount":0,"image":{"@id":"https:\/\/www.letsportsrock.com\/?p=62887#primaryimage"},"thumbnailUrl":"https:\/\/www.letsportsrock.com\/wp-content\/uploads\/2025\/09\/andrei-nicolescu-transfer-dinamo.jpg","keywords":["Fc Dinamo bucuresti"],"articleSection":["FCSB"],"inLanguage":"en-US","potentialAction":[{"@type":"CommentAction","name":"Comment","target":["https:\/\/www.letsportsrock.com\/?p=62887#respond"]}]},{"@type":"WebPage","@id":"https:\/\/www.letsportsrock.com\/?p=62887","url":"https:\/\/www.letsportsrock.com\/?p=62887","name":"\u201cJuc\u0103torul de top al FC Dinamo semneaz\u0103 un nou contract pe 5 ani cu FC Dinamo Bucure\u0219ti\u2026..","isPartOf":{"@id":"https:\/\/www.letsportsrock.com\/#website"},"primaryImageOfPage":{"@id":"https:\/\/www.letsportsrock.com\/?p=62887#primaryimage"},"image":{"@id":"https:\/\/www.letsportsrock.com\/?p=62887#primaryimage"},"thumbnailUrl":"https:\/\/www.letsportsrock.com\/wp-content\/uploads\/2025\/09\/andrei-nicolescu-transfer-dinamo.jpg","datePublished":"2025-09-13T06:15:31+00:00","author":{"@id":"https:\/\/www.letsportsrock.com\/#\/schema\/person\/46ffa192b44abb5f73a64ac060b863c0"},"description":"\u201cJuc\u0103torul de top al FC Dinamo semneaz\u0103 un nou contract pe 5 ani cu FC Dinamo Bucure\u0219ti\u2026..","breadcrumb":{"@id":"https:\/\/www.letsportsrock.com\/?p=62887#breadcrumb"},"inLanguage":"en-US","potentialAction":[{"@type":"ReadAction","target":["https:\/\/www.letsportsrock.com\/?p=62887"]}]},{"@type":"ImageObject","inLanguage":"en-US","@id":"https:\/\/www.letsportsrock.com\/?p=62887#primaryimage","url":"https:\/\/www.letsportsrock.com\/wp-content\/uploads\/2025\/09\/andrei-nicolescu-transfer-dinamo.jpg","contentUrl":"https:\/\/www.letsportsrock.com\/wp-content\/uploads\/2025\/09\/andrei-nicolescu-transfer-dinamo.jpg","width":1920,"height":1080},{"@type":"BreadcrumbList","@id":"https:\/\/www.letsportsrock.com\/?p=62887#breadcrumb","itemListElement":[{"@type":"ListItem","position":1,"name":"Home","item":"https:\/\/www.letsportsrock.com\/"},{"@type":"ListItem","position":2,"name":"\u201cJuc\u0103torul de top al FC Dinamo semneaz\u0103 un nou contract pe 5 ani cu FC Dinamo Bucure\u0219ti\u2026.."}]},{"@type":"WebSite","@id":"https:\/\/www.letsportsrock.com\/#website","url":"https:\/\/www.letsportsrock.com\/","name":"letsportsrock","description":"Sport News and Updates","potentialAction":[{"@type":"SearchAction","target":{"@type":"EntryPoint","urlTemplate":"https:\/\/www.letsportsrock.com\/?s={search_term_string}"},"query-input":{"@type":"PropertyValueSpecification","valueRequired":true,"valueName":"search_term_string"}}],"inLanguage":"en-US"},{"@type":"Person","@id":"https:\/\/www.letsportsrock.com\/#\/schema\/person\/46ffa192b44abb5f73a64ac060b863c0","name":"Benedict","image":{"@type":"ImageObject","inLanguage":"en-US","@id":"https:\/\/secure.gravatar.com\/avatar\/91345136d4e2206293ebdc22304c65968887191f0b832cb181dd8965f4de256b?s=96&d=mm&r=g","url":"https:\/\/secure.gravatar.com\/avatar\/91345136d4e2206293ebdc22304c65968887191f0b832cb181dd8965f4de256b?s=96&d=mm&r=g","contentUrl":"https:\/\/secure.gravatar.com\/avatar\/91345136d4e2206293ebdc22304c65968887191f0b832cb181dd8965f4de256b?s=96&d=mm&r=g","caption":"Benedict"},"sameAs":["https:\/\/www.letsportsrock.com\/wp-admin\/"],"url":"https:\/\/www.letsportsrock.com\/?author=19"}]}},"jetpack_featured_media_url":"https:\/\/www.letsportsrock.com\/wp-content\/uploads\/2025\/09\/andrei-nicolescu-transfer-dinamo.jpg","jetpack_sharing_enabled":true,"_links":{"self":[{"href":"https:\/\/www.letsportsrock.com\/index.php?rest_route=\/wp\/v2\/posts\/62887","targetHints":{"allow":["GET"]}}],"collection":[{"href":"https:\/\/www.letsportsrock.com\/index.php?rest_route=\/wp\/v2\/posts"}],"about":[{"href":"https:\/\/www.letsportsrock.com\/index.php?rest_route=\/wp\/v2\/types\/post"}],"author":[{"embeddable":true,"href":"https:\/\/www.letsportsrock.com\/index.php?rest_route=\/wp\/v2\/users\/19"}],"replies":[{"embeddable":true,"href":"https:\/\/www.letsportsrock.com\/index.php?rest_route=%2Fwp%2Fv2%2Fcomments&post=62887"}],"version-history":[{"count":1,"href":"https:\/\/www.letsportsrock.com\/index.php?rest_route=\/wp\/v2\/posts\/62887\/revisions"}],"predecessor-version":[{"id":62891,"href":"https:\/\/www.letsportsrock.com\/index.php?rest_route=\/wp\/v2\/posts\/62887\/revisions\/62891"}],"wp:featuredmedia":[{"embeddable":true,"href":"https:\/\/www.letsportsrock.com\/index.php?rest_route=\/wp\/v2\/media\/62889"}],"wp:attachment":[{"href":"https:\/\/www.letsportsrock.com\/index.php?rest_route=%2Fwp%2Fv2%2Fmedia&parent=62887"}],"wp:term":[{"taxonomy":"category","embeddable":true,"href":"https:\/\/www.letsportsrock.com\/index.php?rest_route=%2Fwp%2Fv2%2Fcategories&post=62887"},{"taxonomy":"post_tag","embeddable":true,"href":"https:\/\/www.letsportsrock.com\/index.php?rest_route=%2Fwp%2Fv2%2Ftags&post=62887"}],"curies":[{"name":"wp","href":"https:\/\/api.w.org\/{rel}","templated":true}]}}