{"id":63253,"date":"2025-09-25T20:28:47","date_gmt":"2025-09-25T20:28:47","guid":{"rendered":"https:\/\/www.letsportsrock.com\/?p=63253"},"modified":"2025-09-25T20:28:47","modified_gmt":"2025-09-25T20:28:47","slug":"ma-intorc-fostul-atacant-vedeta-al-lui-fc-dinamo-si-a-reziliat-contractul-cu-al-gharafa-sc-declarand-ca-va","status":"publish","type":"post","link":"https:\/\/www.letsportsrock.com\/?p=63253","title":{"rendered":"\u201eM\u0103 \u00eentorc\u201d. Fostul atacant vedet\u0103 al lui Fc Dinamo \u0219i-a reziliat contractul cu Al-Gharafa SC, declar\u00e2nd c\u0103 va&#8230;"},"content":{"rendered":"<div class=\"d79db4796efc26332eabfc3f5dafbc76\" data-index=\"1\" style=\"float: none; margin:10px 0 10px 0; text-align:center;\">\n<div class=\"hb-ad-inarticle\">\r\n    <div class=\"hb-ad-inner\"> \r\n    <div class=\"hbagency_cls\"  id=\"hbagency_space_111930\"><\/div><\/div> <\/div>\n<\/div>\n<p>\u201eM\u0103 \u00eentorc\u201d. Fostul atacant vedet\u0103 al lui Fc Dinamo \u0219i-a reziliat contractul cu Al-Gharafa SC, declar\u00e2nd c\u0103 va&#8230;<\/p>\n<p>&nbsp;<\/p>\n<p>\u201eM\u0103 \u00eentorc\u201d. Fostul atacant vedet\u0103 al lui FC Dinamo a decis s\u0103 \u00ee\u0219i rezilieze contractul cu Al-Gharafa SC, trimi\u021b\u00e2nd un val de emo\u021bie printre suporterii dinamovi\u0219ti. Dup\u0103 o perioad\u0103 petrecut\u0103 \u00een Qatar, unde a \u00eencercat o nou\u0103 provocare profesional\u0103, fotbalistul a hot\u0103r\u00e2t c\u0103 este momentul s\u0103 se \u00eentoarc\u0103 la clubul care l-a consacrat \u0219i unde a tr\u0103it cele mai importante momente ale carierei. \u00centr-o declara\u021bie sincer\u0103, acesta a spus c\u0103 sufletul s\u0103u a r\u0103mas mereu al\u0103turi de Dinamo \u0219i c\u0103 vrea s\u0103 revin\u0103 pentru a ajuta echipa \u00eentr-o etap\u0103 crucial\u0103 de reconstruc\u021bie.<\/p>\n<p><img loading=\"lazy\" decoding=\"async\" class=\"alignnone size-medium wp-image-63255\" src=\"https:\/\/www.letsportsrock.com\/wp-content\/uploads\/2025\/09\/fcf7c77e-0cf7-4305-afcc-d09fc277df21-1-300x169.jpg\" alt=\"\" width=\"300\" height=\"169\" srcset=\"https:\/\/www.letsportsrock.com\/wp-content\/uploads\/2025\/09\/fcf7c77e-0cf7-4305-afcc-d09fc277df21-1-300x169.jpg 300w, https:\/\/www.letsportsrock.com\/wp-content\/uploads\/2025\/09\/fcf7c77e-0cf7-4305-afcc-d09fc277df21-1.jpg 675w\" sizes=\"auto, (max-width: 300px) 100vw, 300px\" \/>Anun\u021bul s\u0103u a st\u00e2rnit imediat reac\u021bii puternice din partea fanilor, care v\u0103d \u00een aceast\u0103 revenire o gur\u0103 de oxigen \u0219i un semn al rena\u0219terii pentru club. Cu experien\u021ba acumulat\u0103 pe plan interna\u021bional \u0219i cu dorin\u021ba de a se sacrifica pentru culorile ro\u0219-albe, atacantul promite s\u0103 aduc\u0103 din nou bucuria golurilor \u00een \u201e\u0218tefan cel Mare\u201d. Conducerea clubului a salutat aceast\u0103 decizie \u0219i a subliniat c\u0103 revenirea lui poate fi sc\u00e2nteia de care echipa avea nevoie pentru a rec\u0103p\u0103ta \u00eencredere \u0219i for\u021b\u0103 \u00een lupta pentru obiectivele propuse.<\/p>\n<p>&nbsp;<\/p>\n<p>Astfel, povestea dintre Dinamo \u0219i fostul s\u0103u star continu\u0103, cu promisiunea unui nou capitol plin de speran\u021be \u0219i ambi\u021bii.<\/p>\n\n<div style=\"font-size: 0px; height: 0px; line-height: 0px; margin: 0; padding: 0; clear: both;\"><\/div>","protected":false},"excerpt":{"rendered":"<p>\u201eM\u0103 \u00eentorc\u201d. Fostul atacant vedet\u0103 al lui Fc Dinamo \u0219i-a reziliat contractul cu Al-Gharafa SC, declar\u00e2nd c\u0103 va&#8230; &nbsp; \u201eM\u0103 \u00eentorc\u201d. Fostul atacant vedet\u0103 al lui FC Dinamo a decis s\u0103 \u00ee\u0219i rezilieze contractul cu Al-Gharafa SC, trimi\u021b\u00e2nd un val de emo\u021bie printre suporterii dinamovi\u0219ti. Dup\u0103 o perioad\u0103 petrecut\u0103 \u00een Qatar, unde a \u00eencercat o [&hellip;]<\/p>\n","protected":false},"author":19,"featured_media":63254,"comment_status":"open","ping_status":"open","sticky":false,"template":"","format":"standard","meta":{"_jetpack_memberships_contains_paid_content":false,"footnotes":""},"categories":[276],"tags":[264],"class_list":["post-63253","post","type-post","status-publish","format-standard","has-post-thumbnail","hentry","category-fcsb","tag-fcsb"],"yoast_head":"<!-- This site is optimized with the Yoast SEO plugin v27.4 - https:\/\/yoast.com\/product\/yoast-seo-wordpress\/ -->\n<title>\u201eM\u0103 \u00eentorc\u201d. Fostul atacant vedet\u0103 al lui Fc Dinamo \u0219i-a reziliat contractul cu Al-Gharafa SC, declar\u00e2nd c\u0103 va...<\/title>\n<meta name=\"description\" content=\"\u201eM\u0103 \u00eentorc\u201d. Fostul atacant vedet\u0103 al lui Fc Dinamo \u0219i-a reziliat contractul cu Al-Gharafa SC, declar\u00e2nd c\u0103 va...\" \/>\n<meta name=\"robots\" content=\"index, follow, max-snippet:-1, max-image-preview:large, max-video-preview:-1\" \/>\n<link rel=\"canonical\" href=\"https:\/\/www.letsportsrock.com\/?p=63253\" \/>\n<meta property=\"og:locale\" content=\"en_US\" \/>\n<meta property=\"og:type\" content=\"article\" \/>\n<meta property=\"og:title\" content=\"\u201eM\u0103 \u00eentorc\u201d. Fostul atacant vedet\u0103 al lui Fc Dinamo \u0219i-a reziliat contractul cu Al-Gharafa SC, declar\u00e2nd c\u0103 va...\" \/>\n<meta property=\"og:description\" content=\"\u201eM\u0103 \u00eentorc\u201d. Fostul atacant vedet\u0103 al lui Fc Dinamo \u0219i-a reziliat contractul cu Al-Gharafa SC, declar\u00e2nd c\u0103 va...\" \/>\n<meta property=\"og:url\" content=\"https:\/\/www.letsportsrock.com\/?p=63253\" \/>\n<meta property=\"og:site_name\" content=\"letsportsrock\" \/>\n<meta property=\"article:published_time\" content=\"2025-09-25T20:28:47+00:00\" \/>\n<meta property=\"og:image\" content=\"https:\/\/www.letsportsrock.com\/wp-content\/uploads\/2025\/09\/fcf7c77e-0cf7-4305-afcc-d09fc277df21.jpg\" \/>\n\t<meta property=\"og:image:width\" content=\"675\" \/>\n\t<meta property=\"og:image:height\" content=\"380\" \/>\n\t<meta property=\"og:image:type\" content=\"image\/jpeg\" \/>\n<meta name=\"author\" content=\"Benedict\" \/>\n<meta name=\"twitter:card\" content=\"summary_large_image\" \/>\n<meta name=\"twitter:label1\" content=\"Written by\" \/>\n\t<meta name=\"twitter:data1\" content=\"Benedict\" \/>\n\t<meta name=\"twitter:label2\" content=\"Est. reading time\" \/>\n\t<meta name=\"twitter:data2\" content=\"2 minutes\" \/>\n<script type=\"application\/ld+json\" class=\"yoast-schema-graph\">{\"@context\":\"https:\\\/\\\/schema.org\",\"@graph\":[{\"@type\":\"Article\",\"@id\":\"https:\\\/\\\/www.letsportsrock.com\\\/?p=63253#article\",\"isPartOf\":{\"@id\":\"https:\\\/\\\/www.letsportsrock.com\\\/?p=63253\"},\"author\":{\"name\":\"Benedict\",\"@id\":\"https:\\\/\\\/www.letsportsrock.com\\\/#\\\/schema\\\/person\\\/46ffa192b44abb5f73a64ac060b863c0\"},\"headline\":\"\u201eM\u0103 \u00eentorc\u201d. Fostul atacant vedet\u0103 al lui Fc Dinamo \u0219i-a reziliat contractul cu Al-Gharafa SC, declar\u00e2nd c\u0103 va&#8230;\",\"datePublished\":\"2025-09-25T20:28:47+00:00\",\"mainEntityOfPage\":{\"@id\":\"https:\\\/\\\/www.letsportsrock.com\\\/?p=63253\"},\"wordCount\":263,\"commentCount\":0,\"image\":{\"@id\":\"https:\\\/\\\/www.letsportsrock.com\\\/?p=63253#primaryimage\"},\"thumbnailUrl\":\"https:\\\/\\\/www.letsportsrock.com\\\/wp-content\\\/uploads\\\/2025\\\/09\\\/fcf7c77e-0cf7-4305-afcc-d09fc277df21.jpg\",\"keywords\":[\"FCSB\"],\"articleSection\":[\"FCSB\"],\"inLanguage\":\"en-US\",\"potentialAction\":[{\"@type\":\"CommentAction\",\"name\":\"Comment\",\"target\":[\"https:\\\/\\\/www.letsportsrock.com\\\/?p=63253#respond\"]}]},{\"@type\":\"WebPage\",\"@id\":\"https:\\\/\\\/www.letsportsrock.com\\\/?p=63253\",\"url\":\"https:\\\/\\\/www.letsportsrock.com\\\/?p=63253\",\"name\":\"\u201eM\u0103 \u00eentorc\u201d. Fostul atacant vedet\u0103 al lui Fc Dinamo \u0219i-a reziliat contractul cu Al-Gharafa SC, declar\u00e2nd c\u0103 va...\",\"isPartOf\":{\"@id\":\"https:\\\/\\\/www.letsportsrock.com\\\/#website\"},\"primaryImageOfPage\":{\"@id\":\"https:\\\/\\\/www.letsportsrock.com\\\/?p=63253#primaryimage\"},\"image\":{\"@id\":\"https:\\\/\\\/www.letsportsrock.com\\\/?p=63253#primaryimage\"},\"thumbnailUrl\":\"https:\\\/\\\/www.letsportsrock.com\\\/wp-content\\\/uploads\\\/2025\\\/09\\\/fcf7c77e-0cf7-4305-afcc-d09fc277df21.jpg\",\"datePublished\":\"2025-09-25T20:28:47+00:00\",\"author\":{\"@id\":\"https:\\\/\\\/www.letsportsrock.com\\\/#\\\/schema\\\/person\\\/46ffa192b44abb5f73a64ac060b863c0\"},\"description\":\"\u201eM\u0103 \u00eentorc\u201d. Fostul atacant vedet\u0103 al lui Fc Dinamo \u0219i-a reziliat contractul cu Al-Gharafa SC, declar\u00e2nd c\u0103 va...\",\"breadcrumb\":{\"@id\":\"https:\\\/\\\/www.letsportsrock.com\\\/?p=63253#breadcrumb\"},\"inLanguage\":\"en-US\",\"potentialAction\":[{\"@type\":\"ReadAction\",\"target\":[\"https:\\\/\\\/www.letsportsrock.com\\\/?p=63253\"]}]},{\"@type\":\"ImageObject\",\"inLanguage\":\"en-US\",\"@id\":\"https:\\\/\\\/www.letsportsrock.com\\\/?p=63253#primaryimage\",\"url\":\"https:\\\/\\\/www.letsportsrock.com\\\/wp-content\\\/uploads\\\/2025\\\/09\\\/fcf7c77e-0cf7-4305-afcc-d09fc277df21.jpg\",\"contentUrl\":\"https:\\\/\\\/www.letsportsrock.com\\\/wp-content\\\/uploads\\\/2025\\\/09\\\/fcf7c77e-0cf7-4305-afcc-d09fc277df21.jpg\",\"width\":675,\"height\":380},{\"@type\":\"BreadcrumbList\",\"@id\":\"https:\\\/\\\/www.letsportsrock.com\\\/?p=63253#breadcrumb\",\"itemListElement\":[{\"@type\":\"ListItem\",\"position\":1,\"name\":\"Home\",\"item\":\"https:\\\/\\\/www.letsportsrock.com\\\/\"},{\"@type\":\"ListItem\",\"position\":2,\"name\":\"\u201eM\u0103 \u00eentorc\u201d. Fostul atacant vedet\u0103 al lui Fc Dinamo \u0219i-a reziliat contractul cu Al-Gharafa SC, declar\u00e2nd c\u0103 va&#8230;\"}]},{\"@type\":\"WebSite\",\"@id\":\"https:\\\/\\\/www.letsportsrock.com\\\/#website\",\"url\":\"https:\\\/\\\/www.letsportsrock.com\\\/\",\"name\":\"letsportsrock\",\"description\":\"Sport News and Updates\",\"potentialAction\":[{\"@type\":\"SearchAction\",\"target\":{\"@type\":\"EntryPoint\",\"urlTemplate\":\"https:\\\/\\\/www.letsportsrock.com\\\/?s={search_term_string}\"},\"query-input\":{\"@type\":\"PropertyValueSpecification\",\"valueRequired\":true,\"valueName\":\"search_term_string\"}}],\"inLanguage\":\"en-US\"},{\"@type\":\"Person\",\"@id\":\"https:\\\/\\\/www.letsportsrock.com\\\/#\\\/schema\\\/person\\\/46ffa192b44abb5f73a64ac060b863c0\",\"name\":\"Benedict\",\"image\":{\"@type\":\"ImageObject\",\"inLanguage\":\"en-US\",\"@id\":\"https:\\\/\\\/secure.gravatar.com\\\/avatar\\\/91345136d4e2206293ebdc22304c65968887191f0b832cb181dd8965f4de256b?s=96&d=mm&r=g\",\"url\":\"https:\\\/\\\/secure.gravatar.com\\\/avatar\\\/91345136d4e2206293ebdc22304c65968887191f0b832cb181dd8965f4de256b?s=96&d=mm&r=g\",\"contentUrl\":\"https:\\\/\\\/secure.gravatar.com\\\/avatar\\\/91345136d4e2206293ebdc22304c65968887191f0b832cb181dd8965f4de256b?s=96&d=mm&r=g\",\"caption\":\"Benedict\"},\"sameAs\":[\"https:\\\/\\\/www.letsportsrock.com\\\/wp-admin\\\/\"],\"url\":\"https:\\\/\\\/www.letsportsrock.com\\\/?author=19\"}]}<\/script>\n<!-- \/ Yoast SEO plugin. -->","yoast_head_json":{"title":"\u201eM\u0103 \u00eentorc\u201d. Fostul atacant vedet\u0103 al lui Fc Dinamo \u0219i-a reziliat contractul cu Al-Gharafa SC, declar\u00e2nd c\u0103 va...","description":"\u201eM\u0103 \u00eentorc\u201d. Fostul atacant vedet\u0103 al lui Fc Dinamo \u0219i-a reziliat contractul cu Al-Gharafa SC, declar\u00e2nd c\u0103 va...","robots":{"index":"index","follow":"follow","max-snippet":"max-snippet:-1","max-image-preview":"max-image-preview:large","max-video-preview":"max-video-preview:-1"},"canonical":"https:\/\/www.letsportsrock.com\/?p=63253","og_locale":"en_US","og_type":"article","og_title":"\u201eM\u0103 \u00eentorc\u201d. Fostul atacant vedet\u0103 al lui Fc Dinamo \u0219i-a reziliat contractul cu Al-Gharafa SC, declar\u00e2nd c\u0103 va...","og_description":"\u201eM\u0103 \u00eentorc\u201d. Fostul atacant vedet\u0103 al lui Fc Dinamo \u0219i-a reziliat contractul cu Al-Gharafa SC, declar\u00e2nd c\u0103 va...","og_url":"https:\/\/www.letsportsrock.com\/?p=63253","og_site_name":"letsportsrock","article_published_time":"2025-09-25T20:28:47+00:00","og_image":[{"width":675,"height":380,"url":"https:\/\/www.letsportsrock.com\/wp-content\/uploads\/2025\/09\/fcf7c77e-0cf7-4305-afcc-d09fc277df21.jpg","type":"image\/jpeg"}],"author":"Benedict","twitter_card":"summary_large_image","twitter_misc":{"Written by":"Benedict","Est. reading time":"2 minutes"},"schema":{"@context":"https:\/\/schema.org","@graph":[{"@type":"Article","@id":"https:\/\/www.letsportsrock.com\/?p=63253#article","isPartOf":{"@id":"https:\/\/www.letsportsrock.com\/?p=63253"},"author":{"name":"Benedict","@id":"https:\/\/www.letsportsrock.com\/#\/schema\/person\/46ffa192b44abb5f73a64ac060b863c0"},"headline":"\u201eM\u0103 \u00eentorc\u201d. Fostul atacant vedet\u0103 al lui Fc Dinamo \u0219i-a reziliat contractul cu Al-Gharafa SC, declar\u00e2nd c\u0103 va&#8230;","datePublished":"2025-09-25T20:28:47+00:00","mainEntityOfPage":{"@id":"https:\/\/www.letsportsrock.com\/?p=63253"},"wordCount":263,"commentCount":0,"image":{"@id":"https:\/\/www.letsportsrock.com\/?p=63253#primaryimage"},"thumbnailUrl":"https:\/\/www.letsportsrock.com\/wp-content\/uploads\/2025\/09\/fcf7c77e-0cf7-4305-afcc-d09fc277df21.jpg","keywords":["FCSB"],"articleSection":["FCSB"],"inLanguage":"en-US","potentialAction":[{"@type":"CommentAction","name":"Comment","target":["https:\/\/www.letsportsrock.com\/?p=63253#respond"]}]},{"@type":"WebPage","@id":"https:\/\/www.letsportsrock.com\/?p=63253","url":"https:\/\/www.letsportsrock.com\/?p=63253","name":"\u201eM\u0103 \u00eentorc\u201d. Fostul atacant vedet\u0103 al lui Fc Dinamo \u0219i-a reziliat contractul cu Al-Gharafa SC, declar\u00e2nd c\u0103 va...","isPartOf":{"@id":"https:\/\/www.letsportsrock.com\/#website"},"primaryImageOfPage":{"@id":"https:\/\/www.letsportsrock.com\/?p=63253#primaryimage"},"image":{"@id":"https:\/\/www.letsportsrock.com\/?p=63253#primaryimage"},"thumbnailUrl":"https:\/\/www.letsportsrock.com\/wp-content\/uploads\/2025\/09\/fcf7c77e-0cf7-4305-afcc-d09fc277df21.jpg","datePublished":"2025-09-25T20:28:47+00:00","author":{"@id":"https:\/\/www.letsportsrock.com\/#\/schema\/person\/46ffa192b44abb5f73a64ac060b863c0"},"description":"\u201eM\u0103 \u00eentorc\u201d. Fostul atacant vedet\u0103 al lui Fc Dinamo \u0219i-a reziliat contractul cu Al-Gharafa SC, declar\u00e2nd c\u0103 va...","breadcrumb":{"@id":"https:\/\/www.letsportsrock.com\/?p=63253#breadcrumb"},"inLanguage":"en-US","potentialAction":[{"@type":"ReadAction","target":["https:\/\/www.letsportsrock.com\/?p=63253"]}]},{"@type":"ImageObject","inLanguage":"en-US","@id":"https:\/\/www.letsportsrock.com\/?p=63253#primaryimage","url":"https:\/\/www.letsportsrock.com\/wp-content\/uploads\/2025\/09\/fcf7c77e-0cf7-4305-afcc-d09fc277df21.jpg","contentUrl":"https:\/\/www.letsportsrock.com\/wp-content\/uploads\/2025\/09\/fcf7c77e-0cf7-4305-afcc-d09fc277df21.jpg","width":675,"height":380},{"@type":"BreadcrumbList","@id":"https:\/\/www.letsportsrock.com\/?p=63253#breadcrumb","itemListElement":[{"@type":"ListItem","position":1,"name":"Home","item":"https:\/\/www.letsportsrock.com\/"},{"@type":"ListItem","position":2,"name":"\u201eM\u0103 \u00eentorc\u201d. Fostul atacant vedet\u0103 al lui Fc Dinamo \u0219i-a reziliat contractul cu Al-Gharafa SC, declar\u00e2nd c\u0103 va&#8230;"}]},{"@type":"WebSite","@id":"https:\/\/www.letsportsrock.com\/#website","url":"https:\/\/www.letsportsrock.com\/","name":"letsportsrock","description":"Sport News and Updates","potentialAction":[{"@type":"SearchAction","target":{"@type":"EntryPoint","urlTemplate":"https:\/\/www.letsportsrock.com\/?s={search_term_string}"},"query-input":{"@type":"PropertyValueSpecification","valueRequired":true,"valueName":"search_term_string"}}],"inLanguage":"en-US"},{"@type":"Person","@id":"https:\/\/www.letsportsrock.com\/#\/schema\/person\/46ffa192b44abb5f73a64ac060b863c0","name":"Benedict","image":{"@type":"ImageObject","inLanguage":"en-US","@id":"https:\/\/secure.gravatar.com\/avatar\/91345136d4e2206293ebdc22304c65968887191f0b832cb181dd8965f4de256b?s=96&d=mm&r=g","url":"https:\/\/secure.gravatar.com\/avatar\/91345136d4e2206293ebdc22304c65968887191f0b832cb181dd8965f4de256b?s=96&d=mm&r=g","contentUrl":"https:\/\/secure.gravatar.com\/avatar\/91345136d4e2206293ebdc22304c65968887191f0b832cb181dd8965f4de256b?s=96&d=mm&r=g","caption":"Benedict"},"sameAs":["https:\/\/www.letsportsrock.com\/wp-admin\/"],"url":"https:\/\/www.letsportsrock.com\/?author=19"}]}},"jetpack_featured_media_url":"https:\/\/www.letsportsrock.com\/wp-content\/uploads\/2025\/09\/fcf7c77e-0cf7-4305-afcc-d09fc277df21.jpg","jetpack_sharing_enabled":true,"_links":{"self":[{"href":"https:\/\/www.letsportsrock.com\/index.php?rest_route=\/wp\/v2\/posts\/63253","targetHints":{"allow":["GET"]}}],"collection":[{"href":"https:\/\/www.letsportsrock.com\/index.php?rest_route=\/wp\/v2\/posts"}],"about":[{"href":"https:\/\/www.letsportsrock.com\/index.php?rest_route=\/wp\/v2\/types\/post"}],"author":[{"embeddable":true,"href":"https:\/\/www.letsportsrock.com\/index.php?rest_route=\/wp\/v2\/users\/19"}],"replies":[{"embeddable":true,"href":"https:\/\/www.letsportsrock.com\/index.php?rest_route=%2Fwp%2Fv2%2Fcomments&post=63253"}],"version-history":[{"count":1,"href":"https:\/\/www.letsportsrock.com\/index.php?rest_route=\/wp\/v2\/posts\/63253\/revisions"}],"predecessor-version":[{"id":63256,"href":"https:\/\/www.letsportsrock.com\/index.php?rest_route=\/wp\/v2\/posts\/63253\/revisions\/63256"}],"wp:featuredmedia":[{"embeddable":true,"href":"https:\/\/www.letsportsrock.com\/index.php?rest_route=\/wp\/v2\/media\/63254"}],"wp:attachment":[{"href":"https:\/\/www.letsportsrock.com\/index.php?rest_route=%2Fwp%2Fv2%2Fmedia&parent=63253"}],"wp:term":[{"taxonomy":"category","embeddable":true,"href":"https:\/\/www.letsportsrock.com\/index.php?rest_route=%2Fwp%2Fv2%2Fcategories&post=63253"},{"taxonomy":"post_tag","embeddable":true,"href":"https:\/\/www.letsportsrock.com\/index.php?rest_route=%2Fwp%2Fv2%2Ftags&post=63253"}],"curies":[{"name":"wp","href":"https:\/\/api.w.org\/{rel}","templated":true}]}}