{"id":63278,"date":"2025-09-28T02:35:21","date_gmt":"2025-09-28T02:35:21","guid":{"rendered":"https:\/\/www.letsportsrock.com\/?p=63278"},"modified":"2025-09-28T02:35:21","modified_gmt":"2025-09-28T02:35:21","slug":"prea-trist-sa-ti-iau-ramas-bun-ionel-danciulescu-isi-reziliaza-contractul-cu-fc-dinamo-si-anunta-semnarea-cu","status":"publish","type":"post","link":"https:\/\/www.letsportsrock.com\/?p=63278","title":{"rendered":"Prea trist s\u0103-\u021bi iau r\u0103mas bun: Ionel D\u0103nciulescu \u00ee\u0219i reziliaz\u0103 contractul cu FC Dinamo \u0219i anun\u021b\u0103 semnarea cu&#8230;"},"content":{"rendered":"<div class=\"d79db4796efc26332eabfc3f5dafbc76\" data-index=\"1\" style=\"float: none; margin:10px 0 10px 0; text-align:center;\">\n<div class=\"hb-ad-inarticle\">\r\n    <div class=\"hb-ad-inner\"> \r\n    <div class=\"hbagency_cls\"  id=\"hbagency_space_111930\"><\/div><\/div> <\/div>\n<\/div>\n<p>Prea trist s\u0103-\u021bi iau r\u0103mas bun: Ionel D\u0103nciulescu \u00ee\u0219i reziliaz\u0103 contractul cu FC Dinamo \u0219i anun\u021b\u0103 semnarea cu&#8230;<\/p>\n<p>&nbsp;<\/p>\n<p>Prea trist s\u0103-\u021bi iau r\u0103mas bun \u2013 a\u0219a ar putea fi descris momentul prin care trece Ionel D\u0103nciulescu, una dintre figurile emblematice ale fotbalului rom\u00e2nesc \u0219i ale clubului FC Dinamo Bucure\u0219ti. Dup\u0103 o carier\u0103 legendar\u0103 \u0219i o implicare constant\u0103 \u00een structurile clubului din \u201e\u0218tefan cel Mare\u201d, D\u0103nciulescu a decis s\u0103 \u00ee\u0219i rezilieze contractul cu Dinamo, pun\u00e2nd punct unei colabor\u0103ri care a \u00eensemnat ani de loialitate, emo\u021bii \u0219i rezultate marcante. Vestea a venit ca un \u0219oc pentru mul\u021bi suporteri, care \u00eel vedeau \u00een continuare ca pe un simbol al echipei \u0219i un reper de profesionalism.<\/p>\n<p><img loading=\"lazy\" decoding=\"async\" class=\"alignnone size-medium wp-image-63280\" src=\"https:\/\/www.letsportsrock.com\/wp-content\/uploads\/2025\/09\/Ionel_Danciulescu-1-205x300.jpeg\" alt=\"\" width=\"205\" height=\"300\" srcset=\"https:\/\/www.letsportsrock.com\/wp-content\/uploads\/2025\/09\/Ionel_Danciulescu-1-205x300.jpeg 205w, https:\/\/www.letsportsrock.com\/wp-content\/uploads\/2025\/09\/Ionel_Danciulescu-1.jpeg 439w\" sizes=\"auto, (max-width: 205px) 100vw, 205px\" \/><\/p>\n<p>\u00centr-un mesaj emo\u021bionant, fostul atacant a transmis c\u0103 desp\u0103r\u021birea de Dinamo nu a fost o alegere u\u0219oar\u0103, \u00eens\u0103 circumstan\u021bele actuale l-au determinat s\u0103 fac\u0103 acest pas. Totodat\u0103, D\u0103nciulescu a confirmat c\u0103 nu va r\u0103m\u00e2ne departe de fotbal \u0219i c\u0103 a semnat deja un nou contract cu o alt\u0103 echip\u0103, detalii urm\u00e2nd s\u0103 fie f\u0103cute publice \u00een perioada imediat urm\u0103toare. Pentru dinamovi\u0219ti, plecarea sa las\u0103 un gol greu de umplut, \u00eens\u0103 cariera \u0219i devotamentul s\u0103u vor r\u0103m\u00e2ne mereu \u00een inimile fanilor. Este sf\u00e2r\u0219itul unui capitol, dar \u0219i \u00eenceputul unei noi provoc\u0103ri pentru unul dintre cei mai respecta\u021bi oameni ai fotbalului rom\u00e2nesc.<\/p>\n\n<div style=\"font-size: 0px; height: 0px; line-height: 0px; margin: 0; padding: 0; clear: both;\"><\/div>","protected":false},"excerpt":{"rendered":"<p>Prea trist s\u0103-\u021bi iau r\u0103mas bun: Ionel D\u0103nciulescu \u00ee\u0219i reziliaz\u0103 contractul cu FC Dinamo \u0219i anun\u021b\u0103 semnarea cu&#8230; &nbsp; Prea trist s\u0103-\u021bi iau r\u0103mas bun \u2013 a\u0219a ar putea fi descris momentul prin care trece Ionel D\u0103nciulescu, una dintre figurile emblematice ale fotbalului rom\u00e2nesc \u0219i ale clubului FC Dinamo Bucure\u0219ti. Dup\u0103 o carier\u0103 legendar\u0103 \u0219i [&hellip;]<\/p>\n","protected":false},"author":19,"featured_media":63279,"comment_status":"open","ping_status":"open","sticky":false,"template":"","format":"standard","meta":{"_jetpack_memberships_contains_paid_content":false,"footnotes":""},"categories":[276],"tags":[455],"class_list":["post-63278","post","type-post","status-publish","format-standard","has-post-thumbnail","hentry","category-fcsb","tag-fc-dinamo"],"yoast_head":"<!-- This site is optimized with the Yoast SEO plugin v27.4 - https:\/\/yoast.com\/product\/yoast-seo-wordpress\/ -->\n<title>Prea trist s\u0103-\u021bi iau r\u0103mas bun: Ionel D\u0103nciulescu \u00ee\u0219i reziliaz\u0103 contractul cu FC Dinamo \u0219i anun\u021b\u0103 semnarea cu...<\/title>\n<meta name=\"description\" content=\"Prea trist s\u0103-\u021bi iau r\u0103mas bun: Ionel D\u0103nciulescu \u00ee\u0219i reziliaz\u0103 contractul cu FC Dinamo \u0219i anun\u021b\u0103 semnarea cu...\" \/>\n<meta name=\"robots\" content=\"index, follow, max-snippet:-1, max-image-preview:large, max-video-preview:-1\" \/>\n<link rel=\"canonical\" href=\"https:\/\/www.letsportsrock.com\/?p=63278\" \/>\n<meta property=\"og:locale\" content=\"en_US\" \/>\n<meta property=\"og:type\" content=\"article\" \/>\n<meta property=\"og:title\" content=\"Prea trist s\u0103-\u021bi iau r\u0103mas bun: Ionel D\u0103nciulescu \u00ee\u0219i reziliaz\u0103 contractul cu FC Dinamo \u0219i anun\u021b\u0103 semnarea cu...\" \/>\n<meta property=\"og:description\" content=\"Prea trist s\u0103-\u021bi iau r\u0103mas bun: Ionel D\u0103nciulescu \u00ee\u0219i reziliaz\u0103 contractul cu FC Dinamo \u0219i anun\u021b\u0103 semnarea cu...\" \/>\n<meta property=\"og:url\" content=\"https:\/\/www.letsportsrock.com\/?p=63278\" \/>\n<meta property=\"og:site_name\" content=\"letsportsrock\" \/>\n<meta property=\"article:published_time\" content=\"2025-09-28T02:35:21+00:00\" \/>\n<meta property=\"og:image\" content=\"https:\/\/www.letsportsrock.com\/wp-content\/uploads\/2025\/09\/Ionel_Danciulescu.jpeg\" \/>\n\t<meta property=\"og:image:width\" content=\"439\" \/>\n\t<meta property=\"og:image:height\" content=\"644\" \/>\n\t<meta property=\"og:image:type\" content=\"image\/jpeg\" \/>\n<meta name=\"author\" content=\"Benedict\" \/>\n<meta name=\"twitter:card\" content=\"summary_large_image\" \/>\n<meta name=\"twitter:label1\" content=\"Written by\" \/>\n\t<meta name=\"twitter:data1\" content=\"Benedict\" \/>\n\t<meta name=\"twitter:label2\" content=\"Est. reading time\" \/>\n\t<meta name=\"twitter:data2\" content=\"2 minutes\" \/>\n<script type=\"application\/ld+json\" class=\"yoast-schema-graph\">{\"@context\":\"https:\\\/\\\/schema.org\",\"@graph\":[{\"@type\":\"Article\",\"@id\":\"https:\\\/\\\/www.letsportsrock.com\\\/?p=63278#article\",\"isPartOf\":{\"@id\":\"https:\\\/\\\/www.letsportsrock.com\\\/?p=63278\"},\"author\":{\"name\":\"Benedict\",\"@id\":\"https:\\\/\\\/www.letsportsrock.com\\\/#\\\/schema\\\/person\\\/46ffa192b44abb5f73a64ac060b863c0\"},\"headline\":\"Prea trist s\u0103-\u021bi iau r\u0103mas bun: Ionel D\u0103nciulescu \u00ee\u0219i reziliaz\u0103 contractul cu FC Dinamo \u0219i anun\u021b\u0103 semnarea cu&#8230;\",\"datePublished\":\"2025-09-28T02:35:21+00:00\",\"mainEntityOfPage\":{\"@id\":\"https:\\\/\\\/www.letsportsrock.com\\\/?p=63278\"},\"wordCount\":270,\"commentCount\":0,\"image\":{\"@id\":\"https:\\\/\\\/www.letsportsrock.com\\\/?p=63278#primaryimage\"},\"thumbnailUrl\":\"https:\\\/\\\/www.letsportsrock.com\\\/wp-content\\\/uploads\\\/2025\\\/09\\\/Ionel_Danciulescu.jpeg\",\"keywords\":[\"Fc Dinamo'\"],\"articleSection\":[\"FCSB\"],\"inLanguage\":\"en-US\",\"potentialAction\":[{\"@type\":\"CommentAction\",\"name\":\"Comment\",\"target\":[\"https:\\\/\\\/www.letsportsrock.com\\\/?p=63278#respond\"]}]},{\"@type\":\"WebPage\",\"@id\":\"https:\\\/\\\/www.letsportsrock.com\\\/?p=63278\",\"url\":\"https:\\\/\\\/www.letsportsrock.com\\\/?p=63278\",\"name\":\"Prea trist s\u0103-\u021bi iau r\u0103mas bun: Ionel D\u0103nciulescu \u00ee\u0219i reziliaz\u0103 contractul cu FC Dinamo \u0219i anun\u021b\u0103 semnarea cu...\",\"isPartOf\":{\"@id\":\"https:\\\/\\\/www.letsportsrock.com\\\/#website\"},\"primaryImageOfPage\":{\"@id\":\"https:\\\/\\\/www.letsportsrock.com\\\/?p=63278#primaryimage\"},\"image\":{\"@id\":\"https:\\\/\\\/www.letsportsrock.com\\\/?p=63278#primaryimage\"},\"thumbnailUrl\":\"https:\\\/\\\/www.letsportsrock.com\\\/wp-content\\\/uploads\\\/2025\\\/09\\\/Ionel_Danciulescu.jpeg\",\"datePublished\":\"2025-09-28T02:35:21+00:00\",\"author\":{\"@id\":\"https:\\\/\\\/www.letsportsrock.com\\\/#\\\/schema\\\/person\\\/46ffa192b44abb5f73a64ac060b863c0\"},\"description\":\"Prea trist s\u0103-\u021bi iau r\u0103mas bun: Ionel D\u0103nciulescu \u00ee\u0219i reziliaz\u0103 contractul cu FC Dinamo \u0219i anun\u021b\u0103 semnarea cu...\",\"breadcrumb\":{\"@id\":\"https:\\\/\\\/www.letsportsrock.com\\\/?p=63278#breadcrumb\"},\"inLanguage\":\"en-US\",\"potentialAction\":[{\"@type\":\"ReadAction\",\"target\":[\"https:\\\/\\\/www.letsportsrock.com\\\/?p=63278\"]}]},{\"@type\":\"ImageObject\",\"inLanguage\":\"en-US\",\"@id\":\"https:\\\/\\\/www.letsportsrock.com\\\/?p=63278#primaryimage\",\"url\":\"https:\\\/\\\/www.letsportsrock.com\\\/wp-content\\\/uploads\\\/2025\\\/09\\\/Ionel_Danciulescu.jpeg\",\"contentUrl\":\"https:\\\/\\\/www.letsportsrock.com\\\/wp-content\\\/uploads\\\/2025\\\/09\\\/Ionel_Danciulescu.jpeg\",\"width\":439,\"height\":644},{\"@type\":\"BreadcrumbList\",\"@id\":\"https:\\\/\\\/www.letsportsrock.com\\\/?p=63278#breadcrumb\",\"itemListElement\":[{\"@type\":\"ListItem\",\"position\":1,\"name\":\"Home\",\"item\":\"https:\\\/\\\/www.letsportsrock.com\\\/\"},{\"@type\":\"ListItem\",\"position\":2,\"name\":\"Prea trist s\u0103-\u021bi iau r\u0103mas bun: Ionel D\u0103nciulescu \u00ee\u0219i reziliaz\u0103 contractul cu FC Dinamo \u0219i anun\u021b\u0103 semnarea cu&#8230;\"}]},{\"@type\":\"WebSite\",\"@id\":\"https:\\\/\\\/www.letsportsrock.com\\\/#website\",\"url\":\"https:\\\/\\\/www.letsportsrock.com\\\/\",\"name\":\"letsportsrock\",\"description\":\"Sport News and Updates\",\"potentialAction\":[{\"@type\":\"SearchAction\",\"target\":{\"@type\":\"EntryPoint\",\"urlTemplate\":\"https:\\\/\\\/www.letsportsrock.com\\\/?s={search_term_string}\"},\"query-input\":{\"@type\":\"PropertyValueSpecification\",\"valueRequired\":true,\"valueName\":\"search_term_string\"}}],\"inLanguage\":\"en-US\"},{\"@type\":\"Person\",\"@id\":\"https:\\\/\\\/www.letsportsrock.com\\\/#\\\/schema\\\/person\\\/46ffa192b44abb5f73a64ac060b863c0\",\"name\":\"Benedict\",\"image\":{\"@type\":\"ImageObject\",\"inLanguage\":\"en-US\",\"@id\":\"https:\\\/\\\/secure.gravatar.com\\\/avatar\\\/91345136d4e2206293ebdc22304c65968887191f0b832cb181dd8965f4de256b?s=96&d=mm&r=g\",\"url\":\"https:\\\/\\\/secure.gravatar.com\\\/avatar\\\/91345136d4e2206293ebdc22304c65968887191f0b832cb181dd8965f4de256b?s=96&d=mm&r=g\",\"contentUrl\":\"https:\\\/\\\/secure.gravatar.com\\\/avatar\\\/91345136d4e2206293ebdc22304c65968887191f0b832cb181dd8965f4de256b?s=96&d=mm&r=g\",\"caption\":\"Benedict\"},\"sameAs\":[\"https:\\\/\\\/www.letsportsrock.com\\\/wp-admin\\\/\"],\"url\":\"https:\\\/\\\/www.letsportsrock.com\\\/?author=19\"}]}<\/script>\n<!-- \/ Yoast SEO plugin. -->","yoast_head_json":{"title":"Prea trist s\u0103-\u021bi iau r\u0103mas bun: Ionel D\u0103nciulescu \u00ee\u0219i reziliaz\u0103 contractul cu FC Dinamo \u0219i anun\u021b\u0103 semnarea cu...","description":"Prea trist s\u0103-\u021bi iau r\u0103mas bun: Ionel D\u0103nciulescu \u00ee\u0219i reziliaz\u0103 contractul cu FC Dinamo \u0219i anun\u021b\u0103 semnarea cu...","robots":{"index":"index","follow":"follow","max-snippet":"max-snippet:-1","max-image-preview":"max-image-preview:large","max-video-preview":"max-video-preview:-1"},"canonical":"https:\/\/www.letsportsrock.com\/?p=63278","og_locale":"en_US","og_type":"article","og_title":"Prea trist s\u0103-\u021bi iau r\u0103mas bun: Ionel D\u0103nciulescu \u00ee\u0219i reziliaz\u0103 contractul cu FC Dinamo \u0219i anun\u021b\u0103 semnarea cu...","og_description":"Prea trist s\u0103-\u021bi iau r\u0103mas bun: Ionel D\u0103nciulescu \u00ee\u0219i reziliaz\u0103 contractul cu FC Dinamo \u0219i anun\u021b\u0103 semnarea cu...","og_url":"https:\/\/www.letsportsrock.com\/?p=63278","og_site_name":"letsportsrock","article_published_time":"2025-09-28T02:35:21+00:00","og_image":[{"width":439,"height":644,"url":"https:\/\/www.letsportsrock.com\/wp-content\/uploads\/2025\/09\/Ionel_Danciulescu.jpeg","type":"image\/jpeg"}],"author":"Benedict","twitter_card":"summary_large_image","twitter_misc":{"Written by":"Benedict","Est. reading time":"2 minutes"},"schema":{"@context":"https:\/\/schema.org","@graph":[{"@type":"Article","@id":"https:\/\/www.letsportsrock.com\/?p=63278#article","isPartOf":{"@id":"https:\/\/www.letsportsrock.com\/?p=63278"},"author":{"name":"Benedict","@id":"https:\/\/www.letsportsrock.com\/#\/schema\/person\/46ffa192b44abb5f73a64ac060b863c0"},"headline":"Prea trist s\u0103-\u021bi iau r\u0103mas bun: Ionel D\u0103nciulescu \u00ee\u0219i reziliaz\u0103 contractul cu FC Dinamo \u0219i anun\u021b\u0103 semnarea cu&#8230;","datePublished":"2025-09-28T02:35:21+00:00","mainEntityOfPage":{"@id":"https:\/\/www.letsportsrock.com\/?p=63278"},"wordCount":270,"commentCount":0,"image":{"@id":"https:\/\/www.letsportsrock.com\/?p=63278#primaryimage"},"thumbnailUrl":"https:\/\/www.letsportsrock.com\/wp-content\/uploads\/2025\/09\/Ionel_Danciulescu.jpeg","keywords":["Fc Dinamo'"],"articleSection":["FCSB"],"inLanguage":"en-US","potentialAction":[{"@type":"CommentAction","name":"Comment","target":["https:\/\/www.letsportsrock.com\/?p=63278#respond"]}]},{"@type":"WebPage","@id":"https:\/\/www.letsportsrock.com\/?p=63278","url":"https:\/\/www.letsportsrock.com\/?p=63278","name":"Prea trist s\u0103-\u021bi iau r\u0103mas bun: Ionel D\u0103nciulescu \u00ee\u0219i reziliaz\u0103 contractul cu FC Dinamo \u0219i anun\u021b\u0103 semnarea cu...","isPartOf":{"@id":"https:\/\/www.letsportsrock.com\/#website"},"primaryImageOfPage":{"@id":"https:\/\/www.letsportsrock.com\/?p=63278#primaryimage"},"image":{"@id":"https:\/\/www.letsportsrock.com\/?p=63278#primaryimage"},"thumbnailUrl":"https:\/\/www.letsportsrock.com\/wp-content\/uploads\/2025\/09\/Ionel_Danciulescu.jpeg","datePublished":"2025-09-28T02:35:21+00:00","author":{"@id":"https:\/\/www.letsportsrock.com\/#\/schema\/person\/46ffa192b44abb5f73a64ac060b863c0"},"description":"Prea trist s\u0103-\u021bi iau r\u0103mas bun: Ionel D\u0103nciulescu \u00ee\u0219i reziliaz\u0103 contractul cu FC Dinamo \u0219i anun\u021b\u0103 semnarea cu...","breadcrumb":{"@id":"https:\/\/www.letsportsrock.com\/?p=63278#breadcrumb"},"inLanguage":"en-US","potentialAction":[{"@type":"ReadAction","target":["https:\/\/www.letsportsrock.com\/?p=63278"]}]},{"@type":"ImageObject","inLanguage":"en-US","@id":"https:\/\/www.letsportsrock.com\/?p=63278#primaryimage","url":"https:\/\/www.letsportsrock.com\/wp-content\/uploads\/2025\/09\/Ionel_Danciulescu.jpeg","contentUrl":"https:\/\/www.letsportsrock.com\/wp-content\/uploads\/2025\/09\/Ionel_Danciulescu.jpeg","width":439,"height":644},{"@type":"BreadcrumbList","@id":"https:\/\/www.letsportsrock.com\/?p=63278#breadcrumb","itemListElement":[{"@type":"ListItem","position":1,"name":"Home","item":"https:\/\/www.letsportsrock.com\/"},{"@type":"ListItem","position":2,"name":"Prea trist s\u0103-\u021bi iau r\u0103mas bun: Ionel D\u0103nciulescu \u00ee\u0219i reziliaz\u0103 contractul cu FC Dinamo \u0219i anun\u021b\u0103 semnarea cu&#8230;"}]},{"@type":"WebSite","@id":"https:\/\/www.letsportsrock.com\/#website","url":"https:\/\/www.letsportsrock.com\/","name":"letsportsrock","description":"Sport News and Updates","potentialAction":[{"@type":"SearchAction","target":{"@type":"EntryPoint","urlTemplate":"https:\/\/www.letsportsrock.com\/?s={search_term_string}"},"query-input":{"@type":"PropertyValueSpecification","valueRequired":true,"valueName":"search_term_string"}}],"inLanguage":"en-US"},{"@type":"Person","@id":"https:\/\/www.letsportsrock.com\/#\/schema\/person\/46ffa192b44abb5f73a64ac060b863c0","name":"Benedict","image":{"@type":"ImageObject","inLanguage":"en-US","@id":"https:\/\/secure.gravatar.com\/avatar\/91345136d4e2206293ebdc22304c65968887191f0b832cb181dd8965f4de256b?s=96&d=mm&r=g","url":"https:\/\/secure.gravatar.com\/avatar\/91345136d4e2206293ebdc22304c65968887191f0b832cb181dd8965f4de256b?s=96&d=mm&r=g","contentUrl":"https:\/\/secure.gravatar.com\/avatar\/91345136d4e2206293ebdc22304c65968887191f0b832cb181dd8965f4de256b?s=96&d=mm&r=g","caption":"Benedict"},"sameAs":["https:\/\/www.letsportsrock.com\/wp-admin\/"],"url":"https:\/\/www.letsportsrock.com\/?author=19"}]}},"jetpack_featured_media_url":"https:\/\/www.letsportsrock.com\/wp-content\/uploads\/2025\/09\/Ionel_Danciulescu.jpeg","jetpack_sharing_enabled":true,"_links":{"self":[{"href":"https:\/\/www.letsportsrock.com\/index.php?rest_route=\/wp\/v2\/posts\/63278","targetHints":{"allow":["GET"]}}],"collection":[{"href":"https:\/\/www.letsportsrock.com\/index.php?rest_route=\/wp\/v2\/posts"}],"about":[{"href":"https:\/\/www.letsportsrock.com\/index.php?rest_route=\/wp\/v2\/types\/post"}],"author":[{"embeddable":true,"href":"https:\/\/www.letsportsrock.com\/index.php?rest_route=\/wp\/v2\/users\/19"}],"replies":[{"embeddable":true,"href":"https:\/\/www.letsportsrock.com\/index.php?rest_route=%2Fwp%2Fv2%2Fcomments&post=63278"}],"version-history":[{"count":1,"href":"https:\/\/www.letsportsrock.com\/index.php?rest_route=\/wp\/v2\/posts\/63278\/revisions"}],"predecessor-version":[{"id":63281,"href":"https:\/\/www.letsportsrock.com\/index.php?rest_route=\/wp\/v2\/posts\/63278\/revisions\/63281"}],"wp:featuredmedia":[{"embeddable":true,"href":"https:\/\/www.letsportsrock.com\/index.php?rest_route=\/wp\/v2\/media\/63279"}],"wp:attachment":[{"href":"https:\/\/www.letsportsrock.com\/index.php?rest_route=%2Fwp%2Fv2%2Fmedia&parent=63278"}],"wp:term":[{"taxonomy":"category","embeddable":true,"href":"https:\/\/www.letsportsrock.com\/index.php?rest_route=%2Fwp%2Fv2%2Fcategories&post=63278"},{"taxonomy":"post_tag","embeddable":true,"href":"https:\/\/www.letsportsrock.com\/index.php?rest_route=%2Fwp%2Fv2%2Ftags&post=63278"}],"curies":[{"name":"wp","href":"https:\/\/api.w.org\/{rel}","templated":true}]}}