{"id":63298,"date":"2025-10-01T20:47:31","date_gmt":"2025-10-01T20:47:31","guid":{"rendered":"https:\/\/www.letsportsrock.com\/?p=63298"},"modified":"2025-10-01T20:47:31","modified_gmt":"2025-10-01T20:47:31","slug":"jucatorul-de-top-al-fc-dinamo-semneaza-un-nou-contract-pe-5-ani-cu-fc-dinamo-bucuresti-5","status":"publish","type":"post","link":"https:\/\/www.letsportsrock.com\/?p=63298","title":{"rendered":"**Juc\u0103torul de top al FC Dinamo semneaz\u0103 un nou contract pe 5 ani cu FC Dinamo Bucure\u0219ti**&#8230;"},"content":{"rendered":"<div class=\"d79db4796efc26332eabfc3f5dafbc76\" data-index=\"1\" style=\"float: none; margin:10px 0 10px 0; text-align:center;\">\n<div class=\"hb-ad-inarticle\">\r\n    <div class=\"hb-ad-inner\"> \r\n    <div class=\"hbagency_cls\"  id=\"hbagency_space_111930\"><\/div><\/div> <\/div>\n<\/div>\n<p>Juc\u0103torul de top al FC Dinamo semneaz\u0103 un nou contract pe 5 ani cu FC Dinamo Bucure\u0219ti<\/p>\n<p>&nbsp;<\/p>\n<p>FC Dinamo Bucure\u0219ti a f\u0103cut un pas decisiv \u00een direc\u021bia stabilit\u0103\u021bii \u0219i a continuit\u0103\u021bii prin semnarea unui nou contract pe 5 ani cu unul dintre juc\u0103torii s\u0103i de top. Anun\u021bul oficial a fost f\u0103cut ast\u0103zi, spre satisfac\u021bia suporterilor care a\u0219teptau confirmarea. Extinderea \u00een\u021belegerii demonstreaz\u0103 \u00eencrederea reciproc\u0103 dintre club \u0219i fotbalist, dar \u0219i dorin\u021ba de a construi un proiect solid, bazat pe performan\u021b\u0103 \u0219i loialitate.<\/p>\n<p>&nbsp;<\/p>\n<p>Juc\u0103torul, devenit deja o pies\u0103 esen\u021bial\u0103 \u00een angrenajul echipei, a fost curtat de mai multe cluburi din str\u0103in\u0103tate, \u00eens\u0103 a ales s\u0103 r\u0103m\u00e2n\u0103 \u00een \u201e\u0218tefan cel Mare\u201d, convins de planurile ambi\u021bioase ale conducerii \u0219i de sprijinul necondi\u021bionat al fanilor. Calit\u0103\u021bile sale tehnice, experien\u021ba acumulat\u0103 \u0219i determinarea de pe teren \u00eel transform\u0103 \u00eentr-un lider at\u00e2t \u00een vestiar, c\u00e2t \u0219i pe gazon.<\/p>\n<p>&nbsp;<\/p>\n<p>Pentru Dinamo, semn\u0103tura pe termen lung este o garan\u021bie a stabilit\u0103\u021bii, iar pentru suporteri reprezint\u0103 un motiv de bucurie \u0219i \u00eencredere \u00een viitor. Contractul pe 5 ani ofer\u0103 clubului \u0219ansa de a construi \u00een jurul s\u0103u o echip\u0103 competitiv\u0103, capabil\u0103 s\u0103 se lupte pentru trofee \u0219i s\u0103 readuc\u0103 gloria de alt\u0103dat\u0103. Dinamo transmite astfel un mesaj ferm: reconstruc\u021bia este real\u0103 \u0219i ireversibil\u0103.<\/p>\n\n<div style=\"font-size: 0px; height: 0px; line-height: 0px; margin: 0; padding: 0; clear: both;\"><\/div>","protected":false},"excerpt":{"rendered":"<p>Juc\u0103torul de top al FC Dinamo semneaz\u0103 un nou contract pe 5 ani cu FC Dinamo Bucure\u0219ti &nbsp; FC Dinamo Bucure\u0219ti a f\u0103cut un pas decisiv \u00een direc\u021bia stabilit\u0103\u021bii \u0219i a continuit\u0103\u021bii prin semnarea unui nou contract pe 5 ani cu unul dintre juc\u0103torii s\u0103i de top. Anun\u021bul oficial a fost f\u0103cut ast\u0103zi, spre satisfac\u021bia [&hellip;]<\/p>\n","protected":false},"author":19,"featured_media":63299,"comment_status":"open","ping_status":"open","sticky":false,"template":"","format":"standard","meta":{"_jetpack_memberships_contains_paid_content":false,"footnotes":""},"categories":[276],"tags":[455],"class_list":["post-63298","post","type-post","status-publish","format-standard","has-post-thumbnail","hentry","category-fcsb","tag-fc-dinamo"],"yoast_head":"<!-- This site is optimized with the Yoast SEO plugin v27.4 - https:\/\/yoast.com\/product\/yoast-seo-wordpress\/ -->\n<title>**Juc\u0103torul de top al FC Dinamo semneaz\u0103 un nou contract pe 5 ani cu FC Dinamo Bucure\u0219ti**<\/title>\n<meta name=\"description\" content=\"**Juc\u0103torul de top al FC Dinamo semneaz\u0103 un nou contract pe 5 ani cu FC Dinamo Bucure\u0219ti**\" \/>\n<meta name=\"robots\" content=\"index, follow, max-snippet:-1, max-image-preview:large, max-video-preview:-1\" \/>\n<link rel=\"canonical\" href=\"https:\/\/www.letsportsrock.com\/?p=63298\" \/>\n<meta property=\"og:locale\" content=\"en_US\" \/>\n<meta property=\"og:type\" content=\"article\" \/>\n<meta property=\"og:title\" content=\"**Juc\u0103torul de top al FC Dinamo semneaz\u0103 un nou contract pe 5 ani cu FC Dinamo Bucure\u0219ti**\" \/>\n<meta property=\"og:description\" content=\"**Juc\u0103torul de top al FC Dinamo semneaz\u0103 un nou contract pe 5 ani cu FC Dinamo Bucure\u0219ti**\" \/>\n<meta property=\"og:url\" content=\"https:\/\/www.letsportsrock.com\/?p=63298\" \/>\n<meta property=\"og:site_name\" content=\"letsportsrock\" \/>\n<meta property=\"article:published_time\" content=\"2025-10-01T20:47:31+00:00\" \/>\n<meta property=\"og:image\" content=\"https:\/\/www.letsportsrock.com\/wp-content\/uploads\/2025\/10\/images-2025-10-01T214604.977.jpeg\" \/>\n\t<meta property=\"og:image:width\" content=\"576\" \/>\n\t<meta property=\"og:image:height\" content=\"324\" \/>\n\t<meta property=\"og:image:type\" content=\"image\/jpeg\" \/>\n<meta name=\"author\" content=\"Benedict\" \/>\n<meta name=\"twitter:card\" content=\"summary_large_image\" \/>\n<meta name=\"twitter:label1\" content=\"Written by\" \/>\n\t<meta name=\"twitter:data1\" content=\"Benedict\" \/>\n\t<meta name=\"twitter:label2\" content=\"Est. reading time\" \/>\n\t<meta name=\"twitter:data2\" content=\"2 minutes\" \/>\n<script type=\"application\/ld+json\" class=\"yoast-schema-graph\">{\"@context\":\"https:\\\/\\\/schema.org\",\"@graph\":[{\"@type\":\"Article\",\"@id\":\"https:\\\/\\\/www.letsportsrock.com\\\/?p=63298#article\",\"isPartOf\":{\"@id\":\"https:\\\/\\\/www.letsportsrock.com\\\/?p=63298\"},\"author\":{\"name\":\"Benedict\",\"@id\":\"https:\\\/\\\/www.letsportsrock.com\\\/#\\\/schema\\\/person\\\/46ffa192b44abb5f73a64ac060b863c0\"},\"headline\":\"**Juc\u0103torul de top al FC Dinamo semneaz\u0103 un nou contract pe 5 ani cu FC Dinamo Bucure\u0219ti**&#8230;\",\"datePublished\":\"2025-10-01T20:47:31+00:00\",\"mainEntityOfPage\":{\"@id\":\"https:\\\/\\\/www.letsportsrock.com\\\/?p=63298\"},\"wordCount\":255,\"commentCount\":0,\"image\":{\"@id\":\"https:\\\/\\\/www.letsportsrock.com\\\/?p=63298#primaryimage\"},\"thumbnailUrl\":\"https:\\\/\\\/www.letsportsrock.com\\\/wp-content\\\/uploads\\\/2025\\\/10\\\/images-2025-10-01T214604.977.jpeg\",\"keywords\":[\"Fc Dinamo'\"],\"articleSection\":[\"FCSB\"],\"inLanguage\":\"en-US\",\"potentialAction\":[{\"@type\":\"CommentAction\",\"name\":\"Comment\",\"target\":[\"https:\\\/\\\/www.letsportsrock.com\\\/?p=63298#respond\"]}]},{\"@type\":\"WebPage\",\"@id\":\"https:\\\/\\\/www.letsportsrock.com\\\/?p=63298\",\"url\":\"https:\\\/\\\/www.letsportsrock.com\\\/?p=63298\",\"name\":\"**Juc\u0103torul de top al FC Dinamo semneaz\u0103 un nou contract pe 5 ani cu FC Dinamo Bucure\u0219ti**\",\"isPartOf\":{\"@id\":\"https:\\\/\\\/www.letsportsrock.com\\\/#website\"},\"primaryImageOfPage\":{\"@id\":\"https:\\\/\\\/www.letsportsrock.com\\\/?p=63298#primaryimage\"},\"image\":{\"@id\":\"https:\\\/\\\/www.letsportsrock.com\\\/?p=63298#primaryimage\"},\"thumbnailUrl\":\"https:\\\/\\\/www.letsportsrock.com\\\/wp-content\\\/uploads\\\/2025\\\/10\\\/images-2025-10-01T214604.977.jpeg\",\"datePublished\":\"2025-10-01T20:47:31+00:00\",\"author\":{\"@id\":\"https:\\\/\\\/www.letsportsrock.com\\\/#\\\/schema\\\/person\\\/46ffa192b44abb5f73a64ac060b863c0\"},\"description\":\"**Juc\u0103torul de top al FC Dinamo semneaz\u0103 un nou contract pe 5 ani cu FC Dinamo Bucure\u0219ti**\",\"breadcrumb\":{\"@id\":\"https:\\\/\\\/www.letsportsrock.com\\\/?p=63298#breadcrumb\"},\"inLanguage\":\"en-US\",\"potentialAction\":[{\"@type\":\"ReadAction\",\"target\":[\"https:\\\/\\\/www.letsportsrock.com\\\/?p=63298\"]}]},{\"@type\":\"ImageObject\",\"inLanguage\":\"en-US\",\"@id\":\"https:\\\/\\\/www.letsportsrock.com\\\/?p=63298#primaryimage\",\"url\":\"https:\\\/\\\/www.letsportsrock.com\\\/wp-content\\\/uploads\\\/2025\\\/10\\\/images-2025-10-01T214604.977.jpeg\",\"contentUrl\":\"https:\\\/\\\/www.letsportsrock.com\\\/wp-content\\\/uploads\\\/2025\\\/10\\\/images-2025-10-01T214604.977.jpeg\",\"width\":576,\"height\":324},{\"@type\":\"BreadcrumbList\",\"@id\":\"https:\\\/\\\/www.letsportsrock.com\\\/?p=63298#breadcrumb\",\"itemListElement\":[{\"@type\":\"ListItem\",\"position\":1,\"name\":\"Home\",\"item\":\"https:\\\/\\\/www.letsportsrock.com\\\/\"},{\"@type\":\"ListItem\",\"position\":2,\"name\":\"**Juc\u0103torul de top al FC Dinamo semneaz\u0103 un nou contract pe 5 ani cu FC Dinamo Bucure\u0219ti**&#8230;\"}]},{\"@type\":\"WebSite\",\"@id\":\"https:\\\/\\\/www.letsportsrock.com\\\/#website\",\"url\":\"https:\\\/\\\/www.letsportsrock.com\\\/\",\"name\":\"letsportsrock\",\"description\":\"Sport News and Updates\",\"potentialAction\":[{\"@type\":\"SearchAction\",\"target\":{\"@type\":\"EntryPoint\",\"urlTemplate\":\"https:\\\/\\\/www.letsportsrock.com\\\/?s={search_term_string}\"},\"query-input\":{\"@type\":\"PropertyValueSpecification\",\"valueRequired\":true,\"valueName\":\"search_term_string\"}}],\"inLanguage\":\"en-US\"},{\"@type\":\"Person\",\"@id\":\"https:\\\/\\\/www.letsportsrock.com\\\/#\\\/schema\\\/person\\\/46ffa192b44abb5f73a64ac060b863c0\",\"name\":\"Benedict\",\"image\":{\"@type\":\"ImageObject\",\"inLanguage\":\"en-US\",\"@id\":\"https:\\\/\\\/secure.gravatar.com\\\/avatar\\\/91345136d4e2206293ebdc22304c65968887191f0b832cb181dd8965f4de256b?s=96&d=mm&r=g\",\"url\":\"https:\\\/\\\/secure.gravatar.com\\\/avatar\\\/91345136d4e2206293ebdc22304c65968887191f0b832cb181dd8965f4de256b?s=96&d=mm&r=g\",\"contentUrl\":\"https:\\\/\\\/secure.gravatar.com\\\/avatar\\\/91345136d4e2206293ebdc22304c65968887191f0b832cb181dd8965f4de256b?s=96&d=mm&r=g\",\"caption\":\"Benedict\"},\"sameAs\":[\"https:\\\/\\\/www.letsportsrock.com\\\/wp-admin\\\/\"],\"url\":\"https:\\\/\\\/www.letsportsrock.com\\\/?author=19\"}]}<\/script>\n<!-- \/ Yoast SEO plugin. -->","yoast_head_json":{"title":"**Juc\u0103torul de top al FC Dinamo semneaz\u0103 un nou contract pe 5 ani cu FC Dinamo Bucure\u0219ti**","description":"**Juc\u0103torul de top al FC Dinamo semneaz\u0103 un nou contract pe 5 ani cu FC Dinamo Bucure\u0219ti**","robots":{"index":"index","follow":"follow","max-snippet":"max-snippet:-1","max-image-preview":"max-image-preview:large","max-video-preview":"max-video-preview:-1"},"canonical":"https:\/\/www.letsportsrock.com\/?p=63298","og_locale":"en_US","og_type":"article","og_title":"**Juc\u0103torul de top al FC Dinamo semneaz\u0103 un nou contract pe 5 ani cu FC Dinamo Bucure\u0219ti**","og_description":"**Juc\u0103torul de top al FC Dinamo semneaz\u0103 un nou contract pe 5 ani cu FC Dinamo Bucure\u0219ti**","og_url":"https:\/\/www.letsportsrock.com\/?p=63298","og_site_name":"letsportsrock","article_published_time":"2025-10-01T20:47:31+00:00","og_image":[{"width":576,"height":324,"url":"https:\/\/www.letsportsrock.com\/wp-content\/uploads\/2025\/10\/images-2025-10-01T214604.977.jpeg","type":"image\/jpeg"}],"author":"Benedict","twitter_card":"summary_large_image","twitter_misc":{"Written by":"Benedict","Est. reading time":"2 minutes"},"schema":{"@context":"https:\/\/schema.org","@graph":[{"@type":"Article","@id":"https:\/\/www.letsportsrock.com\/?p=63298#article","isPartOf":{"@id":"https:\/\/www.letsportsrock.com\/?p=63298"},"author":{"name":"Benedict","@id":"https:\/\/www.letsportsrock.com\/#\/schema\/person\/46ffa192b44abb5f73a64ac060b863c0"},"headline":"**Juc\u0103torul de top al FC Dinamo semneaz\u0103 un nou contract pe 5 ani cu FC Dinamo Bucure\u0219ti**&#8230;","datePublished":"2025-10-01T20:47:31+00:00","mainEntityOfPage":{"@id":"https:\/\/www.letsportsrock.com\/?p=63298"},"wordCount":255,"commentCount":0,"image":{"@id":"https:\/\/www.letsportsrock.com\/?p=63298#primaryimage"},"thumbnailUrl":"https:\/\/www.letsportsrock.com\/wp-content\/uploads\/2025\/10\/images-2025-10-01T214604.977.jpeg","keywords":["Fc Dinamo'"],"articleSection":["FCSB"],"inLanguage":"en-US","potentialAction":[{"@type":"CommentAction","name":"Comment","target":["https:\/\/www.letsportsrock.com\/?p=63298#respond"]}]},{"@type":"WebPage","@id":"https:\/\/www.letsportsrock.com\/?p=63298","url":"https:\/\/www.letsportsrock.com\/?p=63298","name":"**Juc\u0103torul de top al FC Dinamo semneaz\u0103 un nou contract pe 5 ani cu FC Dinamo Bucure\u0219ti**","isPartOf":{"@id":"https:\/\/www.letsportsrock.com\/#website"},"primaryImageOfPage":{"@id":"https:\/\/www.letsportsrock.com\/?p=63298#primaryimage"},"image":{"@id":"https:\/\/www.letsportsrock.com\/?p=63298#primaryimage"},"thumbnailUrl":"https:\/\/www.letsportsrock.com\/wp-content\/uploads\/2025\/10\/images-2025-10-01T214604.977.jpeg","datePublished":"2025-10-01T20:47:31+00:00","author":{"@id":"https:\/\/www.letsportsrock.com\/#\/schema\/person\/46ffa192b44abb5f73a64ac060b863c0"},"description":"**Juc\u0103torul de top al FC Dinamo semneaz\u0103 un nou contract pe 5 ani cu FC Dinamo Bucure\u0219ti**","breadcrumb":{"@id":"https:\/\/www.letsportsrock.com\/?p=63298#breadcrumb"},"inLanguage":"en-US","potentialAction":[{"@type":"ReadAction","target":["https:\/\/www.letsportsrock.com\/?p=63298"]}]},{"@type":"ImageObject","inLanguage":"en-US","@id":"https:\/\/www.letsportsrock.com\/?p=63298#primaryimage","url":"https:\/\/www.letsportsrock.com\/wp-content\/uploads\/2025\/10\/images-2025-10-01T214604.977.jpeg","contentUrl":"https:\/\/www.letsportsrock.com\/wp-content\/uploads\/2025\/10\/images-2025-10-01T214604.977.jpeg","width":576,"height":324},{"@type":"BreadcrumbList","@id":"https:\/\/www.letsportsrock.com\/?p=63298#breadcrumb","itemListElement":[{"@type":"ListItem","position":1,"name":"Home","item":"https:\/\/www.letsportsrock.com\/"},{"@type":"ListItem","position":2,"name":"**Juc\u0103torul de top al FC Dinamo semneaz\u0103 un nou contract pe 5 ani cu FC Dinamo Bucure\u0219ti**&#8230;"}]},{"@type":"WebSite","@id":"https:\/\/www.letsportsrock.com\/#website","url":"https:\/\/www.letsportsrock.com\/","name":"letsportsrock","description":"Sport News and Updates","potentialAction":[{"@type":"SearchAction","target":{"@type":"EntryPoint","urlTemplate":"https:\/\/www.letsportsrock.com\/?s={search_term_string}"},"query-input":{"@type":"PropertyValueSpecification","valueRequired":true,"valueName":"search_term_string"}}],"inLanguage":"en-US"},{"@type":"Person","@id":"https:\/\/www.letsportsrock.com\/#\/schema\/person\/46ffa192b44abb5f73a64ac060b863c0","name":"Benedict","image":{"@type":"ImageObject","inLanguage":"en-US","@id":"https:\/\/secure.gravatar.com\/avatar\/91345136d4e2206293ebdc22304c65968887191f0b832cb181dd8965f4de256b?s=96&d=mm&r=g","url":"https:\/\/secure.gravatar.com\/avatar\/91345136d4e2206293ebdc22304c65968887191f0b832cb181dd8965f4de256b?s=96&d=mm&r=g","contentUrl":"https:\/\/secure.gravatar.com\/avatar\/91345136d4e2206293ebdc22304c65968887191f0b832cb181dd8965f4de256b?s=96&d=mm&r=g","caption":"Benedict"},"sameAs":["https:\/\/www.letsportsrock.com\/wp-admin\/"],"url":"https:\/\/www.letsportsrock.com\/?author=19"}]}},"jetpack_featured_media_url":"https:\/\/www.letsportsrock.com\/wp-content\/uploads\/2025\/10\/images-2025-10-01T214604.977.jpeg","jetpack_sharing_enabled":true,"_links":{"self":[{"href":"https:\/\/www.letsportsrock.com\/index.php?rest_route=\/wp\/v2\/posts\/63298","targetHints":{"allow":["GET"]}}],"collection":[{"href":"https:\/\/www.letsportsrock.com\/index.php?rest_route=\/wp\/v2\/posts"}],"about":[{"href":"https:\/\/www.letsportsrock.com\/index.php?rest_route=\/wp\/v2\/types\/post"}],"author":[{"embeddable":true,"href":"https:\/\/www.letsportsrock.com\/index.php?rest_route=\/wp\/v2\/users\/19"}],"replies":[{"embeddable":true,"href":"https:\/\/www.letsportsrock.com\/index.php?rest_route=%2Fwp%2Fv2%2Fcomments&post=63298"}],"version-history":[{"count":1,"href":"https:\/\/www.letsportsrock.com\/index.php?rest_route=\/wp\/v2\/posts\/63298\/revisions"}],"predecessor-version":[{"id":63300,"href":"https:\/\/www.letsportsrock.com\/index.php?rest_route=\/wp\/v2\/posts\/63298\/revisions\/63300"}],"wp:featuredmedia":[{"embeddable":true,"href":"https:\/\/www.letsportsrock.com\/index.php?rest_route=\/wp\/v2\/media\/63299"}],"wp:attachment":[{"href":"https:\/\/www.letsportsrock.com\/index.php?rest_route=%2Fwp%2Fv2%2Fmedia&parent=63298"}],"wp:term":[{"taxonomy":"category","embeddable":true,"href":"https:\/\/www.letsportsrock.com\/index.php?rest_route=%2Fwp%2Fv2%2Fcategories&post=63298"},{"taxonomy":"post_tag","embeddable":true,"href":"https:\/\/www.letsportsrock.com\/index.php?rest_route=%2Fwp%2Fv2%2Ftags&post=63298"}],"curies":[{"name":"wp","href":"https:\/\/api.w.org\/{rel}","templated":true}]}}