{"id":63324,"date":"2025-10-03T21:29:38","date_gmt":"2025-10-03T21:29:38","guid":{"rendered":"https:\/\/www.letsportsrock.com\/?p=63324"},"modified":"2025-10-03T21:29:38","modified_gmt":"2025-10-03T21:29:38","slug":"cfr-cluj-pierde-transferul-jucatorul-vizat-de-ardeal-semneaza-cu-dinamo-o-stea-in-ascensiune-cu-un-talent-impresionant","status":"publish","type":"post","link":"https:\/\/www.letsportsrock.com\/?p=63324","title":{"rendered":"&#8230; CFR Cluj pierde transferul! Juc\u0103torul vizat de Ardeal semneaz\u0103 cu Dinamo: \u201eO stea \u00een ascensiune cu un talent impresionant\u201d&#8230;"},"content":{"rendered":"<div class=\"d79db4796efc26332eabfc3f5dafbc76\" data-index=\"1\" style=\"float: none; margin:10px 0 10px 0; text-align:center;\">\n<div class=\"hb-ad-inarticle\">\r\n    <div class=\"hb-ad-inner\"> \r\n    <div class=\"hbagency_cls\"  id=\"hbagency_space_111930\"><\/div><\/div> <\/div>\n<\/div>\n<p>&#8230; CFR Cluj pierde transferul! Juc\u0103torul vizat de Ardeal semneaz\u0103 cu Dinamo: \u201eO stea \u00een ascensiune cu un talent impresionant\u201d&#8230;<\/p>\n<p>&nbsp;<\/p>\n<p>CFR Cluj a ratat o mutare important\u0103 pe pia\u021ba transferurilor, dup\u0103 ce un juc\u0103tor promi\u021b\u0103tor, aflat \u00een vizorul forma\u021biei din Ardeal, a ales s\u0103 semneze cu Dinamo Bucure\u0219ti. De\u0219i oficialii clujeni \u0219i-au manifestat interesul pentru t\u00e2n\u0103rul fotbalist \u0219i p\u0103reau aproape de a-l aduce \u00een Gruia, negocierile s-au blocat, iar Dinamo a profitat rapid de ocazie pentru a-l convinge s\u0103 \u00eembrace tricoul alb-ro\u0219u.<\/p>\n<p><img loading=\"lazy\" decoding=\"async\" class=\"alignnone size-medium wp-image-63325\" src=\"https:\/\/www.letsportsrock.com\/wp-content\/uploads\/2025\/10\/images-2025-10-03T222634.042-300x185.jpeg\" alt=\"\" width=\"300\" height=\"185\" srcset=\"https:\/\/www.letsportsrock.com\/wp-content\/uploads\/2025\/10\/images-2025-10-03T222634.042-300x185.jpeg 300w, https:\/\/www.letsportsrock.com\/wp-content\/uploads\/2025\/10\/images-2025-10-03T222634.042.jpeg 705w\" sizes=\"auto, (max-width: 300px) 100vw, 300px\" \/>Surse din apropierea clubului sus\u021bin c\u0103 dinamovi\u0219tii au venit cu o ofert\u0103 mai atractiv\u0103, at\u00e2t din punct de vedere financiar, c\u00e2t \u0219i al proiectului sportiv, promi\u021b\u00e2ndu-i juc\u0103torului \u0219ansa de a evolua constant \u0219i de a fi parte din reconstruc\u021bia echipei. \u201eEste un juc\u0103tor promi\u021b\u0103tor, cu un talent remarcabil, care poate deveni un nume important \u00een fotbalul rom\u00e2nesc\u201d, au declarat oficialii lui Dinamo, entuziasma\u021bi de noua achizi\u021bie.<\/p>\n<p>&nbsp;<\/p>\n<p>Pentru CFR Cluj, aceast\u0103 pierdere reprezint\u0103 o lovitur\u0103, mai ales \u00een contextul \u00een care clubul \u00ee\u0219i dore\u0219te s\u0103 \u00ee\u0219i consolideze lotul pentru obiectivele interne \u0219i europene. Totu\u0219i, pentru Dinamo, transferul marcheaz\u0103 \u00eenc\u0103 un pas \u00een tentativa de revenire \u00een fruntea fotbalului rom\u00e2nesc, oferind fanilor speran\u021ba c\u0103 echipa va redeveni competitiv\u0103. Rivalitatea dintre cele dou\u0103 cluburi se aprinde astfel \u0219i pe pia\u021ba transferurilor.<\/p>\n\n<div style=\"font-size: 0px; height: 0px; line-height: 0px; margin: 0; padding: 0; clear: both;\"><\/div>","protected":false},"excerpt":{"rendered":"<p>&#8230; CFR Cluj pierde transferul! Juc\u0103torul vizat de Ardeal semneaz\u0103 cu Dinamo: \u201eO stea \u00een ascensiune cu un talent impresionant\u201d&#8230; &nbsp; CFR Cluj a ratat o mutare important\u0103 pe pia\u021ba transferurilor, dup\u0103 ce un juc\u0103tor promi\u021b\u0103tor, aflat \u00een vizorul forma\u021biei din Ardeal, a ales s\u0103 semneze cu Dinamo Bucure\u0219ti. De\u0219i oficialii clujeni \u0219i-au manifestat interesul [&hellip;]<\/p>\n","protected":false},"author":19,"featured_media":63326,"comment_status":"open","ping_status":"open","sticky":false,"template":"","format":"standard","meta":{"_jetpack_memberships_contains_paid_content":false,"footnotes":""},"categories":[276],"tags":[746],"class_list":["post-63324","post","type-post","status-publish","format-standard","has-post-thumbnail","hentry","category-fcsb","tag-fcsb-dinamo"],"yoast_head":"<!-- This site is optimized with the Yoast SEO plugin v27.4 - https:\/\/yoast.com\/product\/yoast-seo-wordpress\/ -->\n<title>... CFR Cluj pierde transferul! Juc\u0103torul vizat de Ardeal semneaz\u0103 cu Dinamo: \u201eO stea \u00een ascensiune cu un talent impresionant\u201d...<\/title>\n<meta name=\"description\" content=\"... CFR Cluj pierde transferul! Juc\u0103torul vizat de Ardeal semneaz\u0103 cu Dinamo: \u201eO stea \u00een ascensiune cu un talent impresionant\u201d...\" \/>\n<meta name=\"robots\" content=\"index, follow, max-snippet:-1, max-image-preview:large, max-video-preview:-1\" \/>\n<link rel=\"canonical\" href=\"https:\/\/www.letsportsrock.com\/?p=63324\" \/>\n<meta property=\"og:locale\" content=\"en_US\" \/>\n<meta property=\"og:type\" content=\"article\" \/>\n<meta property=\"og:title\" content=\"... CFR Cluj pierde transferul! Juc\u0103torul vizat de Ardeal semneaz\u0103 cu Dinamo: \u201eO stea \u00een ascensiune cu un talent impresionant\u201d...\" \/>\n<meta property=\"og:description\" content=\"... CFR Cluj pierde transferul! Juc\u0103torul vizat de Ardeal semneaz\u0103 cu Dinamo: \u201eO stea \u00een ascensiune cu un talent impresionant\u201d...\" \/>\n<meta property=\"og:url\" content=\"https:\/\/www.letsportsrock.com\/?p=63324\" \/>\n<meta property=\"og:site_name\" content=\"letsportsrock\" \/>\n<meta property=\"article:published_time\" content=\"2025-10-03T21:29:38+00:00\" \/>\n<meta property=\"og:image\" content=\"https:\/\/www.letsportsrock.com\/wp-content\/uploads\/2025\/10\/images-2025-10-03T222621.927.jpeg\" \/>\n\t<meta property=\"og:image:width\" content=\"678\" \/>\n\t<meta property=\"og:image:height\" content=\"452\" \/>\n\t<meta property=\"og:image:type\" content=\"image\/jpeg\" \/>\n<meta name=\"author\" content=\"Benedict\" \/>\n<meta name=\"twitter:card\" content=\"summary_large_image\" \/>\n<meta name=\"twitter:label1\" content=\"Written by\" \/>\n\t<meta name=\"twitter:data1\" content=\"Benedict\" \/>\n\t<meta name=\"twitter:label2\" content=\"Est. reading time\" \/>\n\t<meta name=\"twitter:data2\" content=\"2 minutes\" \/>\n<script type=\"application\/ld+json\" class=\"yoast-schema-graph\">{\"@context\":\"https:\\\/\\\/schema.org\",\"@graph\":[{\"@type\":\"Article\",\"@id\":\"https:\\\/\\\/www.letsportsrock.com\\\/?p=63324#article\",\"isPartOf\":{\"@id\":\"https:\\\/\\\/www.letsportsrock.com\\\/?p=63324\"},\"author\":{\"name\":\"Benedict\",\"@id\":\"https:\\\/\\\/www.letsportsrock.com\\\/#\\\/schema\\\/person\\\/46ffa192b44abb5f73a64ac060b863c0\"},\"headline\":\"&#8230; CFR Cluj pierde transferul! Juc\u0103torul vizat de Ardeal semneaz\u0103 cu Dinamo: \u201eO stea \u00een ascensiune cu un talent impresionant\u201d&#8230;\",\"datePublished\":\"2025-10-03T21:29:38+00:00\",\"mainEntityOfPage\":{\"@id\":\"https:\\\/\\\/www.letsportsrock.com\\\/?p=63324\"},\"wordCount\":259,\"commentCount\":0,\"image\":{\"@id\":\"https:\\\/\\\/www.letsportsrock.com\\\/?p=63324#primaryimage\"},\"thumbnailUrl\":\"https:\\\/\\\/www.letsportsrock.com\\\/wp-content\\\/uploads\\\/2025\\\/10\\\/images-2025-10-03T222621.927.jpeg\",\"keywords\":[\"Fcsb Dinamo\"],\"articleSection\":[\"FCSB\"],\"inLanguage\":\"en-US\",\"potentialAction\":[{\"@type\":\"CommentAction\",\"name\":\"Comment\",\"target\":[\"https:\\\/\\\/www.letsportsrock.com\\\/?p=63324#respond\"]}]},{\"@type\":\"WebPage\",\"@id\":\"https:\\\/\\\/www.letsportsrock.com\\\/?p=63324\",\"url\":\"https:\\\/\\\/www.letsportsrock.com\\\/?p=63324\",\"name\":\"... CFR Cluj pierde transferul! Juc\u0103torul vizat de Ardeal semneaz\u0103 cu Dinamo: \u201eO stea \u00een ascensiune cu un talent impresionant\u201d...\",\"isPartOf\":{\"@id\":\"https:\\\/\\\/www.letsportsrock.com\\\/#website\"},\"primaryImageOfPage\":{\"@id\":\"https:\\\/\\\/www.letsportsrock.com\\\/?p=63324#primaryimage\"},\"image\":{\"@id\":\"https:\\\/\\\/www.letsportsrock.com\\\/?p=63324#primaryimage\"},\"thumbnailUrl\":\"https:\\\/\\\/www.letsportsrock.com\\\/wp-content\\\/uploads\\\/2025\\\/10\\\/images-2025-10-03T222621.927.jpeg\",\"datePublished\":\"2025-10-03T21:29:38+00:00\",\"author\":{\"@id\":\"https:\\\/\\\/www.letsportsrock.com\\\/#\\\/schema\\\/person\\\/46ffa192b44abb5f73a64ac060b863c0\"},\"description\":\"... CFR Cluj pierde transferul! Juc\u0103torul vizat de Ardeal semneaz\u0103 cu Dinamo: \u201eO stea \u00een ascensiune cu un talent impresionant\u201d...\",\"breadcrumb\":{\"@id\":\"https:\\\/\\\/www.letsportsrock.com\\\/?p=63324#breadcrumb\"},\"inLanguage\":\"en-US\",\"potentialAction\":[{\"@type\":\"ReadAction\",\"target\":[\"https:\\\/\\\/www.letsportsrock.com\\\/?p=63324\"]}]},{\"@type\":\"ImageObject\",\"inLanguage\":\"en-US\",\"@id\":\"https:\\\/\\\/www.letsportsrock.com\\\/?p=63324#primaryimage\",\"url\":\"https:\\\/\\\/www.letsportsrock.com\\\/wp-content\\\/uploads\\\/2025\\\/10\\\/images-2025-10-03T222621.927.jpeg\",\"contentUrl\":\"https:\\\/\\\/www.letsportsrock.com\\\/wp-content\\\/uploads\\\/2025\\\/10\\\/images-2025-10-03T222621.927.jpeg\",\"width\":678,\"height\":452},{\"@type\":\"BreadcrumbList\",\"@id\":\"https:\\\/\\\/www.letsportsrock.com\\\/?p=63324#breadcrumb\",\"itemListElement\":[{\"@type\":\"ListItem\",\"position\":1,\"name\":\"Home\",\"item\":\"https:\\\/\\\/www.letsportsrock.com\\\/\"},{\"@type\":\"ListItem\",\"position\":2,\"name\":\"&#8230; CFR Cluj pierde transferul! Juc\u0103torul vizat de Ardeal semneaz\u0103 cu Dinamo: \u201eO stea \u00een ascensiune cu un talent impresionant\u201d&#8230;\"}]},{\"@type\":\"WebSite\",\"@id\":\"https:\\\/\\\/www.letsportsrock.com\\\/#website\",\"url\":\"https:\\\/\\\/www.letsportsrock.com\\\/\",\"name\":\"letsportsrock\",\"description\":\"Sport News and Updates\",\"potentialAction\":[{\"@type\":\"SearchAction\",\"target\":{\"@type\":\"EntryPoint\",\"urlTemplate\":\"https:\\\/\\\/www.letsportsrock.com\\\/?s={search_term_string}\"},\"query-input\":{\"@type\":\"PropertyValueSpecification\",\"valueRequired\":true,\"valueName\":\"search_term_string\"}}],\"inLanguage\":\"en-US\"},{\"@type\":\"Person\",\"@id\":\"https:\\\/\\\/www.letsportsrock.com\\\/#\\\/schema\\\/person\\\/46ffa192b44abb5f73a64ac060b863c0\",\"name\":\"Benedict\",\"image\":{\"@type\":\"ImageObject\",\"inLanguage\":\"en-US\",\"@id\":\"https:\\\/\\\/secure.gravatar.com\\\/avatar\\\/91345136d4e2206293ebdc22304c65968887191f0b832cb181dd8965f4de256b?s=96&d=mm&r=g\",\"url\":\"https:\\\/\\\/secure.gravatar.com\\\/avatar\\\/91345136d4e2206293ebdc22304c65968887191f0b832cb181dd8965f4de256b?s=96&d=mm&r=g\",\"contentUrl\":\"https:\\\/\\\/secure.gravatar.com\\\/avatar\\\/91345136d4e2206293ebdc22304c65968887191f0b832cb181dd8965f4de256b?s=96&d=mm&r=g\",\"caption\":\"Benedict\"},\"sameAs\":[\"https:\\\/\\\/www.letsportsrock.com\\\/wp-admin\\\/\"],\"url\":\"https:\\\/\\\/www.letsportsrock.com\\\/?author=19\"}]}<\/script>\n<!-- \/ Yoast SEO plugin. -->","yoast_head_json":{"title":"... CFR Cluj pierde transferul! Juc\u0103torul vizat de Ardeal semneaz\u0103 cu Dinamo: \u201eO stea \u00een ascensiune cu un talent impresionant\u201d...","description":"... CFR Cluj pierde transferul! Juc\u0103torul vizat de Ardeal semneaz\u0103 cu Dinamo: \u201eO stea \u00een ascensiune cu un talent impresionant\u201d...","robots":{"index":"index","follow":"follow","max-snippet":"max-snippet:-1","max-image-preview":"max-image-preview:large","max-video-preview":"max-video-preview:-1"},"canonical":"https:\/\/www.letsportsrock.com\/?p=63324","og_locale":"en_US","og_type":"article","og_title":"... CFR Cluj pierde transferul! Juc\u0103torul vizat de Ardeal semneaz\u0103 cu Dinamo: \u201eO stea \u00een ascensiune cu un talent impresionant\u201d...","og_description":"... CFR Cluj pierde transferul! Juc\u0103torul vizat de Ardeal semneaz\u0103 cu Dinamo: \u201eO stea \u00een ascensiune cu un talent impresionant\u201d...","og_url":"https:\/\/www.letsportsrock.com\/?p=63324","og_site_name":"letsportsrock","article_published_time":"2025-10-03T21:29:38+00:00","og_image":[{"width":678,"height":452,"url":"https:\/\/www.letsportsrock.com\/wp-content\/uploads\/2025\/10\/images-2025-10-03T222621.927.jpeg","type":"image\/jpeg"}],"author":"Benedict","twitter_card":"summary_large_image","twitter_misc":{"Written by":"Benedict","Est. reading time":"2 minutes"},"schema":{"@context":"https:\/\/schema.org","@graph":[{"@type":"Article","@id":"https:\/\/www.letsportsrock.com\/?p=63324#article","isPartOf":{"@id":"https:\/\/www.letsportsrock.com\/?p=63324"},"author":{"name":"Benedict","@id":"https:\/\/www.letsportsrock.com\/#\/schema\/person\/46ffa192b44abb5f73a64ac060b863c0"},"headline":"&#8230; CFR Cluj pierde transferul! Juc\u0103torul vizat de Ardeal semneaz\u0103 cu Dinamo: \u201eO stea \u00een ascensiune cu un talent impresionant\u201d&#8230;","datePublished":"2025-10-03T21:29:38+00:00","mainEntityOfPage":{"@id":"https:\/\/www.letsportsrock.com\/?p=63324"},"wordCount":259,"commentCount":0,"image":{"@id":"https:\/\/www.letsportsrock.com\/?p=63324#primaryimage"},"thumbnailUrl":"https:\/\/www.letsportsrock.com\/wp-content\/uploads\/2025\/10\/images-2025-10-03T222621.927.jpeg","keywords":["Fcsb Dinamo"],"articleSection":["FCSB"],"inLanguage":"en-US","potentialAction":[{"@type":"CommentAction","name":"Comment","target":["https:\/\/www.letsportsrock.com\/?p=63324#respond"]}]},{"@type":"WebPage","@id":"https:\/\/www.letsportsrock.com\/?p=63324","url":"https:\/\/www.letsportsrock.com\/?p=63324","name":"... CFR Cluj pierde transferul! Juc\u0103torul vizat de Ardeal semneaz\u0103 cu Dinamo: \u201eO stea \u00een ascensiune cu un talent impresionant\u201d...","isPartOf":{"@id":"https:\/\/www.letsportsrock.com\/#website"},"primaryImageOfPage":{"@id":"https:\/\/www.letsportsrock.com\/?p=63324#primaryimage"},"image":{"@id":"https:\/\/www.letsportsrock.com\/?p=63324#primaryimage"},"thumbnailUrl":"https:\/\/www.letsportsrock.com\/wp-content\/uploads\/2025\/10\/images-2025-10-03T222621.927.jpeg","datePublished":"2025-10-03T21:29:38+00:00","author":{"@id":"https:\/\/www.letsportsrock.com\/#\/schema\/person\/46ffa192b44abb5f73a64ac060b863c0"},"description":"... CFR Cluj pierde transferul! Juc\u0103torul vizat de Ardeal semneaz\u0103 cu Dinamo: \u201eO stea \u00een ascensiune cu un talent impresionant\u201d...","breadcrumb":{"@id":"https:\/\/www.letsportsrock.com\/?p=63324#breadcrumb"},"inLanguage":"en-US","potentialAction":[{"@type":"ReadAction","target":["https:\/\/www.letsportsrock.com\/?p=63324"]}]},{"@type":"ImageObject","inLanguage":"en-US","@id":"https:\/\/www.letsportsrock.com\/?p=63324#primaryimage","url":"https:\/\/www.letsportsrock.com\/wp-content\/uploads\/2025\/10\/images-2025-10-03T222621.927.jpeg","contentUrl":"https:\/\/www.letsportsrock.com\/wp-content\/uploads\/2025\/10\/images-2025-10-03T222621.927.jpeg","width":678,"height":452},{"@type":"BreadcrumbList","@id":"https:\/\/www.letsportsrock.com\/?p=63324#breadcrumb","itemListElement":[{"@type":"ListItem","position":1,"name":"Home","item":"https:\/\/www.letsportsrock.com\/"},{"@type":"ListItem","position":2,"name":"&#8230; CFR Cluj pierde transferul! Juc\u0103torul vizat de Ardeal semneaz\u0103 cu Dinamo: \u201eO stea \u00een ascensiune cu un talent impresionant\u201d&#8230;"}]},{"@type":"WebSite","@id":"https:\/\/www.letsportsrock.com\/#website","url":"https:\/\/www.letsportsrock.com\/","name":"letsportsrock","description":"Sport News and Updates","potentialAction":[{"@type":"SearchAction","target":{"@type":"EntryPoint","urlTemplate":"https:\/\/www.letsportsrock.com\/?s={search_term_string}"},"query-input":{"@type":"PropertyValueSpecification","valueRequired":true,"valueName":"search_term_string"}}],"inLanguage":"en-US"},{"@type":"Person","@id":"https:\/\/www.letsportsrock.com\/#\/schema\/person\/46ffa192b44abb5f73a64ac060b863c0","name":"Benedict","image":{"@type":"ImageObject","inLanguage":"en-US","@id":"https:\/\/secure.gravatar.com\/avatar\/91345136d4e2206293ebdc22304c65968887191f0b832cb181dd8965f4de256b?s=96&d=mm&r=g","url":"https:\/\/secure.gravatar.com\/avatar\/91345136d4e2206293ebdc22304c65968887191f0b832cb181dd8965f4de256b?s=96&d=mm&r=g","contentUrl":"https:\/\/secure.gravatar.com\/avatar\/91345136d4e2206293ebdc22304c65968887191f0b832cb181dd8965f4de256b?s=96&d=mm&r=g","caption":"Benedict"},"sameAs":["https:\/\/www.letsportsrock.com\/wp-admin\/"],"url":"https:\/\/www.letsportsrock.com\/?author=19"}]}},"jetpack_featured_media_url":"https:\/\/www.letsportsrock.com\/wp-content\/uploads\/2025\/10\/images-2025-10-03T222621.927.jpeg","jetpack_sharing_enabled":true,"_links":{"self":[{"href":"https:\/\/www.letsportsrock.com\/index.php?rest_route=\/wp\/v2\/posts\/63324","targetHints":{"allow":["GET"]}}],"collection":[{"href":"https:\/\/www.letsportsrock.com\/index.php?rest_route=\/wp\/v2\/posts"}],"about":[{"href":"https:\/\/www.letsportsrock.com\/index.php?rest_route=\/wp\/v2\/types\/post"}],"author":[{"embeddable":true,"href":"https:\/\/www.letsportsrock.com\/index.php?rest_route=\/wp\/v2\/users\/19"}],"replies":[{"embeddable":true,"href":"https:\/\/www.letsportsrock.com\/index.php?rest_route=%2Fwp%2Fv2%2Fcomments&post=63324"}],"version-history":[{"count":1,"href":"https:\/\/www.letsportsrock.com\/index.php?rest_route=\/wp\/v2\/posts\/63324\/revisions"}],"predecessor-version":[{"id":63327,"href":"https:\/\/www.letsportsrock.com\/index.php?rest_route=\/wp\/v2\/posts\/63324\/revisions\/63327"}],"wp:featuredmedia":[{"embeddable":true,"href":"https:\/\/www.letsportsrock.com\/index.php?rest_route=\/wp\/v2\/media\/63326"}],"wp:attachment":[{"href":"https:\/\/www.letsportsrock.com\/index.php?rest_route=%2Fwp%2Fv2%2Fmedia&parent=63324"}],"wp:term":[{"taxonomy":"category","embeddable":true,"href":"https:\/\/www.letsportsrock.com\/index.php?rest_route=%2Fwp%2Fv2%2Fcategories&post=63324"},{"taxonomy":"post_tag","embeddable":true,"href":"https:\/\/www.letsportsrock.com\/index.php?rest_route=%2Fwp%2Fv2%2Ftags&post=63324"}],"curies":[{"name":"wp","href":"https:\/\/api.w.org\/{rel}","templated":true}]}}