{"id":63406,"date":"2025-10-05T10:21:53","date_gmt":"2025-10-05T10:21:53","guid":{"rendered":"https:\/\/www.letsportsrock.com\/?p=63406"},"modified":"2025-10-05T10:21:53","modified_gmt":"2025-10-05T10:21:53","slug":"tragedie-v-usa-muz-obvineny-z-vrazdy-ukrajinske-uprchlice-ve-vlaku-v-severni-karoline-celi-federalnimu-obvineni","status":"publish","type":"post","link":"https:\/\/www.letsportsrock.com\/?p=63406","title":{"rendered":"Trag\u00e9die v USA: Mu\u017e obvin\u011bn\u00fd z vra\u017edy ukrajinsk\u00e9 uprchlice ve vlaku v Severn\u00ed Karol\u00edn\u011b \u010del\u00ed feder\u00e1ln\u00edmu obvin\u011bn\u00ed"},"content":{"rendered":"<div class=\"d79db4796efc26332eabfc3f5dafbc76\" data-index=\"1\" style=\"float: none; margin:10px 0 10px 0; text-align:center;\">\n<div class=\"hb-ad-inarticle\">\r\n    <div class=\"hb-ad-inner\"> \r\n    <div class=\"hbagency_cls\"  id=\"hbagency_space_111930\"><\/div><\/div> <\/div>\n<\/div>\n<p>\u0160okuj\u00edc\u00ed trag\u00e9die se odehr\u00e1la v Severn\u00ed Karol\u00edn\u011b, kde mu\u017e obvin\u011bn\u00fd ze zabit\u00ed ukrajinsk\u00e9 uprchlice ve vlaku nyn\u00ed \u010del\u00ed feder\u00e1ln\u00edmu obvin\u011bn\u00ed.<\/p>\n<p>\u00da\u0159ady potvrdily, \u017ee podez\u0159el\u00fd, jeho\u017e jm\u00e9no zat\u00edm nebylo zve\u0159ejn\u011bno, byl zadr\u017een po rozs\u00e1hl\u00e9m vy\u0161et\u0159ov\u00e1n\u00ed, na kter\u00e9m spolupracovaly feder\u00e1ln\u00ed i st\u00e1tn\u00ed org\u00e1ny.<img loading=\"lazy\" decoding=\"async\" class=\"alignnone size-medium wp-image-63411\" src=\"https:\/\/www.letsportsrock.com\/wp-content\/uploads\/2025\/10\/IMG-20250929-WA0001-300x168.jpg\" alt=\"\" width=\"300\" height=\"168\" srcset=\"https:\/\/www.letsportsrock.com\/wp-content\/uploads\/2025\/10\/IMG-20250929-WA0001-300x168.jpg 300w, https:\/\/www.letsportsrock.com\/wp-content\/uploads\/2025\/10\/IMG-20250929-WA0001.jpg 739w\" sizes=\"auto, (max-width: 300px) 100vw, 300px\" \/><\/p>\n<p>Podle zpr\u00e1v do\u0161lo k incidentu b\u011bhem b\u011b\u017en\u00e9 vlakov\u00e9 cesty, kdy\u017e se slovn\u00ed konflikt zm\u011bnil v n\u00e1siln\u00fd \u00fatok, kter\u00fd skon\u010dil smrt\u00ed ukrajinsk\u00e9 \u017eeny.<\/p>\n<p>Vy\u0161et\u0159ovatel\u00e9 ozna\u010dili p\u0159\u00edpad za \u201emimo\u0159\u00e1dn\u011b znepokojiv\u00fd\u201c, vzhledem k brutalit\u011b \u010dinu a skute\u010dnosti, \u017ee ob\u011b\u0165 utekla z v\u00e1lkou zni\u010den\u00e9 Ukrajiny, aby na\u0161la bezpe\u010d\u00ed v USA.<\/p>\n<p>Feder\u00e1ln\u00ed \u017ealobci nyn\u00ed p\u0159evzali p\u0159\u00edpad do sv\u00e9 pravomoci a uvedli, \u017ee podez\u0159el\u00e9mu hroz\u00ed do\u017eivotn\u00ed trest.<\/p>\n<p>Trag\u00e9die vyvolala vlnu emoc\u00ed a rozho\u0159\u010den\u00ed v USA i na Ukrajin\u011b, p\u0159i\u010dem\u017e mnoz\u00ed volaj\u00ed po spravedlnosti a lep\u0161\u00ed ochran\u011b uprchl\u00edk\u016f.<\/p>\n<p>&nbsp;<\/p>\n\n<div style=\"font-size: 0px; height: 0px; line-height: 0px; margin: 0; padding: 0; clear: both;\"><\/div>","protected":false},"excerpt":{"rendered":"<p>\u0160okuj\u00edc\u00ed trag\u00e9die se odehr\u00e1la v Severn\u00ed Karol\u00edn\u011b, kde mu\u017e obvin\u011bn\u00fd ze zabit\u00ed ukrajinsk\u00e9 uprchlice ve vlaku nyn\u00ed \u010del\u00ed feder\u00e1ln\u00edmu obvin\u011bn\u00ed. \u00da\u0159ady potvrdily, \u017ee podez\u0159el\u00fd, jeho\u017e jm\u00e9no zat\u00edm nebylo zve\u0159ejn\u011bno, byl zadr\u017een po rozs\u00e1hl\u00e9m vy\u0161et\u0159ov\u00e1n\u00ed, na kter\u00e9m spolupracovaly feder\u00e1ln\u00ed i st\u00e1tn\u00ed org\u00e1ny. Podle zpr\u00e1v do\u0161lo k incidentu b\u011bhem b\u011b\u017en\u00e9 vlakov\u00e9 cesty, kdy\u017e se slovn\u00ed konflikt zm\u011bnil [&hellip;]<\/p>\n","protected":false},"author":21,"featured_media":63413,"comment_status":"open","ping_status":"open","sticky":false,"template":"","format":"standard","meta":{"_jetpack_memberships_contains_paid_content":false,"footnotes":""},"categories":[1],"tags":[793,792],"class_list":["post-63406","post","type-post","status-publish","format-standard","has-post-thumbnail","hentry","category-uncategorized","tag-filmy","tag-herci"],"yoast_head":"<!-- This site is optimized with the Yoast SEO plugin v27.4 - https:\/\/yoast.com\/product\/yoast-seo-wordpress\/ -->\n<title>Trag\u00e9die v USA: Mu\u017e obvin\u011bn\u00fd z vra\u017edy ukrajinsk\u00e9 uprchlice ve vlaku v Severn\u00ed Karol\u00edn\u011b \u010del\u00ed feder\u00e1ln\u00edmu obvin\u011bn\u00ed - letsportsrock<\/title>\n<meta name=\"robots\" content=\"index, follow, max-snippet:-1, max-image-preview:large, max-video-preview:-1\" \/>\n<link rel=\"canonical\" href=\"https:\/\/www.letsportsrock.com\/?p=63406\" \/>\n<meta property=\"og:locale\" content=\"en_US\" \/>\n<meta property=\"og:type\" content=\"article\" \/>\n<meta property=\"og:title\" content=\"Trag\u00e9die v USA: Mu\u017e obvin\u011bn\u00fd z vra\u017edy ukrajinsk\u00e9 uprchlice ve vlaku v Severn\u00ed Karol\u00edn\u011b \u010del\u00ed feder\u00e1ln\u00edmu obvin\u011bn\u00ed - letsportsrock\" \/>\n<meta property=\"og:description\" content=\"\u0160okuj\u00edc\u00ed trag\u00e9die se odehr\u00e1la v Severn\u00ed Karol\u00edn\u011b, kde mu\u017e obvin\u011bn\u00fd ze zabit\u00ed ukrajinsk\u00e9 uprchlice ve vlaku nyn\u00ed \u010del\u00ed feder\u00e1ln\u00edmu obvin\u011bn\u00ed. \u00da\u0159ady potvrdily, \u017ee podez\u0159el\u00fd, jeho\u017e jm\u00e9no zat\u00edm nebylo zve\u0159ejn\u011bno, byl zadr\u017een po rozs\u00e1hl\u00e9m vy\u0161et\u0159ov\u00e1n\u00ed, na kter\u00e9m spolupracovaly feder\u00e1ln\u00ed i st\u00e1tn\u00ed org\u00e1ny. Podle zpr\u00e1v do\u0161lo k incidentu b\u011bhem b\u011b\u017en\u00e9 vlakov\u00e9 cesty, kdy\u017e se slovn\u00ed konflikt zm\u011bnil [&hellip;]\" \/>\n<meta property=\"og:url\" content=\"https:\/\/www.letsportsrock.com\/?p=63406\" \/>\n<meta property=\"og:site_name\" content=\"letsportsrock\" \/>\n<meta property=\"article:published_time\" content=\"2025-10-05T10:21:53+00:00\" \/>\n<meta property=\"og:image\" content=\"https:\/\/www.letsportsrock.com\/wp-content\/uploads\/2025\/10\/IMG-20250929-WA0000.jpg\" \/>\n\t<meta property=\"og:image:width\" content=\"740\" \/>\n\t<meta property=\"og:image:height\" content=\"414\" \/>\n\t<meta property=\"og:image:type\" content=\"image\/jpeg\" \/>\n<meta name=\"author\" content=\"Dooyum@\" \/>\n<meta name=\"twitter:card\" content=\"summary_large_image\" \/>\n<meta name=\"twitter:label1\" content=\"Written by\" \/>\n\t<meta name=\"twitter:data1\" content=\"Dooyum@\" \/>\n\t<meta name=\"twitter:label2\" content=\"Est. reading time\" \/>\n\t<meta name=\"twitter:data2\" content=\"1 minute\" \/>\n<script type=\"application\/ld+json\" class=\"yoast-schema-graph\">{\"@context\":\"https:\\\/\\\/schema.org\",\"@graph\":[{\"@type\":\"Article\",\"@id\":\"https:\\\/\\\/www.letsportsrock.com\\\/?p=63406#article\",\"isPartOf\":{\"@id\":\"https:\\\/\\\/www.letsportsrock.com\\\/?p=63406\"},\"author\":{\"name\":\"Dooyum@\",\"@id\":\"https:\\\/\\\/www.letsportsrock.com\\\/#\\\/schema\\\/person\\\/5a13d00f7830282189607c4b5a9237bf\"},\"headline\":\"Trag\u00e9die v USA: Mu\u017e obvin\u011bn\u00fd z vra\u017edy ukrajinsk\u00e9 uprchlice ve vlaku v Severn\u00ed Karol\u00edn\u011b \u010del\u00ed feder\u00e1ln\u00edmu obvin\u011bn\u00ed\",\"datePublished\":\"2025-10-05T10:21:53+00:00\",\"mainEntityOfPage\":{\"@id\":\"https:\\\/\\\/www.letsportsrock.com\\\/?p=63406\"},\"wordCount\":197,\"commentCount\":0,\"image\":{\"@id\":\"https:\\\/\\\/www.letsportsrock.com\\\/?p=63406#primaryimage\"},\"thumbnailUrl\":\"https:\\\/\\\/www.letsportsrock.com\\\/wp-content\\\/uploads\\\/2025\\\/10\\\/IMG-20250929-WA0000.jpg\",\"keywords\":[\"filmy\",\"Herci\"],\"inLanguage\":\"en-US\",\"potentialAction\":[{\"@type\":\"CommentAction\",\"name\":\"Comment\",\"target\":[\"https:\\\/\\\/www.letsportsrock.com\\\/?p=63406#respond\"]}]},{\"@type\":\"WebPage\",\"@id\":\"https:\\\/\\\/www.letsportsrock.com\\\/?p=63406\",\"url\":\"https:\\\/\\\/www.letsportsrock.com\\\/?p=63406\",\"name\":\"Trag\u00e9die v USA: Mu\u017e obvin\u011bn\u00fd z vra\u017edy ukrajinsk\u00e9 uprchlice ve vlaku v Severn\u00ed Karol\u00edn\u011b \u010del\u00ed feder\u00e1ln\u00edmu obvin\u011bn\u00ed - letsportsrock\",\"isPartOf\":{\"@id\":\"https:\\\/\\\/www.letsportsrock.com\\\/#website\"},\"primaryImageOfPage\":{\"@id\":\"https:\\\/\\\/www.letsportsrock.com\\\/?p=63406#primaryimage\"},\"image\":{\"@id\":\"https:\\\/\\\/www.letsportsrock.com\\\/?p=63406#primaryimage\"},\"thumbnailUrl\":\"https:\\\/\\\/www.letsportsrock.com\\\/wp-content\\\/uploads\\\/2025\\\/10\\\/IMG-20250929-WA0000.jpg\",\"datePublished\":\"2025-10-05T10:21:53+00:00\",\"author\":{\"@id\":\"https:\\\/\\\/www.letsportsrock.com\\\/#\\\/schema\\\/person\\\/5a13d00f7830282189607c4b5a9237bf\"},\"breadcrumb\":{\"@id\":\"https:\\\/\\\/www.letsportsrock.com\\\/?p=63406#breadcrumb\"},\"inLanguage\":\"en-US\",\"potentialAction\":[{\"@type\":\"ReadAction\",\"target\":[\"https:\\\/\\\/www.letsportsrock.com\\\/?p=63406\"]}]},{\"@type\":\"ImageObject\",\"inLanguage\":\"en-US\",\"@id\":\"https:\\\/\\\/www.letsportsrock.com\\\/?p=63406#primaryimage\",\"url\":\"https:\\\/\\\/www.letsportsrock.com\\\/wp-content\\\/uploads\\\/2025\\\/10\\\/IMG-20250929-WA0000.jpg\",\"contentUrl\":\"https:\\\/\\\/www.letsportsrock.com\\\/wp-content\\\/uploads\\\/2025\\\/10\\\/IMG-20250929-WA0000.jpg\",\"width\":740,\"height\":414},{\"@type\":\"BreadcrumbList\",\"@id\":\"https:\\\/\\\/www.letsportsrock.com\\\/?p=63406#breadcrumb\",\"itemListElement\":[{\"@type\":\"ListItem\",\"position\":1,\"name\":\"Home\",\"item\":\"https:\\\/\\\/www.letsportsrock.com\\\/\"},{\"@type\":\"ListItem\",\"position\":2,\"name\":\"Trag\u00e9die v USA: Mu\u017e obvin\u011bn\u00fd z vra\u017edy ukrajinsk\u00e9 uprchlice ve vlaku v Severn\u00ed Karol\u00edn\u011b \u010del\u00ed feder\u00e1ln\u00edmu obvin\u011bn\u00ed\"}]},{\"@type\":\"WebSite\",\"@id\":\"https:\\\/\\\/www.letsportsrock.com\\\/#website\",\"url\":\"https:\\\/\\\/www.letsportsrock.com\\\/\",\"name\":\"letsportsrock\",\"description\":\"Sport News and Updates\",\"potentialAction\":[{\"@type\":\"SearchAction\",\"target\":{\"@type\":\"EntryPoint\",\"urlTemplate\":\"https:\\\/\\\/www.letsportsrock.com\\\/?s={search_term_string}\"},\"query-input\":{\"@type\":\"PropertyValueSpecification\",\"valueRequired\":true,\"valueName\":\"search_term_string\"}}],\"inLanguage\":\"en-US\"},{\"@type\":\"Person\",\"@id\":\"https:\\\/\\\/www.letsportsrock.com\\\/#\\\/schema\\\/person\\\/5a13d00f7830282189607c4b5a9237bf\",\"name\":\"Dooyum@\",\"image\":{\"@type\":\"ImageObject\",\"inLanguage\":\"en-US\",\"@id\":\"https:\\\/\\\/secure.gravatar.com\\\/avatar\\\/7498f391a1eb24da401a4b43cd9242622cf3682e1c9b1437a7ac00795149a3b2?s=96&d=mm&r=g\",\"url\":\"https:\\\/\\\/secure.gravatar.com\\\/avatar\\\/7498f391a1eb24da401a4b43cd9242622cf3682e1c9b1437a7ac00795149a3b2?s=96&d=mm&r=g\",\"contentUrl\":\"https:\\\/\\\/secure.gravatar.com\\\/avatar\\\/7498f391a1eb24da401a4b43cd9242622cf3682e1c9b1437a7ac00795149a3b2?s=96&d=mm&r=g\",\"caption\":\"Dooyum@\"},\"sameAs\":[\"https:\\\/\\\/www.letsportsrock.com\\\/wp-admin\\\/\"],\"url\":\"https:\\\/\\\/www.letsportsrock.com\\\/?author=21\"}]}<\/script>\n<!-- \/ Yoast SEO plugin. -->","yoast_head_json":{"title":"Trag\u00e9die v USA: Mu\u017e obvin\u011bn\u00fd z vra\u017edy ukrajinsk\u00e9 uprchlice ve vlaku v Severn\u00ed Karol\u00edn\u011b \u010del\u00ed feder\u00e1ln\u00edmu obvin\u011bn\u00ed - letsportsrock","robots":{"index":"index","follow":"follow","max-snippet":"max-snippet:-1","max-image-preview":"max-image-preview:large","max-video-preview":"max-video-preview:-1"},"canonical":"https:\/\/www.letsportsrock.com\/?p=63406","og_locale":"en_US","og_type":"article","og_title":"Trag\u00e9die v USA: Mu\u017e obvin\u011bn\u00fd z vra\u017edy ukrajinsk\u00e9 uprchlice ve vlaku v Severn\u00ed Karol\u00edn\u011b \u010del\u00ed feder\u00e1ln\u00edmu obvin\u011bn\u00ed - letsportsrock","og_description":"\u0160okuj\u00edc\u00ed trag\u00e9die se odehr\u00e1la v Severn\u00ed Karol\u00edn\u011b, kde mu\u017e obvin\u011bn\u00fd ze zabit\u00ed ukrajinsk\u00e9 uprchlice ve vlaku nyn\u00ed \u010del\u00ed feder\u00e1ln\u00edmu obvin\u011bn\u00ed. \u00da\u0159ady potvrdily, \u017ee podez\u0159el\u00fd, jeho\u017e jm\u00e9no zat\u00edm nebylo zve\u0159ejn\u011bno, byl zadr\u017een po rozs\u00e1hl\u00e9m vy\u0161et\u0159ov\u00e1n\u00ed, na kter\u00e9m spolupracovaly feder\u00e1ln\u00ed i st\u00e1tn\u00ed org\u00e1ny. Podle zpr\u00e1v do\u0161lo k incidentu b\u011bhem b\u011b\u017en\u00e9 vlakov\u00e9 cesty, kdy\u017e se slovn\u00ed konflikt zm\u011bnil [&hellip;]","og_url":"https:\/\/www.letsportsrock.com\/?p=63406","og_site_name":"letsportsrock","article_published_time":"2025-10-05T10:21:53+00:00","og_image":[{"width":740,"height":414,"url":"https:\/\/www.letsportsrock.com\/wp-content\/uploads\/2025\/10\/IMG-20250929-WA0000.jpg","type":"image\/jpeg"}],"author":"Dooyum@","twitter_card":"summary_large_image","twitter_misc":{"Written by":"Dooyum@","Est. reading time":"1 minute"},"schema":{"@context":"https:\/\/schema.org","@graph":[{"@type":"Article","@id":"https:\/\/www.letsportsrock.com\/?p=63406#article","isPartOf":{"@id":"https:\/\/www.letsportsrock.com\/?p=63406"},"author":{"name":"Dooyum@","@id":"https:\/\/www.letsportsrock.com\/#\/schema\/person\/5a13d00f7830282189607c4b5a9237bf"},"headline":"Trag\u00e9die v USA: Mu\u017e obvin\u011bn\u00fd z vra\u017edy ukrajinsk\u00e9 uprchlice ve vlaku v Severn\u00ed Karol\u00edn\u011b \u010del\u00ed feder\u00e1ln\u00edmu obvin\u011bn\u00ed","datePublished":"2025-10-05T10:21:53+00:00","mainEntityOfPage":{"@id":"https:\/\/www.letsportsrock.com\/?p=63406"},"wordCount":197,"commentCount":0,"image":{"@id":"https:\/\/www.letsportsrock.com\/?p=63406#primaryimage"},"thumbnailUrl":"https:\/\/www.letsportsrock.com\/wp-content\/uploads\/2025\/10\/IMG-20250929-WA0000.jpg","keywords":["filmy","Herci"],"inLanguage":"en-US","potentialAction":[{"@type":"CommentAction","name":"Comment","target":["https:\/\/www.letsportsrock.com\/?p=63406#respond"]}]},{"@type":"WebPage","@id":"https:\/\/www.letsportsrock.com\/?p=63406","url":"https:\/\/www.letsportsrock.com\/?p=63406","name":"Trag\u00e9die v USA: Mu\u017e obvin\u011bn\u00fd z vra\u017edy ukrajinsk\u00e9 uprchlice ve vlaku v Severn\u00ed Karol\u00edn\u011b \u010del\u00ed feder\u00e1ln\u00edmu obvin\u011bn\u00ed - letsportsrock","isPartOf":{"@id":"https:\/\/www.letsportsrock.com\/#website"},"primaryImageOfPage":{"@id":"https:\/\/www.letsportsrock.com\/?p=63406#primaryimage"},"image":{"@id":"https:\/\/www.letsportsrock.com\/?p=63406#primaryimage"},"thumbnailUrl":"https:\/\/www.letsportsrock.com\/wp-content\/uploads\/2025\/10\/IMG-20250929-WA0000.jpg","datePublished":"2025-10-05T10:21:53+00:00","author":{"@id":"https:\/\/www.letsportsrock.com\/#\/schema\/person\/5a13d00f7830282189607c4b5a9237bf"},"breadcrumb":{"@id":"https:\/\/www.letsportsrock.com\/?p=63406#breadcrumb"},"inLanguage":"en-US","potentialAction":[{"@type":"ReadAction","target":["https:\/\/www.letsportsrock.com\/?p=63406"]}]},{"@type":"ImageObject","inLanguage":"en-US","@id":"https:\/\/www.letsportsrock.com\/?p=63406#primaryimage","url":"https:\/\/www.letsportsrock.com\/wp-content\/uploads\/2025\/10\/IMG-20250929-WA0000.jpg","contentUrl":"https:\/\/www.letsportsrock.com\/wp-content\/uploads\/2025\/10\/IMG-20250929-WA0000.jpg","width":740,"height":414},{"@type":"BreadcrumbList","@id":"https:\/\/www.letsportsrock.com\/?p=63406#breadcrumb","itemListElement":[{"@type":"ListItem","position":1,"name":"Home","item":"https:\/\/www.letsportsrock.com\/"},{"@type":"ListItem","position":2,"name":"Trag\u00e9die v USA: Mu\u017e obvin\u011bn\u00fd z vra\u017edy ukrajinsk\u00e9 uprchlice ve vlaku v Severn\u00ed Karol\u00edn\u011b \u010del\u00ed feder\u00e1ln\u00edmu obvin\u011bn\u00ed"}]},{"@type":"WebSite","@id":"https:\/\/www.letsportsrock.com\/#website","url":"https:\/\/www.letsportsrock.com\/","name":"letsportsrock","description":"Sport News and Updates","potentialAction":[{"@type":"SearchAction","target":{"@type":"EntryPoint","urlTemplate":"https:\/\/www.letsportsrock.com\/?s={search_term_string}"},"query-input":{"@type":"PropertyValueSpecification","valueRequired":true,"valueName":"search_term_string"}}],"inLanguage":"en-US"},{"@type":"Person","@id":"https:\/\/www.letsportsrock.com\/#\/schema\/person\/5a13d00f7830282189607c4b5a9237bf","name":"Dooyum@","image":{"@type":"ImageObject","inLanguage":"en-US","@id":"https:\/\/secure.gravatar.com\/avatar\/7498f391a1eb24da401a4b43cd9242622cf3682e1c9b1437a7ac00795149a3b2?s=96&d=mm&r=g","url":"https:\/\/secure.gravatar.com\/avatar\/7498f391a1eb24da401a4b43cd9242622cf3682e1c9b1437a7ac00795149a3b2?s=96&d=mm&r=g","contentUrl":"https:\/\/secure.gravatar.com\/avatar\/7498f391a1eb24da401a4b43cd9242622cf3682e1c9b1437a7ac00795149a3b2?s=96&d=mm&r=g","caption":"Dooyum@"},"sameAs":["https:\/\/www.letsportsrock.com\/wp-admin\/"],"url":"https:\/\/www.letsportsrock.com\/?author=21"}]}},"jetpack_featured_media_url":"https:\/\/www.letsportsrock.com\/wp-content\/uploads\/2025\/10\/IMG-20250929-WA0000.jpg","jetpack_sharing_enabled":true,"_links":{"self":[{"href":"https:\/\/www.letsportsrock.com\/index.php?rest_route=\/wp\/v2\/posts\/63406","targetHints":{"allow":["GET"]}}],"collection":[{"href":"https:\/\/www.letsportsrock.com\/index.php?rest_route=\/wp\/v2\/posts"}],"about":[{"href":"https:\/\/www.letsportsrock.com\/index.php?rest_route=\/wp\/v2\/types\/post"}],"author":[{"embeddable":true,"href":"https:\/\/www.letsportsrock.com\/index.php?rest_route=\/wp\/v2\/users\/21"}],"replies":[{"embeddable":true,"href":"https:\/\/www.letsportsrock.com\/index.php?rest_route=%2Fwp%2Fv2%2Fcomments&post=63406"}],"version-history":[{"count":1,"href":"https:\/\/www.letsportsrock.com\/index.php?rest_route=\/wp\/v2\/posts\/63406\/revisions"}],"predecessor-version":[{"id":63414,"href":"https:\/\/www.letsportsrock.com\/index.php?rest_route=\/wp\/v2\/posts\/63406\/revisions\/63414"}],"wp:featuredmedia":[{"embeddable":true,"href":"https:\/\/www.letsportsrock.com\/index.php?rest_route=\/wp\/v2\/media\/63413"}],"wp:attachment":[{"href":"https:\/\/www.letsportsrock.com\/index.php?rest_route=%2Fwp%2Fv2%2Fmedia&parent=63406"}],"wp:term":[{"taxonomy":"category","embeddable":true,"href":"https:\/\/www.letsportsrock.com\/index.php?rest_route=%2Fwp%2Fv2%2Fcategories&post=63406"},{"taxonomy":"post_tag","embeddable":true,"href":"https:\/\/www.letsportsrock.com\/index.php?rest_route=%2Fwp%2Fv2%2Ftags&post=63406"}],"curies":[{"name":"wp","href":"https:\/\/api.w.org\/{rel}","templated":true}]}}