{"id":63513,"date":"2025-10-07T07:38:01","date_gmt":"2025-10-07T07:38:01","guid":{"rendered":"https:\/\/www.letsportsrock.com\/?p=63513"},"modified":"2025-10-07T07:38:01","modified_gmt":"2025-10-07T07:38:01","slug":"surpriza-la-dinamo-fundasul-comparat-de-ogararu-cu-matthijs-de-ligt-a-semnat-cu-cainii-3","status":"publish","type":"post","link":"https:\/\/www.letsportsrock.com\/?p=63513","title":{"rendered":"surpriz\u0103 la Dinamo Funda\u0219ul comparat de Og\u0103raru cu Matthijs de Ligt a semnat cu \u201ec\u00e2inii\u201d\u2026."},"content":{"rendered":"<div class=\"d79db4796efc26332eabfc3f5dafbc76\" data-index=\"1\" style=\"float: none; margin:10px 0 10px 0; text-align:center;\">\n<div class=\"hb-ad-inarticle\">\r\n    <div class=\"hb-ad-inner\"> \r\n    <div class=\"hbagency_cls\"  id=\"hbagency_space_111930\"><\/div><\/div> <\/div>\n<\/div>\n<p>surpriz\u0103 la Dinamo Funda\u0219ul comparat de Og\u0103raru cu Matthijs de Ligt a semnat cu \u201ec\u00e2inii\u201d\u2026.<\/p>\n<p>&nbsp;<\/p>\n<p>Surpriz\u0103 la Dinamo! Funda\u0219ul comparat de Og\u0103raru cu Matthijs de Ligt a semnat cu \u201ec\u00e2inii\u201d <\/p>\n<p>&nbsp;<\/p>\n<p>Lovitur\u0103 de imagine pentru Dinamo Bucure\u0219ti! Clubul din \u201e\u0218tefan cel Mare\u201d a reu\u0219it o mutare nea\u0219teptat\u0103, aduc\u00e2nd un funda\u0219 t\u00e2n\u0103r \u0219i extrem de promi\u021b\u0103tor, despre care fostul interna\u021bional George Og\u0103raru a spus c\u0103 \u00eei aminte\u0219te de olandezul Matthijs de Ligt. Transferul a fost finalizat \u00een mare secret, iar anun\u021bul oficial a fost f\u0103cut \u00een cursul acestei dimine\u021bi, st\u00e2rnind entuziasm \u00een r\u00e2ndul fanilor dinamovi\u0219ti.<\/p>\n<p>&nbsp;<\/p>\n<p>Noul juc\u0103tor, cunoscut pentru for\u021ba fizic\u0103, calmul la construc\u021bie \u0219i inteligen\u021ba tactic\u0103, a semnat un contract pe trei sezoane, urm\u00e2nd s\u0103 \u00ee\u0219i fac\u0103 debutul chiar \u00een urm\u0103toarea etap\u0103 de campionat. Surse din club sus\u021bin c\u0103 stafful tehnic \u00eel vede ca pe un pilon de baz\u0103 al defensivei, capabil s\u0103 devin\u0103 liderul liniei de fund.<\/p>\n<p>&nbsp;<\/p>\n<p>Og\u0103raru a declarat recent c\u0103 \u201eacest t\u00e2n\u0103r are poten\u021bialul \u0219i personalitatea unui mare funda\u0219 european\u201d, compar\u00e2ndu-l cu starul olandez Matthijs de Ligt. Suporterii sper\u0103 ca noua achizi\u021bie s\u0103 aduc\u0103 stabilitate \u0219i s\u0103 contribuie la revenirea echipei \u00een fruntea clasamentului. Dup\u0103 o perioad\u0103 plin\u0103 de incertitudini, Dinamo pare s\u0103 fi g\u0103sit, \u00een sf\u00e2r\u0219it, o nou\u0103 stea defensiv\u0103. \u2b50\u26bd<\/p>\n\n<div style=\"font-size: 0px; height: 0px; line-height: 0px; margin: 0; padding: 0; clear: both;\"><\/div>","protected":false},"excerpt":{"rendered":"<p>surpriz\u0103 la Dinamo Funda\u0219ul comparat de Og\u0103raru cu Matthijs de Ligt a semnat cu \u201ec\u00e2inii\u201d\u2026. &nbsp; Surpriz\u0103 la Dinamo! Funda\u0219ul comparat de Og\u0103raru cu Matthijs de Ligt a semnat cu \u201ec\u00e2inii\u201d &nbsp; Lovitur\u0103 de imagine pentru Dinamo Bucure\u0219ti! Clubul din \u201e\u0218tefan cel Mare\u201d a reu\u0219it o mutare nea\u0219teptat\u0103, aduc\u00e2nd un funda\u0219 t\u00e2n\u0103r \u0219i extrem de [&hellip;]<\/p>\n","protected":false},"author":19,"featured_media":63523,"comment_status":"open","ping_status":"open","sticky":false,"template":"","format":"standard","meta":{"_jetpack_memberships_contains_paid_content":false,"footnotes":""},"categories":[276],"tags":[419],"class_list":["post-63513","post","type-post","status-publish","format-standard","has-post-thumbnail","hentry","category-fcsb","tag-fc-dinamo-bucuresti"],"yoast_head":"<!-- This site is optimized with the Yoast SEO plugin v27.4 - https:\/\/yoast.com\/product\/yoast-seo-wordpress\/ -->\n<title>surpriz\u0103 la Dinamo Funda\u0219ul comparat de Og\u0103raru cu Matthijs de Ligt a semnat cu \u201ec\u00e2inii\u201d\u2026.<\/title>\n<meta name=\"description\" content=\"surpriz\u0103 la Dinamo Funda\u0219ul comparat de Og\u0103raru cu Matthijs de Ligt a semnat cu \u201ec\u00e2inii\u201d\u2026.\" \/>\n<meta name=\"robots\" content=\"index, follow, max-snippet:-1, max-image-preview:large, max-video-preview:-1\" \/>\n<link rel=\"canonical\" href=\"https:\/\/www.letsportsrock.com\/?p=63513\" \/>\n<meta property=\"og:locale\" content=\"en_US\" \/>\n<meta property=\"og:type\" content=\"article\" \/>\n<meta property=\"og:title\" content=\"surpriz\u0103 la Dinamo Funda\u0219ul comparat de Og\u0103raru cu Matthijs de Ligt a semnat cu \u201ec\u00e2inii\u201d\u2026.\" \/>\n<meta property=\"og:description\" content=\"surpriz\u0103 la Dinamo Funda\u0219ul comparat de Og\u0103raru cu Matthijs de Ligt a semnat cu \u201ec\u00e2inii\u201d\u2026.\" \/>\n<meta property=\"og:url\" content=\"https:\/\/www.letsportsrock.com\/?p=63513\" \/>\n<meta property=\"og:site_name\" content=\"letsportsrock\" \/>\n<meta property=\"article:published_time\" content=\"2025-10-07T07:38:01+00:00\" \/>\n<meta property=\"og:image\" content=\"https:\/\/www.letsportsrock.com\/wp-content\/uploads\/2025\/10\/milanov.jpg\" \/>\n\t<meta property=\"og:image:width\" content=\"800\" \/>\n\t<meta property=\"og:image:height\" content=\"902\" \/>\n\t<meta property=\"og:image:type\" content=\"image\/jpeg\" \/>\n<meta name=\"author\" content=\"Benedict\" \/>\n<meta name=\"twitter:card\" content=\"summary_large_image\" \/>\n<meta name=\"twitter:label1\" content=\"Written by\" \/>\n\t<meta name=\"twitter:data1\" content=\"Benedict\" \/>\n\t<meta name=\"twitter:label2\" content=\"Est. reading time\" \/>\n\t<meta name=\"twitter:data2\" content=\"2 minutes\" \/>\n<script type=\"application\/ld+json\" class=\"yoast-schema-graph\">{\"@context\":\"https:\\\/\\\/schema.org\",\"@graph\":[{\"@type\":\"Article\",\"@id\":\"https:\\\/\\\/www.letsportsrock.com\\\/?p=63513#article\",\"isPartOf\":{\"@id\":\"https:\\\/\\\/www.letsportsrock.com\\\/?p=63513\"},\"author\":{\"name\":\"Benedict\",\"@id\":\"https:\\\/\\\/www.letsportsrock.com\\\/#\\\/schema\\\/person\\\/46ffa192b44abb5f73a64ac060b863c0\"},\"headline\":\"surpriz\u0103 la Dinamo Funda\u0219ul comparat de Og\u0103raru cu Matthijs de Ligt a semnat cu \u201ec\u00e2inii\u201d\u2026.\",\"datePublished\":\"2025-10-07T07:38:01+00:00\",\"mainEntityOfPage\":{\"@id\":\"https:\\\/\\\/www.letsportsrock.com\\\/?p=63513\"},\"wordCount\":263,\"commentCount\":0,\"image\":{\"@id\":\"https:\\\/\\\/www.letsportsrock.com\\\/?p=63513#primaryimage\"},\"thumbnailUrl\":\"https:\\\/\\\/www.letsportsrock.com\\\/wp-content\\\/uploads\\\/2025\\\/10\\\/milanov.jpg\",\"keywords\":[\"Fc Dinamo bucuresti\"],\"articleSection\":[\"FCSB\"],\"inLanguage\":\"en-US\",\"potentialAction\":[{\"@type\":\"CommentAction\",\"name\":\"Comment\",\"target\":[\"https:\\\/\\\/www.letsportsrock.com\\\/?p=63513#respond\"]}]},{\"@type\":\"WebPage\",\"@id\":\"https:\\\/\\\/www.letsportsrock.com\\\/?p=63513\",\"url\":\"https:\\\/\\\/www.letsportsrock.com\\\/?p=63513\",\"name\":\"surpriz\u0103 la Dinamo Funda\u0219ul comparat de Og\u0103raru cu Matthijs de Ligt a semnat cu \u201ec\u00e2inii\u201d\u2026.\",\"isPartOf\":{\"@id\":\"https:\\\/\\\/www.letsportsrock.com\\\/#website\"},\"primaryImageOfPage\":{\"@id\":\"https:\\\/\\\/www.letsportsrock.com\\\/?p=63513#primaryimage\"},\"image\":{\"@id\":\"https:\\\/\\\/www.letsportsrock.com\\\/?p=63513#primaryimage\"},\"thumbnailUrl\":\"https:\\\/\\\/www.letsportsrock.com\\\/wp-content\\\/uploads\\\/2025\\\/10\\\/milanov.jpg\",\"datePublished\":\"2025-10-07T07:38:01+00:00\",\"author\":{\"@id\":\"https:\\\/\\\/www.letsportsrock.com\\\/#\\\/schema\\\/person\\\/46ffa192b44abb5f73a64ac060b863c0\"},\"description\":\"surpriz\u0103 la Dinamo Funda\u0219ul comparat de Og\u0103raru cu Matthijs de Ligt a semnat cu \u201ec\u00e2inii\u201d\u2026.\",\"breadcrumb\":{\"@id\":\"https:\\\/\\\/www.letsportsrock.com\\\/?p=63513#breadcrumb\"},\"inLanguage\":\"en-US\",\"potentialAction\":[{\"@type\":\"ReadAction\",\"target\":[\"https:\\\/\\\/www.letsportsrock.com\\\/?p=63513\"]}]},{\"@type\":\"ImageObject\",\"inLanguage\":\"en-US\",\"@id\":\"https:\\\/\\\/www.letsportsrock.com\\\/?p=63513#primaryimage\",\"url\":\"https:\\\/\\\/www.letsportsrock.com\\\/wp-content\\\/uploads\\\/2025\\\/10\\\/milanov.jpg\",\"contentUrl\":\"https:\\\/\\\/www.letsportsrock.com\\\/wp-content\\\/uploads\\\/2025\\\/10\\\/milanov.jpg\",\"width\":800,\"height\":902},{\"@type\":\"BreadcrumbList\",\"@id\":\"https:\\\/\\\/www.letsportsrock.com\\\/?p=63513#breadcrumb\",\"itemListElement\":[{\"@type\":\"ListItem\",\"position\":1,\"name\":\"Home\",\"item\":\"https:\\\/\\\/www.letsportsrock.com\\\/\"},{\"@type\":\"ListItem\",\"position\":2,\"name\":\"surpriz\u0103 la Dinamo Funda\u0219ul comparat de Og\u0103raru cu Matthijs de Ligt a semnat cu \u201ec\u00e2inii\u201d\u2026.\"}]},{\"@type\":\"WebSite\",\"@id\":\"https:\\\/\\\/www.letsportsrock.com\\\/#website\",\"url\":\"https:\\\/\\\/www.letsportsrock.com\\\/\",\"name\":\"letsportsrock\",\"description\":\"Sport News and Updates\",\"potentialAction\":[{\"@type\":\"SearchAction\",\"target\":{\"@type\":\"EntryPoint\",\"urlTemplate\":\"https:\\\/\\\/www.letsportsrock.com\\\/?s={search_term_string}\"},\"query-input\":{\"@type\":\"PropertyValueSpecification\",\"valueRequired\":true,\"valueName\":\"search_term_string\"}}],\"inLanguage\":\"en-US\"},{\"@type\":\"Person\",\"@id\":\"https:\\\/\\\/www.letsportsrock.com\\\/#\\\/schema\\\/person\\\/46ffa192b44abb5f73a64ac060b863c0\",\"name\":\"Benedict\",\"image\":{\"@type\":\"ImageObject\",\"inLanguage\":\"en-US\",\"@id\":\"https:\\\/\\\/secure.gravatar.com\\\/avatar\\\/91345136d4e2206293ebdc22304c65968887191f0b832cb181dd8965f4de256b?s=96&d=mm&r=g\",\"url\":\"https:\\\/\\\/secure.gravatar.com\\\/avatar\\\/91345136d4e2206293ebdc22304c65968887191f0b832cb181dd8965f4de256b?s=96&d=mm&r=g\",\"contentUrl\":\"https:\\\/\\\/secure.gravatar.com\\\/avatar\\\/91345136d4e2206293ebdc22304c65968887191f0b832cb181dd8965f4de256b?s=96&d=mm&r=g\",\"caption\":\"Benedict\"},\"sameAs\":[\"https:\\\/\\\/www.letsportsrock.com\\\/wp-admin\\\/\"],\"url\":\"https:\\\/\\\/www.letsportsrock.com\\\/?author=19\"}]}<\/script>\n<!-- \/ Yoast SEO plugin. -->","yoast_head_json":{"title":"surpriz\u0103 la Dinamo Funda\u0219ul comparat de Og\u0103raru cu Matthijs de Ligt a semnat cu \u201ec\u00e2inii\u201d\u2026.","description":"surpriz\u0103 la Dinamo Funda\u0219ul comparat de Og\u0103raru cu Matthijs de Ligt a semnat cu \u201ec\u00e2inii\u201d\u2026.","robots":{"index":"index","follow":"follow","max-snippet":"max-snippet:-1","max-image-preview":"max-image-preview:large","max-video-preview":"max-video-preview:-1"},"canonical":"https:\/\/www.letsportsrock.com\/?p=63513","og_locale":"en_US","og_type":"article","og_title":"surpriz\u0103 la Dinamo Funda\u0219ul comparat de Og\u0103raru cu Matthijs de Ligt a semnat cu \u201ec\u00e2inii\u201d\u2026.","og_description":"surpriz\u0103 la Dinamo Funda\u0219ul comparat de Og\u0103raru cu Matthijs de Ligt a semnat cu \u201ec\u00e2inii\u201d\u2026.","og_url":"https:\/\/www.letsportsrock.com\/?p=63513","og_site_name":"letsportsrock","article_published_time":"2025-10-07T07:38:01+00:00","og_image":[{"width":800,"height":902,"url":"https:\/\/www.letsportsrock.com\/wp-content\/uploads\/2025\/10\/milanov.jpg","type":"image\/jpeg"}],"author":"Benedict","twitter_card":"summary_large_image","twitter_misc":{"Written by":"Benedict","Est. reading time":"2 minutes"},"schema":{"@context":"https:\/\/schema.org","@graph":[{"@type":"Article","@id":"https:\/\/www.letsportsrock.com\/?p=63513#article","isPartOf":{"@id":"https:\/\/www.letsportsrock.com\/?p=63513"},"author":{"name":"Benedict","@id":"https:\/\/www.letsportsrock.com\/#\/schema\/person\/46ffa192b44abb5f73a64ac060b863c0"},"headline":"surpriz\u0103 la Dinamo Funda\u0219ul comparat de Og\u0103raru cu Matthijs de Ligt a semnat cu \u201ec\u00e2inii\u201d\u2026.","datePublished":"2025-10-07T07:38:01+00:00","mainEntityOfPage":{"@id":"https:\/\/www.letsportsrock.com\/?p=63513"},"wordCount":263,"commentCount":0,"image":{"@id":"https:\/\/www.letsportsrock.com\/?p=63513#primaryimage"},"thumbnailUrl":"https:\/\/www.letsportsrock.com\/wp-content\/uploads\/2025\/10\/milanov.jpg","keywords":["Fc Dinamo bucuresti"],"articleSection":["FCSB"],"inLanguage":"en-US","potentialAction":[{"@type":"CommentAction","name":"Comment","target":["https:\/\/www.letsportsrock.com\/?p=63513#respond"]}]},{"@type":"WebPage","@id":"https:\/\/www.letsportsrock.com\/?p=63513","url":"https:\/\/www.letsportsrock.com\/?p=63513","name":"surpriz\u0103 la Dinamo Funda\u0219ul comparat de Og\u0103raru cu Matthijs de Ligt a semnat cu \u201ec\u00e2inii\u201d\u2026.","isPartOf":{"@id":"https:\/\/www.letsportsrock.com\/#website"},"primaryImageOfPage":{"@id":"https:\/\/www.letsportsrock.com\/?p=63513#primaryimage"},"image":{"@id":"https:\/\/www.letsportsrock.com\/?p=63513#primaryimage"},"thumbnailUrl":"https:\/\/www.letsportsrock.com\/wp-content\/uploads\/2025\/10\/milanov.jpg","datePublished":"2025-10-07T07:38:01+00:00","author":{"@id":"https:\/\/www.letsportsrock.com\/#\/schema\/person\/46ffa192b44abb5f73a64ac060b863c0"},"description":"surpriz\u0103 la Dinamo Funda\u0219ul comparat de Og\u0103raru cu Matthijs de Ligt a semnat cu \u201ec\u00e2inii\u201d\u2026.","breadcrumb":{"@id":"https:\/\/www.letsportsrock.com\/?p=63513#breadcrumb"},"inLanguage":"en-US","potentialAction":[{"@type":"ReadAction","target":["https:\/\/www.letsportsrock.com\/?p=63513"]}]},{"@type":"ImageObject","inLanguage":"en-US","@id":"https:\/\/www.letsportsrock.com\/?p=63513#primaryimage","url":"https:\/\/www.letsportsrock.com\/wp-content\/uploads\/2025\/10\/milanov.jpg","contentUrl":"https:\/\/www.letsportsrock.com\/wp-content\/uploads\/2025\/10\/milanov.jpg","width":800,"height":902},{"@type":"BreadcrumbList","@id":"https:\/\/www.letsportsrock.com\/?p=63513#breadcrumb","itemListElement":[{"@type":"ListItem","position":1,"name":"Home","item":"https:\/\/www.letsportsrock.com\/"},{"@type":"ListItem","position":2,"name":"surpriz\u0103 la Dinamo Funda\u0219ul comparat de Og\u0103raru cu Matthijs de Ligt a semnat cu \u201ec\u00e2inii\u201d\u2026."}]},{"@type":"WebSite","@id":"https:\/\/www.letsportsrock.com\/#website","url":"https:\/\/www.letsportsrock.com\/","name":"letsportsrock","description":"Sport News and Updates","potentialAction":[{"@type":"SearchAction","target":{"@type":"EntryPoint","urlTemplate":"https:\/\/www.letsportsrock.com\/?s={search_term_string}"},"query-input":{"@type":"PropertyValueSpecification","valueRequired":true,"valueName":"search_term_string"}}],"inLanguage":"en-US"},{"@type":"Person","@id":"https:\/\/www.letsportsrock.com\/#\/schema\/person\/46ffa192b44abb5f73a64ac060b863c0","name":"Benedict","image":{"@type":"ImageObject","inLanguage":"en-US","@id":"https:\/\/secure.gravatar.com\/avatar\/91345136d4e2206293ebdc22304c65968887191f0b832cb181dd8965f4de256b?s=96&d=mm&r=g","url":"https:\/\/secure.gravatar.com\/avatar\/91345136d4e2206293ebdc22304c65968887191f0b832cb181dd8965f4de256b?s=96&d=mm&r=g","contentUrl":"https:\/\/secure.gravatar.com\/avatar\/91345136d4e2206293ebdc22304c65968887191f0b832cb181dd8965f4de256b?s=96&d=mm&r=g","caption":"Benedict"},"sameAs":["https:\/\/www.letsportsrock.com\/wp-admin\/"],"url":"https:\/\/www.letsportsrock.com\/?author=19"}]}},"jetpack_featured_media_url":"https:\/\/www.letsportsrock.com\/wp-content\/uploads\/2025\/10\/milanov.jpg","jetpack_sharing_enabled":true,"_links":{"self":[{"href":"https:\/\/www.letsportsrock.com\/index.php?rest_route=\/wp\/v2\/posts\/63513","targetHints":{"allow":["GET"]}}],"collection":[{"href":"https:\/\/www.letsportsrock.com\/index.php?rest_route=\/wp\/v2\/posts"}],"about":[{"href":"https:\/\/www.letsportsrock.com\/index.php?rest_route=\/wp\/v2\/types\/post"}],"author":[{"embeddable":true,"href":"https:\/\/www.letsportsrock.com\/index.php?rest_route=\/wp\/v2\/users\/19"}],"replies":[{"embeddable":true,"href":"https:\/\/www.letsportsrock.com\/index.php?rest_route=%2Fwp%2Fv2%2Fcomments&post=63513"}],"version-history":[{"count":1,"href":"https:\/\/www.letsportsrock.com\/index.php?rest_route=\/wp\/v2\/posts\/63513\/revisions"}],"predecessor-version":[{"id":63524,"href":"https:\/\/www.letsportsrock.com\/index.php?rest_route=\/wp\/v2\/posts\/63513\/revisions\/63524"}],"wp:featuredmedia":[{"embeddable":true,"href":"https:\/\/www.letsportsrock.com\/index.php?rest_route=\/wp\/v2\/media\/63523"}],"wp:attachment":[{"href":"https:\/\/www.letsportsrock.com\/index.php?rest_route=%2Fwp%2Fv2%2Fmedia&parent=63513"}],"wp:term":[{"taxonomy":"category","embeddable":true,"href":"https:\/\/www.letsportsrock.com\/index.php?rest_route=%2Fwp%2Fv2%2Fcategories&post=63513"},{"taxonomy":"post_tag","embeddable":true,"href":"https:\/\/www.letsportsrock.com\/index.php?rest_route=%2Fwp%2Fv2%2Ftags&post=63513"}],"curies":[{"name":"wp","href":"https:\/\/api.w.org\/{rel}","templated":true}]}}