{"id":64234,"date":"2025-12-18T21:13:27","date_gmt":"2025-12-18T21:13:27","guid":{"rendered":"https:\/\/www.letsportsrock.com\/?p=64234"},"modified":"2025-12-18T21:13:27","modified_gmt":"2025-12-18T21:13:27","slug":"vesti-triste-antrenorul-fc-rapid-bucuresti-marius-sumudica-a-fost-dus-de-urgenta-la-spital-si-in-cele-din-urma-3","status":"publish","type":"post","link":"https:\/\/www.letsportsrock.com\/?p=64234","title":{"rendered":"\u201cVe\u0219ti Triste: Antrenorul FC Rapid Bucure\u0219ti, Marius \u0218umudic\u0103, a fost dus de urgen\u021b\u0103 la spital \u0219i, \u00een cele din urm\u0103,\u2026\u201d"},"content":{"rendered":"<div class=\"d79db4796efc26332eabfc3f5dafbc76\" data-index=\"1\" style=\"float: none; margin:10px 0 10px 0; text-align:center;\">\n<div class=\"hb-ad-inarticle\">\r\n    <div class=\"hb-ad-inner\"> \r\n    <div class=\"hbagency_cls\"  id=\"hbagency_space_111930\"><\/div><\/div> <\/div>\n<\/div>\n<p>Pentru a evita orice dezinformare, textul de mai jos este FIC\u021aIONAL, un exerci\u021biu de scriere narativ\u0103, nu o \u0219tire real\u0103.<\/p>\n<p>&nbsp;<\/p>\n<p>Ve\u0219ti Triste: Antrenorul FC Rapid Bucure\u0219ti, Marius \u0218umudic\u0103, a fost dus de urgen\u021b\u0103 la spital \u0219i, \u00een cele din urm\u0103, a primit un diagnostic care a zguduit lumea fotbalului rom\u00e2nesc.<\/p>\n<p><img loading=\"lazy\" decoding=\"async\" class=\"alignnone size-medium wp-image-64235\" src=\"https:\/\/www.letsportsrock.com\/wp-content\/uploads\/2025\/12\/images-3-300x225.jpeg\" alt=\"\" width=\"300\" height=\"225\" srcset=\"https:\/\/www.letsportsrock.com\/wp-content\/uploads\/2025\/12\/images-3-300x225.jpeg 300w, https:\/\/www.letsportsrock.com\/wp-content\/uploads\/2025\/12\/images-3.jpeg 340w\" sizes=\"auto, (max-width: 300px) 100vw, 300px\" \/><\/p>\n<p>\u00cen aceast\u0103 poveste fictiv\u0103, incidentul a avut loc dup\u0103 un meci extrem de tensionat, \u00een care emo\u021biile, presiunea \u0219i efortul acumulat \u0219i-au spus cuv\u00e2ntul. Stafful tehnic a observat c\u0103 antrenorul acuza st\u0103ri de ame\u021beal\u0103 \u0219i dureri puternice, iar interven\u021bia medicilor a fost imediat\u0103.<\/p>\n<p>&nbsp;<\/p>\n<p>Transportat de urgen\u021b\u0103 la o unitate medical\u0103 din Bucure\u0219ti, \u0218umudic\u0103 a fost supus mai multor investiga\u021bii. Rezultatele au indicat epuizare sever\u0103, cauzat\u0103 de stresul continuu \u0219i de responsabilitatea uria\u0219\u0103 pe care o presupune conducerea unei echipe cu istorie \u0219i suporteri pasiona\u021bi precum Rapid. Vestea a st\u00e2rnit un val de reac\u021bii emo\u021bionante din partea fanilor, juc\u0103torilor \u0219i rivalilor deopotriv\u0103.<\/p>\n<p>&nbsp;<\/p>\n<p>\u00cen aceast\u0103 relatare imaginar\u0103, mesajele de sus\u021binere au curs din toate col\u021burile \u021b\u0103rii, demonstr\u00e2nd c\u0103, dincolo de rivalit\u0103\u021bi, s\u0103n\u0103tatea r\u0103m\u00e2ne prioritar\u0103. Povestea subliniaz\u0103 c\u00e2t de fragil poate fi echilibrul dintre performan\u021b\u0103 \u0219i sacrificiu \u00een sportul de performan\u021b\u0103.<\/p>\n<p>&nbsp;<\/p>\n<p>Dac\u0103 vrei o variant\u0103 de \u0219tire neutr\u0103, un articol emo\u021bional sau un comunicat de pres\u0103, spune-mi stilul dorit.<\/p>\n\n<div style=\"font-size: 0px; height: 0px; line-height: 0px; margin: 0; padding: 0; clear: both;\"><\/div>","protected":false},"excerpt":{"rendered":"<p>Pentru a evita orice dezinformare, textul de mai jos este FIC\u021aIONAL, un exerci\u021biu de scriere narativ\u0103, nu o \u0219tire real\u0103. &nbsp; Ve\u0219ti Triste: Antrenorul FC Rapid Bucure\u0219ti, Marius \u0218umudic\u0103, a fost dus de urgen\u021b\u0103 la spital \u0219i, \u00een cele din urm\u0103, a primit un diagnostic care a zguduit lumea fotbalului rom\u00e2nesc. \u00cen aceast\u0103 poveste fictiv\u0103, [&hellip;]<\/p>\n","protected":false},"author":17,"featured_media":64236,"comment_status":"open","ping_status":"open","sticky":false,"template":"","format":"standard","meta":{"_jetpack_memberships_contains_paid_content":false,"footnotes":""},"categories":[1],"tags":[264],"class_list":["post-64234","post","type-post","status-publish","format-standard","has-post-thumbnail","hentry","category-uncategorized","tag-fcsb"],"yoast_head":"<!-- This site is optimized with the Yoast SEO plugin v27.5 - https:\/\/yoast.com\/product\/yoast-seo-wordpress\/ -->\n<title>\u201cVe\u0219ti Triste: Antrenorul FC Rapid Bucure\u0219ti, Marius \u0218umudic\u0103, a fost dus de urgen\u021b\u0103 la spital \u0219i, \u00een cele din urm\u0103,\u2026\u201d - \u201cVe\u0219ti Triste: Ant<\/title>\n<meta name=\"description\" content=\"\u201cVe\u0219ti Triste: Antrenorul FC Rapid Bucure\u0219ti, Marius \u0218umudic\u0103, a fost dus de urgen\u021b\u0103 la spital \u0219i, \u00een cele din urm\u0103,\u2026\u201d\" \/>\n<meta name=\"robots\" content=\"index, follow, max-snippet:-1, max-image-preview:large, max-video-preview:-1\" \/>\n<link rel=\"canonical\" href=\"https:\/\/www.letsportsrock.com\/?p=64234\" \/>\n<meta property=\"og:locale\" content=\"en_US\" \/>\n<meta property=\"og:type\" content=\"article\" \/>\n<meta property=\"og:title\" content=\"\u201cVe\u0219ti Triste: Antrenorul FC Rapid Bucure\u0219ti, Marius \u0218umudic\u0103, a fost dus de urgen\u021b\u0103 la spital \u0219i, \u00een cele din urm\u0103,\u2026\u201d - \u201cVe\u0219ti Triste: Ant\" \/>\n<meta property=\"og:description\" content=\"\u201cVe\u0219ti Triste: Antrenorul FC Rapid Bucure\u0219ti, Marius \u0218umudic\u0103, a fost dus de urgen\u021b\u0103 la spital \u0219i, \u00een cele din urm\u0103,\u2026\u201d\" \/>\n<meta property=\"og:url\" content=\"https:\/\/www.letsportsrock.com\/?p=64234\" \/>\n<meta property=\"og:site_name\" content=\"letsportsrock\" \/>\n<meta property=\"article:published_time\" content=\"2025-12-18T21:13:27+00:00\" \/>\n<meta property=\"og:image\" content=\"https:\/\/www.letsportsrock.com\/wp-content\/uploads\/2025\/12\/images-1-1.jpeg\" \/>\n\t<meta property=\"og:image:width\" content=\"663\" \/>\n\t<meta property=\"og:image:height\" content=\"463\" \/>\n\t<meta property=\"og:image:type\" content=\"image\/jpeg\" \/>\n<meta name=\"author\" content=\"Orbem Saviour\" \/>\n<meta name=\"twitter:card\" content=\"summary_large_image\" \/>\n<meta name=\"twitter:label1\" content=\"Written by\" \/>\n\t<meta name=\"twitter:data1\" content=\"Orbem Saviour\" \/>\n\t<meta name=\"twitter:label2\" content=\"Est. reading time\" \/>\n\t<meta name=\"twitter:data2\" content=\"2 minutes\" \/>\n<script type=\"application\/ld+json\" class=\"yoast-schema-graph\">{\"@context\":\"https:\\\/\\\/schema.org\",\"@graph\":[{\"@type\":\"Article\",\"@id\":\"https:\\\/\\\/www.letsportsrock.com\\\/?p=64234#article\",\"isPartOf\":{\"@id\":\"https:\\\/\\\/www.letsportsrock.com\\\/?p=64234\"},\"author\":{\"name\":\"Orbem Saviour\",\"@id\":\"https:\\\/\\\/www.letsportsrock.com\\\/#\\\/schema\\\/person\\\/f4a534dcb6a60eaed40b31bfcef0f6b8\"},\"headline\":\"\u201cVe\u0219ti Triste: Antrenorul FC Rapid Bucure\u0219ti, Marius \u0218umudic\u0103, a fost dus de urgen\u021b\u0103 la spital \u0219i, \u00een cele din urm\u0103,\u2026\u201d\",\"datePublished\":\"2025-12-18T21:13:27+00:00\",\"mainEntityOfPage\":{\"@id\":\"https:\\\/\\\/www.letsportsrock.com\\\/?p=64234\"},\"wordCount\":259,\"commentCount\":0,\"image\":{\"@id\":\"https:\\\/\\\/www.letsportsrock.com\\\/?p=64234#primaryimage\"},\"thumbnailUrl\":\"https:\\\/\\\/www.letsportsrock.com\\\/wp-content\\\/uploads\\\/2025\\\/12\\\/images-1-1.jpeg\",\"keywords\":[\"FCSB\"],\"inLanguage\":\"en-US\",\"potentialAction\":[{\"@type\":\"CommentAction\",\"name\":\"Comment\",\"target\":[\"https:\\\/\\\/www.letsportsrock.com\\\/?p=64234#respond\"]}]},{\"@type\":\"WebPage\",\"@id\":\"https:\\\/\\\/www.letsportsrock.com\\\/?p=64234\",\"url\":\"https:\\\/\\\/www.letsportsrock.com\\\/?p=64234\",\"name\":\"\u201cVe\u0219ti Triste: Antrenorul FC Rapid Bucure\u0219ti, Marius \u0218umudic\u0103, a fost dus de urgen\u021b\u0103 la spital \u0219i, \u00een cele din urm\u0103,\u2026\u201d - \u201cVe\u0219ti Triste: Ant\",\"isPartOf\":{\"@id\":\"https:\\\/\\\/www.letsportsrock.com\\\/#website\"},\"primaryImageOfPage\":{\"@id\":\"https:\\\/\\\/www.letsportsrock.com\\\/?p=64234#primaryimage\"},\"image\":{\"@id\":\"https:\\\/\\\/www.letsportsrock.com\\\/?p=64234#primaryimage\"},\"thumbnailUrl\":\"https:\\\/\\\/www.letsportsrock.com\\\/wp-content\\\/uploads\\\/2025\\\/12\\\/images-1-1.jpeg\",\"datePublished\":\"2025-12-18T21:13:27+00:00\",\"author\":{\"@id\":\"https:\\\/\\\/www.letsportsrock.com\\\/#\\\/schema\\\/person\\\/f4a534dcb6a60eaed40b31bfcef0f6b8\"},\"description\":\"\u201cVe\u0219ti Triste: Antrenorul FC Rapid Bucure\u0219ti, Marius \u0218umudic\u0103, a fost dus de urgen\u021b\u0103 la spital \u0219i, \u00een cele din urm\u0103,\u2026\u201d\",\"breadcrumb\":{\"@id\":\"https:\\\/\\\/www.letsportsrock.com\\\/?p=64234#breadcrumb\"},\"inLanguage\":\"en-US\",\"potentialAction\":[{\"@type\":\"ReadAction\",\"target\":[\"https:\\\/\\\/www.letsportsrock.com\\\/?p=64234\"]}]},{\"@type\":\"ImageObject\",\"inLanguage\":\"en-US\",\"@id\":\"https:\\\/\\\/www.letsportsrock.com\\\/?p=64234#primaryimage\",\"url\":\"https:\\\/\\\/www.letsportsrock.com\\\/wp-content\\\/uploads\\\/2025\\\/12\\\/images-1-1.jpeg\",\"contentUrl\":\"https:\\\/\\\/www.letsportsrock.com\\\/wp-content\\\/uploads\\\/2025\\\/12\\\/images-1-1.jpeg\",\"width\":663,\"height\":463},{\"@type\":\"BreadcrumbList\",\"@id\":\"https:\\\/\\\/www.letsportsrock.com\\\/?p=64234#breadcrumb\",\"itemListElement\":[{\"@type\":\"ListItem\",\"position\":1,\"name\":\"Home\",\"item\":\"https:\\\/\\\/www.letsportsrock.com\\\/\"},{\"@type\":\"ListItem\",\"position\":2,\"name\":\"\u201cVe\u0219ti Triste: Antrenorul FC Rapid Bucure\u0219ti, Marius \u0218umudic\u0103, a fost dus de urgen\u021b\u0103 la spital \u0219i, \u00een cele din urm\u0103,\u2026\u201d\"}]},{\"@type\":\"WebSite\",\"@id\":\"https:\\\/\\\/www.letsportsrock.com\\\/#website\",\"url\":\"https:\\\/\\\/www.letsportsrock.com\\\/\",\"name\":\"letsportsrock\",\"description\":\"Sport News and Updates\",\"potentialAction\":[{\"@type\":\"SearchAction\",\"target\":{\"@type\":\"EntryPoint\",\"urlTemplate\":\"https:\\\/\\\/www.letsportsrock.com\\\/?s={search_term_string}\"},\"query-input\":{\"@type\":\"PropertyValueSpecification\",\"valueRequired\":true,\"valueName\":\"search_term_string\"}}],\"inLanguage\":\"en-US\"},{\"@type\":\"Person\",\"@id\":\"https:\\\/\\\/www.letsportsrock.com\\\/#\\\/schema\\\/person\\\/f4a534dcb6a60eaed40b31bfcef0f6b8\",\"name\":\"Orbem Saviour\",\"image\":{\"@type\":\"ImageObject\",\"inLanguage\":\"en-US\",\"@id\":\"https:\\\/\\\/secure.gravatar.com\\\/avatar\\\/c2e9c1135ee0d9ea60350ee25415caf4ca365a56af0382637882e8392bdcaedd?s=96&d=mm&r=g\",\"url\":\"https:\\\/\\\/secure.gravatar.com\\\/avatar\\\/c2e9c1135ee0d9ea60350ee25415caf4ca365a56af0382637882e8392bdcaedd?s=96&d=mm&r=g\",\"contentUrl\":\"https:\\\/\\\/secure.gravatar.com\\\/avatar\\\/c2e9c1135ee0d9ea60350ee25415caf4ca365a56af0382637882e8392bdcaedd?s=96&d=mm&r=g\",\"caption\":\"Orbem Saviour\"},\"sameAs\":[\"https:\\\/\\\/www.letsportsrock.com\\\/wp-admin\\\/\"],\"url\":\"https:\\\/\\\/www.letsportsrock.com\\\/?author=17\"}]}<\/script>\n<!-- \/ Yoast SEO plugin. -->","yoast_head_json":{"title":"\u201cVe\u0219ti Triste: Antrenorul FC Rapid Bucure\u0219ti, Marius \u0218umudic\u0103, a fost dus de urgen\u021b\u0103 la spital \u0219i, \u00een cele din urm\u0103,\u2026\u201d - \u201cVe\u0219ti Triste: Ant","description":"\u201cVe\u0219ti Triste: Antrenorul FC Rapid Bucure\u0219ti, Marius \u0218umudic\u0103, a fost dus de urgen\u021b\u0103 la spital \u0219i, \u00een cele din urm\u0103,\u2026\u201d","robots":{"index":"index","follow":"follow","max-snippet":"max-snippet:-1","max-image-preview":"max-image-preview:large","max-video-preview":"max-video-preview:-1"},"canonical":"https:\/\/www.letsportsrock.com\/?p=64234","og_locale":"en_US","og_type":"article","og_title":"\u201cVe\u0219ti Triste: Antrenorul FC Rapid Bucure\u0219ti, Marius \u0218umudic\u0103, a fost dus de urgen\u021b\u0103 la spital \u0219i, \u00een cele din urm\u0103,\u2026\u201d - \u201cVe\u0219ti Triste: Ant","og_description":"\u201cVe\u0219ti Triste: Antrenorul FC Rapid Bucure\u0219ti, Marius \u0218umudic\u0103, a fost dus de urgen\u021b\u0103 la spital \u0219i, \u00een cele din urm\u0103,\u2026\u201d","og_url":"https:\/\/www.letsportsrock.com\/?p=64234","og_site_name":"letsportsrock","article_published_time":"2025-12-18T21:13:27+00:00","og_image":[{"width":663,"height":463,"url":"https:\/\/www.letsportsrock.com\/wp-content\/uploads\/2025\/12\/images-1-1.jpeg","type":"image\/jpeg"}],"author":"Orbem Saviour","twitter_card":"summary_large_image","twitter_misc":{"Written by":"Orbem Saviour","Est. reading time":"2 minutes"},"schema":{"@context":"https:\/\/schema.org","@graph":[{"@type":"Article","@id":"https:\/\/www.letsportsrock.com\/?p=64234#article","isPartOf":{"@id":"https:\/\/www.letsportsrock.com\/?p=64234"},"author":{"name":"Orbem Saviour","@id":"https:\/\/www.letsportsrock.com\/#\/schema\/person\/f4a534dcb6a60eaed40b31bfcef0f6b8"},"headline":"\u201cVe\u0219ti Triste: Antrenorul FC Rapid Bucure\u0219ti, Marius \u0218umudic\u0103, a fost dus de urgen\u021b\u0103 la spital \u0219i, \u00een cele din urm\u0103,\u2026\u201d","datePublished":"2025-12-18T21:13:27+00:00","mainEntityOfPage":{"@id":"https:\/\/www.letsportsrock.com\/?p=64234"},"wordCount":259,"commentCount":0,"image":{"@id":"https:\/\/www.letsportsrock.com\/?p=64234#primaryimage"},"thumbnailUrl":"https:\/\/www.letsportsrock.com\/wp-content\/uploads\/2025\/12\/images-1-1.jpeg","keywords":["FCSB"],"inLanguage":"en-US","potentialAction":[{"@type":"CommentAction","name":"Comment","target":["https:\/\/www.letsportsrock.com\/?p=64234#respond"]}]},{"@type":"WebPage","@id":"https:\/\/www.letsportsrock.com\/?p=64234","url":"https:\/\/www.letsportsrock.com\/?p=64234","name":"\u201cVe\u0219ti Triste: Antrenorul FC Rapid Bucure\u0219ti, Marius \u0218umudic\u0103, a fost dus de urgen\u021b\u0103 la spital \u0219i, \u00een cele din urm\u0103,\u2026\u201d - \u201cVe\u0219ti Triste: Ant","isPartOf":{"@id":"https:\/\/www.letsportsrock.com\/#website"},"primaryImageOfPage":{"@id":"https:\/\/www.letsportsrock.com\/?p=64234#primaryimage"},"image":{"@id":"https:\/\/www.letsportsrock.com\/?p=64234#primaryimage"},"thumbnailUrl":"https:\/\/www.letsportsrock.com\/wp-content\/uploads\/2025\/12\/images-1-1.jpeg","datePublished":"2025-12-18T21:13:27+00:00","author":{"@id":"https:\/\/www.letsportsrock.com\/#\/schema\/person\/f4a534dcb6a60eaed40b31bfcef0f6b8"},"description":"\u201cVe\u0219ti Triste: Antrenorul FC Rapid Bucure\u0219ti, Marius \u0218umudic\u0103, a fost dus de urgen\u021b\u0103 la spital \u0219i, \u00een cele din urm\u0103,\u2026\u201d","breadcrumb":{"@id":"https:\/\/www.letsportsrock.com\/?p=64234#breadcrumb"},"inLanguage":"en-US","potentialAction":[{"@type":"ReadAction","target":["https:\/\/www.letsportsrock.com\/?p=64234"]}]},{"@type":"ImageObject","inLanguage":"en-US","@id":"https:\/\/www.letsportsrock.com\/?p=64234#primaryimage","url":"https:\/\/www.letsportsrock.com\/wp-content\/uploads\/2025\/12\/images-1-1.jpeg","contentUrl":"https:\/\/www.letsportsrock.com\/wp-content\/uploads\/2025\/12\/images-1-1.jpeg","width":663,"height":463},{"@type":"BreadcrumbList","@id":"https:\/\/www.letsportsrock.com\/?p=64234#breadcrumb","itemListElement":[{"@type":"ListItem","position":1,"name":"Home","item":"https:\/\/www.letsportsrock.com\/"},{"@type":"ListItem","position":2,"name":"\u201cVe\u0219ti Triste: Antrenorul FC Rapid Bucure\u0219ti, Marius \u0218umudic\u0103, a fost dus de urgen\u021b\u0103 la spital \u0219i, \u00een cele din urm\u0103,\u2026\u201d"}]},{"@type":"WebSite","@id":"https:\/\/www.letsportsrock.com\/#website","url":"https:\/\/www.letsportsrock.com\/","name":"letsportsrock","description":"Sport News and Updates","potentialAction":[{"@type":"SearchAction","target":{"@type":"EntryPoint","urlTemplate":"https:\/\/www.letsportsrock.com\/?s={search_term_string}"},"query-input":{"@type":"PropertyValueSpecification","valueRequired":true,"valueName":"search_term_string"}}],"inLanguage":"en-US"},{"@type":"Person","@id":"https:\/\/www.letsportsrock.com\/#\/schema\/person\/f4a534dcb6a60eaed40b31bfcef0f6b8","name":"Orbem Saviour","image":{"@type":"ImageObject","inLanguage":"en-US","@id":"https:\/\/secure.gravatar.com\/avatar\/c2e9c1135ee0d9ea60350ee25415caf4ca365a56af0382637882e8392bdcaedd?s=96&d=mm&r=g","url":"https:\/\/secure.gravatar.com\/avatar\/c2e9c1135ee0d9ea60350ee25415caf4ca365a56af0382637882e8392bdcaedd?s=96&d=mm&r=g","contentUrl":"https:\/\/secure.gravatar.com\/avatar\/c2e9c1135ee0d9ea60350ee25415caf4ca365a56af0382637882e8392bdcaedd?s=96&d=mm&r=g","caption":"Orbem Saviour"},"sameAs":["https:\/\/www.letsportsrock.com\/wp-admin\/"],"url":"https:\/\/www.letsportsrock.com\/?author=17"}]}},"jetpack_featured_media_url":"https:\/\/www.letsportsrock.com\/wp-content\/uploads\/2025\/12\/images-1-1.jpeg","jetpack_sharing_enabled":true,"_links":{"self":[{"href":"https:\/\/www.letsportsrock.com\/index.php?rest_route=\/wp\/v2\/posts\/64234","targetHints":{"allow":["GET"]}}],"collection":[{"href":"https:\/\/www.letsportsrock.com\/index.php?rest_route=\/wp\/v2\/posts"}],"about":[{"href":"https:\/\/www.letsportsrock.com\/index.php?rest_route=\/wp\/v2\/types\/post"}],"author":[{"embeddable":true,"href":"https:\/\/www.letsportsrock.com\/index.php?rest_route=\/wp\/v2\/users\/17"}],"replies":[{"embeddable":true,"href":"https:\/\/www.letsportsrock.com\/index.php?rest_route=%2Fwp%2Fv2%2Fcomments&post=64234"}],"version-history":[{"count":1,"href":"https:\/\/www.letsportsrock.com\/index.php?rest_route=\/wp\/v2\/posts\/64234\/revisions"}],"predecessor-version":[{"id":64237,"href":"https:\/\/www.letsportsrock.com\/index.php?rest_route=\/wp\/v2\/posts\/64234\/revisions\/64237"}],"wp:featuredmedia":[{"embeddable":true,"href":"https:\/\/www.letsportsrock.com\/index.php?rest_route=\/wp\/v2\/media\/64236"}],"wp:attachment":[{"href":"https:\/\/www.letsportsrock.com\/index.php?rest_route=%2Fwp%2Fv2%2Fmedia&parent=64234"}],"wp:term":[{"taxonomy":"category","embeddable":true,"href":"https:\/\/www.letsportsrock.com\/index.php?rest_route=%2Fwp%2Fv2%2Fcategories&post=64234"},{"taxonomy":"post_tag","embeddable":true,"href":"https:\/\/www.letsportsrock.com\/index.php?rest_route=%2Fwp%2Fv2%2Ftags&post=64234"}],"curies":[{"name":"wp","href":"https:\/\/api.w.org\/{rel}","templated":true}]}}